{"id":204391,"date":"2019-03-09T14:21:39","date_gmt":"2019-03-09T17:21:39","guid":{"rendered":"https:\/\/www.notibras.com\/site\/?p=204391"},"modified":"2019-03-09T14:21:39","modified_gmt":"2019-03-09T17:21:39","slug":"piramide-de-gelo-gera-polemica-de-ets-na-antartida","status":"publish","type":"post","link":"https:\/\/www.notibras.com\/site\/piramide-de-gelo-gera-polemica-de-ets-na-antartida\/","title":{"rendered":"Pir\u00e2mide de gelo gera pol\u00eamica de ET&#8217;s na Ant\u00e1rtida"},"content":{"rendered":"<p>Enquanto alguns te\u00f3ricos da conspira\u00e7\u00e3o e ca\u00e7adores de OVNIs exploram teorias sobre alien\u00edgenas construindo pir\u00e2mides no antigo Egito e na Mesoam\u00e9rica, outros agora afirmam que as mais antigas pir\u00e2mides existentes podem ter sido erguidas por extraterrestres em meio aos desertos congelados da Ant\u00e1rtida, segundo o jornal Daily Express.<\/p>\n<p>Segundo o jornal, uma caracter\u00edstica geol\u00f3gica da Ant\u00e1rtida em particular chama a aten\u00e7\u00e3o de te\u00f3ricos da conspira\u00e7\u00e3o: uma &#8220;estrutura em forma de pir\u00e2mide&#8221; localizada perto da cordilheira de Shackleton, cujos &#8220;quatro lados \u00edngremes&#8221; fazem parecer a Grande Pir\u00e2mide de Giz\u00e9.<\/p>\n<p>David Childress, um autor americano e propriet\u00e1rio da Adventures Unlimited Press, chegou a especular que essa chamada &#8220;pir\u00e2mide de Shackleton&#8221; poderia ser &#8220;a mais antiga de seu tipo&#8221; no planeta.<\/p>\n<p>&#8220;Se essa gigantesca pir\u00e2mide na Ant\u00e1rtida \u00e9 uma estrutura artificial, provavelmente seria a pir\u00e2mide mais antiga do planeta e, de fato, poderia ser a pir\u00e2mide principal que todas as outras pir\u00e2mides do planeta Terra foram projetadas para parecer&#8221;, disse ele.<\/p>\n<p>Michael Salla, especialista em pesquisa ET e autor da &#8220;Exopol\u00edtica: Implica\u00e7\u00f5es Pol\u00edticas da Presen\u00e7a Extraterrestre&#8221;, chegou a imaginar que essa forma\u00e7\u00e3o rochosa pode ser apenas um n\u00f3 em uma &#8220;rede global de pir\u00e2mides geradoras de energia estrategicamente posicionadas ao redor da Terra&#8221;. &#8220;.<\/p>\n<p>&#8220;Uma das teorias \u00e9 que as pir\u00e2mides s\u00e3o geradoras de energia e, se voc\u00ea tem essas pir\u00e2mides estrategicamente posicionadas ao redor do mundo gerando uma carga, \u00e9 poss\u00edvel criar uma onda estacion\u00e1ria em todo o mundo que \u00e9 uma transmiss\u00e3o sem fio de energia&#8221;, observou ele. .<\/p>\n<p>No entanto, Mitch Darcy, ge\u00f3logo do Centro Alem\u00e3o de Pesquisa em Geoci\u00eancias em Potsdam, ofereceu uma explica\u00e7\u00e3o muito menos interessante, argumentando que a &#8220;pir\u00e2mide&#8221; em quest\u00e3o \u00e9 meramente um nunatak &#8211; um pico rochoso exposto ou um elemento de uma cordilheira. que podem ser picos piramidais naturais.<\/p>\n<p>&#8220;Os picos s\u00e3o claramente compostos de rock, e \u00e9 uma coincid\u00eancia que esse pico em particular tenha essa forma. N\u00e3o \u00e9 uma forma complicada, ent\u00e3o n\u00e3o \u00e9 uma coincid\u00eancia especial tamb\u00e9m. Por defini\u00e7\u00e3o, \u00e9 um nunatak, que \u00e9 simplesmente um pico de rocha. estendendo-se acima de uma geleira ou uma camada de gelo, esta tem a forma de uma pir\u00e2mide, mas isso n\u00e3o a torna uma constru\u00e7\u00e3o humana &#8220;, disse ele.<\/p>\n","protected":false},"excerpt":{"rendered":"<p>Enquanto alguns te\u00f3ricos da conspira\u00e7\u00e3o e ca\u00e7adores de OVNIs exploram teorias sobre alien\u00edgenas construindo pir\u00e2mides no antigo Egito e na Mesoam\u00e9rica, outros agora afirmam que as mais antigas pir\u00e2mides existentes podem ter sido erguidas por extraterrestres em meio aos desertos congelados da Ant\u00e1rtida, segundo o jornal Daily Express. Segundo o jornal, uma caracter\u00edstica geol\u00f3gica da [&hellip;]<\/p>\n","protected":false},"author":2,"featured_media":204392,"comment_status":"closed","ping_status":"closed","sticky":false,"template":"","format":"standard","meta":{"_acf_changed":false,"footnotes":""},"categories":[71],"tags":[95],"class_list":["post-204391","post","type-post","status-publish","format-standard","has-post-thumbnail","hentry","category-curiosidades","tag-capa"],"acf":[],"yoast_head":"<!-- This site is optimized with the Yoast SEO plugin v27.2 - https:\/\/yoast.com\/product\/yoast-seo-wordpress\/ -->\n<title>Pir\u00e2mide de gelo gera pol\u00eamica de ET&#039;s na Ant\u00e1rtida - Notibras<\/title>\n<meta name=\"robots\" content=\"index, follow, max-snippet:-1, max-image-preview:large, max-video-preview:-1\" \/>\n<link rel=\"canonical\" href=\"https:\/\/www.notibras.com\/site\/piramide-de-gelo-gera-polemica-de-ets-na-antartida\/\" \/>\n<meta property=\"og:locale\" content=\"pt_BR\" \/>\n<meta property=\"og:type\" content=\"article\" \/>\n<meta property=\"og:title\" content=\"Pir\u00e2mide de gelo gera pol\u00eamica de ET&#039;s na Ant\u00e1rtida - Notibras\" \/>\n<meta property=\"og:description\" content=\"Enquanto alguns te\u00f3ricos da conspira\u00e7\u00e3o e ca\u00e7adores de OVNIs exploram teorias sobre alien\u00edgenas construindo pir\u00e2mides no antigo Egito e na Mesoam\u00e9rica, outros agora afirmam que as mais antigas pir\u00e2mides existentes podem ter sido erguidas por extraterrestres em meio aos desertos congelados da Ant\u00e1rtida, segundo o jornal Daily Express. Segundo o jornal, uma caracter\u00edstica geol\u00f3gica da [&hellip;]\" \/>\n<meta property=\"og:url\" content=\"https:\/\/www.notibras.com\/site\/piramide-de-gelo-gera-polemica-de-ets-na-antartida\/\" \/>\n<meta property=\"og:site_name\" content=\"Notibras\" \/>\n<meta property=\"article:publisher\" content=\"https:\/\/www.facebook.com\/notibras\/\" \/>\n<meta property=\"article:published_time\" content=\"2019-03-09T17:21:39+00:00\" \/>\n<meta property=\"og:image\" content=\"https:\/\/www.notibras.com\/site\/wp-content\/uploads\/2019\/03\/et-piramides.jpg\" \/>\n\t<meta property=\"og:image:width\" content=\"1000\" \/>\n\t<meta property=\"og:image:height\" content=\"541\" \/>\n\t<meta property=\"og:image:type\" content=\"image\/jpeg\" \/>\n<meta name=\"author\" content=\"Reda\u00e7\u00e3o\" \/>\n<meta name=\"twitter:card\" content=\"summary_large_image\" \/>\n<meta name=\"twitter:creator\" content=\"@Notibras\" \/>\n<meta name=\"twitter:site\" content=\"@Notibras\" \/>\n<meta name=\"twitter:label1\" content=\"Escrito por\" \/>\n\t<meta name=\"twitter:data1\" content=\"Reda\u00e7\u00e3o\" \/>\n\t<meta name=\"twitter:label2\" content=\"Est. tempo de leitura\" \/>\n\t<meta name=\"twitter:data2\" content=\"2 minutos\" \/>\n<script type=\"application\/ld+json\" class=\"yoast-schema-graph\">{\"@context\":\"https:\/\/schema.org\",\"@graph\":[{\"@type\":\"Article\",\"@id\":\"https:\/\/www.notibras.com\/site\/piramide-de-gelo-gera-polemica-de-ets-na-antartida\/#article\",\"isPartOf\":{\"@id\":\"https:\/\/www.notibras.com\/site\/piramide-de-gelo-gera-polemica-de-ets-na-antartida\/\"},\"author\":{\"name\":\"Reda\u00e7\u00e3o\",\"@id\":\"https:\/\/www.notibras.com\/site\/#\/schema\/person\/36ab0979449956132d3e5b517ea76ac8\"},\"headline\":\"Pir\u00e2mide de gelo gera pol\u00eamica de ET&#8217;s na Ant\u00e1rtida\",\"datePublished\":\"2019-03-09T17:21:39+00:00\",\"mainEntityOfPage\":{\"@id\":\"https:\/\/www.notibras.com\/site\/piramide-de-gelo-gera-polemica-de-ets-na-antartida\/\"},\"wordCount\":417,\"publisher\":{\"@id\":\"https:\/\/www.notibras.com\/site\/#organization\"},\"image\":{\"@id\":\"https:\/\/www.notibras.com\/site\/piramide-de-gelo-gera-polemica-de-ets-na-antartida\/#primaryimage\"},\"thumbnailUrl\":\"https:\/\/www.notibras.com\/site\/wp-content\/uploads\/2019\/03\/et-piramides.jpg\",\"keywords\":[\"capa\"],\"articleSection\":[\"Curiosidades\"],\"inLanguage\":\"pt-BR\"},{\"@type\":\"WebPage\",\"@id\":\"https:\/\/www.notibras.com\/site\/piramide-de-gelo-gera-polemica-de-ets-na-antartida\/\",\"url\":\"https:\/\/www.notibras.com\/site\/piramide-de-gelo-gera-polemica-de-ets-na-antartida\/\",\"name\":\"Pir\u00e2mide de gelo gera pol\u00eamica de ET's na Ant\u00e1rtida - Notibras\",\"isPartOf\":{\"@id\":\"https:\/\/www.notibras.com\/site\/#website\"},\"primaryImageOfPage\":{\"@id\":\"https:\/\/www.notibras.com\/site\/piramide-de-gelo-gera-polemica-de-ets-na-antartida\/#primaryimage\"},\"image\":{\"@id\":\"https:\/\/www.notibras.com\/site\/piramide-de-gelo-gera-polemica-de-ets-na-antartida\/#primaryimage\"},\"thumbnailUrl\":\"https:\/\/www.notibras.com\/site\/wp-content\/uploads\/2019\/03\/et-piramides.jpg\",\"datePublished\":\"2019-03-09T17:21:39+00:00\",\"breadcrumb\":{\"@id\":\"https:\/\/www.notibras.com\/site\/piramide-de-gelo-gera-polemica-de-ets-na-antartida\/#breadcrumb\"},\"inLanguage\":\"pt-BR\",\"potentialAction\":[{\"@type\":\"ReadAction\",\"target\":[\"https:\/\/www.notibras.com\/site\/piramide-de-gelo-gera-polemica-de-ets-na-antartida\/\"]}]},{\"@type\":\"ImageObject\",\"inLanguage\":\"pt-BR\",\"@id\":\"https:\/\/www.notibras.com\/site\/piramide-de-gelo-gera-polemica-de-ets-na-antartida\/#primaryimage\",\"url\":\"https:\/\/www.notibras.com\/site\/wp-content\/uploads\/2019\/03\/et-piramides.jpg\",\"contentUrl\":\"https:\/\/www.notibras.com\/site\/wp-content\/uploads\/2019\/03\/et-piramides.jpg\",\"width\":1000,\"height\":541,\"caption\":\"Foto\/Sputniknews\"},{\"@type\":\"BreadcrumbList\",\"@id\":\"https:\/\/www.notibras.com\/site\/piramide-de-gelo-gera-polemica-de-ets-na-antartida\/#breadcrumb\",\"itemListElement\":[{\"@type\":\"ListItem\",\"position\":1,\"name\":\"In\u00edcio\",\"item\":\"https:\/\/www.notibras.com\/site\/\"},{\"@type\":\"ListItem\",\"position\":2,\"name\":\"Pir\u00e2mide de gelo gera pol\u00eamica de ET&#8217;s na Ant\u00e1rtida\"}]},{\"@type\":\"WebSite\",\"@id\":\"https:\/\/www.notibras.com\/site\/#website\",\"url\":\"https:\/\/www.notibras.com\/site\/\",\"name\":\"Notibras\",\"description\":\"Not\u00edcias de Bras\u00edlia, do Brasil e do Mundo\",\"publisher\":{\"@id\":\"https:\/\/www.notibras.com\/site\/#organization\"},\"potentialAction\":[{\"@type\":\"SearchAction\",\"target\":{\"@type\":\"EntryPoint\",\"urlTemplate\":\"https:\/\/www.notibras.com\/site\/?s={search_term_string}\"},\"query-input\":{\"@type\":\"PropertyValueSpecification\",\"valueRequired\":true,\"valueName\":\"search_term_string\"}}],\"inLanguage\":\"pt-BR\"},{\"@type\":\"Organization\",\"@id\":\"https:\/\/www.notibras.com\/site\/#organization\",\"name\":\"Grupo Notibras de Comunica\u00e7\u00e3o\",\"url\":\"https:\/\/www.notibras.com\/site\/\",\"logo\":{\"@type\":\"ImageObject\",\"inLanguage\":\"pt-BR\",\"@id\":\"https:\/\/www.notibras.com\/site\/#\/schema\/logo\/image\/\",\"url\":\"https:\/\/www.notibras.com\/site\/wp-content\/uploads\/2023\/01\/notibras23.png\",\"contentUrl\":\"https:\/\/www.notibras.com\/site\/wp-content\/uploads\/2023\/01\/notibras23.png\",\"width\":350,\"height\":87,\"caption\":\"Grupo Notibras de Comunica\u00e7\u00e3o\"},\"image\":{\"@id\":\"https:\/\/www.notibras.com\/site\/#\/schema\/logo\/image\/\"},\"sameAs\":[\"https:\/\/www.facebook.com\/notibras\/\",\"https:\/\/x.com\/Notibras\",\"https:\/\/www.instagram.com\/notibras\/\"]},{\"@type\":\"Person\",\"@id\":\"https:\/\/www.notibras.com\/site\/#\/schema\/person\/36ab0979449956132d3e5b517ea76ac8\",\"name\":\"Reda\u00e7\u00e3o\",\"image\":{\"@type\":\"ImageObject\",\"inLanguage\":\"pt-BR\",\"@id\":\"https:\/\/secure.gravatar.com\/avatar\/e0a867bdedb85fd243eadf09663511f96fc81e0720a4a42581f334ad4303aa6b?s=96&d=mm&r=g\",\"url\":\"https:\/\/secure.gravatar.com\/avatar\/e0a867bdedb85fd243eadf09663511f96fc81e0720a4a42581f334ad4303aa6b?s=96&d=mm&r=g\",\"contentUrl\":\"https:\/\/secure.gravatar.com\/avatar\/e0a867bdedb85fd243eadf09663511f96fc81e0720a4a42581f334ad4303aa6b?s=96&d=mm&r=g\",\"caption\":\"Reda\u00e7\u00e3o\"}}]}<\/script>\n<!-- \/ Yoast SEO plugin. -->","yoast_head_json":{"title":"Pir\u00e2mide de gelo gera pol\u00eamica de ET's na Ant\u00e1rtida - Notibras","robots":{"index":"index","follow":"follow","max-snippet":"max-snippet:-1","max-image-preview":"max-image-preview:large","max-video-preview":"max-video-preview:-1"},"canonical":"https:\/\/www.notibras.com\/site\/piramide-de-gelo-gera-polemica-de-ets-na-antartida\/","og_locale":"pt_BR","og_type":"article","og_title":"Pir\u00e2mide de gelo gera pol\u00eamica de ET's na Ant\u00e1rtida - Notibras","og_description":"Enquanto alguns te\u00f3ricos da conspira\u00e7\u00e3o e ca\u00e7adores de OVNIs exploram teorias sobre alien\u00edgenas construindo pir\u00e2mides no antigo Egito e na Mesoam\u00e9rica, outros agora afirmam que as mais antigas pir\u00e2mides existentes podem ter sido erguidas por extraterrestres em meio aos desertos congelados da Ant\u00e1rtida, segundo o jornal Daily Express. Segundo o jornal, uma caracter\u00edstica geol\u00f3gica da [&hellip;]","og_url":"https:\/\/www.notibras.com\/site\/piramide-de-gelo-gera-polemica-de-ets-na-antartida\/","og_site_name":"Notibras","article_publisher":"https:\/\/www.facebook.com\/notibras\/","article_published_time":"2019-03-09T17:21:39+00:00","og_image":[{"width":1000,"height":541,"url":"https:\/\/www.notibras.com\/site\/wp-content\/uploads\/2019\/03\/et-piramides.jpg","type":"image\/jpeg"}],"author":"Reda\u00e7\u00e3o","twitter_card":"summary_large_image","twitter_creator":"@Notibras","twitter_site":"@Notibras","twitter_misc":{"Escrito por":"Reda\u00e7\u00e3o","Est. tempo de leitura":"2 minutos"},"schema":{"@context":"https:\/\/schema.org","@graph":[{"@type":"Article","@id":"https:\/\/www.notibras.com\/site\/piramide-de-gelo-gera-polemica-de-ets-na-antartida\/#article","isPartOf":{"@id":"https:\/\/www.notibras.com\/site\/piramide-de-gelo-gera-polemica-de-ets-na-antartida\/"},"author":{"name":"Reda\u00e7\u00e3o","@id":"https:\/\/www.notibras.com\/site\/#\/schema\/person\/36ab0979449956132d3e5b517ea76ac8"},"headline":"Pir\u00e2mide de gelo gera pol\u00eamica de ET&#8217;s na Ant\u00e1rtida","datePublished":"2019-03-09T17:21:39+00:00","mainEntityOfPage":{"@id":"https:\/\/www.notibras.com\/site\/piramide-de-gelo-gera-polemica-de-ets-na-antartida\/"},"wordCount":417,"publisher":{"@id":"https:\/\/www.notibras.com\/site\/#organization"},"image":{"@id":"https:\/\/www.notibras.com\/site\/piramide-de-gelo-gera-polemica-de-ets-na-antartida\/#primaryimage"},"thumbnailUrl":"https:\/\/www.notibras.com\/site\/wp-content\/uploads\/2019\/03\/et-piramides.jpg","keywords":["capa"],"articleSection":["Curiosidades"],"inLanguage":"pt-BR"},{"@type":"WebPage","@id":"https:\/\/www.notibras.com\/site\/piramide-de-gelo-gera-polemica-de-ets-na-antartida\/","url":"https:\/\/www.notibras.com\/site\/piramide-de-gelo-gera-polemica-de-ets-na-antartida\/","name":"Pir\u00e2mide de gelo gera pol\u00eamica de ET's na Ant\u00e1rtida - Notibras","isPartOf":{"@id":"https:\/\/www.notibras.com\/site\/#website"},"primaryImageOfPage":{"@id":"https:\/\/www.notibras.com\/site\/piramide-de-gelo-gera-polemica-de-ets-na-antartida\/#primaryimage"},"image":{"@id":"https:\/\/www.notibras.com\/site\/piramide-de-gelo-gera-polemica-de-ets-na-antartida\/#primaryimage"},"thumbnailUrl":"https:\/\/www.notibras.com\/site\/wp-content\/uploads\/2019\/03\/et-piramides.jpg","datePublished":"2019-03-09T17:21:39+00:00","breadcrumb":{"@id":"https:\/\/www.notibras.com\/site\/piramide-de-gelo-gera-polemica-de-ets-na-antartida\/#breadcrumb"},"inLanguage":"pt-BR","potentialAction":[{"@type":"ReadAction","target":["https:\/\/www.notibras.com\/site\/piramide-de-gelo-gera-polemica-de-ets-na-antartida\/"]}]},{"@type":"ImageObject","inLanguage":"pt-BR","@id":"https:\/\/www.notibras.com\/site\/piramide-de-gelo-gera-polemica-de-ets-na-antartida\/#primaryimage","url":"https:\/\/www.notibras.com\/site\/wp-content\/uploads\/2019\/03\/et-piramides.jpg","contentUrl":"https:\/\/www.notibras.com\/site\/wp-content\/uploads\/2019\/03\/et-piramides.jpg","width":1000,"height":541,"caption":"Foto\/Sputniknews"},{"@type":"BreadcrumbList","@id":"https:\/\/www.notibras.com\/site\/piramide-de-gelo-gera-polemica-de-ets-na-antartida\/#breadcrumb","itemListElement":[{"@type":"ListItem","position":1,"name":"In\u00edcio","item":"https:\/\/www.notibras.com\/site\/"},{"@type":"ListItem","position":2,"name":"Pir\u00e2mide de gelo gera pol\u00eamica de ET&#8217;s na Ant\u00e1rtida"}]},{"@type":"WebSite","@id":"https:\/\/www.notibras.com\/site\/#website","url":"https:\/\/www.notibras.com\/site\/","name":"Notibras","description":"Not\u00edcias de Bras\u00edlia, do Brasil e do Mundo","publisher":{"@id":"https:\/\/www.notibras.com\/site\/#organization"},"potentialAction":[{"@type":"SearchAction","target":{"@type":"EntryPoint","urlTemplate":"https:\/\/www.notibras.com\/site\/?s={search_term_string}"},"query-input":{"@type":"PropertyValueSpecification","valueRequired":true,"valueName":"search_term_string"}}],"inLanguage":"pt-BR"},{"@type":"Organization","@id":"https:\/\/www.notibras.com\/site\/#organization","name":"Grupo Notibras de Comunica\u00e7\u00e3o","url":"https:\/\/www.notibras.com\/site\/","logo":{"@type":"ImageObject","inLanguage":"pt-BR","@id":"https:\/\/www.notibras.com\/site\/#\/schema\/logo\/image\/","url":"https:\/\/www.notibras.com\/site\/wp-content\/uploads\/2023\/01\/notibras23.png","contentUrl":"https:\/\/www.notibras.com\/site\/wp-content\/uploads\/2023\/01\/notibras23.png","width":350,"height":87,"caption":"Grupo Notibras de Comunica\u00e7\u00e3o"},"image":{"@id":"https:\/\/www.notibras.com\/site\/#\/schema\/logo\/image\/"},"sameAs":["https:\/\/www.facebook.com\/notibras\/","https:\/\/x.com\/Notibras","https:\/\/www.instagram.com\/notibras\/"]},{"@type":"Person","@id":"https:\/\/www.notibras.com\/site\/#\/schema\/person\/36ab0979449956132d3e5b517ea76ac8","name":"Reda\u00e7\u00e3o","image":{"@type":"ImageObject","inLanguage":"pt-BR","@id":"https:\/\/secure.gravatar.com\/avatar\/e0a867bdedb85fd243eadf09663511f96fc81e0720a4a42581f334ad4303aa6b?s=96&d=mm&r=g","url":"https:\/\/secure.gravatar.com\/avatar\/e0a867bdedb85fd243eadf09663511f96fc81e0720a4a42581f334ad4303aa6b?s=96&d=mm&r=g","contentUrl":"https:\/\/secure.gravatar.com\/avatar\/e0a867bdedb85fd243eadf09663511f96fc81e0720a4a42581f334ad4303aa6b?s=96&d=mm&r=g","caption":"Reda\u00e7\u00e3o"}}]}},"amp_enabled":true,"_links":{"self":[{"href":"https:\/\/www.notibras.com\/site\/wp-json\/wp\/v2\/posts\/204391","targetHints":{"allow":["GET"]}}],"collection":[{"href":"https:\/\/www.notibras.com\/site\/wp-json\/wp\/v2\/posts"}],"about":[{"href":"https:\/\/www.notibras.com\/site\/wp-json\/wp\/v2\/types\/post"}],"author":[{"embeddable":true,"href":"https:\/\/www.notibras.com\/site\/wp-json\/wp\/v2\/users\/2"}],"replies":[{"embeddable":true,"href":"https:\/\/www.notibras.com\/site\/wp-json\/wp\/v2\/comments?post=204391"}],"version-history":[{"count":1,"href":"https:\/\/www.notibras.com\/site\/wp-json\/wp\/v2\/posts\/204391\/revisions"}],"predecessor-version":[{"id":204393,"href":"https:\/\/www.notibras.com\/site\/wp-json\/wp\/v2\/posts\/204391\/revisions\/204393"}],"wp:featuredmedia":[{"embeddable":true,"href":"https:\/\/www.notibras.com\/site\/wp-json\/wp\/v2\/media\/204392"}],"wp:attachment":[{"href":"https:\/\/www.notibras.com\/site\/wp-json\/wp\/v2\/media?parent=204391"}],"wp:term":[{"taxonomy":"category","embeddable":true,"href":"https:\/\/www.notibras.com\/site\/wp-json\/wp\/v2\/categories?post=204391"},{"taxonomy":"post_tag","embeddable":true,"href":"https:\/\/www.notibras.com\/site\/wp-json\/wp\/v2\/tags?post=204391"}],"curies":[{"name":"wp","href":"https:\/\/api.w.org\/{rel}","templated":true}]}}