{"id":204394,"date":"2019-03-09T18:02:10","date_gmt":"2019-03-09T21:02:10","guid":{"rendered":"https:\/\/www.notibras.com\/site\/?p=204394"},"modified":"2019-03-09T18:02:10","modified_gmt":"2019-03-09T21:02:10","slug":"deputado-preso-diz-ser-rico-e-que-manda-matar","status":"publish","type":"post","link":"https:\/\/www.notibras.com\/site\/deputado-preso-diz-ser-rico-e-que-manda-matar\/","title":{"rendered":"Deputado preso diz ser rico e que manda matar"},"content":{"rendered":"<p>\u201cSou deputado, sou rico, a\u00ed vai morrer gente, a gente mata gente\u201d, disse F\u00e1bio Macedo (PDT-MA), da Assembleia Legislativa do Maranh\u00e3o, a um policial, enquanto era detido nesta sexta-feira, 8, por suposto desacato e les\u00e3o corporal. Ele foi conduzido \u00e0 Central de Flagrantes de Teresina ap\u00f3s jogar um copo de vidro no rosto de um m\u00fasico e de agredir um sargento da PM, segundo afirma a Pol\u00edcia. Ap\u00f3s a ocorr\u00eancia, foi liberado. Ele deve ser ouvido novamente pelo Minist\u00e9rio P\u00fablico Estadual do Piau\u00ed e a amea\u00e7a ser\u00e1 investigada.<\/p>\n<p>O deputado foi a uma casa de shows em Teresina, e teria tentado tomar o microfone de um dos integrantes da banda L\u00e9o Cachorr\u00e3o, que resistiu. Mais tarde, ele teria atirado o copo contra o m\u00fasico. Ele foi gravado em \u00e1udio e v\u00eddeo enquanto era conduzido pela Pol\u00edcia Militar. \u201cPrenda! Prenda!\u201d, gritava para os policiais. \u201cEu sou um homem do povo, s\u00f3 sirvo o povo, sou um deputado reeleito. Se voc\u00eas acham que eu fiz alguma coisa, ent\u00e3o prenda\u201d, ordena o deputado, flagrado em v\u00eddeo.<\/p>\n<p>Em um \u00e1udio, o deputado diz a um policial. \u201cSou deputado, sou rico, a\u00ed vai morrer gente, a gente mata gente. Voc\u00eas s\u00e3o pol\u00edcia, n\u00e9? A gente mata gente\u201d.<\/p>\n<p><strong>Policial<\/strong>: \u201cEu n\u00e3o entendi o que est\u00e1 querendo dizer. Voc\u00eas mandam matar gente, \u00e9?<br \/>\n<strong>Deputado<\/strong>: \u201cSabe quem \u00e9 L\u00e9o Macedo? S\u00f3 de fama?\u201d<br \/>\n<strong>Policial<\/strong>: \u201cQual \u00e9 o nome do senhor?\u201d<br \/>\n<strong>Deputado<\/strong>: \u201cF\u00e1bio Macedo. \u201cEu sou estadual. Reeleito! Eu n\u00e3o fiz nada\u201d.<\/p>\n<p>Em seguida, ele amea\u00e7a o pr\u00f3prio m\u00fasico que se lesionou.<\/p>\n<p><strong>Testemunha<\/strong>: \u201cRapaz, eu to aqui lesionado, cara. Eu sou testemunha que voc\u00ea lesionou<br \/>\n<strong>Deputado<\/strong>: \u201cSeja sincero\u201d.<br \/>\n<strong>Testemunha<\/strong>: \u201cEu estou sendo sincero, eu te convidei para ir para a central\u201d.<br \/>\n<strong>Deputado<\/strong>: \u201cVoc\u00ea grita agora, voc\u00ea t\u00e1 com um policial, mas eu tamb\u00e9m te pego\u201d<br \/>\n<strong>Testemunha<\/strong>: \u201cMas tu n\u00e3o \u00e9 autoridade\u201d<br \/>\n<strong>Deputado<\/strong>: \u201cMas eu sou, eu sou marqueteiro, sou deputado, e sou rico e vou mandar te matar, vagabundo, vou te pegar. Eu te mato, eu sou deputado Macedo. Eu te mato\u201d<\/p>\n<p>O secret\u00e1rio de Seguran\u00e7a P\u00fablica de Piau\u00ed, coronel Rubens Pereira, afirma ter recebido uma liga\u00e7\u00e3o do presidente da Assembleia do Maranh\u00e3o, Othelino Neto (PC do B), que pediu desculpas em nome da Casa. \u201cAdotamos os procedimentos que a lei nos permite como a qualquer outro cidad\u00e3o, sem distin\u00e7\u00e3o ou privil\u00e9gio ou retalia\u00e7\u00e3o em fun\u00e7\u00e3o do cargo que ele ocupa\u201d.<\/p>\n<p>\u201cDe nossa parte e dos policiais do Piau\u00ed, nenhum ressentimento ou mau ju\u00edzo dos que honrosamente integram o Parlamento maranhense\u201d, diz o secret\u00e1rio.<\/p>\n<p>Ap\u00f3s levar o deputado, a pol\u00edcia lavrou um Termo Circunstanciado de Ocorr\u00eancia, que \u00e9 feito em casos de crimes cujas penas m\u00e1ximas n\u00e3o ultrapassem dois anos. O deputado ainda pode ser alvo de inqu\u00e9rito relacionado \u00e0 amea\u00e7a.<\/p>\n<p><strong>Defesa do deputado<\/strong><br \/>\n\u201cAos maranhenses que me elegeram e confiaram como seu representante, pe\u00e7o as mais sinceras desculpas por meu descontrole emocional na \u00faltima madrugada, onde ap\u00f3s o consumo de bebidas alco\u00f3licas, associadas ao uso de medica\u00e7\u00f5es para tratamento de sa\u00fade, me envolvi em uma confus\u00e3o em um bar na cidade de Teresina. H\u00e1 anos enfrento problemas de depress\u00e3o e alcoolismo e no momento da confus\u00e3o estava sem o controle de minhas faculdades mentais e em estado total de embriaguez. Sei que nada justifica minhas atitudes e como homem que sou, assumirei todas as responsabilidade legais e morais. Tamb\u00e9m pe\u00e7o desculpas \u00e0 Corpora\u00e7\u00e3o da Pol\u00edcia de Teresina, a quem muito respeito e admiro o trabalho e tamb\u00e9m ao cantor L\u00e9o Cachorr\u00e3o.<\/p>\n<p>Chegar a este momento \u00e9 muito dif\u00edcil e at\u00e9 doloroso, mas a verdade deve ser dita, n\u00e3o para me justificar ou fugir das responsabilidades, mas para que possam entender o que tenho passado nos \u00faltimos anos. Depois da realiza\u00e7\u00e3o de uma cirurgia bari\u00e1trica, a qual fui submetido para a retirada de um bal\u00e3o g\u00e1strico, que estava me causando v\u00e1rias complica\u00e7\u00f5es de sa\u00fade, tive novamente uma reca\u00edda na depress\u00e3o, algo com que convivi parte da minha vida e que pensei ter sido superado por completo. Al\u00e9m da depress\u00e3o, passei a ter problemas com alcoolismo, meu organismo n\u00e3o consegue mais processar o consumo de bebidas corretamente, qualquer quantidade faz com que logo eu perca a raz\u00e3o e o controle emocional, algo que trouxe um peso enorme para minha vida, assim como meus pais, irm\u00e3os, esposa e filhos, que todo este tempo tem lutado ao meu lado, me dando for\u00e7as para continuar seguindo. Infelizmente nos \u00faltimos dias tive sucessivas reca\u00eddas, algo que n\u00e3o me orgulho. O alcoolismo, assim como a depress\u00e3o, infelizmente, s\u00e3o doen\u00e7as graves, desta forma me comprometo em continuar com o tratamento de sa\u00fade para superar essa condi\u00e7\u00e3o\u201d.<\/p>\n<p>Assista ao v\u00eddeo:<\/p>\n<p><iframe loading=\"lazy\" width=\"740\" height=\"555\" src=\"https:\/\/www.youtube.com\/embed\/daRpCDFPHTg?feature=oembed\" frameborder=\"0\" allow=\"accelerometer; autoplay; encrypted-media; gyroscope; picture-in-picture\" allowfullscreen><\/iframe><\/p>\n","protected":false},"excerpt":{"rendered":"<p>\u201cSou deputado, sou rico, a\u00ed vai morrer gente, a gente mata gente\u201d, disse F\u00e1bio Macedo (PDT-MA), da Assembleia Legislativa do Maranh\u00e3o, a um policial, enquanto era detido nesta sexta-feira, 8, por suposto desacato e les\u00e3o corporal. Ele foi conduzido \u00e0 Central de Flagrantes de Teresina ap\u00f3s jogar um copo de vidro no rosto de um [&hellip;]<\/p>\n","protected":false},"author":2,"featured_media":204396,"comment_status":"closed","ping_status":"closed","sticky":false,"template":"","format":"standard","meta":{"_acf_changed":false,"footnotes":""},"categories":[16],"tags":[95],"class_list":["post-204394","post","type-post","status-publish","format-standard","has-post-thumbnail","hentry","category-brasil","tag-capa"],"acf":[],"yoast_head":"<!-- This site is optimized with the Yoast SEO plugin v27.2 - https:\/\/yoast.com\/product\/yoast-seo-wordpress\/ -->\n<title>Deputado preso diz ser rico e que manda matar - Notibras<\/title>\n<meta name=\"robots\" content=\"index, follow, max-snippet:-1, max-image-preview:large, max-video-preview:-1\" \/>\n<link rel=\"canonical\" href=\"https:\/\/www.notibras.com\/site\/deputado-preso-diz-ser-rico-e-que-manda-matar\/\" \/>\n<meta property=\"og:locale\" content=\"pt_BR\" \/>\n<meta property=\"og:type\" content=\"article\" \/>\n<meta property=\"og:title\" content=\"Deputado preso diz ser rico e que manda matar - Notibras\" \/>\n<meta property=\"og:description\" content=\"\u201cSou deputado, sou rico, a\u00ed vai morrer gente, a gente mata gente\u201d, disse F\u00e1bio Macedo (PDT-MA), da Assembleia Legislativa do Maranh\u00e3o, a um policial, enquanto era detido nesta sexta-feira, 8, por suposto desacato e les\u00e3o corporal. Ele foi conduzido \u00e0 Central de Flagrantes de Teresina ap\u00f3s jogar um copo de vidro no rosto de um [&hellip;]\" \/>\n<meta property=\"og:url\" content=\"https:\/\/www.notibras.com\/site\/deputado-preso-diz-ser-rico-e-que-manda-matar\/\" \/>\n<meta property=\"og:site_name\" content=\"Notibras\" \/>\n<meta property=\"article:publisher\" content=\"https:\/\/www.facebook.com\/notibras\/\" \/>\n<meta property=\"article:published_time\" content=\"2019-03-09T21:02:10+00:00\" \/>\n<meta property=\"og:image\" content=\"https:\/\/www.notibras.com\/site\/wp-content\/uploads\/2019\/03\/fabio-macedo-e1445121221217-940x540.jpg\" \/>\n\t<meta property=\"og:image:width\" content=\"940\" \/>\n\t<meta property=\"og:image:height\" content=\"540\" \/>\n\t<meta property=\"og:image:type\" content=\"image\/jpeg\" \/>\n<meta name=\"author\" content=\"Reda\u00e7\u00e3o\" \/>\n<meta name=\"twitter:card\" content=\"summary_large_image\" \/>\n<meta name=\"twitter:creator\" content=\"@Notibras\" \/>\n<meta name=\"twitter:site\" content=\"@Notibras\" \/>\n<meta name=\"twitter:label1\" content=\"Escrito por\" \/>\n\t<meta name=\"twitter:data1\" content=\"Reda\u00e7\u00e3o\" \/>\n\t<meta name=\"twitter:label2\" content=\"Est. tempo de leitura\" \/>\n\t<meta name=\"twitter:data2\" content=\"4 minutos\" \/>\n<script type=\"application\/ld+json\" class=\"yoast-schema-graph\">{\"@context\":\"https:\/\/schema.org\",\"@graph\":[{\"@type\":\"Article\",\"@id\":\"https:\/\/www.notibras.com\/site\/deputado-preso-diz-ser-rico-e-que-manda-matar\/#article\",\"isPartOf\":{\"@id\":\"https:\/\/www.notibras.com\/site\/deputado-preso-diz-ser-rico-e-que-manda-matar\/\"},\"author\":{\"name\":\"Reda\u00e7\u00e3o\",\"@id\":\"https:\/\/www.notibras.com\/site\/#\/schema\/person\/36ab0979449956132d3e5b517ea76ac8\"},\"headline\":\"Deputado preso diz ser rico e que manda matar\",\"datePublished\":\"2019-03-09T21:02:10+00:00\",\"mainEntityOfPage\":{\"@id\":\"https:\/\/www.notibras.com\/site\/deputado-preso-diz-ser-rico-e-que-manda-matar\/\"},\"wordCount\":857,\"publisher\":{\"@id\":\"https:\/\/www.notibras.com\/site\/#organization\"},\"image\":{\"@id\":\"https:\/\/www.notibras.com\/site\/deputado-preso-diz-ser-rico-e-que-manda-matar\/#primaryimage\"},\"thumbnailUrl\":\"https:\/\/www.notibras.com\/site\/wp-content\/uploads\/2019\/03\/fabio-macedo-e1445121221217-940x540.jpg\",\"keywords\":[\"capa\"],\"articleSection\":[\"Brasil\"],\"inLanguage\":\"pt-BR\"},{\"@type\":\"WebPage\",\"@id\":\"https:\/\/www.notibras.com\/site\/deputado-preso-diz-ser-rico-e-que-manda-matar\/\",\"url\":\"https:\/\/www.notibras.com\/site\/deputado-preso-diz-ser-rico-e-que-manda-matar\/\",\"name\":\"Deputado preso diz ser rico e que manda matar - Notibras\",\"isPartOf\":{\"@id\":\"https:\/\/www.notibras.com\/site\/#website\"},\"primaryImageOfPage\":{\"@id\":\"https:\/\/www.notibras.com\/site\/deputado-preso-diz-ser-rico-e-que-manda-matar\/#primaryimage\"},\"image\":{\"@id\":\"https:\/\/www.notibras.com\/site\/deputado-preso-diz-ser-rico-e-que-manda-matar\/#primaryimage\"},\"thumbnailUrl\":\"https:\/\/www.notibras.com\/site\/wp-content\/uploads\/2019\/03\/fabio-macedo-e1445121221217-940x540.jpg\",\"datePublished\":\"2019-03-09T21:02:10+00:00\",\"breadcrumb\":{\"@id\":\"https:\/\/www.notibras.com\/site\/deputado-preso-diz-ser-rico-e-que-manda-matar\/#breadcrumb\"},\"inLanguage\":\"pt-BR\",\"potentialAction\":[{\"@type\":\"ReadAction\",\"target\":[\"https:\/\/www.notibras.com\/site\/deputado-preso-diz-ser-rico-e-que-manda-matar\/\"]}]},{\"@type\":\"ImageObject\",\"inLanguage\":\"pt-BR\",\"@id\":\"https:\/\/www.notibras.com\/site\/deputado-preso-diz-ser-rico-e-que-manda-matar\/#primaryimage\",\"url\":\"https:\/\/www.notibras.com\/site\/wp-content\/uploads\/2019\/03\/fabio-macedo-e1445121221217-940x540.jpg\",\"contentUrl\":\"https:\/\/www.notibras.com\/site\/wp-content\/uploads\/2019\/03\/fabio-macedo-e1445121221217-940x540.jpg\",\"width\":940,\"height\":540,\"caption\":\"Foto\/Reprodu\u00e7\u00e3o\"},{\"@type\":\"BreadcrumbList\",\"@id\":\"https:\/\/www.notibras.com\/site\/deputado-preso-diz-ser-rico-e-que-manda-matar\/#breadcrumb\",\"itemListElement\":[{\"@type\":\"ListItem\",\"position\":1,\"name\":\"In\u00edcio\",\"item\":\"https:\/\/www.notibras.com\/site\/\"},{\"@type\":\"ListItem\",\"position\":2,\"name\":\"Deputado preso diz ser rico e que manda matar\"}]},{\"@type\":\"WebSite\",\"@id\":\"https:\/\/www.notibras.com\/site\/#website\",\"url\":\"https:\/\/www.notibras.com\/site\/\",\"name\":\"Notibras\",\"description\":\"Not\u00edcias de Bras\u00edlia, do Brasil e do Mundo\",\"publisher\":{\"@id\":\"https:\/\/www.notibras.com\/site\/#organization\"},\"potentialAction\":[{\"@type\":\"SearchAction\",\"target\":{\"@type\":\"EntryPoint\",\"urlTemplate\":\"https:\/\/www.notibras.com\/site\/?s={search_term_string}\"},\"query-input\":{\"@type\":\"PropertyValueSpecification\",\"valueRequired\":true,\"valueName\":\"search_term_string\"}}],\"inLanguage\":\"pt-BR\"},{\"@type\":\"Organization\",\"@id\":\"https:\/\/www.notibras.com\/site\/#organization\",\"name\":\"Grupo Notibras de Comunica\u00e7\u00e3o\",\"url\":\"https:\/\/www.notibras.com\/site\/\",\"logo\":{\"@type\":\"ImageObject\",\"inLanguage\":\"pt-BR\",\"@id\":\"https:\/\/www.notibras.com\/site\/#\/schema\/logo\/image\/\",\"url\":\"https:\/\/www.notibras.com\/site\/wp-content\/uploads\/2023\/01\/notibras23.png\",\"contentUrl\":\"https:\/\/www.notibras.com\/site\/wp-content\/uploads\/2023\/01\/notibras23.png\",\"width\":350,\"height\":87,\"caption\":\"Grupo Notibras de Comunica\u00e7\u00e3o\"},\"image\":{\"@id\":\"https:\/\/www.notibras.com\/site\/#\/schema\/logo\/image\/\"},\"sameAs\":[\"https:\/\/www.facebook.com\/notibras\/\",\"https:\/\/x.com\/Notibras\",\"https:\/\/www.instagram.com\/notibras\/\"]},{\"@type\":\"Person\",\"@id\":\"https:\/\/www.notibras.com\/site\/#\/schema\/person\/36ab0979449956132d3e5b517ea76ac8\",\"name\":\"Reda\u00e7\u00e3o\",\"image\":{\"@type\":\"ImageObject\",\"inLanguage\":\"pt-BR\",\"@id\":\"https:\/\/secure.gravatar.com\/avatar\/e0a867bdedb85fd243eadf09663511f96fc81e0720a4a42581f334ad4303aa6b?s=96&d=mm&r=g\",\"url\":\"https:\/\/secure.gravatar.com\/avatar\/e0a867bdedb85fd243eadf09663511f96fc81e0720a4a42581f334ad4303aa6b?s=96&d=mm&r=g\",\"contentUrl\":\"https:\/\/secure.gravatar.com\/avatar\/e0a867bdedb85fd243eadf09663511f96fc81e0720a4a42581f334ad4303aa6b?s=96&d=mm&r=g\",\"caption\":\"Reda\u00e7\u00e3o\"}}]}<\/script>\n<!-- \/ Yoast SEO plugin. -->","yoast_head_json":{"title":"Deputado preso diz ser rico e que manda matar - Notibras","robots":{"index":"index","follow":"follow","max-snippet":"max-snippet:-1","max-image-preview":"max-image-preview:large","max-video-preview":"max-video-preview:-1"},"canonical":"https:\/\/www.notibras.com\/site\/deputado-preso-diz-ser-rico-e-que-manda-matar\/","og_locale":"pt_BR","og_type":"article","og_title":"Deputado preso diz ser rico e que manda matar - Notibras","og_description":"\u201cSou deputado, sou rico, a\u00ed vai morrer gente, a gente mata gente\u201d, disse F\u00e1bio Macedo (PDT-MA), da Assembleia Legislativa do Maranh\u00e3o, a um policial, enquanto era detido nesta sexta-feira, 8, por suposto desacato e les\u00e3o corporal. Ele foi conduzido \u00e0 Central de Flagrantes de Teresina ap\u00f3s jogar um copo de vidro no rosto de um [&hellip;]","og_url":"https:\/\/www.notibras.com\/site\/deputado-preso-diz-ser-rico-e-que-manda-matar\/","og_site_name":"Notibras","article_publisher":"https:\/\/www.facebook.com\/notibras\/","article_published_time":"2019-03-09T21:02:10+00:00","og_image":[{"width":940,"height":540,"url":"https:\/\/www.notibras.com\/site\/wp-content\/uploads\/2019\/03\/fabio-macedo-e1445121221217-940x540.jpg","type":"image\/jpeg"}],"author":"Reda\u00e7\u00e3o","twitter_card":"summary_large_image","twitter_creator":"@Notibras","twitter_site":"@Notibras","twitter_misc":{"Escrito por":"Reda\u00e7\u00e3o","Est. tempo de leitura":"4 minutos"},"schema":{"@context":"https:\/\/schema.org","@graph":[{"@type":"Article","@id":"https:\/\/www.notibras.com\/site\/deputado-preso-diz-ser-rico-e-que-manda-matar\/#article","isPartOf":{"@id":"https:\/\/www.notibras.com\/site\/deputado-preso-diz-ser-rico-e-que-manda-matar\/"},"author":{"name":"Reda\u00e7\u00e3o","@id":"https:\/\/www.notibras.com\/site\/#\/schema\/person\/36ab0979449956132d3e5b517ea76ac8"},"headline":"Deputado preso diz ser rico e que manda matar","datePublished":"2019-03-09T21:02:10+00:00","mainEntityOfPage":{"@id":"https:\/\/www.notibras.com\/site\/deputado-preso-diz-ser-rico-e-que-manda-matar\/"},"wordCount":857,"publisher":{"@id":"https:\/\/www.notibras.com\/site\/#organization"},"image":{"@id":"https:\/\/www.notibras.com\/site\/deputado-preso-diz-ser-rico-e-que-manda-matar\/#primaryimage"},"thumbnailUrl":"https:\/\/www.notibras.com\/site\/wp-content\/uploads\/2019\/03\/fabio-macedo-e1445121221217-940x540.jpg","keywords":["capa"],"articleSection":["Brasil"],"inLanguage":"pt-BR"},{"@type":"WebPage","@id":"https:\/\/www.notibras.com\/site\/deputado-preso-diz-ser-rico-e-que-manda-matar\/","url":"https:\/\/www.notibras.com\/site\/deputado-preso-diz-ser-rico-e-que-manda-matar\/","name":"Deputado preso diz ser rico e que manda matar - Notibras","isPartOf":{"@id":"https:\/\/www.notibras.com\/site\/#website"},"primaryImageOfPage":{"@id":"https:\/\/www.notibras.com\/site\/deputado-preso-diz-ser-rico-e-que-manda-matar\/#primaryimage"},"image":{"@id":"https:\/\/www.notibras.com\/site\/deputado-preso-diz-ser-rico-e-que-manda-matar\/#primaryimage"},"thumbnailUrl":"https:\/\/www.notibras.com\/site\/wp-content\/uploads\/2019\/03\/fabio-macedo-e1445121221217-940x540.jpg","datePublished":"2019-03-09T21:02:10+00:00","breadcrumb":{"@id":"https:\/\/www.notibras.com\/site\/deputado-preso-diz-ser-rico-e-que-manda-matar\/#breadcrumb"},"inLanguage":"pt-BR","potentialAction":[{"@type":"ReadAction","target":["https:\/\/www.notibras.com\/site\/deputado-preso-diz-ser-rico-e-que-manda-matar\/"]}]},{"@type":"ImageObject","inLanguage":"pt-BR","@id":"https:\/\/www.notibras.com\/site\/deputado-preso-diz-ser-rico-e-que-manda-matar\/#primaryimage","url":"https:\/\/www.notibras.com\/site\/wp-content\/uploads\/2019\/03\/fabio-macedo-e1445121221217-940x540.jpg","contentUrl":"https:\/\/www.notibras.com\/site\/wp-content\/uploads\/2019\/03\/fabio-macedo-e1445121221217-940x540.jpg","width":940,"height":540,"caption":"Foto\/Reprodu\u00e7\u00e3o"},{"@type":"BreadcrumbList","@id":"https:\/\/www.notibras.com\/site\/deputado-preso-diz-ser-rico-e-que-manda-matar\/#breadcrumb","itemListElement":[{"@type":"ListItem","position":1,"name":"In\u00edcio","item":"https:\/\/www.notibras.com\/site\/"},{"@type":"ListItem","position":2,"name":"Deputado preso diz ser rico e que manda matar"}]},{"@type":"WebSite","@id":"https:\/\/www.notibras.com\/site\/#website","url":"https:\/\/www.notibras.com\/site\/","name":"Notibras","description":"Not\u00edcias de Bras\u00edlia, do Brasil e do Mundo","publisher":{"@id":"https:\/\/www.notibras.com\/site\/#organization"},"potentialAction":[{"@type":"SearchAction","target":{"@type":"EntryPoint","urlTemplate":"https:\/\/www.notibras.com\/site\/?s={search_term_string}"},"query-input":{"@type":"PropertyValueSpecification","valueRequired":true,"valueName":"search_term_string"}}],"inLanguage":"pt-BR"},{"@type":"Organization","@id":"https:\/\/www.notibras.com\/site\/#organization","name":"Grupo Notibras de Comunica\u00e7\u00e3o","url":"https:\/\/www.notibras.com\/site\/","logo":{"@type":"ImageObject","inLanguage":"pt-BR","@id":"https:\/\/www.notibras.com\/site\/#\/schema\/logo\/image\/","url":"https:\/\/www.notibras.com\/site\/wp-content\/uploads\/2023\/01\/notibras23.png","contentUrl":"https:\/\/www.notibras.com\/site\/wp-content\/uploads\/2023\/01\/notibras23.png","width":350,"height":87,"caption":"Grupo Notibras de Comunica\u00e7\u00e3o"},"image":{"@id":"https:\/\/www.notibras.com\/site\/#\/schema\/logo\/image\/"},"sameAs":["https:\/\/www.facebook.com\/notibras\/","https:\/\/x.com\/Notibras","https:\/\/www.instagram.com\/notibras\/"]},{"@type":"Person","@id":"https:\/\/www.notibras.com\/site\/#\/schema\/person\/36ab0979449956132d3e5b517ea76ac8","name":"Reda\u00e7\u00e3o","image":{"@type":"ImageObject","inLanguage":"pt-BR","@id":"https:\/\/secure.gravatar.com\/avatar\/e0a867bdedb85fd243eadf09663511f96fc81e0720a4a42581f334ad4303aa6b?s=96&d=mm&r=g","url":"https:\/\/secure.gravatar.com\/avatar\/e0a867bdedb85fd243eadf09663511f96fc81e0720a4a42581f334ad4303aa6b?s=96&d=mm&r=g","contentUrl":"https:\/\/secure.gravatar.com\/avatar\/e0a867bdedb85fd243eadf09663511f96fc81e0720a4a42581f334ad4303aa6b?s=96&d=mm&r=g","caption":"Reda\u00e7\u00e3o"}}]}},"amp_enabled":true,"_links":{"self":[{"href":"https:\/\/www.notibras.com\/site\/wp-json\/wp\/v2\/posts\/204394","targetHints":{"allow":["GET"]}}],"collection":[{"href":"https:\/\/www.notibras.com\/site\/wp-json\/wp\/v2\/posts"}],"about":[{"href":"https:\/\/www.notibras.com\/site\/wp-json\/wp\/v2\/types\/post"}],"author":[{"embeddable":true,"href":"https:\/\/www.notibras.com\/site\/wp-json\/wp\/v2\/users\/2"}],"replies":[{"embeddable":true,"href":"https:\/\/www.notibras.com\/site\/wp-json\/wp\/v2\/comments?post=204394"}],"version-history":[{"count":1,"href":"https:\/\/www.notibras.com\/site\/wp-json\/wp\/v2\/posts\/204394\/revisions"}],"predecessor-version":[{"id":204397,"href":"https:\/\/www.notibras.com\/site\/wp-json\/wp\/v2\/posts\/204394\/revisions\/204397"}],"wp:featuredmedia":[{"embeddable":true,"href":"https:\/\/www.notibras.com\/site\/wp-json\/wp\/v2\/media\/204396"}],"wp:attachment":[{"href":"https:\/\/www.notibras.com\/site\/wp-json\/wp\/v2\/media?parent=204394"}],"wp:term":[{"taxonomy":"category","embeddable":true,"href":"https:\/\/www.notibras.com\/site\/wp-json\/wp\/v2\/categories?post=204394"},{"taxonomy":"post_tag","embeddable":true,"href":"https:\/\/www.notibras.com\/site\/wp-json\/wp\/v2\/tags?post=204394"}],"curies":[{"name":"wp","href":"https:\/\/api.w.org\/{rel}","templated":true}]}}