{"id":2045,"date":"2014-02-18T09:01:00","date_gmt":"2014-02-18T12:01:00","guid":{"rendered":"http:\/\/www.notibras.com\/site\/?p=2045"},"modified":"2014-02-18T09:01:00","modified_gmt":"2014-02-18T12:01:00","slug":"junta-medica-nega-aposentadoria-por-invalidez-a-genoino","status":"publish","type":"post","link":"https:\/\/www.notibras.com\/site\/junta-medica-nega-aposentadoria-por-invalidez-a-genoino\/","title":{"rendered":"Junta m\u00e9dica nega aposentadoria por invalidez a Geno\u00edno"},"content":{"rendered":"<p>A junta m\u00e9dica da C\u00e2mara dos Deputados expediu novo parecer negando pedido de aposentadoria por invalidez ao ex-deputado Jos\u00e9 Genoino (<a href=\"http:\/\/noticias.terra.com.br\/brasil\/infograficos\/sopa-de-letrinhas-da-politica-brasileira\/?page=01-2.htm\" target=\"_blank\">PT<\/a>-SP), um dos condenados no processo do <a href=\"http:\/\/www.terra.com.br\/noticias\/infograficos\/o-mensalao\" target=\"_blank\">mensal\u00e3o<\/a>. No documento, entregue na \u00faltima sexta-feira (14), os m\u00e9dicos afirmam que Geno\u00edno, que tem press\u00e3o alta, n\u00e3o \u00e9 portador de cardiopatia grave e, portanto, n\u00e3o teria direito a aposentadoria integral.<\/p>\n<p>O laudo da junta m\u00e9dica ainda pode ser revisto. Na \u00faltima quinta-feira (13), o petista anexou ao processo novos exames, incluindo o monitoramento ambulatorial da press\u00e3o arterial, sistema que registra a press\u00e3o arterial a cada quinze ou vinte minutos durante 24 horas. Com isso, o laudo vai voltar \u00e0 junta m\u00e9dica para uma nova an\u00e1lise. Dependendo do resultado do novo exame, a junta poder\u00e1 ou n\u00e3o mudar o parecer e conceder a aposentadoria por invalidez.<\/p>\n<p>Caso os m\u00e9dicos mudem o parecer, Genoino, que hoje est\u00e1 aposentado na C\u00e2mara por tempo de contribui\u00e7\u00e3o, recebendo cerca de R$ 20 mil por m\u00eas, passar\u00e1 a ter direito a receber integralmente os R$ 26,7 mil pagos atualmente aos parlamentares que est\u00e3o no exerc\u00edcio do mandato. Em casos como este, os m\u00e9dicos t\u00eam prazo de at\u00e9 dois anos para avaliar o paciente e determinar se ele tem condi\u00e7\u00f5es de voltar ao trabalho.<\/p>\n<p>Esta \u00e9 a segunda vez que os m\u00e9dicos negam o pedido de aposentadoria ao ex-deputado. Em novembro do ano passado, a junta, formada por quatro m\u00e9dicos da C\u00e2mara, concluiu que Genoino &#8220;n\u00e3o \u00e9 portador de cardiopatia grave do ponto de vista m\u00e9dico pericial&#8221;. Na ocasi\u00e3o, os m\u00e9dicos determinaram nova per\u00edcia em 90 dias.<\/p>\n<p>Em julho de 2013, Genoino passou por uma cirurgia de corre\u00e7\u00e3o da dissec\u00e7\u00e3o da aorta. Ap\u00f3s a opera\u00e7\u00e3o, os m\u00e9dicos avaliaram que houve melhora no quadro cl\u00ednico do ponto de vista cardiovascular. Com a pris\u00e3o do ex-deputado, no dia 15 de novembro, o ex-presidente do PT passou mal e foi internado no Instituto de Cardiologia do Distrito Federal com suspeita de infarto. Houve piora na press\u00e3o arterial e na coagula\u00e7\u00e3o sangu\u00ednea, o que, conforme os m\u00e9dicos disseram \u00e0 \u00e9poca, pode contribuir para um quadro de cardiopatia grave, o que ensejaria a aprova\u00e7\u00e3o do pedido de aposentadoria por invalidez.<\/p>\n<p>Desde ent\u00e3o, Genoino est\u00e1 sob pris\u00e3o domiciliar em Bras\u00edlia. Devido ao estado de sa\u00fade do ex-deputado, o presidente do Supremo Tribunal Federal (STF), Joaquim Barbosa, concedeu a pris\u00e3o domiciliar por 90 dias. O prazo termina na quarta-feira.<\/p>\n<p>Hoje a defesa do ex-deputado federal pediu ao presidente do Supremo Tribunal Federal (STF), Joaquim Barbosa, pris\u00e3o domiciliar definitiva\u00a0 do ex-deputado, condenado a quatro anos e oito meses de pris\u00e3o.<\/p>\n<p>De acordo com o advogado Luiz Fernando Pacheco, Genoino \u00e9 portador de cardiopatia grave e n\u00e3o tem condi\u00e7\u00f5es de cumprir a pena em um pres\u00eddio por ser &#8220;paciente idoso v\u00edtima de dissec\u00e7\u00e3o da aorta&#8221;.<\/p>\n","protected":false},"excerpt":{"rendered":"<p>A junta m\u00e9dica da C\u00e2mara dos Deputados expediu novo parecer negando pedido de aposentadoria por invalidez ao ex-deputado Jos\u00e9 Genoino (PT-SP), um dos condenados no processo do mensal\u00e3o. No documento, entregue na \u00faltima sexta-feira (14), os m\u00e9dicos afirmam que Geno\u00edno, que tem press\u00e3o alta, n\u00e3o \u00e9 portador de cardiopatia grave e, portanto, n\u00e3o teria direito [&hellip;]<\/p>\n","protected":false},"author":2,"featured_media":2046,"comment_status":"open","ping_status":"closed","sticky":false,"template":"","format":"standard","meta":{"_acf_changed":false,"footnotes":""},"categories":[16],"tags":[],"class_list":["post-2045","post","type-post","status-publish","format-standard","has-post-thumbnail","hentry","category-brasil"],"acf":[],"yoast_head":"<!-- This site is optimized with the Yoast SEO plugin v27.2 - https:\/\/yoast.com\/product\/yoast-seo-wordpress\/ -->\n<title>Junta m\u00e9dica nega aposentadoria por invalidez a Geno\u00edno - Notibras<\/title>\n<meta name=\"robots\" content=\"index, follow, max-snippet:-1, max-image-preview:large, max-video-preview:-1\" \/>\n<link rel=\"canonical\" href=\"https:\/\/www.notibras.com\/site\/junta-medica-nega-aposentadoria-por-invalidez-a-genoino\/\" \/>\n<meta property=\"og:locale\" content=\"pt_BR\" \/>\n<meta property=\"og:type\" content=\"article\" \/>\n<meta property=\"og:title\" content=\"Junta m\u00e9dica nega aposentadoria por invalidez a Geno\u00edno - Notibras\" \/>\n<meta property=\"og:description\" content=\"A junta m\u00e9dica da C\u00e2mara dos Deputados expediu novo parecer negando pedido de aposentadoria por invalidez ao ex-deputado Jos\u00e9 Genoino (PT-SP), um dos condenados no processo do mensal\u00e3o. No documento, entregue na \u00faltima sexta-feira (14), os m\u00e9dicos afirmam que Geno\u00edno, que tem press\u00e3o alta, n\u00e3o \u00e9 portador de cardiopatia grave e, portanto, n\u00e3o teria direito [&hellip;]\" \/>\n<meta property=\"og:url\" content=\"https:\/\/www.notibras.com\/site\/junta-medica-nega-aposentadoria-por-invalidez-a-genoino\/\" \/>\n<meta property=\"og:site_name\" content=\"Notibras\" \/>\n<meta property=\"article:publisher\" content=\"https:\/\/www.facebook.com\/notibras\/\" \/>\n<meta property=\"article:published_time\" content=\"2014-02-18T12:01:00+00:00\" \/>\n<meta property=\"og:image\" content=\"https:\/\/www.notibras.com\/site\/wp-content\/uploads\/2014\/02\/josegenoino2.jpg\" \/>\n\t<meta property=\"og:image:width\" content=\"565\" \/>\n\t<meta property=\"og:image:height\" content=\"378\" \/>\n\t<meta property=\"og:image:type\" content=\"image\/jpeg\" \/>\n<meta name=\"author\" content=\"Reda\u00e7\u00e3o\" \/>\n<meta name=\"twitter:card\" content=\"summary_large_image\" \/>\n<meta name=\"twitter:creator\" content=\"@Notibras\" \/>\n<meta name=\"twitter:site\" content=\"@Notibras\" \/>\n<meta name=\"twitter:label1\" content=\"Escrito por\" \/>\n\t<meta name=\"twitter:data1\" content=\"Reda\u00e7\u00e3o\" \/>\n\t<meta name=\"twitter:label2\" content=\"Est. tempo de leitura\" \/>\n\t<meta name=\"twitter:data2\" content=\"2 minutos\" \/>\n<script type=\"application\/ld+json\" class=\"yoast-schema-graph\">{\"@context\":\"https:\/\/schema.org\",\"@graph\":[{\"@type\":\"Article\",\"@id\":\"https:\/\/www.notibras.com\/site\/junta-medica-nega-aposentadoria-por-invalidez-a-genoino\/#article\",\"isPartOf\":{\"@id\":\"https:\/\/www.notibras.com\/site\/junta-medica-nega-aposentadoria-por-invalidez-a-genoino\/\"},\"author\":{\"name\":\"Reda\u00e7\u00e3o\",\"@id\":\"https:\/\/www.notibras.com\/site\/#\/schema\/person\/36ab0979449956132d3e5b517ea76ac8\"},\"headline\":\"Junta m\u00e9dica nega aposentadoria por invalidez a Geno\u00edno\",\"datePublished\":\"2014-02-18T12:01:00+00:00\",\"mainEntityOfPage\":{\"@id\":\"https:\/\/www.notibras.com\/site\/junta-medica-nega-aposentadoria-por-invalidez-a-genoino\/\"},\"wordCount\":507,\"commentCount\":0,\"publisher\":{\"@id\":\"https:\/\/www.notibras.com\/site\/#organization\"},\"image\":{\"@id\":\"https:\/\/www.notibras.com\/site\/junta-medica-nega-aposentadoria-por-invalidez-a-genoino\/#primaryimage\"},\"thumbnailUrl\":\"https:\/\/www.notibras.com\/site\/wp-content\/uploads\/2014\/02\/josegenoino2.jpg\",\"articleSection\":[\"Brasil\"],\"inLanguage\":\"pt-BR\",\"potentialAction\":[{\"@type\":\"CommentAction\",\"name\":\"Comment\",\"target\":[\"https:\/\/www.notibras.com\/site\/junta-medica-nega-aposentadoria-por-invalidez-a-genoino\/#respond\"]}]},{\"@type\":\"WebPage\",\"@id\":\"https:\/\/www.notibras.com\/site\/junta-medica-nega-aposentadoria-por-invalidez-a-genoino\/\",\"url\":\"https:\/\/www.notibras.com\/site\/junta-medica-nega-aposentadoria-por-invalidez-a-genoino\/\",\"name\":\"Junta m\u00e9dica nega aposentadoria por invalidez a Geno\u00edno - Notibras\",\"isPartOf\":{\"@id\":\"https:\/\/www.notibras.com\/site\/#website\"},\"primaryImageOfPage\":{\"@id\":\"https:\/\/www.notibras.com\/site\/junta-medica-nega-aposentadoria-por-invalidez-a-genoino\/#primaryimage\"},\"image\":{\"@id\":\"https:\/\/www.notibras.com\/site\/junta-medica-nega-aposentadoria-por-invalidez-a-genoino\/#primaryimage\"},\"thumbnailUrl\":\"https:\/\/www.notibras.com\/site\/wp-content\/uploads\/2014\/02\/josegenoino2.jpg\",\"datePublished\":\"2014-02-18T12:01:00+00:00\",\"breadcrumb\":{\"@id\":\"https:\/\/www.notibras.com\/site\/junta-medica-nega-aposentadoria-por-invalidez-a-genoino\/#breadcrumb\"},\"inLanguage\":\"pt-BR\",\"potentialAction\":[{\"@type\":\"ReadAction\",\"target\":[\"https:\/\/www.notibras.com\/site\/junta-medica-nega-aposentadoria-por-invalidez-a-genoino\/\"]}]},{\"@type\":\"ImageObject\",\"inLanguage\":\"pt-BR\",\"@id\":\"https:\/\/www.notibras.com\/site\/junta-medica-nega-aposentadoria-por-invalidez-a-genoino\/#primaryimage\",\"url\":\"https:\/\/www.notibras.com\/site\/wp-content\/uploads\/2014\/02\/josegenoino2.jpg\",\"contentUrl\":\"https:\/\/www.notibras.com\/site\/wp-content\/uploads\/2014\/02\/josegenoino2.jpg\",\"width\":565,\"height\":378},{\"@type\":\"BreadcrumbList\",\"@id\":\"https:\/\/www.notibras.com\/site\/junta-medica-nega-aposentadoria-por-invalidez-a-genoino\/#breadcrumb\",\"itemListElement\":[{\"@type\":\"ListItem\",\"position\":1,\"name\":\"In\u00edcio\",\"item\":\"https:\/\/www.notibras.com\/site\/\"},{\"@type\":\"ListItem\",\"position\":2,\"name\":\"Junta m\u00e9dica nega aposentadoria por invalidez a Geno\u00edno\"}]},{\"@type\":\"WebSite\",\"@id\":\"https:\/\/www.notibras.com\/site\/#website\",\"url\":\"https:\/\/www.notibras.com\/site\/\",\"name\":\"Notibras\",\"description\":\"Not\u00edcias de Bras\u00edlia, do Brasil e do Mundo\",\"publisher\":{\"@id\":\"https:\/\/www.notibras.com\/site\/#organization\"},\"potentialAction\":[{\"@type\":\"SearchAction\",\"target\":{\"@type\":\"EntryPoint\",\"urlTemplate\":\"https:\/\/www.notibras.com\/site\/?s={search_term_string}\"},\"query-input\":{\"@type\":\"PropertyValueSpecification\",\"valueRequired\":true,\"valueName\":\"search_term_string\"}}],\"inLanguage\":\"pt-BR\"},{\"@type\":\"Organization\",\"@id\":\"https:\/\/www.notibras.com\/site\/#organization\",\"name\":\"Grupo Notibras de Comunica\u00e7\u00e3o\",\"url\":\"https:\/\/www.notibras.com\/site\/\",\"logo\":{\"@type\":\"ImageObject\",\"inLanguage\":\"pt-BR\",\"@id\":\"https:\/\/www.notibras.com\/site\/#\/schema\/logo\/image\/\",\"url\":\"https:\/\/www.notibras.com\/site\/wp-content\/uploads\/2023\/01\/notibras23.png\",\"contentUrl\":\"https:\/\/www.notibras.com\/site\/wp-content\/uploads\/2023\/01\/notibras23.png\",\"width\":350,\"height\":87,\"caption\":\"Grupo Notibras de Comunica\u00e7\u00e3o\"},\"image\":{\"@id\":\"https:\/\/www.notibras.com\/site\/#\/schema\/logo\/image\/\"},\"sameAs\":[\"https:\/\/www.facebook.com\/notibras\/\",\"https:\/\/x.com\/Notibras\",\"https:\/\/www.instagram.com\/notibras\/\"]},{\"@type\":\"Person\",\"@id\":\"https:\/\/www.notibras.com\/site\/#\/schema\/person\/36ab0979449956132d3e5b517ea76ac8\",\"name\":\"Reda\u00e7\u00e3o\",\"image\":{\"@type\":\"ImageObject\",\"inLanguage\":\"pt-BR\",\"@id\":\"https:\/\/secure.gravatar.com\/avatar\/e0a867bdedb85fd243eadf09663511f96fc81e0720a4a42581f334ad4303aa6b?s=96&d=mm&r=g\",\"url\":\"https:\/\/secure.gravatar.com\/avatar\/e0a867bdedb85fd243eadf09663511f96fc81e0720a4a42581f334ad4303aa6b?s=96&d=mm&r=g\",\"contentUrl\":\"https:\/\/secure.gravatar.com\/avatar\/e0a867bdedb85fd243eadf09663511f96fc81e0720a4a42581f334ad4303aa6b?s=96&d=mm&r=g\",\"caption\":\"Reda\u00e7\u00e3o\"}}]}<\/script>\n<!-- \/ Yoast SEO plugin. -->","yoast_head_json":{"title":"Junta m\u00e9dica nega aposentadoria por invalidez a Geno\u00edno - Notibras","robots":{"index":"index","follow":"follow","max-snippet":"max-snippet:-1","max-image-preview":"max-image-preview:large","max-video-preview":"max-video-preview:-1"},"canonical":"https:\/\/www.notibras.com\/site\/junta-medica-nega-aposentadoria-por-invalidez-a-genoino\/","og_locale":"pt_BR","og_type":"article","og_title":"Junta m\u00e9dica nega aposentadoria por invalidez a Geno\u00edno - Notibras","og_description":"A junta m\u00e9dica da C\u00e2mara dos Deputados expediu novo parecer negando pedido de aposentadoria por invalidez ao ex-deputado Jos\u00e9 Genoino (PT-SP), um dos condenados no processo do mensal\u00e3o. No documento, entregue na \u00faltima sexta-feira (14), os m\u00e9dicos afirmam que Geno\u00edno, que tem press\u00e3o alta, n\u00e3o \u00e9 portador de cardiopatia grave e, portanto, n\u00e3o teria direito [&hellip;]","og_url":"https:\/\/www.notibras.com\/site\/junta-medica-nega-aposentadoria-por-invalidez-a-genoino\/","og_site_name":"Notibras","article_publisher":"https:\/\/www.facebook.com\/notibras\/","article_published_time":"2014-02-18T12:01:00+00:00","og_image":[{"width":565,"height":378,"url":"https:\/\/www.notibras.com\/site\/wp-content\/uploads\/2014\/02\/josegenoino2.jpg","type":"image\/jpeg"}],"author":"Reda\u00e7\u00e3o","twitter_card":"summary_large_image","twitter_creator":"@Notibras","twitter_site":"@Notibras","twitter_misc":{"Escrito por":"Reda\u00e7\u00e3o","Est. tempo de leitura":"2 minutos"},"schema":{"@context":"https:\/\/schema.org","@graph":[{"@type":"Article","@id":"https:\/\/www.notibras.com\/site\/junta-medica-nega-aposentadoria-por-invalidez-a-genoino\/#article","isPartOf":{"@id":"https:\/\/www.notibras.com\/site\/junta-medica-nega-aposentadoria-por-invalidez-a-genoino\/"},"author":{"name":"Reda\u00e7\u00e3o","@id":"https:\/\/www.notibras.com\/site\/#\/schema\/person\/36ab0979449956132d3e5b517ea76ac8"},"headline":"Junta m\u00e9dica nega aposentadoria por invalidez a Geno\u00edno","datePublished":"2014-02-18T12:01:00+00:00","mainEntityOfPage":{"@id":"https:\/\/www.notibras.com\/site\/junta-medica-nega-aposentadoria-por-invalidez-a-genoino\/"},"wordCount":507,"commentCount":0,"publisher":{"@id":"https:\/\/www.notibras.com\/site\/#organization"},"image":{"@id":"https:\/\/www.notibras.com\/site\/junta-medica-nega-aposentadoria-por-invalidez-a-genoino\/#primaryimage"},"thumbnailUrl":"https:\/\/www.notibras.com\/site\/wp-content\/uploads\/2014\/02\/josegenoino2.jpg","articleSection":["Brasil"],"inLanguage":"pt-BR","potentialAction":[{"@type":"CommentAction","name":"Comment","target":["https:\/\/www.notibras.com\/site\/junta-medica-nega-aposentadoria-por-invalidez-a-genoino\/#respond"]}]},{"@type":"WebPage","@id":"https:\/\/www.notibras.com\/site\/junta-medica-nega-aposentadoria-por-invalidez-a-genoino\/","url":"https:\/\/www.notibras.com\/site\/junta-medica-nega-aposentadoria-por-invalidez-a-genoino\/","name":"Junta m\u00e9dica nega aposentadoria por invalidez a Geno\u00edno - Notibras","isPartOf":{"@id":"https:\/\/www.notibras.com\/site\/#website"},"primaryImageOfPage":{"@id":"https:\/\/www.notibras.com\/site\/junta-medica-nega-aposentadoria-por-invalidez-a-genoino\/#primaryimage"},"image":{"@id":"https:\/\/www.notibras.com\/site\/junta-medica-nega-aposentadoria-por-invalidez-a-genoino\/#primaryimage"},"thumbnailUrl":"https:\/\/www.notibras.com\/site\/wp-content\/uploads\/2014\/02\/josegenoino2.jpg","datePublished":"2014-02-18T12:01:00+00:00","breadcrumb":{"@id":"https:\/\/www.notibras.com\/site\/junta-medica-nega-aposentadoria-por-invalidez-a-genoino\/#breadcrumb"},"inLanguage":"pt-BR","potentialAction":[{"@type":"ReadAction","target":["https:\/\/www.notibras.com\/site\/junta-medica-nega-aposentadoria-por-invalidez-a-genoino\/"]}]},{"@type":"ImageObject","inLanguage":"pt-BR","@id":"https:\/\/www.notibras.com\/site\/junta-medica-nega-aposentadoria-por-invalidez-a-genoino\/#primaryimage","url":"https:\/\/www.notibras.com\/site\/wp-content\/uploads\/2014\/02\/josegenoino2.jpg","contentUrl":"https:\/\/www.notibras.com\/site\/wp-content\/uploads\/2014\/02\/josegenoino2.jpg","width":565,"height":378},{"@type":"BreadcrumbList","@id":"https:\/\/www.notibras.com\/site\/junta-medica-nega-aposentadoria-por-invalidez-a-genoino\/#breadcrumb","itemListElement":[{"@type":"ListItem","position":1,"name":"In\u00edcio","item":"https:\/\/www.notibras.com\/site\/"},{"@type":"ListItem","position":2,"name":"Junta m\u00e9dica nega aposentadoria por invalidez a Geno\u00edno"}]},{"@type":"WebSite","@id":"https:\/\/www.notibras.com\/site\/#website","url":"https:\/\/www.notibras.com\/site\/","name":"Notibras","description":"Not\u00edcias de Bras\u00edlia, do Brasil e do Mundo","publisher":{"@id":"https:\/\/www.notibras.com\/site\/#organization"},"potentialAction":[{"@type":"SearchAction","target":{"@type":"EntryPoint","urlTemplate":"https:\/\/www.notibras.com\/site\/?s={search_term_string}"},"query-input":{"@type":"PropertyValueSpecification","valueRequired":true,"valueName":"search_term_string"}}],"inLanguage":"pt-BR"},{"@type":"Organization","@id":"https:\/\/www.notibras.com\/site\/#organization","name":"Grupo Notibras de Comunica\u00e7\u00e3o","url":"https:\/\/www.notibras.com\/site\/","logo":{"@type":"ImageObject","inLanguage":"pt-BR","@id":"https:\/\/www.notibras.com\/site\/#\/schema\/logo\/image\/","url":"https:\/\/www.notibras.com\/site\/wp-content\/uploads\/2023\/01\/notibras23.png","contentUrl":"https:\/\/www.notibras.com\/site\/wp-content\/uploads\/2023\/01\/notibras23.png","width":350,"height":87,"caption":"Grupo Notibras de Comunica\u00e7\u00e3o"},"image":{"@id":"https:\/\/www.notibras.com\/site\/#\/schema\/logo\/image\/"},"sameAs":["https:\/\/www.facebook.com\/notibras\/","https:\/\/x.com\/Notibras","https:\/\/www.instagram.com\/notibras\/"]},{"@type":"Person","@id":"https:\/\/www.notibras.com\/site\/#\/schema\/person\/36ab0979449956132d3e5b517ea76ac8","name":"Reda\u00e7\u00e3o","image":{"@type":"ImageObject","inLanguage":"pt-BR","@id":"https:\/\/secure.gravatar.com\/avatar\/e0a867bdedb85fd243eadf09663511f96fc81e0720a4a42581f334ad4303aa6b?s=96&d=mm&r=g","url":"https:\/\/secure.gravatar.com\/avatar\/e0a867bdedb85fd243eadf09663511f96fc81e0720a4a42581f334ad4303aa6b?s=96&d=mm&r=g","contentUrl":"https:\/\/secure.gravatar.com\/avatar\/e0a867bdedb85fd243eadf09663511f96fc81e0720a4a42581f334ad4303aa6b?s=96&d=mm&r=g","caption":"Reda\u00e7\u00e3o"}}]}},"amp_enabled":true,"_links":{"self":[{"href":"https:\/\/www.notibras.com\/site\/wp-json\/wp\/v2\/posts\/2045","targetHints":{"allow":["GET"]}}],"collection":[{"href":"https:\/\/www.notibras.com\/site\/wp-json\/wp\/v2\/posts"}],"about":[{"href":"https:\/\/www.notibras.com\/site\/wp-json\/wp\/v2\/types\/post"}],"author":[{"embeddable":true,"href":"https:\/\/www.notibras.com\/site\/wp-json\/wp\/v2\/users\/2"}],"replies":[{"embeddable":true,"href":"https:\/\/www.notibras.com\/site\/wp-json\/wp\/v2\/comments?post=2045"}],"version-history":[{"count":0,"href":"https:\/\/www.notibras.com\/site\/wp-json\/wp\/v2\/posts\/2045\/revisions"}],"wp:featuredmedia":[{"embeddable":true,"href":"https:\/\/www.notibras.com\/site\/wp-json\/wp\/v2\/media\/2046"}],"wp:attachment":[{"href":"https:\/\/www.notibras.com\/site\/wp-json\/wp\/v2\/media?parent=2045"}],"wp:term":[{"taxonomy":"category","embeddable":true,"href":"https:\/\/www.notibras.com\/site\/wp-json\/wp\/v2\/categories?post=2045"},{"taxonomy":"post_tag","embeddable":true,"href":"https:\/\/www.notibras.com\/site\/wp-json\/wp\/v2\/tags?post=2045"}],"curies":[{"name":"wp","href":"https:\/\/api.w.org\/{rel}","templated":true}]}}