{"id":204601,"date":"2019-03-12T21:10:52","date_gmt":"2019-03-13T00:10:52","guid":{"rendered":"https:\/\/www.notibras.com\/site\/?p=204601"},"modified":"2019-03-12T21:10:52","modified_gmt":"2019-03-13T00:10:52","slug":"justica-manda-soltar-prefeito-preso-por-propina","status":"publish","type":"post","link":"https:\/\/www.notibras.com\/site\/justica-manda-soltar-prefeito-preso-por-propina\/","title":{"rendered":"Justi\u00e7a manda soltar prefeito preso por propina"},"content":{"rendered":"<p>Por maioria, o 3\u00ba Grupo de C\u00e2maras Criminais do Tribunal de Justi\u00e7a do Rio (TJRJ) autorizou a liberdade para o prefeito de Niter\u00f3i, Rodrigo Neves. Ele estava preso preventivamente desde 10 de dezembro, no pres\u00eddio de Bangu 8, no Complexo de Gericin\u00f3, na zona oeste do Rio. Ele \u00e9 considerado suspeito de receber propina. Neves pode reassumir o cargo na prefeitura.<\/p>\n<p>A medida beneficiou mais quatro presos na Opera\u00e7\u00e3o Alameda, Dom\u00edcio Mascarenhas, ex-secret\u00e1rio municipal, Jo\u00e3o Carlos F\u00e9lix Teixeira, presidente do TransOce\u00e2nico, e Jo\u00e3o dos Anjos Silva Soares, presidente do Transnit, que responder\u00e3o em liberdade. Todos foram presos durante desdobramento da Opera\u00e7\u00e3o Lava-Jato no Rio.<\/p>\n<p>A decis\u00e3o imp\u00f4s medidas cautelares. Os acusados n\u00e3o poder\u00e3o sair do Rio de Janeiro nem do Brasil, ter\u00e3o os passaportes recolhidos e n\u00e3o poder\u00e3o manter contato entre eles nem com as testemunhas arroladas pelo Minist\u00e9rio P\u00fablico. Todos est\u00e3o tamb\u00e9m impedidos de deixar a cidade de Niter\u00f3i por mais de oito dias sem autoriza\u00e7\u00e3o do ju\u00edzo.<\/p>\n<p>Segundo o TJRJ, o desembargador Paulo Baldez, integrante do 3\u00ba Grupo de C\u00e2maras Criminais, pediu vista e foram adiados os julgamentos do recebimento de den\u00fancia do Minist\u00e9rio P\u00fablico e da homologa\u00e7\u00e3o da dela\u00e7\u00e3o premiada.<\/p>\n","protected":false},"excerpt":{"rendered":"<p>Por maioria, o 3\u00ba Grupo de C\u00e2maras Criminais do Tribunal de Justi\u00e7a do Rio (TJRJ) autorizou a liberdade para o prefeito de Niter\u00f3i, Rodrigo Neves. Ele estava preso preventivamente desde 10 de dezembro, no pres\u00eddio de Bangu 8, no Complexo de Gericin\u00f3, na zona oeste do Rio. Ele \u00e9 considerado suspeito de receber propina. Neves [&hellip;]<\/p>\n","protected":false},"author":2,"featured_media":204602,"comment_status":"closed","ping_status":"closed","sticky":false,"template":"","format":"standard","meta":{"_acf_changed":false,"footnotes":""},"categories":[16],"tags":[95],"class_list":["post-204601","post","type-post","status-publish","format-standard","has-post-thumbnail","hentry","category-brasil","tag-capa"],"acf":[],"yoast_head":"<!-- This site is optimized with the Yoast SEO plugin v27.2 - https:\/\/yoast.com\/product\/yoast-seo-wordpress\/ -->\n<title>Justi\u00e7a manda soltar prefeito preso por propina - Notibras<\/title>\n<meta name=\"robots\" content=\"index, follow, max-snippet:-1, max-image-preview:large, max-video-preview:-1\" \/>\n<link rel=\"canonical\" href=\"https:\/\/www.notibras.com\/site\/justica-manda-soltar-prefeito-preso-por-propina\/\" \/>\n<meta property=\"og:locale\" content=\"pt_BR\" \/>\n<meta property=\"og:type\" content=\"article\" \/>\n<meta property=\"og:title\" content=\"Justi\u00e7a manda soltar prefeito preso por propina - Notibras\" \/>\n<meta property=\"og:description\" content=\"Por maioria, o 3\u00ba Grupo de C\u00e2maras Criminais do Tribunal de Justi\u00e7a do Rio (TJRJ) autorizou a liberdade para o prefeito de Niter\u00f3i, Rodrigo Neves. Ele estava preso preventivamente desde 10 de dezembro, no pres\u00eddio de Bangu 8, no Complexo de Gericin\u00f3, na zona oeste do Rio. Ele \u00e9 considerado suspeito de receber propina. Neves [&hellip;]\" \/>\n<meta property=\"og:url\" content=\"https:\/\/www.notibras.com\/site\/justica-manda-soltar-prefeito-preso-por-propina\/\" \/>\n<meta property=\"og:site_name\" content=\"Notibras\" \/>\n<meta property=\"article:publisher\" content=\"https:\/\/www.facebook.com\/notibras\/\" \/>\n<meta property=\"article:published_time\" content=\"2019-03-13T00:10:52+00:00\" \/>\n<meta property=\"og:image\" content=\"https:\/\/www.notibras.com\/site\/wp-content\/uploads\/2019\/03\/rogerio-neves.jpg\" \/>\n\t<meta property=\"og:image:width\" content=\"1140\" \/>\n\t<meta property=\"og:image:height\" content=\"760\" \/>\n\t<meta property=\"og:image:type\" content=\"image\/jpeg\" \/>\n<meta name=\"author\" content=\"Reda\u00e7\u00e3o\" \/>\n<meta name=\"twitter:card\" content=\"summary_large_image\" \/>\n<meta name=\"twitter:creator\" content=\"@Notibras\" \/>\n<meta name=\"twitter:site\" content=\"@Notibras\" \/>\n<meta name=\"twitter:label1\" content=\"Escrito por\" \/>\n\t<meta name=\"twitter:data1\" content=\"Reda\u00e7\u00e3o\" \/>\n\t<meta name=\"twitter:label2\" content=\"Est. tempo de leitura\" \/>\n\t<meta name=\"twitter:data2\" content=\"1 minuto\" \/>\n<script type=\"application\/ld+json\" class=\"yoast-schema-graph\">{\"@context\":\"https:\/\/schema.org\",\"@graph\":[{\"@type\":\"Article\",\"@id\":\"https:\/\/www.notibras.com\/site\/justica-manda-soltar-prefeito-preso-por-propina\/#article\",\"isPartOf\":{\"@id\":\"https:\/\/www.notibras.com\/site\/justica-manda-soltar-prefeito-preso-por-propina\/\"},\"author\":{\"name\":\"Reda\u00e7\u00e3o\",\"@id\":\"https:\/\/www.notibras.com\/site\/#\/schema\/person\/36ab0979449956132d3e5b517ea76ac8\"},\"headline\":\"Justi\u00e7a manda soltar prefeito preso por propina\",\"datePublished\":\"2019-03-13T00:10:52+00:00\",\"mainEntityOfPage\":{\"@id\":\"https:\/\/www.notibras.com\/site\/justica-manda-soltar-prefeito-preso-por-propina\/\"},\"wordCount\":229,\"publisher\":{\"@id\":\"https:\/\/www.notibras.com\/site\/#organization\"},\"image\":{\"@id\":\"https:\/\/www.notibras.com\/site\/justica-manda-soltar-prefeito-preso-por-propina\/#primaryimage\"},\"thumbnailUrl\":\"https:\/\/www.notibras.com\/site\/wp-content\/uploads\/2019\/03\/rogerio-neves.jpg\",\"keywords\":[\"capa\"],\"articleSection\":[\"Brasil\"],\"inLanguage\":\"pt-BR\"},{\"@type\":\"WebPage\",\"@id\":\"https:\/\/www.notibras.com\/site\/justica-manda-soltar-prefeito-preso-por-propina\/\",\"url\":\"https:\/\/www.notibras.com\/site\/justica-manda-soltar-prefeito-preso-por-propina\/\",\"name\":\"Justi\u00e7a manda soltar prefeito preso por propina - Notibras\",\"isPartOf\":{\"@id\":\"https:\/\/www.notibras.com\/site\/#website\"},\"primaryImageOfPage\":{\"@id\":\"https:\/\/www.notibras.com\/site\/justica-manda-soltar-prefeito-preso-por-propina\/#primaryimage\"},\"image\":{\"@id\":\"https:\/\/www.notibras.com\/site\/justica-manda-soltar-prefeito-preso-por-propina\/#primaryimage\"},\"thumbnailUrl\":\"https:\/\/www.notibras.com\/site\/wp-content\/uploads\/2019\/03\/rogerio-neves.jpg\",\"datePublished\":\"2019-03-13T00:10:52+00:00\",\"breadcrumb\":{\"@id\":\"https:\/\/www.notibras.com\/site\/justica-manda-soltar-prefeito-preso-por-propina\/#breadcrumb\"},\"inLanguage\":\"pt-BR\",\"potentialAction\":[{\"@type\":\"ReadAction\",\"target\":[\"https:\/\/www.notibras.com\/site\/justica-manda-soltar-prefeito-preso-por-propina\/\"]}]},{\"@type\":\"ImageObject\",\"inLanguage\":\"pt-BR\",\"@id\":\"https:\/\/www.notibras.com\/site\/justica-manda-soltar-prefeito-preso-por-propina\/#primaryimage\",\"url\":\"https:\/\/www.notibras.com\/site\/wp-content\/uploads\/2019\/03\/rogerio-neves.jpg\",\"contentUrl\":\"https:\/\/www.notibras.com\/site\/wp-content\/uploads\/2019\/03\/rogerio-neves.jpg\",\"width\":1140,\"height\":760,\"caption\":\"Foto: T\u00e2nia R\u00eago\/ABr\"},{\"@type\":\"BreadcrumbList\",\"@id\":\"https:\/\/www.notibras.com\/site\/justica-manda-soltar-prefeito-preso-por-propina\/#breadcrumb\",\"itemListElement\":[{\"@type\":\"ListItem\",\"position\":1,\"name\":\"In\u00edcio\",\"item\":\"https:\/\/www.notibras.com\/site\/\"},{\"@type\":\"ListItem\",\"position\":2,\"name\":\"Justi\u00e7a manda soltar prefeito preso por propina\"}]},{\"@type\":\"WebSite\",\"@id\":\"https:\/\/www.notibras.com\/site\/#website\",\"url\":\"https:\/\/www.notibras.com\/site\/\",\"name\":\"Notibras\",\"description\":\"Not\u00edcias de Bras\u00edlia, do Brasil e do Mundo\",\"publisher\":{\"@id\":\"https:\/\/www.notibras.com\/site\/#organization\"},\"potentialAction\":[{\"@type\":\"SearchAction\",\"target\":{\"@type\":\"EntryPoint\",\"urlTemplate\":\"https:\/\/www.notibras.com\/site\/?s={search_term_string}\"},\"query-input\":{\"@type\":\"PropertyValueSpecification\",\"valueRequired\":true,\"valueName\":\"search_term_string\"}}],\"inLanguage\":\"pt-BR\"},{\"@type\":\"Organization\",\"@id\":\"https:\/\/www.notibras.com\/site\/#organization\",\"name\":\"Grupo Notibras de Comunica\u00e7\u00e3o\",\"url\":\"https:\/\/www.notibras.com\/site\/\",\"logo\":{\"@type\":\"ImageObject\",\"inLanguage\":\"pt-BR\",\"@id\":\"https:\/\/www.notibras.com\/site\/#\/schema\/logo\/image\/\",\"url\":\"https:\/\/www.notibras.com\/site\/wp-content\/uploads\/2023\/01\/notibras23.png\",\"contentUrl\":\"https:\/\/www.notibras.com\/site\/wp-content\/uploads\/2023\/01\/notibras23.png\",\"width\":350,\"height\":87,\"caption\":\"Grupo Notibras de Comunica\u00e7\u00e3o\"},\"image\":{\"@id\":\"https:\/\/www.notibras.com\/site\/#\/schema\/logo\/image\/\"},\"sameAs\":[\"https:\/\/www.facebook.com\/notibras\/\",\"https:\/\/x.com\/Notibras\",\"https:\/\/www.instagram.com\/notibras\/\"]},{\"@type\":\"Person\",\"@id\":\"https:\/\/www.notibras.com\/site\/#\/schema\/person\/36ab0979449956132d3e5b517ea76ac8\",\"name\":\"Reda\u00e7\u00e3o\",\"image\":{\"@type\":\"ImageObject\",\"inLanguage\":\"pt-BR\",\"@id\":\"https:\/\/secure.gravatar.com\/avatar\/e0a867bdedb85fd243eadf09663511f96fc81e0720a4a42581f334ad4303aa6b?s=96&d=mm&r=g\",\"url\":\"https:\/\/secure.gravatar.com\/avatar\/e0a867bdedb85fd243eadf09663511f96fc81e0720a4a42581f334ad4303aa6b?s=96&d=mm&r=g\",\"contentUrl\":\"https:\/\/secure.gravatar.com\/avatar\/e0a867bdedb85fd243eadf09663511f96fc81e0720a4a42581f334ad4303aa6b?s=96&d=mm&r=g\",\"caption\":\"Reda\u00e7\u00e3o\"}}]}<\/script>\n<!-- \/ Yoast SEO plugin. -->","yoast_head_json":{"title":"Justi\u00e7a manda soltar prefeito preso por propina - Notibras","robots":{"index":"index","follow":"follow","max-snippet":"max-snippet:-1","max-image-preview":"max-image-preview:large","max-video-preview":"max-video-preview:-1"},"canonical":"https:\/\/www.notibras.com\/site\/justica-manda-soltar-prefeito-preso-por-propina\/","og_locale":"pt_BR","og_type":"article","og_title":"Justi\u00e7a manda soltar prefeito preso por propina - Notibras","og_description":"Por maioria, o 3\u00ba Grupo de C\u00e2maras Criminais do Tribunal de Justi\u00e7a do Rio (TJRJ) autorizou a liberdade para o prefeito de Niter\u00f3i, Rodrigo Neves. Ele estava preso preventivamente desde 10 de dezembro, no pres\u00eddio de Bangu 8, no Complexo de Gericin\u00f3, na zona oeste do Rio. Ele \u00e9 considerado suspeito de receber propina. Neves [&hellip;]","og_url":"https:\/\/www.notibras.com\/site\/justica-manda-soltar-prefeito-preso-por-propina\/","og_site_name":"Notibras","article_publisher":"https:\/\/www.facebook.com\/notibras\/","article_published_time":"2019-03-13T00:10:52+00:00","og_image":[{"width":1140,"height":760,"url":"https:\/\/www.notibras.com\/site\/wp-content\/uploads\/2019\/03\/rogerio-neves.jpg","type":"image\/jpeg"}],"author":"Reda\u00e7\u00e3o","twitter_card":"summary_large_image","twitter_creator":"@Notibras","twitter_site":"@Notibras","twitter_misc":{"Escrito por":"Reda\u00e7\u00e3o","Est. tempo de leitura":"1 minuto"},"schema":{"@context":"https:\/\/schema.org","@graph":[{"@type":"Article","@id":"https:\/\/www.notibras.com\/site\/justica-manda-soltar-prefeito-preso-por-propina\/#article","isPartOf":{"@id":"https:\/\/www.notibras.com\/site\/justica-manda-soltar-prefeito-preso-por-propina\/"},"author":{"name":"Reda\u00e7\u00e3o","@id":"https:\/\/www.notibras.com\/site\/#\/schema\/person\/36ab0979449956132d3e5b517ea76ac8"},"headline":"Justi\u00e7a manda soltar prefeito preso por propina","datePublished":"2019-03-13T00:10:52+00:00","mainEntityOfPage":{"@id":"https:\/\/www.notibras.com\/site\/justica-manda-soltar-prefeito-preso-por-propina\/"},"wordCount":229,"publisher":{"@id":"https:\/\/www.notibras.com\/site\/#organization"},"image":{"@id":"https:\/\/www.notibras.com\/site\/justica-manda-soltar-prefeito-preso-por-propina\/#primaryimage"},"thumbnailUrl":"https:\/\/www.notibras.com\/site\/wp-content\/uploads\/2019\/03\/rogerio-neves.jpg","keywords":["capa"],"articleSection":["Brasil"],"inLanguage":"pt-BR"},{"@type":"WebPage","@id":"https:\/\/www.notibras.com\/site\/justica-manda-soltar-prefeito-preso-por-propina\/","url":"https:\/\/www.notibras.com\/site\/justica-manda-soltar-prefeito-preso-por-propina\/","name":"Justi\u00e7a manda soltar prefeito preso por propina - Notibras","isPartOf":{"@id":"https:\/\/www.notibras.com\/site\/#website"},"primaryImageOfPage":{"@id":"https:\/\/www.notibras.com\/site\/justica-manda-soltar-prefeito-preso-por-propina\/#primaryimage"},"image":{"@id":"https:\/\/www.notibras.com\/site\/justica-manda-soltar-prefeito-preso-por-propina\/#primaryimage"},"thumbnailUrl":"https:\/\/www.notibras.com\/site\/wp-content\/uploads\/2019\/03\/rogerio-neves.jpg","datePublished":"2019-03-13T00:10:52+00:00","breadcrumb":{"@id":"https:\/\/www.notibras.com\/site\/justica-manda-soltar-prefeito-preso-por-propina\/#breadcrumb"},"inLanguage":"pt-BR","potentialAction":[{"@type":"ReadAction","target":["https:\/\/www.notibras.com\/site\/justica-manda-soltar-prefeito-preso-por-propina\/"]}]},{"@type":"ImageObject","inLanguage":"pt-BR","@id":"https:\/\/www.notibras.com\/site\/justica-manda-soltar-prefeito-preso-por-propina\/#primaryimage","url":"https:\/\/www.notibras.com\/site\/wp-content\/uploads\/2019\/03\/rogerio-neves.jpg","contentUrl":"https:\/\/www.notibras.com\/site\/wp-content\/uploads\/2019\/03\/rogerio-neves.jpg","width":1140,"height":760,"caption":"Foto: T\u00e2nia R\u00eago\/ABr"},{"@type":"BreadcrumbList","@id":"https:\/\/www.notibras.com\/site\/justica-manda-soltar-prefeito-preso-por-propina\/#breadcrumb","itemListElement":[{"@type":"ListItem","position":1,"name":"In\u00edcio","item":"https:\/\/www.notibras.com\/site\/"},{"@type":"ListItem","position":2,"name":"Justi\u00e7a manda soltar prefeito preso por propina"}]},{"@type":"WebSite","@id":"https:\/\/www.notibras.com\/site\/#website","url":"https:\/\/www.notibras.com\/site\/","name":"Notibras","description":"Not\u00edcias de Bras\u00edlia, do Brasil e do Mundo","publisher":{"@id":"https:\/\/www.notibras.com\/site\/#organization"},"potentialAction":[{"@type":"SearchAction","target":{"@type":"EntryPoint","urlTemplate":"https:\/\/www.notibras.com\/site\/?s={search_term_string}"},"query-input":{"@type":"PropertyValueSpecification","valueRequired":true,"valueName":"search_term_string"}}],"inLanguage":"pt-BR"},{"@type":"Organization","@id":"https:\/\/www.notibras.com\/site\/#organization","name":"Grupo Notibras de Comunica\u00e7\u00e3o","url":"https:\/\/www.notibras.com\/site\/","logo":{"@type":"ImageObject","inLanguage":"pt-BR","@id":"https:\/\/www.notibras.com\/site\/#\/schema\/logo\/image\/","url":"https:\/\/www.notibras.com\/site\/wp-content\/uploads\/2023\/01\/notibras23.png","contentUrl":"https:\/\/www.notibras.com\/site\/wp-content\/uploads\/2023\/01\/notibras23.png","width":350,"height":87,"caption":"Grupo Notibras de Comunica\u00e7\u00e3o"},"image":{"@id":"https:\/\/www.notibras.com\/site\/#\/schema\/logo\/image\/"},"sameAs":["https:\/\/www.facebook.com\/notibras\/","https:\/\/x.com\/Notibras","https:\/\/www.instagram.com\/notibras\/"]},{"@type":"Person","@id":"https:\/\/www.notibras.com\/site\/#\/schema\/person\/36ab0979449956132d3e5b517ea76ac8","name":"Reda\u00e7\u00e3o","image":{"@type":"ImageObject","inLanguage":"pt-BR","@id":"https:\/\/secure.gravatar.com\/avatar\/e0a867bdedb85fd243eadf09663511f96fc81e0720a4a42581f334ad4303aa6b?s=96&d=mm&r=g","url":"https:\/\/secure.gravatar.com\/avatar\/e0a867bdedb85fd243eadf09663511f96fc81e0720a4a42581f334ad4303aa6b?s=96&d=mm&r=g","contentUrl":"https:\/\/secure.gravatar.com\/avatar\/e0a867bdedb85fd243eadf09663511f96fc81e0720a4a42581f334ad4303aa6b?s=96&d=mm&r=g","caption":"Reda\u00e7\u00e3o"}}]}},"amp_enabled":true,"_links":{"self":[{"href":"https:\/\/www.notibras.com\/site\/wp-json\/wp\/v2\/posts\/204601","targetHints":{"allow":["GET"]}}],"collection":[{"href":"https:\/\/www.notibras.com\/site\/wp-json\/wp\/v2\/posts"}],"about":[{"href":"https:\/\/www.notibras.com\/site\/wp-json\/wp\/v2\/types\/post"}],"author":[{"embeddable":true,"href":"https:\/\/www.notibras.com\/site\/wp-json\/wp\/v2\/users\/2"}],"replies":[{"embeddable":true,"href":"https:\/\/www.notibras.com\/site\/wp-json\/wp\/v2\/comments?post=204601"}],"version-history":[{"count":1,"href":"https:\/\/www.notibras.com\/site\/wp-json\/wp\/v2\/posts\/204601\/revisions"}],"predecessor-version":[{"id":204603,"href":"https:\/\/www.notibras.com\/site\/wp-json\/wp\/v2\/posts\/204601\/revisions\/204603"}],"wp:featuredmedia":[{"embeddable":true,"href":"https:\/\/www.notibras.com\/site\/wp-json\/wp\/v2\/media\/204602"}],"wp:attachment":[{"href":"https:\/\/www.notibras.com\/site\/wp-json\/wp\/v2\/media?parent=204601"}],"wp:term":[{"taxonomy":"category","embeddable":true,"href":"https:\/\/www.notibras.com\/site\/wp-json\/wp\/v2\/categories?post=204601"},{"taxonomy":"post_tag","embeddable":true,"href":"https:\/\/www.notibras.com\/site\/wp-json\/wp\/v2\/tags?post=204601"}],"curies":[{"name":"wp","href":"https:\/\/api.w.org\/{rel}","templated":true}]}}