{"id":204615,"date":"2019-03-13T01:00:50","date_gmt":"2019-03-13T04:00:50","guid":{"rendered":"https:\/\/www.notibras.com\/site\/?p=204615"},"modified":"2019-03-13T08:15:13","modified_gmt":"2019-03-13T11:15:13","slug":"e-demais-querer-ligar-morte-de-mariellle-a-jair-bolsonaro","status":"publish","type":"post","link":"https:\/\/www.notibras.com\/site\/e-demais-querer-ligar-morte-de-mariellle-a-jair-bolsonaro\/","title":{"rendered":"&#8216;\u00c9 demais querer ligar morte de Mariellle a Bolsonaro&#8217;"},"content":{"rendered":"<p>O deputado Eduardo Bolsonaro (PSL-SP) afirmou que o assassinato da vereadora Marielle Franco, em mar\u00e7o do ano passado no Rio de Janeiro, \u00e9 um caso como qualquer outro que acontece no Brasil e que est\u00e1 &#8220;muito acima da quest\u00e3o pol\u00edtica&#8221;. Ele tamb\u00e9m disse que a vereadora era desconhecida antes do caso e que as tentativas de associ\u00e1-lo \u00e0 sua fam\u00edlia \u00e9 &#8220;absurdo e repugnante&#8221;.<\/p>\n<p>&#8220;Esse caso de assassinato \u00e9 como os outros 62 mil casos que a gente tem no Brasil. \u00c9 \u00f3bvio que a gente quer que ele seja elucidado e que quem cometeu v\u00e1 preso. N\u00e3o tem nada de diferente. N\u00e3o tem essa de passar a m\u00e3o na cabe\u00e7a. Isso a\u00ed est\u00e1 muito acima de quest\u00e3o pol\u00edtica, pelo amor de Deus&#8221;, afirmou o parlamentar ao deixar o Congresso nesta ter\u00e7a-feira.<\/p>\n<p>Dois dias antes de completar um ano do assassinato da vereadora e do motorista Anderson Gomes, a pol\u00edcia prendeu nesta madrugada dois suspeitos pelo crime. Ronie Lessa, policial militar reformado, e Elcio Vieira de Queiroz, expulso da Pol\u00edcia Militar, foram denunciados por homic\u00eddio qualificado e por tentativa de homic\u00eddio de Fernanda Chaves, uma das assessoras de Marielle que tamb\u00e9m estava no carro.<\/p>\n<p>Lessa mora no mesmo condom\u00ednio onde o presidente Jair Bolsonaro tem uma casa, na Barra da Tijuca, no Rio. Nas redes sociais, Queiroz \u00e9 simpatizante do presidente Bolsonaro. Ele curte as p\u00e1ginas oficiais do PSL Carioca, de Flavio Bolsonaro e do pr\u00f3prio Eduardo.<\/p>\n<p>Sobre uma poss\u00edvel proximidade dos envolvidos com a sua fam\u00edlia, Eduardo afirmou n\u00e3o ter envolvimento com a mil\u00edcia do Rio de Janeiro e disse que o pai tira &#8220;um milh\u00e3o de fotos por ano com todo mundo&#8221;. &#8220;Ser\u00e1 que se eu tirar uma foto com um policial, eu vou ser respons\u00e1vel por tudo que ele fizer? Igual a quest\u00e3o da medalha. Fl\u00e1vio [Bolsonaro, senador] deu a medalha em 2004. O cara \u00e9 suspeito de alguma coisa agora e querem associar com o Fl\u00e1vio&#8221;, disse.<\/p>\n<p>Eduardo acusou parte da imprensa profissional e alternativa de fazer um &#8220;trabalho sujo financiado pelos \u00faltimos governos que cai no descr\u00e9dito ao tentar fazer esse tipo de rela\u00e7\u00e3o&#8221;. &#8220;\u00c9 um desespero para tentar dizer que Bolsonaro tem culpa no cart\u00f3rio. Quem era Marielle? Estou falando com todo o respeito. Ningu\u00e9m conhecia quem era Marielle Franco antes de ela ter sido assassinada. Depois, todo mundo come\u00e7ou a conhecer porque foi dada uma grande notoriedade. Agora, pelo amor de Deus, tentar fazer essa rela\u00e7\u00e3o \u00e9 mais do que absurda, \u00e9 repugnante&#8221;, disse.<\/p>\n<p>O deputado tamb\u00e9m afirmou n\u00e3o saber sobre um suposto namoro entre uma filha de Ronie Lessa com um dos filhos de Bolsonaro. O delegado pelas investiga\u00e7\u00f5es, Giniton Lages, confirmou que houve o relacionamento. &#8220;Olha, eu n\u00e3o vou falar nome de ex-namorada, mas eu procurei aqui e nenhuma delas \u00e9 filha de PM, n\u00e3o. Se essa informa\u00e7\u00e3o for verdade, n\u00e3o sou eu n\u00e3o. Tem que perguntar para meus irm\u00e3os. Sei l\u00e1, n\u00e9, ser\u00e1 que namorou mesmo? Meio estranho isso a\u00ed, mas tudo bem&#8221;, disse.<\/p>\n","protected":false},"excerpt":{"rendered":"<p>O deputado Eduardo Bolsonaro (PSL-SP) afirmou que o assassinato da vereadora Marielle Franco, em mar\u00e7o do ano passado no Rio de Janeiro, \u00e9 um caso como qualquer outro que acontece no Brasil e que est\u00e1 &#8220;muito acima da quest\u00e3o pol\u00edtica&#8221;. Ele tamb\u00e9m disse que a vereadora era desconhecida antes do caso e que as tentativas [&hellip;]<\/p>\n","protected":false},"author":2,"featured_media":204616,"comment_status":"closed","ping_status":"closed","sticky":false,"template":"","format":"standard","meta":{"_acf_changed":false,"footnotes":""},"categories":[16],"tags":[95],"class_list":["post-204615","post","type-post","status-publish","format-standard","has-post-thumbnail","hentry","category-brasil","tag-capa"],"acf":[],"yoast_head":"<!-- This site is optimized with the Yoast SEO plugin v27.2 - https:\/\/yoast.com\/product\/yoast-seo-wordpress\/ -->\n<title>&#039;\u00c9 demais querer ligar morte de Mariellle a Bolsonaro&#039; - Notibras<\/title>\n<meta name=\"robots\" content=\"index, follow, max-snippet:-1, max-image-preview:large, max-video-preview:-1\" \/>\n<link rel=\"canonical\" href=\"https:\/\/www.notibras.com\/site\/e-demais-querer-ligar-morte-de-mariellle-a-jair-bolsonaro\/\" \/>\n<meta property=\"og:locale\" content=\"pt_BR\" \/>\n<meta property=\"og:type\" content=\"article\" \/>\n<meta property=\"og:title\" content=\"&#039;\u00c9 demais querer ligar morte de Mariellle a Bolsonaro&#039; - Notibras\" \/>\n<meta property=\"og:description\" content=\"O deputado Eduardo Bolsonaro (PSL-SP) afirmou que o assassinato da vereadora Marielle Franco, em mar\u00e7o do ano passado no Rio de Janeiro, \u00e9 um caso como qualquer outro que acontece no Brasil e que est\u00e1 &#8220;muito acima da quest\u00e3o pol\u00edtica&#8221;. Ele tamb\u00e9m disse que a vereadora era desconhecida antes do caso e que as tentativas [&hellip;]\" \/>\n<meta property=\"og:url\" content=\"https:\/\/www.notibras.com\/site\/e-demais-querer-ligar-morte-de-mariellle-a-jair-bolsonaro\/\" \/>\n<meta property=\"og:site_name\" content=\"Notibras\" \/>\n<meta property=\"article:publisher\" content=\"https:\/\/www.facebook.com\/notibras\/\" \/>\n<meta property=\"article:published_time\" content=\"2019-03-13T04:00:50+00:00\" \/>\n<meta property=\"article:modified_time\" content=\"2019-03-13T11:15:13+00:00\" \/>\n<meta property=\"og:image\" content=\"https:\/\/www.notibras.com\/site\/wp-content\/uploads\/2019\/03\/Eduardo-Bolsonaro-1024x682.jpg\" \/>\n\t<meta property=\"og:image:width\" content=\"1024\" \/>\n\t<meta property=\"og:image:height\" content=\"682\" \/>\n\t<meta property=\"og:image:type\" content=\"image\/jpeg\" \/>\n<meta name=\"author\" content=\"Reda\u00e7\u00e3o\" \/>\n<meta name=\"twitter:card\" content=\"summary_large_image\" \/>\n<meta name=\"twitter:creator\" content=\"@Notibras\" \/>\n<meta name=\"twitter:site\" content=\"@Notibras\" \/>\n<meta name=\"twitter:label1\" content=\"Escrito por\" \/>\n\t<meta name=\"twitter:data1\" content=\"Reda\u00e7\u00e3o\" \/>\n\t<meta name=\"twitter:label2\" content=\"Est. tempo de leitura\" \/>\n\t<meta name=\"twitter:data2\" content=\"3 minutos\" \/>\n<script type=\"application\/ld+json\" class=\"yoast-schema-graph\">{\"@context\":\"https:\/\/schema.org\",\"@graph\":[{\"@type\":\"Article\",\"@id\":\"https:\/\/www.notibras.com\/site\/e-demais-querer-ligar-morte-de-mariellle-a-jair-bolsonaro\/#article\",\"isPartOf\":{\"@id\":\"https:\/\/www.notibras.com\/site\/e-demais-querer-ligar-morte-de-mariellle-a-jair-bolsonaro\/\"},\"author\":{\"name\":\"Reda\u00e7\u00e3o\",\"@id\":\"https:\/\/www.notibras.com\/site\/#\/schema\/person\/36ab0979449956132d3e5b517ea76ac8\"},\"headline\":\"&#8216;\u00c9 demais querer ligar morte de Mariellle a Bolsonaro&#8217;\",\"datePublished\":\"2019-03-13T04:00:50+00:00\",\"dateModified\":\"2019-03-13T11:15:13+00:00\",\"mainEntityOfPage\":{\"@id\":\"https:\/\/www.notibras.com\/site\/e-demais-querer-ligar-morte-de-mariellle-a-jair-bolsonaro\/\"},\"wordCount\":534,\"publisher\":{\"@id\":\"https:\/\/www.notibras.com\/site\/#organization\"},\"image\":{\"@id\":\"https:\/\/www.notibras.com\/site\/e-demais-querer-ligar-morte-de-mariellle-a-jair-bolsonaro\/#primaryimage\"},\"thumbnailUrl\":\"https:\/\/www.notibras.com\/site\/wp-content\/uploads\/2019\/03\/Eduardo-Bolsonaro-1024x682.jpg\",\"keywords\":[\"capa\"],\"articleSection\":[\"Brasil\"],\"inLanguage\":\"pt-BR\"},{\"@type\":\"WebPage\",\"@id\":\"https:\/\/www.notibras.com\/site\/e-demais-querer-ligar-morte-de-mariellle-a-jair-bolsonaro\/\",\"url\":\"https:\/\/www.notibras.com\/site\/e-demais-querer-ligar-morte-de-mariellle-a-jair-bolsonaro\/\",\"name\":\"'\u00c9 demais querer ligar morte de Mariellle a Bolsonaro' - Notibras\",\"isPartOf\":{\"@id\":\"https:\/\/www.notibras.com\/site\/#website\"},\"primaryImageOfPage\":{\"@id\":\"https:\/\/www.notibras.com\/site\/e-demais-querer-ligar-morte-de-mariellle-a-jair-bolsonaro\/#primaryimage\"},\"image\":{\"@id\":\"https:\/\/www.notibras.com\/site\/e-demais-querer-ligar-morte-de-mariellle-a-jair-bolsonaro\/#primaryimage\"},\"thumbnailUrl\":\"https:\/\/www.notibras.com\/site\/wp-content\/uploads\/2019\/03\/Eduardo-Bolsonaro-1024x682.jpg\",\"datePublished\":\"2019-03-13T04:00:50+00:00\",\"dateModified\":\"2019-03-13T11:15:13+00:00\",\"breadcrumb\":{\"@id\":\"https:\/\/www.notibras.com\/site\/e-demais-querer-ligar-morte-de-mariellle-a-jair-bolsonaro\/#breadcrumb\"},\"inLanguage\":\"pt-BR\",\"potentialAction\":[{\"@type\":\"ReadAction\",\"target\":[\"https:\/\/www.notibras.com\/site\/e-demais-querer-ligar-morte-de-mariellle-a-jair-bolsonaro\/\"]}]},{\"@type\":\"ImageObject\",\"inLanguage\":\"pt-BR\",\"@id\":\"https:\/\/www.notibras.com\/site\/e-demais-querer-ligar-morte-de-mariellle-a-jair-bolsonaro\/#primaryimage\",\"url\":\"https:\/\/www.notibras.com\/site\/wp-content\/uploads\/2019\/03\/Eduardo-Bolsonaro-1024x682.jpg\",\"contentUrl\":\"https:\/\/www.notibras.com\/site\/wp-content\/uploads\/2019\/03\/Eduardo-Bolsonaro-1024x682.jpg\",\"width\":1024,\"height\":682},{\"@type\":\"BreadcrumbList\",\"@id\":\"https:\/\/www.notibras.com\/site\/e-demais-querer-ligar-morte-de-mariellle-a-jair-bolsonaro\/#breadcrumb\",\"itemListElement\":[{\"@type\":\"ListItem\",\"position\":1,\"name\":\"In\u00edcio\",\"item\":\"https:\/\/www.notibras.com\/site\/\"},{\"@type\":\"ListItem\",\"position\":2,\"name\":\"&#8216;\u00c9 demais querer ligar morte de Mariellle a Bolsonaro&#8217;\"}]},{\"@type\":\"WebSite\",\"@id\":\"https:\/\/www.notibras.com\/site\/#website\",\"url\":\"https:\/\/www.notibras.com\/site\/\",\"name\":\"Notibras\",\"description\":\"Not\u00edcias de Bras\u00edlia, do Brasil e do Mundo\",\"publisher\":{\"@id\":\"https:\/\/www.notibras.com\/site\/#organization\"},\"potentialAction\":[{\"@type\":\"SearchAction\",\"target\":{\"@type\":\"EntryPoint\",\"urlTemplate\":\"https:\/\/www.notibras.com\/site\/?s={search_term_string}\"},\"query-input\":{\"@type\":\"PropertyValueSpecification\",\"valueRequired\":true,\"valueName\":\"search_term_string\"}}],\"inLanguage\":\"pt-BR\"},{\"@type\":\"Organization\",\"@id\":\"https:\/\/www.notibras.com\/site\/#organization\",\"name\":\"Grupo Notibras de Comunica\u00e7\u00e3o\",\"url\":\"https:\/\/www.notibras.com\/site\/\",\"logo\":{\"@type\":\"ImageObject\",\"inLanguage\":\"pt-BR\",\"@id\":\"https:\/\/www.notibras.com\/site\/#\/schema\/logo\/image\/\",\"url\":\"https:\/\/www.notibras.com\/site\/wp-content\/uploads\/2023\/01\/notibras23.png\",\"contentUrl\":\"https:\/\/www.notibras.com\/site\/wp-content\/uploads\/2023\/01\/notibras23.png\",\"width\":350,\"height\":87,\"caption\":\"Grupo Notibras de Comunica\u00e7\u00e3o\"},\"image\":{\"@id\":\"https:\/\/www.notibras.com\/site\/#\/schema\/logo\/image\/\"},\"sameAs\":[\"https:\/\/www.facebook.com\/notibras\/\",\"https:\/\/x.com\/Notibras\",\"https:\/\/www.instagram.com\/notibras\/\"]},{\"@type\":\"Person\",\"@id\":\"https:\/\/www.notibras.com\/site\/#\/schema\/person\/36ab0979449956132d3e5b517ea76ac8\",\"name\":\"Reda\u00e7\u00e3o\",\"image\":{\"@type\":\"ImageObject\",\"inLanguage\":\"pt-BR\",\"@id\":\"https:\/\/secure.gravatar.com\/avatar\/e0a867bdedb85fd243eadf09663511f96fc81e0720a4a42581f334ad4303aa6b?s=96&d=mm&r=g\",\"url\":\"https:\/\/secure.gravatar.com\/avatar\/e0a867bdedb85fd243eadf09663511f96fc81e0720a4a42581f334ad4303aa6b?s=96&d=mm&r=g\",\"contentUrl\":\"https:\/\/secure.gravatar.com\/avatar\/e0a867bdedb85fd243eadf09663511f96fc81e0720a4a42581f334ad4303aa6b?s=96&d=mm&r=g\",\"caption\":\"Reda\u00e7\u00e3o\"}}]}<\/script>\n<!-- \/ Yoast SEO plugin. -->","yoast_head_json":{"title":"'\u00c9 demais querer ligar morte de Mariellle a Bolsonaro' - Notibras","robots":{"index":"index","follow":"follow","max-snippet":"max-snippet:-1","max-image-preview":"max-image-preview:large","max-video-preview":"max-video-preview:-1"},"canonical":"https:\/\/www.notibras.com\/site\/e-demais-querer-ligar-morte-de-mariellle-a-jair-bolsonaro\/","og_locale":"pt_BR","og_type":"article","og_title":"'\u00c9 demais querer ligar morte de Mariellle a Bolsonaro' - Notibras","og_description":"O deputado Eduardo Bolsonaro (PSL-SP) afirmou que o assassinato da vereadora Marielle Franco, em mar\u00e7o do ano passado no Rio de Janeiro, \u00e9 um caso como qualquer outro que acontece no Brasil e que est\u00e1 &#8220;muito acima da quest\u00e3o pol\u00edtica&#8221;. Ele tamb\u00e9m disse que a vereadora era desconhecida antes do caso e que as tentativas [&hellip;]","og_url":"https:\/\/www.notibras.com\/site\/e-demais-querer-ligar-morte-de-mariellle-a-jair-bolsonaro\/","og_site_name":"Notibras","article_publisher":"https:\/\/www.facebook.com\/notibras\/","article_published_time":"2019-03-13T04:00:50+00:00","article_modified_time":"2019-03-13T11:15:13+00:00","og_image":[{"width":1024,"height":682,"url":"https:\/\/www.notibras.com\/site\/wp-content\/uploads\/2019\/03\/Eduardo-Bolsonaro-1024x682.jpg","type":"image\/jpeg"}],"author":"Reda\u00e7\u00e3o","twitter_card":"summary_large_image","twitter_creator":"@Notibras","twitter_site":"@Notibras","twitter_misc":{"Escrito por":"Reda\u00e7\u00e3o","Est. tempo de leitura":"3 minutos"},"schema":{"@context":"https:\/\/schema.org","@graph":[{"@type":"Article","@id":"https:\/\/www.notibras.com\/site\/e-demais-querer-ligar-morte-de-mariellle-a-jair-bolsonaro\/#article","isPartOf":{"@id":"https:\/\/www.notibras.com\/site\/e-demais-querer-ligar-morte-de-mariellle-a-jair-bolsonaro\/"},"author":{"name":"Reda\u00e7\u00e3o","@id":"https:\/\/www.notibras.com\/site\/#\/schema\/person\/36ab0979449956132d3e5b517ea76ac8"},"headline":"&#8216;\u00c9 demais querer ligar morte de Mariellle a Bolsonaro&#8217;","datePublished":"2019-03-13T04:00:50+00:00","dateModified":"2019-03-13T11:15:13+00:00","mainEntityOfPage":{"@id":"https:\/\/www.notibras.com\/site\/e-demais-querer-ligar-morte-de-mariellle-a-jair-bolsonaro\/"},"wordCount":534,"publisher":{"@id":"https:\/\/www.notibras.com\/site\/#organization"},"image":{"@id":"https:\/\/www.notibras.com\/site\/e-demais-querer-ligar-morte-de-mariellle-a-jair-bolsonaro\/#primaryimage"},"thumbnailUrl":"https:\/\/www.notibras.com\/site\/wp-content\/uploads\/2019\/03\/Eduardo-Bolsonaro-1024x682.jpg","keywords":["capa"],"articleSection":["Brasil"],"inLanguage":"pt-BR"},{"@type":"WebPage","@id":"https:\/\/www.notibras.com\/site\/e-demais-querer-ligar-morte-de-mariellle-a-jair-bolsonaro\/","url":"https:\/\/www.notibras.com\/site\/e-demais-querer-ligar-morte-de-mariellle-a-jair-bolsonaro\/","name":"'\u00c9 demais querer ligar morte de Mariellle a Bolsonaro' - Notibras","isPartOf":{"@id":"https:\/\/www.notibras.com\/site\/#website"},"primaryImageOfPage":{"@id":"https:\/\/www.notibras.com\/site\/e-demais-querer-ligar-morte-de-mariellle-a-jair-bolsonaro\/#primaryimage"},"image":{"@id":"https:\/\/www.notibras.com\/site\/e-demais-querer-ligar-morte-de-mariellle-a-jair-bolsonaro\/#primaryimage"},"thumbnailUrl":"https:\/\/www.notibras.com\/site\/wp-content\/uploads\/2019\/03\/Eduardo-Bolsonaro-1024x682.jpg","datePublished":"2019-03-13T04:00:50+00:00","dateModified":"2019-03-13T11:15:13+00:00","breadcrumb":{"@id":"https:\/\/www.notibras.com\/site\/e-demais-querer-ligar-morte-de-mariellle-a-jair-bolsonaro\/#breadcrumb"},"inLanguage":"pt-BR","potentialAction":[{"@type":"ReadAction","target":["https:\/\/www.notibras.com\/site\/e-demais-querer-ligar-morte-de-mariellle-a-jair-bolsonaro\/"]}]},{"@type":"ImageObject","inLanguage":"pt-BR","@id":"https:\/\/www.notibras.com\/site\/e-demais-querer-ligar-morte-de-mariellle-a-jair-bolsonaro\/#primaryimage","url":"https:\/\/www.notibras.com\/site\/wp-content\/uploads\/2019\/03\/Eduardo-Bolsonaro-1024x682.jpg","contentUrl":"https:\/\/www.notibras.com\/site\/wp-content\/uploads\/2019\/03\/Eduardo-Bolsonaro-1024x682.jpg","width":1024,"height":682},{"@type":"BreadcrumbList","@id":"https:\/\/www.notibras.com\/site\/e-demais-querer-ligar-morte-de-mariellle-a-jair-bolsonaro\/#breadcrumb","itemListElement":[{"@type":"ListItem","position":1,"name":"In\u00edcio","item":"https:\/\/www.notibras.com\/site\/"},{"@type":"ListItem","position":2,"name":"&#8216;\u00c9 demais querer ligar morte de Mariellle a Bolsonaro&#8217;"}]},{"@type":"WebSite","@id":"https:\/\/www.notibras.com\/site\/#website","url":"https:\/\/www.notibras.com\/site\/","name":"Notibras","description":"Not\u00edcias de Bras\u00edlia, do Brasil e do Mundo","publisher":{"@id":"https:\/\/www.notibras.com\/site\/#organization"},"potentialAction":[{"@type":"SearchAction","target":{"@type":"EntryPoint","urlTemplate":"https:\/\/www.notibras.com\/site\/?s={search_term_string}"},"query-input":{"@type":"PropertyValueSpecification","valueRequired":true,"valueName":"search_term_string"}}],"inLanguage":"pt-BR"},{"@type":"Organization","@id":"https:\/\/www.notibras.com\/site\/#organization","name":"Grupo Notibras de Comunica\u00e7\u00e3o","url":"https:\/\/www.notibras.com\/site\/","logo":{"@type":"ImageObject","inLanguage":"pt-BR","@id":"https:\/\/www.notibras.com\/site\/#\/schema\/logo\/image\/","url":"https:\/\/www.notibras.com\/site\/wp-content\/uploads\/2023\/01\/notibras23.png","contentUrl":"https:\/\/www.notibras.com\/site\/wp-content\/uploads\/2023\/01\/notibras23.png","width":350,"height":87,"caption":"Grupo Notibras de Comunica\u00e7\u00e3o"},"image":{"@id":"https:\/\/www.notibras.com\/site\/#\/schema\/logo\/image\/"},"sameAs":["https:\/\/www.facebook.com\/notibras\/","https:\/\/x.com\/Notibras","https:\/\/www.instagram.com\/notibras\/"]},{"@type":"Person","@id":"https:\/\/www.notibras.com\/site\/#\/schema\/person\/36ab0979449956132d3e5b517ea76ac8","name":"Reda\u00e7\u00e3o","image":{"@type":"ImageObject","inLanguage":"pt-BR","@id":"https:\/\/secure.gravatar.com\/avatar\/e0a867bdedb85fd243eadf09663511f96fc81e0720a4a42581f334ad4303aa6b?s=96&d=mm&r=g","url":"https:\/\/secure.gravatar.com\/avatar\/e0a867bdedb85fd243eadf09663511f96fc81e0720a4a42581f334ad4303aa6b?s=96&d=mm&r=g","contentUrl":"https:\/\/secure.gravatar.com\/avatar\/e0a867bdedb85fd243eadf09663511f96fc81e0720a4a42581f334ad4303aa6b?s=96&d=mm&r=g","caption":"Reda\u00e7\u00e3o"}}]}},"amp_enabled":true,"_links":{"self":[{"href":"https:\/\/www.notibras.com\/site\/wp-json\/wp\/v2\/posts\/204615","targetHints":{"allow":["GET"]}}],"collection":[{"href":"https:\/\/www.notibras.com\/site\/wp-json\/wp\/v2\/posts"}],"about":[{"href":"https:\/\/www.notibras.com\/site\/wp-json\/wp\/v2\/types\/post"}],"author":[{"embeddable":true,"href":"https:\/\/www.notibras.com\/site\/wp-json\/wp\/v2\/users\/2"}],"replies":[{"embeddable":true,"href":"https:\/\/www.notibras.com\/site\/wp-json\/wp\/v2\/comments?post=204615"}],"version-history":[{"count":3,"href":"https:\/\/www.notibras.com\/site\/wp-json\/wp\/v2\/posts\/204615\/revisions"}],"predecessor-version":[{"id":204627,"href":"https:\/\/www.notibras.com\/site\/wp-json\/wp\/v2\/posts\/204615\/revisions\/204627"}],"wp:featuredmedia":[{"embeddable":true,"href":"https:\/\/www.notibras.com\/site\/wp-json\/wp\/v2\/media\/204616"}],"wp:attachment":[{"href":"https:\/\/www.notibras.com\/site\/wp-json\/wp\/v2\/media?parent=204615"}],"wp:term":[{"taxonomy":"category","embeddable":true,"href":"https:\/\/www.notibras.com\/site\/wp-json\/wp\/v2\/categories?post=204615"},{"taxonomy":"post_tag","embeddable":true,"href":"https:\/\/www.notibras.com\/site\/wp-json\/wp\/v2\/tags?post=204615"}],"curies":[{"name":"wp","href":"https:\/\/api.w.org\/{rel}","templated":true}]}}