{"id":204650,"date":"2019-03-13T20:00:21","date_gmt":"2019-03-13T23:00:21","guid":{"rendered":"https:\/\/www.notibras.com\/site\/?p=204650"},"modified":"2019-03-13T21:40:19","modified_gmt":"2019-03-14T00:40:19","slug":"bancada-da-bala-quer-posse-de-arma-contra-novas-tragedias","status":"publish","type":"post","link":"https:\/\/www.notibras.com\/site\/bancada-da-bala-quer-posse-de-arma-contra-novas-tragedias\/","title":{"rendered":"Bancada da Bala quer posse de arma contra novas trag\u00e9dias"},"content":{"rendered":"<p>O presidente da C\u00e2mara dos Deputados, Rodrigo Maia (DEM-RJ) reagiu \u00e0 tentativa de parlamentares da Frente de Seguran\u00e7a P\u00fablica de defender a flexibiliza\u00e7\u00e3o do porte de armas como alternativa para evitar trag\u00e9dias como a de Suzano, que deixou 10 mortos, entre eles os dois atiradores, e 10 feridos. Um pouco antes do massacre, o presidente Jair Bolsonaro disse a jornalistas que dormia com uma arma ao lado da cama no Pal\u00e1cio do Alvorada.<\/p>\n<p>&#8220;O que eu espero \u00e9 que alguns n\u00e3o defendam que, se os professores estivessem armados, teriam resolvido o problema. Pelo amor de Deus. Espero que as pessoas pensem um pouquinho primeiro nas v\u00edtimas dessa trag\u00e9dia e depois compreendam que o monop\u00f3lio da seguran\u00e7a p\u00fablica \u00e9 do Estado. N\u00e3o \u00e9 responsabilidade do cidad\u00e3o. Se o Estado n\u00e3o est\u00e1 dando seguran\u00e7a, \u00e9 responsabilidade do gestor p\u00fablico da \u00e1rea de seguran\u00e7a&#8221;, disse Maia, que pediu a suspens\u00e3o da sess\u00e3o desta quarta-feira durante a tarde em homenagem \u00e0s v\u00edtimas.<\/p>\n<p>Sem citar nomes, Maia afirmou que a ideia aventada por alguns defensores do porte de armas levaria a uma &#8220;barb\u00e1rie&#8221;. &#8220;J\u00e1 n\u00e3o basta o debate sobre posse. Um pedido como esse n\u00e3o \u00e9 sobre posse, \u00e9 sobre porte em \u00e1rea urbana. A\u00ed passamos para uma proposta de barb\u00e1rie no Brasil que n\u00e3o deve avan\u00e7ar&#8221;, afirmou.<\/p>\n<p>As falas de Maia respondem a coloca\u00e7\u00f5es do senador Major Ol\u00edmpio (PSL-SP) e do deputado Capit\u00e3o Augusto (PR-SP), que defenderam a libera\u00e7\u00e3o da posse como uma sa\u00edda para evitar ou minimizar o ataque. Durante reuni\u00e3o da Comiss\u00e3o de Constitui\u00e7\u00e3o de Justi\u00e7a (CCJ) do Senado, Ol\u00edmpio disse que se algum funcion\u00e1rio da escola portasse arma de fogo, a trag\u00e9dia que aconteceu nesta manh\u00e3 em uma escola de Suzano, na Grande S\u00e3o Paulo, seria minimizada.<\/p>\n<p>O senador atacou fortemente o Estatuto do Desarmamento e os cr\u00edticos do decreto assinado por Bolsonaro que flexibilizou as regras para obten\u00e7\u00e3o da posse de arma. Para o parlamentar, apesar do decreto presidencial, a legisla\u00e7\u00e3o continua muito restritiva e peca por omiss\u00e3o.<\/p>\n<p>&#8220;Vamos, sem hipocrisia, chorar os mortos, vamos discutir a legisla\u00e7\u00e3o: onde n\u00f3s estamos sendo omissos?&#8221;, disse o senador, que argumentou pelo direito do cidad\u00e3o comum ter maior acesso a armas dizendo que &#8220;a popula\u00e7\u00e3o botou Bolsonaro como presidente da Rep\u00fablica para ser um impulsionador de garantias para o cidad\u00e3o, para que n\u00e3o tenhamos trag\u00e9dias desta natureza&#8221;.<\/p>\n<p>De acordo com o Capit\u00e3o Augusto, l\u00edder da Frente Parlamentar da Seguran\u00e7a P\u00fablica, conhecida como bancada da bala, a trag\u00e9dia n\u00e3o altera a inten\u00e7\u00e3o do grupo de colocar na pauta a discuss\u00e3o sobre o direito ao porte de arma. O parlamentar disse ao Estado que no pr\u00f3ximo dia 20 a frente ser\u00e1 oficializada com &#8220;mais de 300 nomes&#8221;, que defender\u00e3o as mudan\u00e7as imediatas da atual legisla\u00e7\u00e3o. &#8220;Os desarmamentistas v\u00e3o tentar usar esse fato para criticar a proposta. N\u00e3o vamos ceder. O direito \u00e0 posse e ao porte \u00e9 o que a popula\u00e7\u00e3o quer&#8221;.<\/p>\n<p>No Congresso, a oposi\u00e7\u00e3o criticou o posicionamento da bancada. Parlamentares do PT e o PSOL foram \u00e0s redes sociais atacar a pol\u00edtica de libera\u00e7\u00e3o da posse de armaa, sancionada por decreto pelo presidente Jair Bolsonaro em janeiro.<\/p>\n<p>A presidente do PT, Gleisi Hoffmann (PT-PR), afirmou que a pol\u00edtica de Bolsonaro de libera\u00e7\u00e3o das armas resulta no incentivo &#8220;\u00e0 viol\u00eancia&#8221;. A deputada Samia Bomfim (PSOL-SP) atacou as falas do senador Major Ol\u00edmpio. &#8220;Armas servem para matar. Quanto mais armas de fogo, mais viol\u00eancia e mais mortes.&#8221;, afirmou pelas redes sociais.<\/p>\n<p><strong>Governo<\/strong> &#8211; O presidente Jair Bolsonaro, pelo Twitter, prestou solidariedade \u00e0s vitimas da trag\u00e9dia. \u201cPresto minhas condol\u00eancias aos familiares das v\u00edtimas do desumano atentado ocorrido hoje na Escola Professor Raul Brasil, em Suzano, S\u00e3o Paulo. Uma monstruosidade e covardia sem tamanho. Que Deus conforte o cora\u00e7\u00e3o de todos!\u201d, escreveu o presidente.<\/p>\n<p>Os ministros S\u00e9rgio Moro, da Justi\u00e7a e Seguran\u00e7a P\u00fablica, e V\u00e9lez Rodr\u00edguez, da Educa\u00e7\u00e3o, ligaram para o governador Jo\u00e3o Doria para prestar solidariedade. V\u00e9lez disse que iria a Suzano ainda nesta quarta-feira. O vice-presidente Hamilton Mour\u00e3o afirmou que casos como o de Suzano est\u00e3o acontecendo com mais frequ\u00eancia no Pa\u00eds. \u201c\u00c9 muito triste. A gente tem que chegar \u00e0 conclus\u00e3o por que isso est\u00e1 acontecendo. Essas coisas n\u00e3o aconteciam no Brasil, aconteciam m outros pa\u00edses\u201d, disse o vice.<\/p>\n","protected":false},"excerpt":{"rendered":"<p>O presidente da C\u00e2mara dos Deputados, Rodrigo Maia (DEM-RJ) reagiu \u00e0 tentativa de parlamentares da Frente de Seguran\u00e7a P\u00fablica de defender a flexibiliza\u00e7\u00e3o do porte de armas como alternativa para evitar trag\u00e9dias como a de Suzano, que deixou 10 mortos, entre eles os dois atiradores, e 10 feridos. Um pouco antes do massacre, o presidente [&hellip;]<\/p>\n","protected":false},"author":2,"featured_media":204651,"comment_status":"closed","ping_status":"closed","sticky":false,"template":"","format":"standard","meta":{"_acf_changed":false,"footnotes":""},"categories":[16],"tags":[95],"class_list":["post-204650","post","type-post","status-publish","format-standard","has-post-thumbnail","hentry","category-brasil","tag-capa"],"acf":[],"yoast_head":"<!-- This site is optimized with the Yoast SEO plugin v27.2 - https:\/\/yoast.com\/product\/yoast-seo-wordpress\/ -->\n<title>Bancada da Bala quer posse de arma contra novas trag\u00e9dias - Notibras<\/title>\n<meta name=\"robots\" content=\"index, follow, max-snippet:-1, max-image-preview:large, max-video-preview:-1\" \/>\n<link rel=\"canonical\" href=\"https:\/\/www.notibras.com\/site\/bancada-da-bala-quer-posse-de-arma-contra-novas-tragedias\/\" \/>\n<meta property=\"og:locale\" content=\"pt_BR\" \/>\n<meta property=\"og:type\" content=\"article\" \/>\n<meta property=\"og:title\" content=\"Bancada da Bala quer posse de arma contra novas trag\u00e9dias - Notibras\" \/>\n<meta property=\"og:description\" content=\"O presidente da C\u00e2mara dos Deputados, Rodrigo Maia (DEM-RJ) reagiu \u00e0 tentativa de parlamentares da Frente de Seguran\u00e7a P\u00fablica de defender a flexibiliza\u00e7\u00e3o do porte de armas como alternativa para evitar trag\u00e9dias como a de Suzano, que deixou 10 mortos, entre eles os dois atiradores, e 10 feridos. Um pouco antes do massacre, o presidente [&hellip;]\" \/>\n<meta property=\"og:url\" content=\"https:\/\/www.notibras.com\/site\/bancada-da-bala-quer-posse-de-arma-contra-novas-tragedias\/\" \/>\n<meta property=\"og:site_name\" content=\"Notibras\" \/>\n<meta property=\"article:publisher\" content=\"https:\/\/www.facebook.com\/notibras\/\" \/>\n<meta property=\"article:published_time\" content=\"2019-03-13T23:00:21+00:00\" \/>\n<meta property=\"article:modified_time\" content=\"2019-03-14T00:40:19+00:00\" \/>\n<meta property=\"og:image\" content=\"https:\/\/www.notibras.com\/site\/wp-content\/uploads\/2019\/03\/ataque-escola.jpg\" \/>\n\t<meta property=\"og:image:width\" content=\"1140\" \/>\n\t<meta property=\"og:image:height\" content=\"760\" \/>\n\t<meta property=\"og:image:type\" content=\"image\/jpeg\" \/>\n<meta name=\"author\" content=\"Reda\u00e7\u00e3o\" \/>\n<meta name=\"twitter:card\" content=\"summary_large_image\" \/>\n<meta name=\"twitter:creator\" content=\"@Notibras\" \/>\n<meta name=\"twitter:site\" content=\"@Notibras\" \/>\n<meta name=\"twitter:label1\" content=\"Escrito por\" \/>\n\t<meta name=\"twitter:data1\" content=\"Reda\u00e7\u00e3o\" \/>\n\t<meta name=\"twitter:label2\" content=\"Est. tempo de leitura\" \/>\n\t<meta name=\"twitter:data2\" content=\"4 minutos\" \/>\n<script type=\"application\/ld+json\" class=\"yoast-schema-graph\">{\"@context\":\"https:\/\/schema.org\",\"@graph\":[{\"@type\":\"Article\",\"@id\":\"https:\/\/www.notibras.com\/site\/bancada-da-bala-quer-posse-de-arma-contra-novas-tragedias\/#article\",\"isPartOf\":{\"@id\":\"https:\/\/www.notibras.com\/site\/bancada-da-bala-quer-posse-de-arma-contra-novas-tragedias\/\"},\"author\":{\"name\":\"Reda\u00e7\u00e3o\",\"@id\":\"https:\/\/www.notibras.com\/site\/#\/schema\/person\/36ab0979449956132d3e5b517ea76ac8\"},\"headline\":\"Bancada da Bala quer posse de arma contra novas trag\u00e9dias\",\"datePublished\":\"2019-03-13T23:00:21+00:00\",\"dateModified\":\"2019-03-14T00:40:19+00:00\",\"mainEntityOfPage\":{\"@id\":\"https:\/\/www.notibras.com\/site\/bancada-da-bala-quer-posse-de-arma-contra-novas-tragedias\/\"},\"wordCount\":786,\"publisher\":{\"@id\":\"https:\/\/www.notibras.com\/site\/#organization\"},\"image\":{\"@id\":\"https:\/\/www.notibras.com\/site\/bancada-da-bala-quer-posse-de-arma-contra-novas-tragedias\/#primaryimage\"},\"thumbnailUrl\":\"https:\/\/www.notibras.com\/site\/wp-content\/uploads\/2019\/03\/ataque-escola.jpg\",\"keywords\":[\"capa\"],\"articleSection\":[\"Brasil\"],\"inLanguage\":\"pt-BR\"},{\"@type\":\"WebPage\",\"@id\":\"https:\/\/www.notibras.com\/site\/bancada-da-bala-quer-posse-de-arma-contra-novas-tragedias\/\",\"url\":\"https:\/\/www.notibras.com\/site\/bancada-da-bala-quer-posse-de-arma-contra-novas-tragedias\/\",\"name\":\"Bancada da Bala quer posse de arma contra novas trag\u00e9dias - Notibras\",\"isPartOf\":{\"@id\":\"https:\/\/www.notibras.com\/site\/#website\"},\"primaryImageOfPage\":{\"@id\":\"https:\/\/www.notibras.com\/site\/bancada-da-bala-quer-posse-de-arma-contra-novas-tragedias\/#primaryimage\"},\"image\":{\"@id\":\"https:\/\/www.notibras.com\/site\/bancada-da-bala-quer-posse-de-arma-contra-novas-tragedias\/#primaryimage\"},\"thumbnailUrl\":\"https:\/\/www.notibras.com\/site\/wp-content\/uploads\/2019\/03\/ataque-escola.jpg\",\"datePublished\":\"2019-03-13T23:00:21+00:00\",\"dateModified\":\"2019-03-14T00:40:19+00:00\",\"breadcrumb\":{\"@id\":\"https:\/\/www.notibras.com\/site\/bancada-da-bala-quer-posse-de-arma-contra-novas-tragedias\/#breadcrumb\"},\"inLanguage\":\"pt-BR\",\"potentialAction\":[{\"@type\":\"ReadAction\",\"target\":[\"https:\/\/www.notibras.com\/site\/bancada-da-bala-quer-posse-de-arma-contra-novas-tragedias\/\"]}]},{\"@type\":\"ImageObject\",\"inLanguage\":\"pt-BR\",\"@id\":\"https:\/\/www.notibras.com\/site\/bancada-da-bala-quer-posse-de-arma-contra-novas-tragedias\/#primaryimage\",\"url\":\"https:\/\/www.notibras.com\/site\/wp-content\/uploads\/2019\/03\/ataque-escola.jpg\",\"contentUrl\":\"https:\/\/www.notibras.com\/site\/wp-content\/uploads\/2019\/03\/ataque-escola.jpg\",\"width\":1140,\"height\":760,\"caption\":\"Foto: Rovena Rosa\/ABr\"},{\"@type\":\"BreadcrumbList\",\"@id\":\"https:\/\/www.notibras.com\/site\/bancada-da-bala-quer-posse-de-arma-contra-novas-tragedias\/#breadcrumb\",\"itemListElement\":[{\"@type\":\"ListItem\",\"position\":1,\"name\":\"In\u00edcio\",\"item\":\"https:\/\/www.notibras.com\/site\/\"},{\"@type\":\"ListItem\",\"position\":2,\"name\":\"Bancada da Bala quer posse de arma contra novas trag\u00e9dias\"}]},{\"@type\":\"WebSite\",\"@id\":\"https:\/\/www.notibras.com\/site\/#website\",\"url\":\"https:\/\/www.notibras.com\/site\/\",\"name\":\"Notibras\",\"description\":\"Not\u00edcias de Bras\u00edlia, do Brasil e do Mundo\",\"publisher\":{\"@id\":\"https:\/\/www.notibras.com\/site\/#organization\"},\"potentialAction\":[{\"@type\":\"SearchAction\",\"target\":{\"@type\":\"EntryPoint\",\"urlTemplate\":\"https:\/\/www.notibras.com\/site\/?s={search_term_string}\"},\"query-input\":{\"@type\":\"PropertyValueSpecification\",\"valueRequired\":true,\"valueName\":\"search_term_string\"}}],\"inLanguage\":\"pt-BR\"},{\"@type\":\"Organization\",\"@id\":\"https:\/\/www.notibras.com\/site\/#organization\",\"name\":\"Grupo Notibras de Comunica\u00e7\u00e3o\",\"url\":\"https:\/\/www.notibras.com\/site\/\",\"logo\":{\"@type\":\"ImageObject\",\"inLanguage\":\"pt-BR\",\"@id\":\"https:\/\/www.notibras.com\/site\/#\/schema\/logo\/image\/\",\"url\":\"https:\/\/www.notibras.com\/site\/wp-content\/uploads\/2023\/01\/notibras23.png\",\"contentUrl\":\"https:\/\/www.notibras.com\/site\/wp-content\/uploads\/2023\/01\/notibras23.png\",\"width\":350,\"height\":87,\"caption\":\"Grupo Notibras de Comunica\u00e7\u00e3o\"},\"image\":{\"@id\":\"https:\/\/www.notibras.com\/site\/#\/schema\/logo\/image\/\"},\"sameAs\":[\"https:\/\/www.facebook.com\/notibras\/\",\"https:\/\/x.com\/Notibras\",\"https:\/\/www.instagram.com\/notibras\/\"]},{\"@type\":\"Person\",\"@id\":\"https:\/\/www.notibras.com\/site\/#\/schema\/person\/36ab0979449956132d3e5b517ea76ac8\",\"name\":\"Reda\u00e7\u00e3o\",\"image\":{\"@type\":\"ImageObject\",\"inLanguage\":\"pt-BR\",\"@id\":\"https:\/\/secure.gravatar.com\/avatar\/e0a867bdedb85fd243eadf09663511f96fc81e0720a4a42581f334ad4303aa6b?s=96&d=mm&r=g\",\"url\":\"https:\/\/secure.gravatar.com\/avatar\/e0a867bdedb85fd243eadf09663511f96fc81e0720a4a42581f334ad4303aa6b?s=96&d=mm&r=g\",\"contentUrl\":\"https:\/\/secure.gravatar.com\/avatar\/e0a867bdedb85fd243eadf09663511f96fc81e0720a4a42581f334ad4303aa6b?s=96&d=mm&r=g\",\"caption\":\"Reda\u00e7\u00e3o\"}}]}<\/script>\n<!-- \/ Yoast SEO plugin. -->","yoast_head_json":{"title":"Bancada da Bala quer posse de arma contra novas trag\u00e9dias - Notibras","robots":{"index":"index","follow":"follow","max-snippet":"max-snippet:-1","max-image-preview":"max-image-preview:large","max-video-preview":"max-video-preview:-1"},"canonical":"https:\/\/www.notibras.com\/site\/bancada-da-bala-quer-posse-de-arma-contra-novas-tragedias\/","og_locale":"pt_BR","og_type":"article","og_title":"Bancada da Bala quer posse de arma contra novas trag\u00e9dias - Notibras","og_description":"O presidente da C\u00e2mara dos Deputados, Rodrigo Maia (DEM-RJ) reagiu \u00e0 tentativa de parlamentares da Frente de Seguran\u00e7a P\u00fablica de defender a flexibiliza\u00e7\u00e3o do porte de armas como alternativa para evitar trag\u00e9dias como a de Suzano, que deixou 10 mortos, entre eles os dois atiradores, e 10 feridos. Um pouco antes do massacre, o presidente [&hellip;]","og_url":"https:\/\/www.notibras.com\/site\/bancada-da-bala-quer-posse-de-arma-contra-novas-tragedias\/","og_site_name":"Notibras","article_publisher":"https:\/\/www.facebook.com\/notibras\/","article_published_time":"2019-03-13T23:00:21+00:00","article_modified_time":"2019-03-14T00:40:19+00:00","og_image":[{"width":1140,"height":760,"url":"https:\/\/www.notibras.com\/site\/wp-content\/uploads\/2019\/03\/ataque-escola.jpg","type":"image\/jpeg"}],"author":"Reda\u00e7\u00e3o","twitter_card":"summary_large_image","twitter_creator":"@Notibras","twitter_site":"@Notibras","twitter_misc":{"Escrito por":"Reda\u00e7\u00e3o","Est. tempo de leitura":"4 minutos"},"schema":{"@context":"https:\/\/schema.org","@graph":[{"@type":"Article","@id":"https:\/\/www.notibras.com\/site\/bancada-da-bala-quer-posse-de-arma-contra-novas-tragedias\/#article","isPartOf":{"@id":"https:\/\/www.notibras.com\/site\/bancada-da-bala-quer-posse-de-arma-contra-novas-tragedias\/"},"author":{"name":"Reda\u00e7\u00e3o","@id":"https:\/\/www.notibras.com\/site\/#\/schema\/person\/36ab0979449956132d3e5b517ea76ac8"},"headline":"Bancada da Bala quer posse de arma contra novas trag\u00e9dias","datePublished":"2019-03-13T23:00:21+00:00","dateModified":"2019-03-14T00:40:19+00:00","mainEntityOfPage":{"@id":"https:\/\/www.notibras.com\/site\/bancada-da-bala-quer-posse-de-arma-contra-novas-tragedias\/"},"wordCount":786,"publisher":{"@id":"https:\/\/www.notibras.com\/site\/#organization"},"image":{"@id":"https:\/\/www.notibras.com\/site\/bancada-da-bala-quer-posse-de-arma-contra-novas-tragedias\/#primaryimage"},"thumbnailUrl":"https:\/\/www.notibras.com\/site\/wp-content\/uploads\/2019\/03\/ataque-escola.jpg","keywords":["capa"],"articleSection":["Brasil"],"inLanguage":"pt-BR"},{"@type":"WebPage","@id":"https:\/\/www.notibras.com\/site\/bancada-da-bala-quer-posse-de-arma-contra-novas-tragedias\/","url":"https:\/\/www.notibras.com\/site\/bancada-da-bala-quer-posse-de-arma-contra-novas-tragedias\/","name":"Bancada da Bala quer posse de arma contra novas trag\u00e9dias - Notibras","isPartOf":{"@id":"https:\/\/www.notibras.com\/site\/#website"},"primaryImageOfPage":{"@id":"https:\/\/www.notibras.com\/site\/bancada-da-bala-quer-posse-de-arma-contra-novas-tragedias\/#primaryimage"},"image":{"@id":"https:\/\/www.notibras.com\/site\/bancada-da-bala-quer-posse-de-arma-contra-novas-tragedias\/#primaryimage"},"thumbnailUrl":"https:\/\/www.notibras.com\/site\/wp-content\/uploads\/2019\/03\/ataque-escola.jpg","datePublished":"2019-03-13T23:00:21+00:00","dateModified":"2019-03-14T00:40:19+00:00","breadcrumb":{"@id":"https:\/\/www.notibras.com\/site\/bancada-da-bala-quer-posse-de-arma-contra-novas-tragedias\/#breadcrumb"},"inLanguage":"pt-BR","potentialAction":[{"@type":"ReadAction","target":["https:\/\/www.notibras.com\/site\/bancada-da-bala-quer-posse-de-arma-contra-novas-tragedias\/"]}]},{"@type":"ImageObject","inLanguage":"pt-BR","@id":"https:\/\/www.notibras.com\/site\/bancada-da-bala-quer-posse-de-arma-contra-novas-tragedias\/#primaryimage","url":"https:\/\/www.notibras.com\/site\/wp-content\/uploads\/2019\/03\/ataque-escola.jpg","contentUrl":"https:\/\/www.notibras.com\/site\/wp-content\/uploads\/2019\/03\/ataque-escola.jpg","width":1140,"height":760,"caption":"Foto: Rovena Rosa\/ABr"},{"@type":"BreadcrumbList","@id":"https:\/\/www.notibras.com\/site\/bancada-da-bala-quer-posse-de-arma-contra-novas-tragedias\/#breadcrumb","itemListElement":[{"@type":"ListItem","position":1,"name":"In\u00edcio","item":"https:\/\/www.notibras.com\/site\/"},{"@type":"ListItem","position":2,"name":"Bancada da Bala quer posse de arma contra novas trag\u00e9dias"}]},{"@type":"WebSite","@id":"https:\/\/www.notibras.com\/site\/#website","url":"https:\/\/www.notibras.com\/site\/","name":"Notibras","description":"Not\u00edcias de Bras\u00edlia, do Brasil e do Mundo","publisher":{"@id":"https:\/\/www.notibras.com\/site\/#organization"},"potentialAction":[{"@type":"SearchAction","target":{"@type":"EntryPoint","urlTemplate":"https:\/\/www.notibras.com\/site\/?s={search_term_string}"},"query-input":{"@type":"PropertyValueSpecification","valueRequired":true,"valueName":"search_term_string"}}],"inLanguage":"pt-BR"},{"@type":"Organization","@id":"https:\/\/www.notibras.com\/site\/#organization","name":"Grupo Notibras de Comunica\u00e7\u00e3o","url":"https:\/\/www.notibras.com\/site\/","logo":{"@type":"ImageObject","inLanguage":"pt-BR","@id":"https:\/\/www.notibras.com\/site\/#\/schema\/logo\/image\/","url":"https:\/\/www.notibras.com\/site\/wp-content\/uploads\/2023\/01\/notibras23.png","contentUrl":"https:\/\/www.notibras.com\/site\/wp-content\/uploads\/2023\/01\/notibras23.png","width":350,"height":87,"caption":"Grupo Notibras de Comunica\u00e7\u00e3o"},"image":{"@id":"https:\/\/www.notibras.com\/site\/#\/schema\/logo\/image\/"},"sameAs":["https:\/\/www.facebook.com\/notibras\/","https:\/\/x.com\/Notibras","https:\/\/www.instagram.com\/notibras\/"]},{"@type":"Person","@id":"https:\/\/www.notibras.com\/site\/#\/schema\/person\/36ab0979449956132d3e5b517ea76ac8","name":"Reda\u00e7\u00e3o","image":{"@type":"ImageObject","inLanguage":"pt-BR","@id":"https:\/\/secure.gravatar.com\/avatar\/e0a867bdedb85fd243eadf09663511f96fc81e0720a4a42581f334ad4303aa6b?s=96&d=mm&r=g","url":"https:\/\/secure.gravatar.com\/avatar\/e0a867bdedb85fd243eadf09663511f96fc81e0720a4a42581f334ad4303aa6b?s=96&d=mm&r=g","contentUrl":"https:\/\/secure.gravatar.com\/avatar\/e0a867bdedb85fd243eadf09663511f96fc81e0720a4a42581f334ad4303aa6b?s=96&d=mm&r=g","caption":"Reda\u00e7\u00e3o"}}]}},"amp_enabled":true,"_links":{"self":[{"href":"https:\/\/www.notibras.com\/site\/wp-json\/wp\/v2\/posts\/204650","targetHints":{"allow":["GET"]}}],"collection":[{"href":"https:\/\/www.notibras.com\/site\/wp-json\/wp\/v2\/posts"}],"about":[{"href":"https:\/\/www.notibras.com\/site\/wp-json\/wp\/v2\/types\/post"}],"author":[{"embeddable":true,"href":"https:\/\/www.notibras.com\/site\/wp-json\/wp\/v2\/users\/2"}],"replies":[{"embeddable":true,"href":"https:\/\/www.notibras.com\/site\/wp-json\/wp\/v2\/comments?post=204650"}],"version-history":[{"count":4,"href":"https:\/\/www.notibras.com\/site\/wp-json\/wp\/v2\/posts\/204650\/revisions"}],"predecessor-version":[{"id":204655,"href":"https:\/\/www.notibras.com\/site\/wp-json\/wp\/v2\/posts\/204650\/revisions\/204655"}],"wp:featuredmedia":[{"embeddable":true,"href":"https:\/\/www.notibras.com\/site\/wp-json\/wp\/v2\/media\/204651"}],"wp:attachment":[{"href":"https:\/\/www.notibras.com\/site\/wp-json\/wp\/v2\/media?parent=204650"}],"wp:term":[{"taxonomy":"category","embeddable":true,"href":"https:\/\/www.notibras.com\/site\/wp-json\/wp\/v2\/categories?post=204650"},{"taxonomy":"post_tag","embeddable":true,"href":"https:\/\/www.notibras.com\/site\/wp-json\/wp\/v2\/tags?post=204650"}],"curies":[{"name":"wp","href":"https:\/\/api.w.org\/{rel}","templated":true}]}}