{"id":204659,"date":"2019-03-14T01:00:04","date_gmt":"2019-03-14T04:00:04","guid":{"rendered":"https:\/\/www.notibras.com\/site\/?p=204659"},"modified":"2019-03-14T09:47:37","modified_gmt":"2019-03-14T12:47:37","slug":"brasil-vai-tirar-embaixadores-do-pt-para-mudar-imagem-la-fora","status":"publish","type":"post","link":"https:\/\/www.notibras.com\/site\/brasil-vai-tirar-embaixadores-do-pt-para-mudar-imagem-la-fora\/","title":{"rendered":"Brasil vai tirar &#8216;turma do PT&#8217; para mudar imagem l\u00e1 fora"},"content":{"rendered":"<p>O presidente Jair Bolsonaro afirmou nesta quarta-feira, 13, que pretende trocar cerca de 15 representa\u00e7\u00f5es diplom\u00e1ticas do Brasil pelo mundo. Segundo ele, as trocas ser\u00e3o feitas em postos-chave, incluindo as embaixadas nos Estados Unidos e na Fran\u00e7a, e t\u00eam como objetivo \u201cmelhorar sua imagem no exterior\u201d.<\/p>\n<p>Bolsonaro, em encontro com jornalistas, se queixou do trabalho dos atuais diplomatas. Disse que \u00e9 apresentado l\u00e1 fora com uma imagem pessoal muito ruim e que os embaixadores t\u00eam como tarefa n\u00e3o s\u00f3 promover o Brasil no exterior, mas tamb\u00e9m \u201cn\u00e3o apresentar o governo e o presidente como se fosse racista e homof\u00f3bico\u201d.<\/p>\n<p>Entre os escolhidos para \u201cdefender\u201d o governo Bolsonaro no exterior est\u00e1 o diplomata Luiz Fernando Serra, que trocar\u00e1 a embaixada de Seul pelo posto de Paris. Ele conheceu Bolsonaro durante viagem do ent\u00e3o pr\u00e9-candidato ao Planalto \u00e0 \u00c1sia, em 2018, e chegou a ser considerado como op\u00e7\u00e3o para comandar o Itamaraty.<\/p>\n<p>A representa\u00e7\u00e3o na capital francesa est\u00e1 nas m\u00e3os de Paulo Oliveira Campos, que foi chefe do cerimonial do ex-presidente Luiz In\u00e1cio Lula da Silva durante anos. \u201cPOC\u201d, como o diplomata era chamado por Lula, ser\u00e1 respons\u00e1vel agora pelo consulado brasileiro em S\u00e3o Francisco, um posto menor na vis\u00e3o de diplomatas.<\/p>\n<p>O governo tamb\u00e9m prestigiar\u00e1 Ronaldo Costa Filho, que deixar\u00e1 o comando da Subsecretaria de Assuntos Econ\u00f4micos do Itamaraty para assumir o lugar de Mauro Vieira em Nova York.<\/p>\n<p><strong>Estados Unidos<\/strong> &#8211; A maior expectativa \u00e9 em rela\u00e7\u00e3o ao comando da embaixada brasileira em Washington, considerado posto de mais destaque do Pa\u00eds no exterior. Em conversa recente, o chanceler Ernesto Ara\u00fajo acertou com o embaixador S\u00e9rgio Amaral que ele ficar\u00e1 no posto at\u00e9 a visita de Bolsonaro \u00e0 Casa Branca, na semana que vem.<\/p>\n<p>Na visita a Washington \u2013 primeira de car\u00e1ter bilateral realizada pelo presidente brasileiro ao exterior \u2013, Bolsonaro ser\u00e1 recebido na Casa Branca pelo colega americano Donald Trump.<\/p>\n<p>Ainda n\u00e3o h\u00e1 um nome definido para substituir Amaral. O vice-presidente, general Hamilton Mour\u00e3o, apoia o nome do cientista pol\u00edtico Murillo de Arag\u00e3o. A ideia, por\u00e9m, enfrenta resist\u00eancias dentro e fora do governo.<\/p>\n<p>Nesta quarta-feira, em sua conta no Twitter, o escritor Olavo de Carvalho ligou o nome de Arag\u00e3o ao de Lula. \u201cColocar petistas em tudo quanto \u00e9 cargo, sob o pretexto de qualifica\u00e7\u00f5es t\u00e9cnicas apol\u00edticas, \u00e9 fazer o povo de trouxa\u201d, escreveu o \u201cguru\u201d bolsonarista. O pr\u00f3prio Olavo, em v\u00eddeo divulgado em novembro, disse que aceitaria o posto de embaixador nos EUA caso fosse convidado.<\/p>\n<p><strong>\u2018Ca\u00e7a\u2019<\/strong> &#8211; Na lista dos nomes que ser\u00e3o trocados est\u00e3o diplomatas associados aos governos do PT que atualmente ocupam representa\u00e7\u00f5es em Nova York, Paris, Lisboa e Roma. Eles ser\u00e3o realocados em postos menos influentes nos Estados Unidos e na Europa.<\/p>\n<p>As trocas, por\u00e9m, devem ocorrer sem uma \u201cca\u00e7a \u00e0s bruxas\u201d. Os embaixadores que foram ministros de Rela\u00e7\u00f5es Exteriores do governo Dilma Rousseff v\u00e3o continuar no chamado \u201ccircuito Elizabeth Arden\u201d \u2013 jarg\u00e3o dos diplomatas para se referir ao conjunto de representa\u00e7\u00f5es mais cobi\u00e7adas.<\/p>\n<p>O ex-chanceler Antonio Patriota, que estava na capital italiana, vai assumir agora o posto de embaixador na Corte de Haia, nos Pa\u00edses Baixos. Outro ex-ministro que perder\u00e1 o cargo ser\u00e1 Mauro Vieira, que estava na representa\u00e7\u00e3o brasileira junto \u00e0s Na\u00e7\u00f5es Unidas, em Nova York, e agora chefiar\u00e1 a Embaixada de Atenas. J\u00e1 Luiz Alberto Figueiredo, que chefiou o Itamaraty entre 2013 e 2014, trocar\u00e1 Lisboa por Copenhague.<\/p>\n<p>As trocas em embaixadas, no entanto, n\u00e3o devem afetar diplomatas que ascenderam no governo de Michel Temer. Sergio Danese permanece em Buenos Aires, assim como Pompeu Andreucci Neto fica em Madri, Cl\u00e1udio Frederico de Matos Arruda, em Londres, e Eduardo Santos, no consulado de Mil\u00e3o.<\/p>\n<p>Na avalia\u00e7\u00e3o da c\u00fapula do Itamaraty, n\u00e3o faria sentido substituir nomeados em 2018, que ainda passam por um per\u00edodo de adapta\u00e7\u00e3o nos postos.<\/p>\n","protected":false},"excerpt":{"rendered":"<p>O presidente Jair Bolsonaro afirmou nesta quarta-feira, 13, que pretende trocar cerca de 15 representa\u00e7\u00f5es diplom\u00e1ticas do Brasil pelo mundo. Segundo ele, as trocas ser\u00e3o feitas em postos-chave, incluindo as embaixadas nos Estados Unidos e na Fran\u00e7a, e t\u00eam como objetivo \u201cmelhorar sua imagem no exterior\u201d. Bolsonaro, em encontro com jornalistas, se queixou do trabalho [&hellip;]<\/p>\n","protected":false},"author":2,"featured_media":204660,"comment_status":"closed","ping_status":"closed","sticky":false,"template":"","format":"standard","meta":{"_acf_changed":false,"footnotes":""},"categories":[16],"tags":[95],"class_list":["post-204659","post","type-post","status-publish","format-standard","has-post-thumbnail","hentry","category-brasil","tag-capa"],"acf":[],"yoast_head":"<!-- This site is optimized with the Yoast SEO plugin v27.2 - https:\/\/yoast.com\/product\/yoast-seo-wordpress\/ -->\n<title>Brasil vai tirar &#039;turma do PT&#039; para mudar imagem l\u00e1 fora - Notibras<\/title>\n<meta name=\"robots\" content=\"index, follow, max-snippet:-1, max-image-preview:large, max-video-preview:-1\" \/>\n<link rel=\"canonical\" href=\"https:\/\/www.notibras.com\/site\/brasil-vai-tirar-embaixadores-do-pt-para-mudar-imagem-la-fora\/\" \/>\n<meta property=\"og:locale\" content=\"pt_BR\" \/>\n<meta property=\"og:type\" content=\"article\" \/>\n<meta property=\"og:title\" content=\"Brasil vai tirar &#039;turma do PT&#039; para mudar imagem l\u00e1 fora - Notibras\" \/>\n<meta property=\"og:description\" content=\"O presidente Jair Bolsonaro afirmou nesta quarta-feira, 13, que pretende trocar cerca de 15 representa\u00e7\u00f5es diplom\u00e1ticas do Brasil pelo mundo. Segundo ele, as trocas ser\u00e3o feitas em postos-chave, incluindo as embaixadas nos Estados Unidos e na Fran\u00e7a, e t\u00eam como objetivo \u201cmelhorar sua imagem no exterior\u201d. Bolsonaro, em encontro com jornalistas, se queixou do trabalho [&hellip;]\" \/>\n<meta property=\"og:url\" content=\"https:\/\/www.notibras.com\/site\/brasil-vai-tirar-embaixadores-do-pt-para-mudar-imagem-la-fora\/\" \/>\n<meta property=\"og:site_name\" content=\"Notibras\" \/>\n<meta property=\"article:publisher\" content=\"https:\/\/www.facebook.com\/notibras\/\" \/>\n<meta property=\"article:published_time\" content=\"2019-03-14T04:00:04+00:00\" \/>\n<meta property=\"article:modified_time\" content=\"2019-03-14T12:47:37+00:00\" \/>\n<meta property=\"og:image\" content=\"https:\/\/www.notibras.com\/site\/wp-content\/uploads\/2019\/03\/bolsonaro-14.jpg\" \/>\n\t<meta property=\"og:image:width\" content=\"1140\" \/>\n\t<meta property=\"og:image:height\" content=\"760\" \/>\n\t<meta property=\"og:image:type\" content=\"image\/jpeg\" \/>\n<meta name=\"author\" content=\"Reda\u00e7\u00e3o\" \/>\n<meta name=\"twitter:card\" content=\"summary_large_image\" \/>\n<meta name=\"twitter:creator\" content=\"@Notibras\" \/>\n<meta name=\"twitter:site\" content=\"@Notibras\" \/>\n<meta name=\"twitter:label1\" content=\"Escrito por\" \/>\n\t<meta name=\"twitter:data1\" content=\"Reda\u00e7\u00e3o\" \/>\n\t<meta name=\"twitter:label2\" content=\"Est. tempo de leitura\" \/>\n\t<meta name=\"twitter:data2\" content=\"3 minutos\" \/>\n<script type=\"application\/ld+json\" class=\"yoast-schema-graph\">{\"@context\":\"https:\/\/schema.org\",\"@graph\":[{\"@type\":\"Article\",\"@id\":\"https:\/\/www.notibras.com\/site\/brasil-vai-tirar-embaixadores-do-pt-para-mudar-imagem-la-fora\/#article\",\"isPartOf\":{\"@id\":\"https:\/\/www.notibras.com\/site\/brasil-vai-tirar-embaixadores-do-pt-para-mudar-imagem-la-fora\/\"},\"author\":{\"name\":\"Reda\u00e7\u00e3o\",\"@id\":\"https:\/\/www.notibras.com\/site\/#\/schema\/person\/36ab0979449956132d3e5b517ea76ac8\"},\"headline\":\"Brasil vai tirar &#8216;turma do PT&#8217; para mudar imagem l\u00e1 fora\",\"datePublished\":\"2019-03-14T04:00:04+00:00\",\"dateModified\":\"2019-03-14T12:47:37+00:00\",\"mainEntityOfPage\":{\"@id\":\"https:\/\/www.notibras.com\/site\/brasil-vai-tirar-embaixadores-do-pt-para-mudar-imagem-la-fora\/\"},\"wordCount\":681,\"publisher\":{\"@id\":\"https:\/\/www.notibras.com\/site\/#organization\"},\"image\":{\"@id\":\"https:\/\/www.notibras.com\/site\/brasil-vai-tirar-embaixadores-do-pt-para-mudar-imagem-la-fora\/#primaryimage\"},\"thumbnailUrl\":\"https:\/\/www.notibras.com\/site\/wp-content\/uploads\/2019\/03\/bolsonaro-14.jpg\",\"keywords\":[\"capa\"],\"articleSection\":[\"Brasil\"],\"inLanguage\":\"pt-BR\"},{\"@type\":\"WebPage\",\"@id\":\"https:\/\/www.notibras.com\/site\/brasil-vai-tirar-embaixadores-do-pt-para-mudar-imagem-la-fora\/\",\"url\":\"https:\/\/www.notibras.com\/site\/brasil-vai-tirar-embaixadores-do-pt-para-mudar-imagem-la-fora\/\",\"name\":\"Brasil vai tirar 'turma do PT' para mudar imagem l\u00e1 fora - Notibras\",\"isPartOf\":{\"@id\":\"https:\/\/www.notibras.com\/site\/#website\"},\"primaryImageOfPage\":{\"@id\":\"https:\/\/www.notibras.com\/site\/brasil-vai-tirar-embaixadores-do-pt-para-mudar-imagem-la-fora\/#primaryimage\"},\"image\":{\"@id\":\"https:\/\/www.notibras.com\/site\/brasil-vai-tirar-embaixadores-do-pt-para-mudar-imagem-la-fora\/#primaryimage\"},\"thumbnailUrl\":\"https:\/\/www.notibras.com\/site\/wp-content\/uploads\/2019\/03\/bolsonaro-14.jpg\",\"datePublished\":\"2019-03-14T04:00:04+00:00\",\"dateModified\":\"2019-03-14T12:47:37+00:00\",\"breadcrumb\":{\"@id\":\"https:\/\/www.notibras.com\/site\/brasil-vai-tirar-embaixadores-do-pt-para-mudar-imagem-la-fora\/#breadcrumb\"},\"inLanguage\":\"pt-BR\",\"potentialAction\":[{\"@type\":\"ReadAction\",\"target\":[\"https:\/\/www.notibras.com\/site\/brasil-vai-tirar-embaixadores-do-pt-para-mudar-imagem-la-fora\/\"]}]},{\"@type\":\"ImageObject\",\"inLanguage\":\"pt-BR\",\"@id\":\"https:\/\/www.notibras.com\/site\/brasil-vai-tirar-embaixadores-do-pt-para-mudar-imagem-la-fora\/#primaryimage\",\"url\":\"https:\/\/www.notibras.com\/site\/wp-content\/uploads\/2019\/03\/bolsonaro-14.jpg\",\"contentUrl\":\"https:\/\/www.notibras.com\/site\/wp-content\/uploads\/2019\/03\/bolsonaro-14.jpg\",\"width\":1140,\"height\":760,\"caption\":\"Foto: Ant\u00f4nio Cruz\/ABr\"},{\"@type\":\"BreadcrumbList\",\"@id\":\"https:\/\/www.notibras.com\/site\/brasil-vai-tirar-embaixadores-do-pt-para-mudar-imagem-la-fora\/#breadcrumb\",\"itemListElement\":[{\"@type\":\"ListItem\",\"position\":1,\"name\":\"In\u00edcio\",\"item\":\"https:\/\/www.notibras.com\/site\/\"},{\"@type\":\"ListItem\",\"position\":2,\"name\":\"Brasil vai tirar &#8216;turma do PT&#8217; para mudar imagem l\u00e1 fora\"}]},{\"@type\":\"WebSite\",\"@id\":\"https:\/\/www.notibras.com\/site\/#website\",\"url\":\"https:\/\/www.notibras.com\/site\/\",\"name\":\"Notibras\",\"description\":\"Not\u00edcias de Bras\u00edlia, do Brasil e do Mundo\",\"publisher\":{\"@id\":\"https:\/\/www.notibras.com\/site\/#organization\"},\"potentialAction\":[{\"@type\":\"SearchAction\",\"target\":{\"@type\":\"EntryPoint\",\"urlTemplate\":\"https:\/\/www.notibras.com\/site\/?s={search_term_string}\"},\"query-input\":{\"@type\":\"PropertyValueSpecification\",\"valueRequired\":true,\"valueName\":\"search_term_string\"}}],\"inLanguage\":\"pt-BR\"},{\"@type\":\"Organization\",\"@id\":\"https:\/\/www.notibras.com\/site\/#organization\",\"name\":\"Grupo Notibras de Comunica\u00e7\u00e3o\",\"url\":\"https:\/\/www.notibras.com\/site\/\",\"logo\":{\"@type\":\"ImageObject\",\"inLanguage\":\"pt-BR\",\"@id\":\"https:\/\/www.notibras.com\/site\/#\/schema\/logo\/image\/\",\"url\":\"https:\/\/www.notibras.com\/site\/wp-content\/uploads\/2023\/01\/notibras23.png\",\"contentUrl\":\"https:\/\/www.notibras.com\/site\/wp-content\/uploads\/2023\/01\/notibras23.png\",\"width\":350,\"height\":87,\"caption\":\"Grupo Notibras de Comunica\u00e7\u00e3o\"},\"image\":{\"@id\":\"https:\/\/www.notibras.com\/site\/#\/schema\/logo\/image\/\"},\"sameAs\":[\"https:\/\/www.facebook.com\/notibras\/\",\"https:\/\/x.com\/Notibras\",\"https:\/\/www.instagram.com\/notibras\/\"]},{\"@type\":\"Person\",\"@id\":\"https:\/\/www.notibras.com\/site\/#\/schema\/person\/36ab0979449956132d3e5b517ea76ac8\",\"name\":\"Reda\u00e7\u00e3o\",\"image\":{\"@type\":\"ImageObject\",\"inLanguage\":\"pt-BR\",\"@id\":\"https:\/\/secure.gravatar.com\/avatar\/e0a867bdedb85fd243eadf09663511f96fc81e0720a4a42581f334ad4303aa6b?s=96&d=mm&r=g\",\"url\":\"https:\/\/secure.gravatar.com\/avatar\/e0a867bdedb85fd243eadf09663511f96fc81e0720a4a42581f334ad4303aa6b?s=96&d=mm&r=g\",\"contentUrl\":\"https:\/\/secure.gravatar.com\/avatar\/e0a867bdedb85fd243eadf09663511f96fc81e0720a4a42581f334ad4303aa6b?s=96&d=mm&r=g\",\"caption\":\"Reda\u00e7\u00e3o\"}}]}<\/script>\n<!-- \/ Yoast SEO plugin. -->","yoast_head_json":{"title":"Brasil vai tirar 'turma do PT' para mudar imagem l\u00e1 fora - Notibras","robots":{"index":"index","follow":"follow","max-snippet":"max-snippet:-1","max-image-preview":"max-image-preview:large","max-video-preview":"max-video-preview:-1"},"canonical":"https:\/\/www.notibras.com\/site\/brasil-vai-tirar-embaixadores-do-pt-para-mudar-imagem-la-fora\/","og_locale":"pt_BR","og_type":"article","og_title":"Brasil vai tirar 'turma do PT' para mudar imagem l\u00e1 fora - Notibras","og_description":"O presidente Jair Bolsonaro afirmou nesta quarta-feira, 13, que pretende trocar cerca de 15 representa\u00e7\u00f5es diplom\u00e1ticas do Brasil pelo mundo. Segundo ele, as trocas ser\u00e3o feitas em postos-chave, incluindo as embaixadas nos Estados Unidos e na Fran\u00e7a, e t\u00eam como objetivo \u201cmelhorar sua imagem no exterior\u201d. Bolsonaro, em encontro com jornalistas, se queixou do trabalho [&hellip;]","og_url":"https:\/\/www.notibras.com\/site\/brasil-vai-tirar-embaixadores-do-pt-para-mudar-imagem-la-fora\/","og_site_name":"Notibras","article_publisher":"https:\/\/www.facebook.com\/notibras\/","article_published_time":"2019-03-14T04:00:04+00:00","article_modified_time":"2019-03-14T12:47:37+00:00","og_image":[{"width":1140,"height":760,"url":"https:\/\/www.notibras.com\/site\/wp-content\/uploads\/2019\/03\/bolsonaro-14.jpg","type":"image\/jpeg"}],"author":"Reda\u00e7\u00e3o","twitter_card":"summary_large_image","twitter_creator":"@Notibras","twitter_site":"@Notibras","twitter_misc":{"Escrito por":"Reda\u00e7\u00e3o","Est. tempo de leitura":"3 minutos"},"schema":{"@context":"https:\/\/schema.org","@graph":[{"@type":"Article","@id":"https:\/\/www.notibras.com\/site\/brasil-vai-tirar-embaixadores-do-pt-para-mudar-imagem-la-fora\/#article","isPartOf":{"@id":"https:\/\/www.notibras.com\/site\/brasil-vai-tirar-embaixadores-do-pt-para-mudar-imagem-la-fora\/"},"author":{"name":"Reda\u00e7\u00e3o","@id":"https:\/\/www.notibras.com\/site\/#\/schema\/person\/36ab0979449956132d3e5b517ea76ac8"},"headline":"Brasil vai tirar &#8216;turma do PT&#8217; para mudar imagem l\u00e1 fora","datePublished":"2019-03-14T04:00:04+00:00","dateModified":"2019-03-14T12:47:37+00:00","mainEntityOfPage":{"@id":"https:\/\/www.notibras.com\/site\/brasil-vai-tirar-embaixadores-do-pt-para-mudar-imagem-la-fora\/"},"wordCount":681,"publisher":{"@id":"https:\/\/www.notibras.com\/site\/#organization"},"image":{"@id":"https:\/\/www.notibras.com\/site\/brasil-vai-tirar-embaixadores-do-pt-para-mudar-imagem-la-fora\/#primaryimage"},"thumbnailUrl":"https:\/\/www.notibras.com\/site\/wp-content\/uploads\/2019\/03\/bolsonaro-14.jpg","keywords":["capa"],"articleSection":["Brasil"],"inLanguage":"pt-BR"},{"@type":"WebPage","@id":"https:\/\/www.notibras.com\/site\/brasil-vai-tirar-embaixadores-do-pt-para-mudar-imagem-la-fora\/","url":"https:\/\/www.notibras.com\/site\/brasil-vai-tirar-embaixadores-do-pt-para-mudar-imagem-la-fora\/","name":"Brasil vai tirar 'turma do PT' para mudar imagem l\u00e1 fora - Notibras","isPartOf":{"@id":"https:\/\/www.notibras.com\/site\/#website"},"primaryImageOfPage":{"@id":"https:\/\/www.notibras.com\/site\/brasil-vai-tirar-embaixadores-do-pt-para-mudar-imagem-la-fora\/#primaryimage"},"image":{"@id":"https:\/\/www.notibras.com\/site\/brasil-vai-tirar-embaixadores-do-pt-para-mudar-imagem-la-fora\/#primaryimage"},"thumbnailUrl":"https:\/\/www.notibras.com\/site\/wp-content\/uploads\/2019\/03\/bolsonaro-14.jpg","datePublished":"2019-03-14T04:00:04+00:00","dateModified":"2019-03-14T12:47:37+00:00","breadcrumb":{"@id":"https:\/\/www.notibras.com\/site\/brasil-vai-tirar-embaixadores-do-pt-para-mudar-imagem-la-fora\/#breadcrumb"},"inLanguage":"pt-BR","potentialAction":[{"@type":"ReadAction","target":["https:\/\/www.notibras.com\/site\/brasil-vai-tirar-embaixadores-do-pt-para-mudar-imagem-la-fora\/"]}]},{"@type":"ImageObject","inLanguage":"pt-BR","@id":"https:\/\/www.notibras.com\/site\/brasil-vai-tirar-embaixadores-do-pt-para-mudar-imagem-la-fora\/#primaryimage","url":"https:\/\/www.notibras.com\/site\/wp-content\/uploads\/2019\/03\/bolsonaro-14.jpg","contentUrl":"https:\/\/www.notibras.com\/site\/wp-content\/uploads\/2019\/03\/bolsonaro-14.jpg","width":1140,"height":760,"caption":"Foto: Ant\u00f4nio Cruz\/ABr"},{"@type":"BreadcrumbList","@id":"https:\/\/www.notibras.com\/site\/brasil-vai-tirar-embaixadores-do-pt-para-mudar-imagem-la-fora\/#breadcrumb","itemListElement":[{"@type":"ListItem","position":1,"name":"In\u00edcio","item":"https:\/\/www.notibras.com\/site\/"},{"@type":"ListItem","position":2,"name":"Brasil vai tirar &#8216;turma do PT&#8217; para mudar imagem l\u00e1 fora"}]},{"@type":"WebSite","@id":"https:\/\/www.notibras.com\/site\/#website","url":"https:\/\/www.notibras.com\/site\/","name":"Notibras","description":"Not\u00edcias de Bras\u00edlia, do Brasil e do Mundo","publisher":{"@id":"https:\/\/www.notibras.com\/site\/#organization"},"potentialAction":[{"@type":"SearchAction","target":{"@type":"EntryPoint","urlTemplate":"https:\/\/www.notibras.com\/site\/?s={search_term_string}"},"query-input":{"@type":"PropertyValueSpecification","valueRequired":true,"valueName":"search_term_string"}}],"inLanguage":"pt-BR"},{"@type":"Organization","@id":"https:\/\/www.notibras.com\/site\/#organization","name":"Grupo Notibras de Comunica\u00e7\u00e3o","url":"https:\/\/www.notibras.com\/site\/","logo":{"@type":"ImageObject","inLanguage":"pt-BR","@id":"https:\/\/www.notibras.com\/site\/#\/schema\/logo\/image\/","url":"https:\/\/www.notibras.com\/site\/wp-content\/uploads\/2023\/01\/notibras23.png","contentUrl":"https:\/\/www.notibras.com\/site\/wp-content\/uploads\/2023\/01\/notibras23.png","width":350,"height":87,"caption":"Grupo Notibras de Comunica\u00e7\u00e3o"},"image":{"@id":"https:\/\/www.notibras.com\/site\/#\/schema\/logo\/image\/"},"sameAs":["https:\/\/www.facebook.com\/notibras\/","https:\/\/x.com\/Notibras","https:\/\/www.instagram.com\/notibras\/"]},{"@type":"Person","@id":"https:\/\/www.notibras.com\/site\/#\/schema\/person\/36ab0979449956132d3e5b517ea76ac8","name":"Reda\u00e7\u00e3o","image":{"@type":"ImageObject","inLanguage":"pt-BR","@id":"https:\/\/secure.gravatar.com\/avatar\/e0a867bdedb85fd243eadf09663511f96fc81e0720a4a42581f334ad4303aa6b?s=96&d=mm&r=g","url":"https:\/\/secure.gravatar.com\/avatar\/e0a867bdedb85fd243eadf09663511f96fc81e0720a4a42581f334ad4303aa6b?s=96&d=mm&r=g","contentUrl":"https:\/\/secure.gravatar.com\/avatar\/e0a867bdedb85fd243eadf09663511f96fc81e0720a4a42581f334ad4303aa6b?s=96&d=mm&r=g","caption":"Reda\u00e7\u00e3o"}}]}},"amp_enabled":true,"_links":{"self":[{"href":"https:\/\/www.notibras.com\/site\/wp-json\/wp\/v2\/posts\/204659","targetHints":{"allow":["GET"]}}],"collection":[{"href":"https:\/\/www.notibras.com\/site\/wp-json\/wp\/v2\/posts"}],"about":[{"href":"https:\/\/www.notibras.com\/site\/wp-json\/wp\/v2\/types\/post"}],"author":[{"embeddable":true,"href":"https:\/\/www.notibras.com\/site\/wp-json\/wp\/v2\/users\/2"}],"replies":[{"embeddable":true,"href":"https:\/\/www.notibras.com\/site\/wp-json\/wp\/v2\/comments?post=204659"}],"version-history":[{"count":5,"href":"https:\/\/www.notibras.com\/site\/wp-json\/wp\/v2\/posts\/204659\/revisions"}],"predecessor-version":[{"id":204689,"href":"https:\/\/www.notibras.com\/site\/wp-json\/wp\/v2\/posts\/204659\/revisions\/204689"}],"wp:featuredmedia":[{"embeddable":true,"href":"https:\/\/www.notibras.com\/site\/wp-json\/wp\/v2\/media\/204660"}],"wp:attachment":[{"href":"https:\/\/www.notibras.com\/site\/wp-json\/wp\/v2\/media?parent=204659"}],"wp:term":[{"taxonomy":"category","embeddable":true,"href":"https:\/\/www.notibras.com\/site\/wp-json\/wp\/v2\/categories?post=204659"},{"taxonomy":"post_tag","embeddable":true,"href":"https:\/\/www.notibras.com\/site\/wp-json\/wp\/v2\/tags?post=204659"}],"curies":[{"name":"wp","href":"https:\/\/api.w.org\/{rel}","templated":true}]}}