{"id":20467,"date":"2014-08-22T12:24:46","date_gmt":"2014-08-22T15:24:46","guid":{"rendered":"http:\/\/www.notibras.com\/site\/?p=20467"},"modified":"2014-08-24T02:43:14","modified_gmt":"2014-08-24T05:43:14","slug":"aecio-descarta-pressionar-psb-e-marina-para-alianca-no-segundo-turno","status":"publish","type":"post","link":"https:\/\/www.notibras.com\/site\/aecio-descarta-pressionar-psb-e-marina-para-alianca-no-segundo-turno\/","title":{"rendered":"A\u00e9cio descarta pressionar PSB e Marina para alian\u00e7a no 2\u00ba turno"},"content":{"rendered":"<p>O candidato do PSDB \u00e0 presid\u00eancia, A\u00e9cio Neves, garante que seu partido n\u00e3o ir\u00e1 fazer inger\u00eancias junto ao PSB de sua advers\u00e1ria Marina Silva em busca de alian\u00e7as em um poss\u00edvel segundo turno. &#8220;Tenho enorme respeito pelo PSB. N\u00e3o vou fazer nenhuma a\u00e7\u00e3o de coopta\u00e7\u00e3o de quem quer que seja.&#8221; O concorrente, no entanto, admitiu que, se ao longo da campanha, o PSDB &#8220;sensibilizar&#8221; ao PSB ou a for\u00e7as ligadas ao partido, apoios ser\u00e3o &#8220;bem- vindos&#8221;.<\/p>\n<p class=\"text\">As declara\u00e7\u00f5es foram feitas durante visita \u00e0 sede da Associa\u00e7\u00e3o Brasileira Beneficente de Reabilita\u00e7\u00e3o, zona sul do Rio, na segunda agenda p\u00fablica de campanha do tucano na cidade em menos de uma semana.<\/p>\n<blockquote>\n<p class=\"text\">A\u00e9cio chegou ao local sem comitiva, acompanhado apenas do deputado federal pelo PSDB fluminense Ot\u00e1vio Leite. Ele desembarcou no Rio ainda na madrugada desta sexta-feira, e, \u00e0s 11h iniciou a agenda na capital fluminense. No Rio, o alvo de todas as declara\u00e7\u00f5es do candidato voltou a ser o governo federal. Como vem fazendo, ele poupou de farpas a ex-senadora Marina Silva, rec\u00e9m-chegada \u00e0 disputa no lugar de Eduardo Campos.<\/p>\n<\/blockquote>\n<p class=\"text\">O presidenci\u00e1vel voltou a dizer que v\u00ea com naturalidade o bom desempenho de Marina nas pesquisas e que o Brasil apresentado pela presidente Dilma Rousseff no programa eleitoral da TV \u00e9 virtual. \u201cEstou conversando com pessoas de carne e osso. Cheguei da Para\u00edba e Rio Grande do Norte esta madrugada. H\u00e1 l\u00e1 um grande entusiasmo com as nossas propostas. A popula\u00e7\u00e3o saber\u00e1 tomar a decis\u00e3o certa, no momento certo.&#8221;<\/p>\n<p class=\"text\">Um dia depois de a presidente Dilma admitir que existem atrasos nas obras do governo federal pelo Pa\u00eds &#8211; e que \u201cs\u00f3 atrasa quem faz obras\u201d-, A\u00e9cio ironizou este cen\u00e1rio: \u201c\u00e9 poss\u00edvel, sim, fazer obras no pre\u00e7o proposto e no prazo certo. Basta saber gerenciar.&#8221;<\/p>\n<p class=\"text\">A\u00e9cio ainda cobrou maior isen\u00e7\u00e3o da Advocacia Geral da Uni\u00e3o nas investiga\u00e7\u00f5es sobre irregularidades na Petrobras. Ele classificou de inadequada a forma com que o \u00f3rg\u00e3o se manifesta junto ao Tribunal de Contas da Uni\u00e3o (TCU) para \u201cimpedir decis\u00f5es\u201d. Sobre as den\u00fancias de que a presidente da empresa, Gra\u00e7a Foster, tenha transferido im\u00f3veis para parentes, ele classificou o gesto como &#8220;estranho&#8221;. &#8220;N\u00e3o prejulgo, mas essa transfer\u00eancia de im\u00f3veis de dirigentes e ex-dirigentes me parece algo merecedor de investiga\u00e7\u00e3o.&#8221;<\/p>\n<p class=\"text\">De acordo com A\u00e9cio, o governo est\u00e1 \u201c\u00e0 beira de um ataque de nervos\u201d com receio do resultado das investiga\u00e7\u00f5es do TCU sobre o caso. Ele criticou o fato de a Petrobras ter \u201cdeixado as p\u00e1ginas econ\u00f4micas para entrar, cotidianamente, nas p\u00e1ginas policiais.&#8221;<\/p>\n<p class=\"text\">A manuten\u00e7\u00e3o do Bolsa Fam\u00edlia, principal programa de transfer\u00eancia de renda do governo federal, voltou a ser prometida pelo presidenci\u00e1vel &#8211; como havia sido feito horas antes na agenda pelo Nordeste. Ele deu detalhes do que pretende fazer caso seja eleito para aprimorar o projeto. A ideia \u00e9 elencar as car\u00eancias das fam\u00edlias atendidas e criar cinco n\u00edveis diferentes de benefici\u00e1rios, que iriam variar de acordo com a situa\u00e7\u00e3o econ\u00f4mica. Um perfil social tamb\u00e9m seria tra\u00e7ado. \u201cUma fam\u00edlia, por exemplo, em que o filho tem um desempenho escolar acima da m\u00e9dia pode receber um \u2018plus\u2019 de 30% no Bolsa Fam\u00edlia, para estimular que ele se qualifique. Vamos ser proativos nisso.&#8221;<\/p>\n<p class=\"text\">A\u00e9cio volta a ter agenda p\u00fablica no Rio j\u00e1 na pr\u00f3xima segunda-feira, quando far\u00e1 uma caminhada pelo com\u00e9rcio popular conhecido como Saara, na regi\u00e3o central da cidade.<\/p>\n","protected":false},"excerpt":{"rendered":"<p>O candidato do PSDB \u00e0 presid\u00eancia, A\u00e9cio Neves, garante que seu partido n\u00e3o ir\u00e1 fazer inger\u00eancias junto ao PSB de sua advers\u00e1ria Marina Silva em busca de alian\u00e7as em um poss\u00edvel segundo turno. &#8220;Tenho enorme respeito pelo PSB. N\u00e3o vou fazer nenhuma a\u00e7\u00e3o de coopta\u00e7\u00e3o de quem quer que seja.&#8221; O concorrente, no entanto, admitiu [&hellip;]<\/p>\n","protected":false},"author":2,"featured_media":20468,"comment_status":"open","ping_status":"closed","sticky":false,"template":"","format":"standard","meta":{"_acf_changed":false,"footnotes":""},"categories":[33],"tags":[],"class_list":["post-20467","post","type-post","status-publish","format-standard","has-post-thumbnail","hentry","category-eleicoes-2014"],"acf":[],"_links":{"self":[{"href":"https:\/\/www.notibras.com\/site\/wp-json\/wp\/v2\/posts\/20467","targetHints":{"allow":["GET"]}}],"collection":[{"href":"https:\/\/www.notibras.com\/site\/wp-json\/wp\/v2\/posts"}],"about":[{"href":"https:\/\/www.notibras.com\/site\/wp-json\/wp\/v2\/types\/post"}],"author":[{"embeddable":true,"href":"https:\/\/www.notibras.com\/site\/wp-json\/wp\/v2\/users\/2"}],"replies":[{"embeddable":true,"href":"https:\/\/www.notibras.com\/site\/wp-json\/wp\/v2\/comments?post=20467"}],"version-history":[{"count":0,"href":"https:\/\/www.notibras.com\/site\/wp-json\/wp\/v2\/posts\/20467\/revisions"}],"wp:featuredmedia":[{"embeddable":true,"href":"https:\/\/www.notibras.com\/site\/wp-json\/wp\/v2\/media\/20468"}],"wp:attachment":[{"href":"https:\/\/www.notibras.com\/site\/wp-json\/wp\/v2\/media?parent=20467"}],"wp:term":[{"taxonomy":"category","embeddable":true,"href":"https:\/\/www.notibras.com\/site\/wp-json\/wp\/v2\/categories?post=20467"},{"taxonomy":"post_tag","embeddable":true,"href":"https:\/\/www.notibras.com\/site\/wp-json\/wp\/v2\/tags?post=20467"}],"curies":[{"name":"wp","href":"https:\/\/api.w.org\/{rel}","templated":true}]}}