{"id":204708,"date":"2019-03-14T17:50:03","date_gmt":"2019-03-14T20:50:03","guid":{"rendered":"https:\/\/www.notibras.com\/site\/?p=204708"},"modified":"2019-03-14T18:08:45","modified_gmt":"2019-03-14T21:08:45","slug":"mantega-e-palocci-denunciados-por-rombo-no-bndes","status":"publish","type":"post","link":"https:\/\/www.notibras.com\/site\/mantega-e-palocci-denunciados-por-rombo-no-bndes\/","title":{"rendered":"Mantega e Palocci denunciados por rombo no BNDES"},"content":{"rendered":"<p>A Procuradoria da Rep\u00fablica no Distrito Federal denunciou nesta quinta-feira, 14, o empres\u00e1rio Joesley Batista, os ex-ministros Guido Mantega e Ant\u00f4nio Palocci e o ex-presidente do BNDES Luciano Coutinho e outras sete pessoas pelos crimes de forma\u00e7\u00e3o de quadrilha, corrup\u00e7\u00e3o ativa e passiva, gest\u00e3o fraudulenta, prevarica\u00e7\u00e3o financeira e lavagem de dinheiro. A acusa\u00e7\u00e3o foi feita no \u00e2mbito da opera\u00e7\u00e3o Bullish.<\/p>\n<p>Na den\u00fancia, a Procuradoria cobra um total de R$ 5,5 bilh\u00f5es da JBS, sendo R$ 1,8 bi por causa do suposto preju\u00edzo causado ao banco p\u00fablico e outros R$ 3,7 bi como repara\u00e7\u00e3o aos danos causados. Assinam a den\u00fancia o procurador Ivan Claudio Marx e o procurador regional Francisco Guilherme Vollstedt.<\/p>\n<p>Deflagrada em maio de 2017, a Bullish mirou supostas irregularidades em aportes de mais de R$ 8 bilh\u00f5es do banco P\u00fablico na empresa do grupo J&amp;F, cujos principais acionistas s\u00e3o os irm\u00e3os Wesley e Joesley Batista.<\/p>\n<p>Segundo o MPF, para colocar o projeto de internacionaliza\u00e7\u00e3o da JBS \u201cfoi articulado um esquema alimentado por propina que garantiu decis\u00f5es pol\u00edticas e econ\u00f4micas tomadas no BNDES em favor daquela que se tornaria a maior produtora de prote\u00edna animal do mundo\u201d.<\/p>\n<p><strong>Esquema<\/strong> &#8211; De acordo com a den\u00fancia, as supostas irregularidades foram executadas por quatro n\u00facleos.<\/p>\n<p>Joesley Batista, representando o n\u00facleo empresarial, solicitou os financiamentos \u201csuperavaliados\u201d ao BNDES. O grupo pol\u00edtico formado por Palocci, Mantega e Coutinho, por sua vez, teria se beneficiado das vantagens indevidas para liberar os aportes por meio de gest\u00f5es no banco p\u00fablico.<\/p>\n<p>Victor Sandri, apontado como operador de Mantega, seria represente do n\u00facleo intermedi\u00e1rio e se encarregava, diz o MPF, de realizar o lobby junto ao banco e receber o dinheiro pago pelos empres\u00e1rios.<\/p>\n<p>Na ponta do esquema, explica o MPF, estaria o n\u00facleo t\u00e9cnico formado por funcion\u00e1rios do BNDES que seriam respons\u00e1veis por \u201cjustificar\u201d os aportes dentro do banco p\u00fablico.<\/p>\n<p><strong>Propina<\/strong> &#8211; Sobre os pagamentos de vantagens indevidas, o MPF afirma que Victor Sandri foi corrompido por Joesley Batista que tinha interesse em ter acesso ao ent\u00e3o ministro Guido Mantega.<\/p>\n<p>Palocci, narra a den\u00fancia, aparece nas fraudes a partir de 2008 e teria recebido os pagamentos por meio de sua empresa de consultoria. O contrato firmado entre a empresa e o ministro previa um adiantamento de R$ 500 mil e outros R$ 2 milh\u00f5es como comiss\u00e3o.<\/p>\n<p>\u201cA consultoria tinha o \u00fanico objetivo de esquentar os recursos pagos ao deputado para exercer press\u00e3o sobre o BNDES na opera\u00e7\u00e3o de apoio do BNDESPar para JBS adquirir a empresa Pilgrim\u2019s\u201d, diz o MPF em nota.Acordo. O grupo J&amp;F assinou um acordo de leni\u00eancia com a Procuradoria da Rep\u00fablica em Bras\u00edlia, mas o procurador Marx n\u00e3o participou do acordo.<\/p>\n<p>Pelo pacto, a empresa j\u00e1 teria se comprometido a pagar cerca de R$ 1,7 bilh\u00e3o, mas negou ter corrompido funcion\u00e1rios e ter sido beneficiada por decis\u00f5es internas. Atualmente, o acordo est\u00e1 sendo renegociado e os procuradores envolvidos aguardam o Supremo Tribunal Federal decidir se ir\u00e1 rescindir os acordos de colabora\u00e7\u00e3o dos executivos da empresa.<\/p>\n<p>Segundo os procuradores da Bullish, os crimes denunciados n\u00e3o foram relatados por Joesley Batista em seu acordo de colabora\u00e7\u00e3o premiada.<\/p>\n","protected":false},"excerpt":{"rendered":"<p>A Procuradoria da Rep\u00fablica no Distrito Federal denunciou nesta quinta-feira, 14, o empres\u00e1rio Joesley Batista, os ex-ministros Guido Mantega e Ant\u00f4nio Palocci e o ex-presidente do BNDES Luciano Coutinho e outras sete pessoas pelos crimes de forma\u00e7\u00e3o de quadrilha, corrup\u00e7\u00e3o ativa e passiva, gest\u00e3o fraudulenta, prevarica\u00e7\u00e3o financeira e lavagem de dinheiro. A acusa\u00e7\u00e3o foi feita [&hellip;]<\/p>\n","protected":false},"author":2,"featured_media":204709,"comment_status":"closed","ping_status":"closed","sticky":false,"template":"","format":"standard","meta":{"_acf_changed":false,"footnotes":""},"categories":[16],"tags":[95],"class_list":["post-204708","post","type-post","status-publish","format-standard","has-post-thumbnail","hentry","category-brasil","tag-capa"],"acf":[],"yoast_head":"<!-- This site is optimized with the Yoast SEO plugin v27.2 - https:\/\/yoast.com\/product\/yoast-seo-wordpress\/ -->\n<title>Mantega e Palocci denunciados por rombo no BNDES - Notibras<\/title>\n<meta name=\"robots\" content=\"index, follow, max-snippet:-1, max-image-preview:large, max-video-preview:-1\" \/>\n<link rel=\"canonical\" href=\"https:\/\/www.notibras.com\/site\/mantega-e-palocci-denunciados-por-rombo-no-bndes\/\" \/>\n<meta property=\"og:locale\" content=\"pt_BR\" \/>\n<meta property=\"og:type\" content=\"article\" \/>\n<meta property=\"og:title\" content=\"Mantega e Palocci denunciados por rombo no BNDES - Notibras\" \/>\n<meta property=\"og:description\" content=\"A Procuradoria da Rep\u00fablica no Distrito Federal denunciou nesta quinta-feira, 14, o empres\u00e1rio Joesley Batista, os ex-ministros Guido Mantega e Ant\u00f4nio Palocci e o ex-presidente do BNDES Luciano Coutinho e outras sete pessoas pelos crimes de forma\u00e7\u00e3o de quadrilha, corrup\u00e7\u00e3o ativa e passiva, gest\u00e3o fraudulenta, prevarica\u00e7\u00e3o financeira e lavagem de dinheiro. A acusa\u00e7\u00e3o foi feita [&hellip;]\" \/>\n<meta property=\"og:url\" content=\"https:\/\/www.notibras.com\/site\/mantega-e-palocci-denunciados-por-rombo-no-bndes\/\" \/>\n<meta property=\"og:site_name\" content=\"Notibras\" \/>\n<meta property=\"article:publisher\" content=\"https:\/\/www.facebook.com\/notibras\/\" \/>\n<meta property=\"article:published_time\" content=\"2019-03-14T20:50:03+00:00\" \/>\n<meta property=\"article:modified_time\" content=\"2019-03-14T21:08:45+00:00\" \/>\n<meta property=\"og:image\" content=\"https:\/\/www.notibras.com\/site\/wp-content\/uploads\/2019\/03\/palocci-mantega.jpg\" \/>\n\t<meta property=\"og:image:width\" content=\"1900\" \/>\n\t<meta property=\"og:image:height\" content=\"1384\" \/>\n\t<meta property=\"og:image:type\" content=\"image\/jpeg\" \/>\n<meta name=\"author\" content=\"Reda\u00e7\u00e3o\" \/>\n<meta name=\"twitter:card\" content=\"summary_large_image\" \/>\n<meta name=\"twitter:creator\" content=\"@Notibras\" \/>\n<meta name=\"twitter:site\" content=\"@Notibras\" \/>\n<meta name=\"twitter:label1\" content=\"Escrito por\" \/>\n\t<meta name=\"twitter:data1\" content=\"Reda\u00e7\u00e3o\" \/>\n\t<meta name=\"twitter:label2\" content=\"Est. tempo de leitura\" \/>\n\t<meta name=\"twitter:data2\" content=\"3 minutos\" \/>\n<script type=\"application\/ld+json\" class=\"yoast-schema-graph\">{\"@context\":\"https:\/\/schema.org\",\"@graph\":[{\"@type\":\"Article\",\"@id\":\"https:\/\/www.notibras.com\/site\/mantega-e-palocci-denunciados-por-rombo-no-bndes\/#article\",\"isPartOf\":{\"@id\":\"https:\/\/www.notibras.com\/site\/mantega-e-palocci-denunciados-por-rombo-no-bndes\/\"},\"author\":{\"name\":\"Reda\u00e7\u00e3o\",\"@id\":\"https:\/\/www.notibras.com\/site\/#\/schema\/person\/36ab0979449956132d3e5b517ea76ac8\"},\"headline\":\"Mantega e Palocci denunciados por rombo no BNDES\",\"datePublished\":\"2019-03-14T20:50:03+00:00\",\"dateModified\":\"2019-03-14T21:08:45+00:00\",\"mainEntityOfPage\":{\"@id\":\"https:\/\/www.notibras.com\/site\/mantega-e-palocci-denunciados-por-rombo-no-bndes\/\"},\"wordCount\":570,\"publisher\":{\"@id\":\"https:\/\/www.notibras.com\/site\/#organization\"},\"image\":{\"@id\":\"https:\/\/www.notibras.com\/site\/mantega-e-palocci-denunciados-por-rombo-no-bndes\/#primaryimage\"},\"thumbnailUrl\":\"https:\/\/www.notibras.com\/site\/wp-content\/uploads\/2019\/03\/palocci-mantega.jpg\",\"keywords\":[\"capa\"],\"articleSection\":[\"Brasil\"],\"inLanguage\":\"pt-BR\"},{\"@type\":\"WebPage\",\"@id\":\"https:\/\/www.notibras.com\/site\/mantega-e-palocci-denunciados-por-rombo-no-bndes\/\",\"url\":\"https:\/\/www.notibras.com\/site\/mantega-e-palocci-denunciados-por-rombo-no-bndes\/\",\"name\":\"Mantega e Palocci denunciados por rombo no BNDES - Notibras\",\"isPartOf\":{\"@id\":\"https:\/\/www.notibras.com\/site\/#website\"},\"primaryImageOfPage\":{\"@id\":\"https:\/\/www.notibras.com\/site\/mantega-e-palocci-denunciados-por-rombo-no-bndes\/#primaryimage\"},\"image\":{\"@id\":\"https:\/\/www.notibras.com\/site\/mantega-e-palocci-denunciados-por-rombo-no-bndes\/#primaryimage\"},\"thumbnailUrl\":\"https:\/\/www.notibras.com\/site\/wp-content\/uploads\/2019\/03\/palocci-mantega.jpg\",\"datePublished\":\"2019-03-14T20:50:03+00:00\",\"dateModified\":\"2019-03-14T21:08:45+00:00\",\"breadcrumb\":{\"@id\":\"https:\/\/www.notibras.com\/site\/mantega-e-palocci-denunciados-por-rombo-no-bndes\/#breadcrumb\"},\"inLanguage\":\"pt-BR\",\"potentialAction\":[{\"@type\":\"ReadAction\",\"target\":[\"https:\/\/www.notibras.com\/site\/mantega-e-palocci-denunciados-por-rombo-no-bndes\/\"]}]},{\"@type\":\"ImageObject\",\"inLanguage\":\"pt-BR\",\"@id\":\"https:\/\/www.notibras.com\/site\/mantega-e-palocci-denunciados-por-rombo-no-bndes\/#primaryimage\",\"url\":\"https:\/\/www.notibras.com\/site\/wp-content\/uploads\/2019\/03\/palocci-mantega.jpg\",\"contentUrl\":\"https:\/\/www.notibras.com\/site\/wp-content\/uploads\/2019\/03\/palocci-mantega.jpg\",\"width\":1900,\"height\":1384,\"caption\":\"Foto\/Arquivo Notibras\"},{\"@type\":\"BreadcrumbList\",\"@id\":\"https:\/\/www.notibras.com\/site\/mantega-e-palocci-denunciados-por-rombo-no-bndes\/#breadcrumb\",\"itemListElement\":[{\"@type\":\"ListItem\",\"position\":1,\"name\":\"In\u00edcio\",\"item\":\"https:\/\/www.notibras.com\/site\/\"},{\"@type\":\"ListItem\",\"position\":2,\"name\":\"Mantega e Palocci denunciados por rombo no BNDES\"}]},{\"@type\":\"WebSite\",\"@id\":\"https:\/\/www.notibras.com\/site\/#website\",\"url\":\"https:\/\/www.notibras.com\/site\/\",\"name\":\"Notibras\",\"description\":\"Not\u00edcias de Bras\u00edlia, do Brasil e do Mundo\",\"publisher\":{\"@id\":\"https:\/\/www.notibras.com\/site\/#organization\"},\"potentialAction\":[{\"@type\":\"SearchAction\",\"target\":{\"@type\":\"EntryPoint\",\"urlTemplate\":\"https:\/\/www.notibras.com\/site\/?s={search_term_string}\"},\"query-input\":{\"@type\":\"PropertyValueSpecification\",\"valueRequired\":true,\"valueName\":\"search_term_string\"}}],\"inLanguage\":\"pt-BR\"},{\"@type\":\"Organization\",\"@id\":\"https:\/\/www.notibras.com\/site\/#organization\",\"name\":\"Grupo Notibras de Comunica\u00e7\u00e3o\",\"url\":\"https:\/\/www.notibras.com\/site\/\",\"logo\":{\"@type\":\"ImageObject\",\"inLanguage\":\"pt-BR\",\"@id\":\"https:\/\/www.notibras.com\/site\/#\/schema\/logo\/image\/\",\"url\":\"https:\/\/www.notibras.com\/site\/wp-content\/uploads\/2023\/01\/notibras23.png\",\"contentUrl\":\"https:\/\/www.notibras.com\/site\/wp-content\/uploads\/2023\/01\/notibras23.png\",\"width\":350,\"height\":87,\"caption\":\"Grupo Notibras de Comunica\u00e7\u00e3o\"},\"image\":{\"@id\":\"https:\/\/www.notibras.com\/site\/#\/schema\/logo\/image\/\"},\"sameAs\":[\"https:\/\/www.facebook.com\/notibras\/\",\"https:\/\/x.com\/Notibras\",\"https:\/\/www.instagram.com\/notibras\/\"]},{\"@type\":\"Person\",\"@id\":\"https:\/\/www.notibras.com\/site\/#\/schema\/person\/36ab0979449956132d3e5b517ea76ac8\",\"name\":\"Reda\u00e7\u00e3o\",\"image\":{\"@type\":\"ImageObject\",\"inLanguage\":\"pt-BR\",\"@id\":\"https:\/\/secure.gravatar.com\/avatar\/e0a867bdedb85fd243eadf09663511f96fc81e0720a4a42581f334ad4303aa6b?s=96&d=mm&r=g\",\"url\":\"https:\/\/secure.gravatar.com\/avatar\/e0a867bdedb85fd243eadf09663511f96fc81e0720a4a42581f334ad4303aa6b?s=96&d=mm&r=g\",\"contentUrl\":\"https:\/\/secure.gravatar.com\/avatar\/e0a867bdedb85fd243eadf09663511f96fc81e0720a4a42581f334ad4303aa6b?s=96&d=mm&r=g\",\"caption\":\"Reda\u00e7\u00e3o\"}}]}<\/script>\n<!-- \/ Yoast SEO plugin. -->","yoast_head_json":{"title":"Mantega e Palocci denunciados por rombo no BNDES - Notibras","robots":{"index":"index","follow":"follow","max-snippet":"max-snippet:-1","max-image-preview":"max-image-preview:large","max-video-preview":"max-video-preview:-1"},"canonical":"https:\/\/www.notibras.com\/site\/mantega-e-palocci-denunciados-por-rombo-no-bndes\/","og_locale":"pt_BR","og_type":"article","og_title":"Mantega e Palocci denunciados por rombo no BNDES - Notibras","og_description":"A Procuradoria da Rep\u00fablica no Distrito Federal denunciou nesta quinta-feira, 14, o empres\u00e1rio Joesley Batista, os ex-ministros Guido Mantega e Ant\u00f4nio Palocci e o ex-presidente do BNDES Luciano Coutinho e outras sete pessoas pelos crimes de forma\u00e7\u00e3o de quadrilha, corrup\u00e7\u00e3o ativa e passiva, gest\u00e3o fraudulenta, prevarica\u00e7\u00e3o financeira e lavagem de dinheiro. A acusa\u00e7\u00e3o foi feita [&hellip;]","og_url":"https:\/\/www.notibras.com\/site\/mantega-e-palocci-denunciados-por-rombo-no-bndes\/","og_site_name":"Notibras","article_publisher":"https:\/\/www.facebook.com\/notibras\/","article_published_time":"2019-03-14T20:50:03+00:00","article_modified_time":"2019-03-14T21:08:45+00:00","og_image":[{"width":1900,"height":1384,"url":"https:\/\/www.notibras.com\/site\/wp-content\/uploads\/2019\/03\/palocci-mantega.jpg","type":"image\/jpeg"}],"author":"Reda\u00e7\u00e3o","twitter_card":"summary_large_image","twitter_creator":"@Notibras","twitter_site":"@Notibras","twitter_misc":{"Escrito por":"Reda\u00e7\u00e3o","Est. tempo de leitura":"3 minutos"},"schema":{"@context":"https:\/\/schema.org","@graph":[{"@type":"Article","@id":"https:\/\/www.notibras.com\/site\/mantega-e-palocci-denunciados-por-rombo-no-bndes\/#article","isPartOf":{"@id":"https:\/\/www.notibras.com\/site\/mantega-e-palocci-denunciados-por-rombo-no-bndes\/"},"author":{"name":"Reda\u00e7\u00e3o","@id":"https:\/\/www.notibras.com\/site\/#\/schema\/person\/36ab0979449956132d3e5b517ea76ac8"},"headline":"Mantega e Palocci denunciados por rombo no BNDES","datePublished":"2019-03-14T20:50:03+00:00","dateModified":"2019-03-14T21:08:45+00:00","mainEntityOfPage":{"@id":"https:\/\/www.notibras.com\/site\/mantega-e-palocci-denunciados-por-rombo-no-bndes\/"},"wordCount":570,"publisher":{"@id":"https:\/\/www.notibras.com\/site\/#organization"},"image":{"@id":"https:\/\/www.notibras.com\/site\/mantega-e-palocci-denunciados-por-rombo-no-bndes\/#primaryimage"},"thumbnailUrl":"https:\/\/www.notibras.com\/site\/wp-content\/uploads\/2019\/03\/palocci-mantega.jpg","keywords":["capa"],"articleSection":["Brasil"],"inLanguage":"pt-BR"},{"@type":"WebPage","@id":"https:\/\/www.notibras.com\/site\/mantega-e-palocci-denunciados-por-rombo-no-bndes\/","url":"https:\/\/www.notibras.com\/site\/mantega-e-palocci-denunciados-por-rombo-no-bndes\/","name":"Mantega e Palocci denunciados por rombo no BNDES - Notibras","isPartOf":{"@id":"https:\/\/www.notibras.com\/site\/#website"},"primaryImageOfPage":{"@id":"https:\/\/www.notibras.com\/site\/mantega-e-palocci-denunciados-por-rombo-no-bndes\/#primaryimage"},"image":{"@id":"https:\/\/www.notibras.com\/site\/mantega-e-palocci-denunciados-por-rombo-no-bndes\/#primaryimage"},"thumbnailUrl":"https:\/\/www.notibras.com\/site\/wp-content\/uploads\/2019\/03\/palocci-mantega.jpg","datePublished":"2019-03-14T20:50:03+00:00","dateModified":"2019-03-14T21:08:45+00:00","breadcrumb":{"@id":"https:\/\/www.notibras.com\/site\/mantega-e-palocci-denunciados-por-rombo-no-bndes\/#breadcrumb"},"inLanguage":"pt-BR","potentialAction":[{"@type":"ReadAction","target":["https:\/\/www.notibras.com\/site\/mantega-e-palocci-denunciados-por-rombo-no-bndes\/"]}]},{"@type":"ImageObject","inLanguage":"pt-BR","@id":"https:\/\/www.notibras.com\/site\/mantega-e-palocci-denunciados-por-rombo-no-bndes\/#primaryimage","url":"https:\/\/www.notibras.com\/site\/wp-content\/uploads\/2019\/03\/palocci-mantega.jpg","contentUrl":"https:\/\/www.notibras.com\/site\/wp-content\/uploads\/2019\/03\/palocci-mantega.jpg","width":1900,"height":1384,"caption":"Foto\/Arquivo Notibras"},{"@type":"BreadcrumbList","@id":"https:\/\/www.notibras.com\/site\/mantega-e-palocci-denunciados-por-rombo-no-bndes\/#breadcrumb","itemListElement":[{"@type":"ListItem","position":1,"name":"In\u00edcio","item":"https:\/\/www.notibras.com\/site\/"},{"@type":"ListItem","position":2,"name":"Mantega e Palocci denunciados por rombo no BNDES"}]},{"@type":"WebSite","@id":"https:\/\/www.notibras.com\/site\/#website","url":"https:\/\/www.notibras.com\/site\/","name":"Notibras","description":"Not\u00edcias de Bras\u00edlia, do Brasil e do Mundo","publisher":{"@id":"https:\/\/www.notibras.com\/site\/#organization"},"potentialAction":[{"@type":"SearchAction","target":{"@type":"EntryPoint","urlTemplate":"https:\/\/www.notibras.com\/site\/?s={search_term_string}"},"query-input":{"@type":"PropertyValueSpecification","valueRequired":true,"valueName":"search_term_string"}}],"inLanguage":"pt-BR"},{"@type":"Organization","@id":"https:\/\/www.notibras.com\/site\/#organization","name":"Grupo Notibras de Comunica\u00e7\u00e3o","url":"https:\/\/www.notibras.com\/site\/","logo":{"@type":"ImageObject","inLanguage":"pt-BR","@id":"https:\/\/www.notibras.com\/site\/#\/schema\/logo\/image\/","url":"https:\/\/www.notibras.com\/site\/wp-content\/uploads\/2023\/01\/notibras23.png","contentUrl":"https:\/\/www.notibras.com\/site\/wp-content\/uploads\/2023\/01\/notibras23.png","width":350,"height":87,"caption":"Grupo Notibras de Comunica\u00e7\u00e3o"},"image":{"@id":"https:\/\/www.notibras.com\/site\/#\/schema\/logo\/image\/"},"sameAs":["https:\/\/www.facebook.com\/notibras\/","https:\/\/x.com\/Notibras","https:\/\/www.instagram.com\/notibras\/"]},{"@type":"Person","@id":"https:\/\/www.notibras.com\/site\/#\/schema\/person\/36ab0979449956132d3e5b517ea76ac8","name":"Reda\u00e7\u00e3o","image":{"@type":"ImageObject","inLanguage":"pt-BR","@id":"https:\/\/secure.gravatar.com\/avatar\/e0a867bdedb85fd243eadf09663511f96fc81e0720a4a42581f334ad4303aa6b?s=96&d=mm&r=g","url":"https:\/\/secure.gravatar.com\/avatar\/e0a867bdedb85fd243eadf09663511f96fc81e0720a4a42581f334ad4303aa6b?s=96&d=mm&r=g","contentUrl":"https:\/\/secure.gravatar.com\/avatar\/e0a867bdedb85fd243eadf09663511f96fc81e0720a4a42581f334ad4303aa6b?s=96&d=mm&r=g","caption":"Reda\u00e7\u00e3o"}}]}},"amp_enabled":true,"_links":{"self":[{"href":"https:\/\/www.notibras.com\/site\/wp-json\/wp\/v2\/posts\/204708","targetHints":{"allow":["GET"]}}],"collection":[{"href":"https:\/\/www.notibras.com\/site\/wp-json\/wp\/v2\/posts"}],"about":[{"href":"https:\/\/www.notibras.com\/site\/wp-json\/wp\/v2\/types\/post"}],"author":[{"embeddable":true,"href":"https:\/\/www.notibras.com\/site\/wp-json\/wp\/v2\/users\/2"}],"replies":[{"embeddable":true,"href":"https:\/\/www.notibras.com\/site\/wp-json\/wp\/v2\/comments?post=204708"}],"version-history":[{"count":2,"href":"https:\/\/www.notibras.com\/site\/wp-json\/wp\/v2\/posts\/204708\/revisions"}],"predecessor-version":[{"id":204714,"href":"https:\/\/www.notibras.com\/site\/wp-json\/wp\/v2\/posts\/204708\/revisions\/204714"}],"wp:featuredmedia":[{"embeddable":true,"href":"https:\/\/www.notibras.com\/site\/wp-json\/wp\/v2\/media\/204709"}],"wp:attachment":[{"href":"https:\/\/www.notibras.com\/site\/wp-json\/wp\/v2\/media?parent=204708"}],"wp:term":[{"taxonomy":"category","embeddable":true,"href":"https:\/\/www.notibras.com\/site\/wp-json\/wp\/v2\/categories?post=204708"},{"taxonomy":"post_tag","embeddable":true,"href":"https:\/\/www.notibras.com\/site\/wp-json\/wp\/v2\/tags?post=204708"}],"curies":[{"name":"wp","href":"https:\/\/api.w.org\/{rel}","templated":true}]}}