{"id":20471,"date":"2014-08-23T12:30:25","date_gmt":"2014-08-23T15:30:25","guid":{"rendered":"http:\/\/www.notibras.com\/site\/?p=20471"},"modified":"2014-08-23T12:33:09","modified_gmt":"2014-08-23T15:33:09","slug":"dilma-ve-adversarios-azarando-e-de-olho-gordo-na-sua-candidatura","status":"publish","type":"post","link":"https:\/\/www.notibras.com\/site\/dilma-ve-adversarios-azarando-e-de-olho-gordo-na-sua-candidatura\/","title":{"rendered":"Dilma v\u00ea advers\u00e1rios &#8216;azarando&#8217; e de &#8216;olho gordo&#8217; na candidatura dela"},"content":{"rendered":"<p>Em com\u00edcio realizado na noite de sexta-feira no estacionamento do Gin\u00e1sio Gigantinho, em Porto Alegre, a presidente Dilma Rousseff, candidata \u00e0 reelei\u00e7\u00e3o pelo PT, se valeu de express\u00f5es populares para definir advers\u00e1rios e seu posicionamento na campanha.<\/p>\n<p class=\"text\">\u201cAqui n\u00e3o est\u00e3o aqueles que azaram, aqueles que voc\u00eas sabem quem s\u00e3o. Porque tem gente que azara, joga olho gordo. Aqui n\u00e3o est\u00e3o aqueles que se ajoelharam e quebraram o Pa\u00eds por tr\u00eas vezes\u201d, disse Dilma ao p\u00fablico, que variou entre cinco e seis mil participantes.<\/p>\n<blockquote>\n<p class=\"text\">Em outro momento, a presidente disse que vem adotando na campanha a mesma postura do ex-presidente Luiz In\u00e1cio Lula da Silva. \u201cEstou que nem o Lula. N\u00e3o falo nome de advers\u00e1rio nem morta! Voc\u00eas sabem quem enterrou o nosso Estado,\u201d afirmou a presidente e candidata \u00e0 reelei\u00e7\u00e3o.<\/p>\n<\/blockquote>\n<p class=\"text\">Durante seu discurso, que foi r\u00e1pido, com aproximadamente 20 minutos de dura\u00e7\u00e3o, a candidata citou n\u00fameros de programas de governo como o Minha Casa, Minha Vida e o Programa Nacional de Acesso ao Ensino T\u00e9cnico e Emprego (Pronatec).<\/p>\n<p class=\"text\">Dilma falou sobre a extens\u00e3o da Ferrovia Norte-Sul at\u00e9 o Rio Grande do Sul, prometeu que at\u00e9 2018 obras consideradas priorit\u00e1rias para o Estado, como a constru\u00e7\u00e3o da segunda ponte do Gua\u00edba e a extens\u00e3o da BR-448 at\u00e9 a cidade de Est\u00e2ncia Velha estar\u00e3o conclu\u00eddas.<\/p>\n<p class=\"text\">Antes de come\u00e7ar a falar, Dilma tirou dezenas de selfies com candidatos da coliga\u00e7\u00e3o, arriscou passos de dan\u00e7a e recebeu no palco duas mulheres beneficiadas pelo Pronatec.<\/p>\n<p class=\"text\">Ao final, a petista lembrou a elei\u00e7\u00e3o de Lula em 2003. \u201cNa elei\u00e7\u00e3o de 2003 tinha uma express\u00e3o, de que a esperan\u00e7a ia vencer o medo. Agora quem vai vencer o pessimismo, a desinforma\u00e7\u00e3o e as inverdades \u00e9 a verdade e novamente a esperan\u00e7a. N\u00f3s temos o que mostrar.\u201d<\/p>\n","protected":false},"excerpt":{"rendered":"<p>Em com\u00edcio realizado na noite de sexta-feira no estacionamento do Gin\u00e1sio Gigantinho, em Porto Alegre, a presidente Dilma Rousseff, candidata \u00e0 reelei\u00e7\u00e3o pelo PT, se valeu de express\u00f5es populares para definir advers\u00e1rios e seu posicionamento na campanha. \u201cAqui n\u00e3o est\u00e3o aqueles que azaram, aqueles que voc\u00eas sabem quem s\u00e3o. Porque tem gente que azara, joga [&hellip;]<\/p>\n","protected":false},"author":2,"featured_media":20472,"comment_status":"open","ping_status":"closed","sticky":false,"template":"","format":"standard","meta":{"_acf_changed":false,"footnotes":""},"categories":[33],"tags":[],"class_list":["post-20471","post","type-post","status-publish","format-standard","has-post-thumbnail","hentry","category-eleicoes-2014"],"acf":[],"_links":{"self":[{"href":"https:\/\/www.notibras.com\/site\/wp-json\/wp\/v2\/posts\/20471","targetHints":{"allow":["GET"]}}],"collection":[{"href":"https:\/\/www.notibras.com\/site\/wp-json\/wp\/v2\/posts"}],"about":[{"href":"https:\/\/www.notibras.com\/site\/wp-json\/wp\/v2\/types\/post"}],"author":[{"embeddable":true,"href":"https:\/\/www.notibras.com\/site\/wp-json\/wp\/v2\/users\/2"}],"replies":[{"embeddable":true,"href":"https:\/\/www.notibras.com\/site\/wp-json\/wp\/v2\/comments?post=20471"}],"version-history":[{"count":0,"href":"https:\/\/www.notibras.com\/site\/wp-json\/wp\/v2\/posts\/20471\/revisions"}],"wp:featuredmedia":[{"embeddable":true,"href":"https:\/\/www.notibras.com\/site\/wp-json\/wp\/v2\/media\/20472"}],"wp:attachment":[{"href":"https:\/\/www.notibras.com\/site\/wp-json\/wp\/v2\/media?parent=20471"}],"wp:term":[{"taxonomy":"category","embeddable":true,"href":"https:\/\/www.notibras.com\/site\/wp-json\/wp\/v2\/categories?post=20471"},{"taxonomy":"post_tag","embeddable":true,"href":"https:\/\/www.notibras.com\/site\/wp-json\/wp\/v2\/tags?post=20471"}],"curies":[{"name":"wp","href":"https:\/\/api.w.org\/{rel}","templated":true}]}}