{"id":204715,"date":"2019-03-14T18:45:08","date_gmt":"2019-03-14T21:45:08","guid":{"rendered":"https:\/\/www.notibras.com\/site\/?p=204715"},"modified":"2019-03-14T19:32:10","modified_gmt":"2019-03-14T22:32:10","slug":"supremo-tira-crime-de-caixa-2-da-lava-jato","status":"publish","type":"post","link":"https:\/\/www.notibras.com\/site\/supremo-tira-crime-de-caixa-2-da-lava-jato\/","title":{"rendered":"Supremo tira crime de Caixa 2 da Lava Jato"},"content":{"rendered":"<p>Os crimes de Caixa 2 e de corrup\u00e7\u00e3o &#8211; inclusive lavagem de dinheiro -, praticados por pol\u00edticos, n\u00e3o ficar\u00e3o mais na al\u00e7ada da Justi\u00e7a Federal. Foi o que decidiu no in\u00edcio da noite desta quinta, 14, o Supremo Tribunal Federal.<\/p>\n<p>A vota\u00e7\u00e3o chegou ao impasse de 5 votos para que as a\u00e7\u00f5es ficassem no \u00e2mbito da Justi\u00e7a Federal, e cinco para que os casos sejam julgados pela Justi\u00e7a Eleitoral. O presidente da Corte, Dias Toffoli, deu o voto de miseric\u00f3rdia. Bateu o martelo e desempatou. Com o resultado de 6 a 5, a Lava Jato sofreu um duro golpe.<\/p>\n<p>Os votos que amea\u00e7am a Lava Jato, segundo avalia\u00e7\u00e3o de procuradores e promotores, foram dados pelos ministros Marco Aur\u00e9lio (relator), Alexandre de Moraes, Ricardo Lewandowski, Gilmar Mendes, Celso de Mello e Dias Toffoli. Foram votos vencidos os ministros Edson Fachin, Lu\u00eds Roberto Barroso, Rosa Weber, Luiz Fux e C\u00e1rmen L\u00facia.<\/p>\n<p>Integrantes da for\u00e7a-tarefa da Opera\u00e7\u00e3o Lava Jato, em Curitiba, criticavam o envio de casos \u00e0 Justi\u00e7a Eleitoral, afirmando que n\u00e3o h\u00e1 estrutura para processos mais complexos, o que, segundo procuradores, pode levar \u00e0 maior demora e risco de prescri\u00e7\u00f5es, al\u00e9m de risco da anula\u00e7\u00e3o de atos j\u00e1 foram realizados pela Justi\u00e7a Federal.<\/p>\n<p>Tamb\u00e9m derrotada, a procuradora-geral da Rep\u00fablica, Raquel Dodge, n\u00e3o v\u00ea, por\u00e9m, riscos de que a decis\u00e3o do Supremo prejudique a Lava Jato. &#8220;N\u00e3o vejo esse risco nesse momento. Mas \u00e9 preciso avaliar com cuidado e n\u00e3o perder o foco. Manteremos o foco contra corrup\u00e7\u00e3o e impunidade&#8221;, disse.<\/p>\n<p>A decis\u00e3o tamb\u00e9m contrariou o ministro da Justi\u00e7a S\u00e9rgio Moro, ex-juiz da Lava Jato. Na v\u00e9spera da decis\u00e3o do Supremo, ele fez um alerta: a Justi\u00e7a Eleitoral n\u00e3o tem condi\u00e7\u00f5es de investigar e apurar casos de corrup\u00e7\u00e3o.<\/p>\n","protected":false},"excerpt":{"rendered":"<p>Os crimes de Caixa 2 e de corrup\u00e7\u00e3o &#8211; inclusive lavagem de dinheiro -, praticados por pol\u00edticos, n\u00e3o ficar\u00e3o mais na al\u00e7ada da Justi\u00e7a Federal. Foi o que decidiu no in\u00edcio da noite desta quinta, 14, o Supremo Tribunal Federal. A vota\u00e7\u00e3o chegou ao impasse de 5 votos para que as a\u00e7\u00f5es ficassem no \u00e2mbito [&hellip;]<\/p>\n","protected":false},"author":2,"featured_media":204716,"comment_status":"closed","ping_status":"closed","sticky":false,"template":"","format":"standard","meta":{"_acf_changed":false,"footnotes":""},"categories":[16],"tags":[95],"class_list":["post-204715","post","type-post","status-publish","format-standard","has-post-thumbnail","hentry","category-brasil","tag-capa"],"acf":[],"yoast_head":"<!-- This site is optimized with the Yoast SEO plugin v27.2 - https:\/\/yoast.com\/product\/yoast-seo-wordpress\/ -->\n<title>Supremo tira crime de Caixa 2 da Lava Jato - Notibras<\/title>\n<meta name=\"robots\" content=\"index, follow, max-snippet:-1, max-image-preview:large, max-video-preview:-1\" \/>\n<link rel=\"canonical\" href=\"https:\/\/www.notibras.com\/site\/supremo-tira-crime-de-caixa-2-da-lava-jato\/\" \/>\n<meta property=\"og:locale\" content=\"pt_BR\" \/>\n<meta property=\"og:type\" content=\"article\" \/>\n<meta property=\"og:title\" content=\"Supremo tira crime de Caixa 2 da Lava Jato - Notibras\" \/>\n<meta property=\"og:description\" content=\"Os crimes de Caixa 2 e de corrup\u00e7\u00e3o &#8211; inclusive lavagem de dinheiro -, praticados por pol\u00edticos, n\u00e3o ficar\u00e3o mais na al\u00e7ada da Justi\u00e7a Federal. Foi o que decidiu no in\u00edcio da noite desta quinta, 14, o Supremo Tribunal Federal. A vota\u00e7\u00e3o chegou ao impasse de 5 votos para que as a\u00e7\u00f5es ficassem no \u00e2mbito [&hellip;]\" \/>\n<meta property=\"og:url\" content=\"https:\/\/www.notibras.com\/site\/supremo-tira-crime-de-caixa-2-da-lava-jato\/\" \/>\n<meta property=\"og:site_name\" content=\"Notibras\" \/>\n<meta property=\"article:publisher\" content=\"https:\/\/www.facebook.com\/notibras\/\" \/>\n<meta property=\"article:published_time\" content=\"2019-03-14T21:45:08+00:00\" \/>\n<meta property=\"article:modified_time\" content=\"2019-03-14T22:32:10+00:00\" \/>\n<meta property=\"og:image\" content=\"https:\/\/www.notibras.com\/site\/wp-content\/uploads\/2019\/03\/stf-14.jpg\" \/>\n\t<meta property=\"og:image:width\" content=\"1140\" \/>\n\t<meta property=\"og:image:height\" content=\"760\" \/>\n\t<meta property=\"og:image:type\" content=\"image\/jpeg\" \/>\n<meta name=\"author\" content=\"Reda\u00e7\u00e3o\" \/>\n<meta name=\"twitter:card\" content=\"summary_large_image\" \/>\n<meta name=\"twitter:creator\" content=\"@Notibras\" \/>\n<meta name=\"twitter:site\" content=\"@Notibras\" \/>\n<meta name=\"twitter:label1\" content=\"Escrito por\" \/>\n\t<meta name=\"twitter:data1\" content=\"Reda\u00e7\u00e3o\" \/>\n\t<meta name=\"twitter:label2\" content=\"Est. tempo de leitura\" \/>\n\t<meta name=\"twitter:data2\" content=\"2 minutos\" \/>\n<script type=\"application\/ld+json\" class=\"yoast-schema-graph\">{\"@context\":\"https:\/\/schema.org\",\"@graph\":[{\"@type\":\"Article\",\"@id\":\"https:\/\/www.notibras.com\/site\/supremo-tira-crime-de-caixa-2-da-lava-jato\/#article\",\"isPartOf\":{\"@id\":\"https:\/\/www.notibras.com\/site\/supremo-tira-crime-de-caixa-2-da-lava-jato\/\"},\"author\":{\"name\":\"Reda\u00e7\u00e3o\",\"@id\":\"https:\/\/www.notibras.com\/site\/#\/schema\/person\/36ab0979449956132d3e5b517ea76ac8\"},\"headline\":\"Supremo tira crime de Caixa 2 da Lava Jato\",\"datePublished\":\"2019-03-14T21:45:08+00:00\",\"dateModified\":\"2019-03-14T22:32:10+00:00\",\"mainEntityOfPage\":{\"@id\":\"https:\/\/www.notibras.com\/site\/supremo-tira-crime-de-caixa-2-da-lava-jato\/\"},\"wordCount\":329,\"publisher\":{\"@id\":\"https:\/\/www.notibras.com\/site\/#organization\"},\"image\":{\"@id\":\"https:\/\/www.notibras.com\/site\/supremo-tira-crime-de-caixa-2-da-lava-jato\/#primaryimage\"},\"thumbnailUrl\":\"https:\/\/www.notibras.com\/site\/wp-content\/uploads\/2019\/03\/stf-14.jpg\",\"keywords\":[\"capa\"],\"articleSection\":[\"Brasil\"],\"inLanguage\":\"pt-BR\"},{\"@type\":\"WebPage\",\"@id\":\"https:\/\/www.notibras.com\/site\/supremo-tira-crime-de-caixa-2-da-lava-jato\/\",\"url\":\"https:\/\/www.notibras.com\/site\/supremo-tira-crime-de-caixa-2-da-lava-jato\/\",\"name\":\"Supremo tira crime de Caixa 2 da Lava Jato - Notibras\",\"isPartOf\":{\"@id\":\"https:\/\/www.notibras.com\/site\/#website\"},\"primaryImageOfPage\":{\"@id\":\"https:\/\/www.notibras.com\/site\/supremo-tira-crime-de-caixa-2-da-lava-jato\/#primaryimage\"},\"image\":{\"@id\":\"https:\/\/www.notibras.com\/site\/supremo-tira-crime-de-caixa-2-da-lava-jato\/#primaryimage\"},\"thumbnailUrl\":\"https:\/\/www.notibras.com\/site\/wp-content\/uploads\/2019\/03\/stf-14.jpg\",\"datePublished\":\"2019-03-14T21:45:08+00:00\",\"dateModified\":\"2019-03-14T22:32:10+00:00\",\"breadcrumb\":{\"@id\":\"https:\/\/www.notibras.com\/site\/supremo-tira-crime-de-caixa-2-da-lava-jato\/#breadcrumb\"},\"inLanguage\":\"pt-BR\",\"potentialAction\":[{\"@type\":\"ReadAction\",\"target\":[\"https:\/\/www.notibras.com\/site\/supremo-tira-crime-de-caixa-2-da-lava-jato\/\"]}]},{\"@type\":\"ImageObject\",\"inLanguage\":\"pt-BR\",\"@id\":\"https:\/\/www.notibras.com\/site\/supremo-tira-crime-de-caixa-2-da-lava-jato\/#primaryimage\",\"url\":\"https:\/\/www.notibras.com\/site\/wp-content\/uploads\/2019\/03\/stf-14.jpg\",\"contentUrl\":\"https:\/\/www.notibras.com\/site\/wp-content\/uploads\/2019\/03\/stf-14.jpg\",\"width\":1140,\"height\":760},{\"@type\":\"BreadcrumbList\",\"@id\":\"https:\/\/www.notibras.com\/site\/supremo-tira-crime-de-caixa-2-da-lava-jato\/#breadcrumb\",\"itemListElement\":[{\"@type\":\"ListItem\",\"position\":1,\"name\":\"In\u00edcio\",\"item\":\"https:\/\/www.notibras.com\/site\/\"},{\"@type\":\"ListItem\",\"position\":2,\"name\":\"Supremo tira crime de Caixa 2 da Lava Jato\"}]},{\"@type\":\"WebSite\",\"@id\":\"https:\/\/www.notibras.com\/site\/#website\",\"url\":\"https:\/\/www.notibras.com\/site\/\",\"name\":\"Notibras\",\"description\":\"Not\u00edcias de Bras\u00edlia, do Brasil e do Mundo\",\"publisher\":{\"@id\":\"https:\/\/www.notibras.com\/site\/#organization\"},\"potentialAction\":[{\"@type\":\"SearchAction\",\"target\":{\"@type\":\"EntryPoint\",\"urlTemplate\":\"https:\/\/www.notibras.com\/site\/?s={search_term_string}\"},\"query-input\":{\"@type\":\"PropertyValueSpecification\",\"valueRequired\":true,\"valueName\":\"search_term_string\"}}],\"inLanguage\":\"pt-BR\"},{\"@type\":\"Organization\",\"@id\":\"https:\/\/www.notibras.com\/site\/#organization\",\"name\":\"Grupo Notibras de Comunica\u00e7\u00e3o\",\"url\":\"https:\/\/www.notibras.com\/site\/\",\"logo\":{\"@type\":\"ImageObject\",\"inLanguage\":\"pt-BR\",\"@id\":\"https:\/\/www.notibras.com\/site\/#\/schema\/logo\/image\/\",\"url\":\"https:\/\/www.notibras.com\/site\/wp-content\/uploads\/2023\/01\/notibras23.png\",\"contentUrl\":\"https:\/\/www.notibras.com\/site\/wp-content\/uploads\/2023\/01\/notibras23.png\",\"width\":350,\"height\":87,\"caption\":\"Grupo Notibras de Comunica\u00e7\u00e3o\"},\"image\":{\"@id\":\"https:\/\/www.notibras.com\/site\/#\/schema\/logo\/image\/\"},\"sameAs\":[\"https:\/\/www.facebook.com\/notibras\/\",\"https:\/\/x.com\/Notibras\",\"https:\/\/www.instagram.com\/notibras\/\"]},{\"@type\":\"Person\",\"@id\":\"https:\/\/www.notibras.com\/site\/#\/schema\/person\/36ab0979449956132d3e5b517ea76ac8\",\"name\":\"Reda\u00e7\u00e3o\",\"image\":{\"@type\":\"ImageObject\",\"inLanguage\":\"pt-BR\",\"@id\":\"https:\/\/secure.gravatar.com\/avatar\/e0a867bdedb85fd243eadf09663511f96fc81e0720a4a42581f334ad4303aa6b?s=96&d=mm&r=g\",\"url\":\"https:\/\/secure.gravatar.com\/avatar\/e0a867bdedb85fd243eadf09663511f96fc81e0720a4a42581f334ad4303aa6b?s=96&d=mm&r=g\",\"contentUrl\":\"https:\/\/secure.gravatar.com\/avatar\/e0a867bdedb85fd243eadf09663511f96fc81e0720a4a42581f334ad4303aa6b?s=96&d=mm&r=g\",\"caption\":\"Reda\u00e7\u00e3o\"}}]}<\/script>\n<!-- \/ Yoast SEO plugin. -->","yoast_head_json":{"title":"Supremo tira crime de Caixa 2 da Lava Jato - Notibras","robots":{"index":"index","follow":"follow","max-snippet":"max-snippet:-1","max-image-preview":"max-image-preview:large","max-video-preview":"max-video-preview:-1"},"canonical":"https:\/\/www.notibras.com\/site\/supremo-tira-crime-de-caixa-2-da-lava-jato\/","og_locale":"pt_BR","og_type":"article","og_title":"Supremo tira crime de Caixa 2 da Lava Jato - Notibras","og_description":"Os crimes de Caixa 2 e de corrup\u00e7\u00e3o &#8211; inclusive lavagem de dinheiro -, praticados por pol\u00edticos, n\u00e3o ficar\u00e3o mais na al\u00e7ada da Justi\u00e7a Federal. Foi o que decidiu no in\u00edcio da noite desta quinta, 14, o Supremo Tribunal Federal. A vota\u00e7\u00e3o chegou ao impasse de 5 votos para que as a\u00e7\u00f5es ficassem no \u00e2mbito [&hellip;]","og_url":"https:\/\/www.notibras.com\/site\/supremo-tira-crime-de-caixa-2-da-lava-jato\/","og_site_name":"Notibras","article_publisher":"https:\/\/www.facebook.com\/notibras\/","article_published_time":"2019-03-14T21:45:08+00:00","article_modified_time":"2019-03-14T22:32:10+00:00","og_image":[{"width":1140,"height":760,"url":"https:\/\/www.notibras.com\/site\/wp-content\/uploads\/2019\/03\/stf-14.jpg","type":"image\/jpeg"}],"author":"Reda\u00e7\u00e3o","twitter_card":"summary_large_image","twitter_creator":"@Notibras","twitter_site":"@Notibras","twitter_misc":{"Escrito por":"Reda\u00e7\u00e3o","Est. tempo de leitura":"2 minutos"},"schema":{"@context":"https:\/\/schema.org","@graph":[{"@type":"Article","@id":"https:\/\/www.notibras.com\/site\/supremo-tira-crime-de-caixa-2-da-lava-jato\/#article","isPartOf":{"@id":"https:\/\/www.notibras.com\/site\/supremo-tira-crime-de-caixa-2-da-lava-jato\/"},"author":{"name":"Reda\u00e7\u00e3o","@id":"https:\/\/www.notibras.com\/site\/#\/schema\/person\/36ab0979449956132d3e5b517ea76ac8"},"headline":"Supremo tira crime de Caixa 2 da Lava Jato","datePublished":"2019-03-14T21:45:08+00:00","dateModified":"2019-03-14T22:32:10+00:00","mainEntityOfPage":{"@id":"https:\/\/www.notibras.com\/site\/supremo-tira-crime-de-caixa-2-da-lava-jato\/"},"wordCount":329,"publisher":{"@id":"https:\/\/www.notibras.com\/site\/#organization"},"image":{"@id":"https:\/\/www.notibras.com\/site\/supremo-tira-crime-de-caixa-2-da-lava-jato\/#primaryimage"},"thumbnailUrl":"https:\/\/www.notibras.com\/site\/wp-content\/uploads\/2019\/03\/stf-14.jpg","keywords":["capa"],"articleSection":["Brasil"],"inLanguage":"pt-BR"},{"@type":"WebPage","@id":"https:\/\/www.notibras.com\/site\/supremo-tira-crime-de-caixa-2-da-lava-jato\/","url":"https:\/\/www.notibras.com\/site\/supremo-tira-crime-de-caixa-2-da-lava-jato\/","name":"Supremo tira crime de Caixa 2 da Lava Jato - Notibras","isPartOf":{"@id":"https:\/\/www.notibras.com\/site\/#website"},"primaryImageOfPage":{"@id":"https:\/\/www.notibras.com\/site\/supremo-tira-crime-de-caixa-2-da-lava-jato\/#primaryimage"},"image":{"@id":"https:\/\/www.notibras.com\/site\/supremo-tira-crime-de-caixa-2-da-lava-jato\/#primaryimage"},"thumbnailUrl":"https:\/\/www.notibras.com\/site\/wp-content\/uploads\/2019\/03\/stf-14.jpg","datePublished":"2019-03-14T21:45:08+00:00","dateModified":"2019-03-14T22:32:10+00:00","breadcrumb":{"@id":"https:\/\/www.notibras.com\/site\/supremo-tira-crime-de-caixa-2-da-lava-jato\/#breadcrumb"},"inLanguage":"pt-BR","potentialAction":[{"@type":"ReadAction","target":["https:\/\/www.notibras.com\/site\/supremo-tira-crime-de-caixa-2-da-lava-jato\/"]}]},{"@type":"ImageObject","inLanguage":"pt-BR","@id":"https:\/\/www.notibras.com\/site\/supremo-tira-crime-de-caixa-2-da-lava-jato\/#primaryimage","url":"https:\/\/www.notibras.com\/site\/wp-content\/uploads\/2019\/03\/stf-14.jpg","contentUrl":"https:\/\/www.notibras.com\/site\/wp-content\/uploads\/2019\/03\/stf-14.jpg","width":1140,"height":760},{"@type":"BreadcrumbList","@id":"https:\/\/www.notibras.com\/site\/supremo-tira-crime-de-caixa-2-da-lava-jato\/#breadcrumb","itemListElement":[{"@type":"ListItem","position":1,"name":"In\u00edcio","item":"https:\/\/www.notibras.com\/site\/"},{"@type":"ListItem","position":2,"name":"Supremo tira crime de Caixa 2 da Lava Jato"}]},{"@type":"WebSite","@id":"https:\/\/www.notibras.com\/site\/#website","url":"https:\/\/www.notibras.com\/site\/","name":"Notibras","description":"Not\u00edcias de Bras\u00edlia, do Brasil e do Mundo","publisher":{"@id":"https:\/\/www.notibras.com\/site\/#organization"},"potentialAction":[{"@type":"SearchAction","target":{"@type":"EntryPoint","urlTemplate":"https:\/\/www.notibras.com\/site\/?s={search_term_string}"},"query-input":{"@type":"PropertyValueSpecification","valueRequired":true,"valueName":"search_term_string"}}],"inLanguage":"pt-BR"},{"@type":"Organization","@id":"https:\/\/www.notibras.com\/site\/#organization","name":"Grupo Notibras de Comunica\u00e7\u00e3o","url":"https:\/\/www.notibras.com\/site\/","logo":{"@type":"ImageObject","inLanguage":"pt-BR","@id":"https:\/\/www.notibras.com\/site\/#\/schema\/logo\/image\/","url":"https:\/\/www.notibras.com\/site\/wp-content\/uploads\/2023\/01\/notibras23.png","contentUrl":"https:\/\/www.notibras.com\/site\/wp-content\/uploads\/2023\/01\/notibras23.png","width":350,"height":87,"caption":"Grupo Notibras de Comunica\u00e7\u00e3o"},"image":{"@id":"https:\/\/www.notibras.com\/site\/#\/schema\/logo\/image\/"},"sameAs":["https:\/\/www.facebook.com\/notibras\/","https:\/\/x.com\/Notibras","https:\/\/www.instagram.com\/notibras\/"]},{"@type":"Person","@id":"https:\/\/www.notibras.com\/site\/#\/schema\/person\/36ab0979449956132d3e5b517ea76ac8","name":"Reda\u00e7\u00e3o","image":{"@type":"ImageObject","inLanguage":"pt-BR","@id":"https:\/\/secure.gravatar.com\/avatar\/e0a867bdedb85fd243eadf09663511f96fc81e0720a4a42581f334ad4303aa6b?s=96&d=mm&r=g","url":"https:\/\/secure.gravatar.com\/avatar\/e0a867bdedb85fd243eadf09663511f96fc81e0720a4a42581f334ad4303aa6b?s=96&d=mm&r=g","contentUrl":"https:\/\/secure.gravatar.com\/avatar\/e0a867bdedb85fd243eadf09663511f96fc81e0720a4a42581f334ad4303aa6b?s=96&d=mm&r=g","caption":"Reda\u00e7\u00e3o"}}]}},"amp_enabled":true,"_links":{"self":[{"href":"https:\/\/www.notibras.com\/site\/wp-json\/wp\/v2\/posts\/204715","targetHints":{"allow":["GET"]}}],"collection":[{"href":"https:\/\/www.notibras.com\/site\/wp-json\/wp\/v2\/posts"}],"about":[{"href":"https:\/\/www.notibras.com\/site\/wp-json\/wp\/v2\/types\/post"}],"author":[{"embeddable":true,"href":"https:\/\/www.notibras.com\/site\/wp-json\/wp\/v2\/users\/2"}],"replies":[{"embeddable":true,"href":"https:\/\/www.notibras.com\/site\/wp-json\/wp\/v2\/comments?post=204715"}],"version-history":[{"count":8,"href":"https:\/\/www.notibras.com\/site\/wp-json\/wp\/v2\/posts\/204715\/revisions"}],"predecessor-version":[{"id":204724,"href":"https:\/\/www.notibras.com\/site\/wp-json\/wp\/v2\/posts\/204715\/revisions\/204724"}],"wp:featuredmedia":[{"embeddable":true,"href":"https:\/\/www.notibras.com\/site\/wp-json\/wp\/v2\/media\/204716"}],"wp:attachment":[{"href":"https:\/\/www.notibras.com\/site\/wp-json\/wp\/v2\/media?parent=204715"}],"wp:term":[{"taxonomy":"category","embeddable":true,"href":"https:\/\/www.notibras.com\/site\/wp-json\/wp\/v2\/categories?post=204715"},{"taxonomy":"post_tag","embeddable":true,"href":"https:\/\/www.notibras.com\/site\/wp-json\/wp\/v2\/tags?post=204715"}],"curies":[{"name":"wp","href":"https:\/\/api.w.org\/{rel}","templated":true}]}}