{"id":204727,"date":"2019-03-14T21:28:28","date_gmt":"2019-03-15T00:28:28","guid":{"rendered":"https:\/\/www.notibras.com\/site\/?p=204727"},"modified":"2019-03-14T21:31:18","modified_gmt":"2019-03-15T00:31:18","slug":"senado-insiste-com-cpi-para-o-poder-judiciario","status":"publish","type":"post","link":"https:\/\/www.notibras.com\/site\/senado-insiste-com-cpi-para-o-poder-judiciario\/","title":{"rendered":"Senado insiste com CPI para o Poder Judici\u00e1rio"},"content":{"rendered":"<p>Enquanto o Supremo Tribunal Federal &#8216;dava um golpe&#8217; na Lava Jato, tirando da esfera da Justi\u00e7a Federal a\u00e7\u00f5es de Caixa 2, corrup\u00e7\u00e3o e lavagem de dinheiro, no Senado crescia o movimento para a instala\u00e7\u00e3o da CPI da Toga, arquivada no m\u00eas passado. Na noite desta quinta, 14, o senador Alessandro Vieira (PPS-ES), anunciou j\u00e1 ter as 27 assinaturas necess\u00e1rias para deflagrar o processo.<\/p>\n<p>Alessandro estima protocolar o requerimento na pr\u00f3xima semana. At\u00e9 l\u00e1, diz, \u00e9 poss\u00edvel que ao menos mais seis senadores, al\u00e9m dos atuais 27, assinem o documento. \u00c9 a segunda vez que o senador tenta criar a CPI. Na primeira ocasi\u00e3o, no in\u00edcio de fevereiro, tr\u00eas parlamentares retiraram as suas assinaturas, fazendo com que o requerimento perdesse o n\u00famero m\u00ednimo necess\u00e1rio.<\/p>\n<p>O senador capixaba diz ter confian\u00e7a de que os colegas procurados manter\u00e3o os seus apoios. Por isso, ele pretende apresentar o requerimento assim que obtiver o qu\u00f3rum.<\/p>\n<p>\u2014 Eu n\u00e3o tenho muita preocupa\u00e7\u00e3o em fazer margem, porque eu parto da premissa que senadores e senadoras se responsabilizam pelo que assinam, afirmou.<\/p>\n<p>No requerimento, o senador lista 13 fatos envolvendo ministros de cortes superioras que ele considera determinantes para justificar a organiza\u00e7\u00e3o de uma comiss\u00e3o de inqu\u00e9rito. Entre eles est\u00e3o casos de ju\u00edzes atuando em processos para os quais deveriam se declarar suspeitos ou impedidos; exercendo atividade comercial simult\u00e2nea \u00e0 atua\u00e7\u00e3o na magistratura; recebendo dinheiro por palestras para escrit\u00f3rios de advocacia; revertendo liminares em \u201ctempo recorde\u201d; incorrendo em \u201cuso abusivo\u201d de pedidos de vista; e at\u00e9 recebendo propina, entre outras atividades consideradas contest\u00e1veis.<\/p>\n<p>Segundo o senador, o seu principal objetivo \u00e9 incentivar o aprimoramento do funcionamento do Poder Judici\u00e1rio. Mas os trabalhos poder\u00e3o resultar em eventuais den\u00fancias formais, inclusive em pedidos de impeachment, no caso dos ministros do Supremo Tribunal Federal (STF). No entanto, esse n\u00e3o ser\u00e1 o foco imediato.<\/p>\n<p>\u2014 A identifica\u00e7\u00e3o de atos que possam ser definidos como crimes de responsabilidade \u00e9 uma possibilidade que uma CPI como essa tem. Mas o nosso objetivo mais consistente \u00e9 melhorar a presta\u00e7\u00e3o jurisdicional. A Justi\u00e7a tem que ser r\u00e1pida, eficiente e para todos.<\/p>\n<p>Entre os senadores que apoiaram a cria\u00e7\u00e3o da CPI at\u00e9 agora, 11 partidos diferentes est\u00e3o representados. As legendas v\u00e3o daquelas que apoiam o atual governo \u00e0s que fazem oposi\u00e7\u00e3o a ele. H\u00e1 tamb\u00e9m um senador sem filia\u00e7\u00e3o partid\u00e1ria. Para o parlamentar, isso reflete o interesse p\u00fablico amplo para a iniciativa.<\/p>\n<p>\u2014 \u00c9 uma pauta da sociedade brasileira. Isso \u00e9 claro. O Brasil quer ver a transpar\u00eancia chegar \u00e0 c\u00fapula do Judici\u00e1rio , sublinhou.<\/p>\n","protected":false},"excerpt":{"rendered":"<p>Enquanto o Supremo Tribunal Federal &#8216;dava um golpe&#8217; na Lava Jato, tirando da esfera da Justi\u00e7a Federal a\u00e7\u00f5es de Caixa 2, corrup\u00e7\u00e3o e lavagem de dinheiro, no Senado crescia o movimento para a instala\u00e7\u00e3o da CPI da Toga, arquivada no m\u00eas passado. Na noite desta quinta, 14, o senador Alessandro Vieira (PPS-ES), anunciou j\u00e1 ter [&hellip;]<\/p>\n","protected":false},"author":2,"featured_media":204729,"comment_status":"closed","ping_status":"closed","sticky":false,"template":"","format":"standard","meta":{"_acf_changed":false,"footnotes":""},"categories":[16],"tags":[95],"class_list":["post-204727","post","type-post","status-publish","format-standard","has-post-thumbnail","hentry","category-brasil","tag-capa"],"acf":[],"yoast_head":"<!-- This site is optimized with the Yoast SEO plugin v27.2 - https:\/\/yoast.com\/product\/yoast-seo-wordpress\/ -->\n<title>Senado insiste com CPI para o Poder Judici\u00e1rio - Notibras<\/title>\n<meta name=\"robots\" content=\"index, follow, max-snippet:-1, max-image-preview:large, max-video-preview:-1\" \/>\n<link rel=\"canonical\" href=\"https:\/\/www.notibras.com\/site\/senado-insiste-com-cpi-para-o-poder-judiciario\/\" \/>\n<meta property=\"og:locale\" content=\"pt_BR\" \/>\n<meta property=\"og:type\" content=\"article\" \/>\n<meta property=\"og:title\" content=\"Senado insiste com CPI para o Poder Judici\u00e1rio - Notibras\" \/>\n<meta property=\"og:description\" content=\"Enquanto o Supremo Tribunal Federal &#8216;dava um golpe&#8217; na Lava Jato, tirando da esfera da Justi\u00e7a Federal a\u00e7\u00f5es de Caixa 2, corrup\u00e7\u00e3o e lavagem de dinheiro, no Senado crescia o movimento para a instala\u00e7\u00e3o da CPI da Toga, arquivada no m\u00eas passado. Na noite desta quinta, 14, o senador Alessandro Vieira (PPS-ES), anunciou j\u00e1 ter [&hellip;]\" \/>\n<meta property=\"og:url\" content=\"https:\/\/www.notibras.com\/site\/senado-insiste-com-cpi-para-o-poder-judiciario\/\" \/>\n<meta property=\"og:site_name\" content=\"Notibras\" \/>\n<meta property=\"article:publisher\" content=\"https:\/\/www.facebook.com\/notibras\/\" \/>\n<meta property=\"article:published_time\" content=\"2019-03-15T00:28:28+00:00\" \/>\n<meta property=\"article:modified_time\" content=\"2019-03-15T00:31:18+00:00\" \/>\n<meta property=\"og:image\" content=\"https:\/\/www.notibras.com\/site\/wp-content\/uploads\/2019\/03\/32427731457_c590c5cf72_b.jpg\" \/>\n\t<meta property=\"og:image:width\" content=\"1024\" \/>\n\t<meta property=\"og:image:height\" content=\"683\" \/>\n\t<meta property=\"og:image:type\" content=\"image\/jpeg\" \/>\n<meta name=\"author\" content=\"Reda\u00e7\u00e3o\" \/>\n<meta name=\"twitter:card\" content=\"summary_large_image\" \/>\n<meta name=\"twitter:creator\" content=\"@Notibras\" \/>\n<meta name=\"twitter:site\" content=\"@Notibras\" \/>\n<meta name=\"twitter:label1\" content=\"Escrito por\" \/>\n\t<meta name=\"twitter:data1\" content=\"Reda\u00e7\u00e3o\" \/>\n\t<meta name=\"twitter:label2\" content=\"Est. tempo de leitura\" \/>\n\t<meta name=\"twitter:data2\" content=\"2 minutos\" \/>\n<script type=\"application\/ld+json\" class=\"yoast-schema-graph\">{\"@context\":\"https:\/\/schema.org\",\"@graph\":[{\"@type\":\"Article\",\"@id\":\"https:\/\/www.notibras.com\/site\/senado-insiste-com-cpi-para-o-poder-judiciario\/#article\",\"isPartOf\":{\"@id\":\"https:\/\/www.notibras.com\/site\/senado-insiste-com-cpi-para-o-poder-judiciario\/\"},\"author\":{\"name\":\"Reda\u00e7\u00e3o\",\"@id\":\"https:\/\/www.notibras.com\/site\/#\/schema\/person\/36ab0979449956132d3e5b517ea76ac8\"},\"headline\":\"Senado insiste com CPI para o Poder Judici\u00e1rio\",\"datePublished\":\"2019-03-15T00:28:28+00:00\",\"dateModified\":\"2019-03-15T00:31:18+00:00\",\"mainEntityOfPage\":{\"@id\":\"https:\/\/www.notibras.com\/site\/senado-insiste-com-cpi-para-o-poder-judiciario\/\"},\"wordCount\":456,\"publisher\":{\"@id\":\"https:\/\/www.notibras.com\/site\/#organization\"},\"image\":{\"@id\":\"https:\/\/www.notibras.com\/site\/senado-insiste-com-cpi-para-o-poder-judiciario\/#primaryimage\"},\"thumbnailUrl\":\"https:\/\/www.notibras.com\/site\/wp-content\/uploads\/2019\/03\/32427731457_c590c5cf72_b.jpg\",\"keywords\":[\"capa\"],\"articleSection\":[\"Brasil\"],\"inLanguage\":\"pt-BR\"},{\"@type\":\"WebPage\",\"@id\":\"https:\/\/www.notibras.com\/site\/senado-insiste-com-cpi-para-o-poder-judiciario\/\",\"url\":\"https:\/\/www.notibras.com\/site\/senado-insiste-com-cpi-para-o-poder-judiciario\/\",\"name\":\"Senado insiste com CPI para o Poder Judici\u00e1rio - Notibras\",\"isPartOf\":{\"@id\":\"https:\/\/www.notibras.com\/site\/#website\"},\"primaryImageOfPage\":{\"@id\":\"https:\/\/www.notibras.com\/site\/senado-insiste-com-cpi-para-o-poder-judiciario\/#primaryimage\"},\"image\":{\"@id\":\"https:\/\/www.notibras.com\/site\/senado-insiste-com-cpi-para-o-poder-judiciario\/#primaryimage\"},\"thumbnailUrl\":\"https:\/\/www.notibras.com\/site\/wp-content\/uploads\/2019\/03\/32427731457_c590c5cf72_b.jpg\",\"datePublished\":\"2019-03-15T00:28:28+00:00\",\"dateModified\":\"2019-03-15T00:31:18+00:00\",\"breadcrumb\":{\"@id\":\"https:\/\/www.notibras.com\/site\/senado-insiste-com-cpi-para-o-poder-judiciario\/#breadcrumb\"},\"inLanguage\":\"pt-BR\",\"potentialAction\":[{\"@type\":\"ReadAction\",\"target\":[\"https:\/\/www.notibras.com\/site\/senado-insiste-com-cpi-para-o-poder-judiciario\/\"]}]},{\"@type\":\"ImageObject\",\"inLanguage\":\"pt-BR\",\"@id\":\"https:\/\/www.notibras.com\/site\/senado-insiste-com-cpi-para-o-poder-judiciario\/#primaryimage\",\"url\":\"https:\/\/www.notibras.com\/site\/wp-content\/uploads\/2019\/03\/32427731457_c590c5cf72_b.jpg\",\"contentUrl\":\"https:\/\/www.notibras.com\/site\/wp-content\/uploads\/2019\/03\/32427731457_c590c5cf72_b.jpg\",\"width\":1024,\"height\":683,\"caption\":\"Foto: Geraldo Magela\/Ag\u00eancia Senado\"},{\"@type\":\"BreadcrumbList\",\"@id\":\"https:\/\/www.notibras.com\/site\/senado-insiste-com-cpi-para-o-poder-judiciario\/#breadcrumb\",\"itemListElement\":[{\"@type\":\"ListItem\",\"position\":1,\"name\":\"In\u00edcio\",\"item\":\"https:\/\/www.notibras.com\/site\/\"},{\"@type\":\"ListItem\",\"position\":2,\"name\":\"Senado insiste com CPI para o Poder Judici\u00e1rio\"}]},{\"@type\":\"WebSite\",\"@id\":\"https:\/\/www.notibras.com\/site\/#website\",\"url\":\"https:\/\/www.notibras.com\/site\/\",\"name\":\"Notibras\",\"description\":\"Not\u00edcias de Bras\u00edlia, do Brasil e do Mundo\",\"publisher\":{\"@id\":\"https:\/\/www.notibras.com\/site\/#organization\"},\"potentialAction\":[{\"@type\":\"SearchAction\",\"target\":{\"@type\":\"EntryPoint\",\"urlTemplate\":\"https:\/\/www.notibras.com\/site\/?s={search_term_string}\"},\"query-input\":{\"@type\":\"PropertyValueSpecification\",\"valueRequired\":true,\"valueName\":\"search_term_string\"}}],\"inLanguage\":\"pt-BR\"},{\"@type\":\"Organization\",\"@id\":\"https:\/\/www.notibras.com\/site\/#organization\",\"name\":\"Grupo Notibras de Comunica\u00e7\u00e3o\",\"url\":\"https:\/\/www.notibras.com\/site\/\",\"logo\":{\"@type\":\"ImageObject\",\"inLanguage\":\"pt-BR\",\"@id\":\"https:\/\/www.notibras.com\/site\/#\/schema\/logo\/image\/\",\"url\":\"https:\/\/www.notibras.com\/site\/wp-content\/uploads\/2023\/01\/notibras23.png\",\"contentUrl\":\"https:\/\/www.notibras.com\/site\/wp-content\/uploads\/2023\/01\/notibras23.png\",\"width\":350,\"height\":87,\"caption\":\"Grupo Notibras de Comunica\u00e7\u00e3o\"},\"image\":{\"@id\":\"https:\/\/www.notibras.com\/site\/#\/schema\/logo\/image\/\"},\"sameAs\":[\"https:\/\/www.facebook.com\/notibras\/\",\"https:\/\/x.com\/Notibras\",\"https:\/\/www.instagram.com\/notibras\/\"]},{\"@type\":\"Person\",\"@id\":\"https:\/\/www.notibras.com\/site\/#\/schema\/person\/36ab0979449956132d3e5b517ea76ac8\",\"name\":\"Reda\u00e7\u00e3o\",\"image\":{\"@type\":\"ImageObject\",\"inLanguage\":\"pt-BR\",\"@id\":\"https:\/\/secure.gravatar.com\/avatar\/e0a867bdedb85fd243eadf09663511f96fc81e0720a4a42581f334ad4303aa6b?s=96&d=mm&r=g\",\"url\":\"https:\/\/secure.gravatar.com\/avatar\/e0a867bdedb85fd243eadf09663511f96fc81e0720a4a42581f334ad4303aa6b?s=96&d=mm&r=g\",\"contentUrl\":\"https:\/\/secure.gravatar.com\/avatar\/e0a867bdedb85fd243eadf09663511f96fc81e0720a4a42581f334ad4303aa6b?s=96&d=mm&r=g\",\"caption\":\"Reda\u00e7\u00e3o\"}}]}<\/script>\n<!-- \/ Yoast SEO plugin. -->","yoast_head_json":{"title":"Senado insiste com CPI para o Poder Judici\u00e1rio - Notibras","robots":{"index":"index","follow":"follow","max-snippet":"max-snippet:-1","max-image-preview":"max-image-preview:large","max-video-preview":"max-video-preview:-1"},"canonical":"https:\/\/www.notibras.com\/site\/senado-insiste-com-cpi-para-o-poder-judiciario\/","og_locale":"pt_BR","og_type":"article","og_title":"Senado insiste com CPI para o Poder Judici\u00e1rio - Notibras","og_description":"Enquanto o Supremo Tribunal Federal &#8216;dava um golpe&#8217; na Lava Jato, tirando da esfera da Justi\u00e7a Federal a\u00e7\u00f5es de Caixa 2, corrup\u00e7\u00e3o e lavagem de dinheiro, no Senado crescia o movimento para a instala\u00e7\u00e3o da CPI da Toga, arquivada no m\u00eas passado. Na noite desta quinta, 14, o senador Alessandro Vieira (PPS-ES), anunciou j\u00e1 ter [&hellip;]","og_url":"https:\/\/www.notibras.com\/site\/senado-insiste-com-cpi-para-o-poder-judiciario\/","og_site_name":"Notibras","article_publisher":"https:\/\/www.facebook.com\/notibras\/","article_published_time":"2019-03-15T00:28:28+00:00","article_modified_time":"2019-03-15T00:31:18+00:00","og_image":[{"width":1024,"height":683,"url":"https:\/\/www.notibras.com\/site\/wp-content\/uploads\/2019\/03\/32427731457_c590c5cf72_b.jpg","type":"image\/jpeg"}],"author":"Reda\u00e7\u00e3o","twitter_card":"summary_large_image","twitter_creator":"@Notibras","twitter_site":"@Notibras","twitter_misc":{"Escrito por":"Reda\u00e7\u00e3o","Est. tempo de leitura":"2 minutos"},"schema":{"@context":"https:\/\/schema.org","@graph":[{"@type":"Article","@id":"https:\/\/www.notibras.com\/site\/senado-insiste-com-cpi-para-o-poder-judiciario\/#article","isPartOf":{"@id":"https:\/\/www.notibras.com\/site\/senado-insiste-com-cpi-para-o-poder-judiciario\/"},"author":{"name":"Reda\u00e7\u00e3o","@id":"https:\/\/www.notibras.com\/site\/#\/schema\/person\/36ab0979449956132d3e5b517ea76ac8"},"headline":"Senado insiste com CPI para o Poder Judici\u00e1rio","datePublished":"2019-03-15T00:28:28+00:00","dateModified":"2019-03-15T00:31:18+00:00","mainEntityOfPage":{"@id":"https:\/\/www.notibras.com\/site\/senado-insiste-com-cpi-para-o-poder-judiciario\/"},"wordCount":456,"publisher":{"@id":"https:\/\/www.notibras.com\/site\/#organization"},"image":{"@id":"https:\/\/www.notibras.com\/site\/senado-insiste-com-cpi-para-o-poder-judiciario\/#primaryimage"},"thumbnailUrl":"https:\/\/www.notibras.com\/site\/wp-content\/uploads\/2019\/03\/32427731457_c590c5cf72_b.jpg","keywords":["capa"],"articleSection":["Brasil"],"inLanguage":"pt-BR"},{"@type":"WebPage","@id":"https:\/\/www.notibras.com\/site\/senado-insiste-com-cpi-para-o-poder-judiciario\/","url":"https:\/\/www.notibras.com\/site\/senado-insiste-com-cpi-para-o-poder-judiciario\/","name":"Senado insiste com CPI para o Poder Judici\u00e1rio - Notibras","isPartOf":{"@id":"https:\/\/www.notibras.com\/site\/#website"},"primaryImageOfPage":{"@id":"https:\/\/www.notibras.com\/site\/senado-insiste-com-cpi-para-o-poder-judiciario\/#primaryimage"},"image":{"@id":"https:\/\/www.notibras.com\/site\/senado-insiste-com-cpi-para-o-poder-judiciario\/#primaryimage"},"thumbnailUrl":"https:\/\/www.notibras.com\/site\/wp-content\/uploads\/2019\/03\/32427731457_c590c5cf72_b.jpg","datePublished":"2019-03-15T00:28:28+00:00","dateModified":"2019-03-15T00:31:18+00:00","breadcrumb":{"@id":"https:\/\/www.notibras.com\/site\/senado-insiste-com-cpi-para-o-poder-judiciario\/#breadcrumb"},"inLanguage":"pt-BR","potentialAction":[{"@type":"ReadAction","target":["https:\/\/www.notibras.com\/site\/senado-insiste-com-cpi-para-o-poder-judiciario\/"]}]},{"@type":"ImageObject","inLanguage":"pt-BR","@id":"https:\/\/www.notibras.com\/site\/senado-insiste-com-cpi-para-o-poder-judiciario\/#primaryimage","url":"https:\/\/www.notibras.com\/site\/wp-content\/uploads\/2019\/03\/32427731457_c590c5cf72_b.jpg","contentUrl":"https:\/\/www.notibras.com\/site\/wp-content\/uploads\/2019\/03\/32427731457_c590c5cf72_b.jpg","width":1024,"height":683,"caption":"Foto: Geraldo Magela\/Ag\u00eancia Senado"},{"@type":"BreadcrumbList","@id":"https:\/\/www.notibras.com\/site\/senado-insiste-com-cpi-para-o-poder-judiciario\/#breadcrumb","itemListElement":[{"@type":"ListItem","position":1,"name":"In\u00edcio","item":"https:\/\/www.notibras.com\/site\/"},{"@type":"ListItem","position":2,"name":"Senado insiste com CPI para o Poder Judici\u00e1rio"}]},{"@type":"WebSite","@id":"https:\/\/www.notibras.com\/site\/#website","url":"https:\/\/www.notibras.com\/site\/","name":"Notibras","description":"Not\u00edcias de Bras\u00edlia, do Brasil e do Mundo","publisher":{"@id":"https:\/\/www.notibras.com\/site\/#organization"},"potentialAction":[{"@type":"SearchAction","target":{"@type":"EntryPoint","urlTemplate":"https:\/\/www.notibras.com\/site\/?s={search_term_string}"},"query-input":{"@type":"PropertyValueSpecification","valueRequired":true,"valueName":"search_term_string"}}],"inLanguage":"pt-BR"},{"@type":"Organization","@id":"https:\/\/www.notibras.com\/site\/#organization","name":"Grupo Notibras de Comunica\u00e7\u00e3o","url":"https:\/\/www.notibras.com\/site\/","logo":{"@type":"ImageObject","inLanguage":"pt-BR","@id":"https:\/\/www.notibras.com\/site\/#\/schema\/logo\/image\/","url":"https:\/\/www.notibras.com\/site\/wp-content\/uploads\/2023\/01\/notibras23.png","contentUrl":"https:\/\/www.notibras.com\/site\/wp-content\/uploads\/2023\/01\/notibras23.png","width":350,"height":87,"caption":"Grupo Notibras de Comunica\u00e7\u00e3o"},"image":{"@id":"https:\/\/www.notibras.com\/site\/#\/schema\/logo\/image\/"},"sameAs":["https:\/\/www.facebook.com\/notibras\/","https:\/\/x.com\/Notibras","https:\/\/www.instagram.com\/notibras\/"]},{"@type":"Person","@id":"https:\/\/www.notibras.com\/site\/#\/schema\/person\/36ab0979449956132d3e5b517ea76ac8","name":"Reda\u00e7\u00e3o","image":{"@type":"ImageObject","inLanguage":"pt-BR","@id":"https:\/\/secure.gravatar.com\/avatar\/e0a867bdedb85fd243eadf09663511f96fc81e0720a4a42581f334ad4303aa6b?s=96&d=mm&r=g","url":"https:\/\/secure.gravatar.com\/avatar\/e0a867bdedb85fd243eadf09663511f96fc81e0720a4a42581f334ad4303aa6b?s=96&d=mm&r=g","contentUrl":"https:\/\/secure.gravatar.com\/avatar\/e0a867bdedb85fd243eadf09663511f96fc81e0720a4a42581f334ad4303aa6b?s=96&d=mm&r=g","caption":"Reda\u00e7\u00e3o"}}]}},"amp_enabled":true,"_links":{"self":[{"href":"https:\/\/www.notibras.com\/site\/wp-json\/wp\/v2\/posts\/204727","targetHints":{"allow":["GET"]}}],"collection":[{"href":"https:\/\/www.notibras.com\/site\/wp-json\/wp\/v2\/posts"}],"about":[{"href":"https:\/\/www.notibras.com\/site\/wp-json\/wp\/v2\/types\/post"}],"author":[{"embeddable":true,"href":"https:\/\/www.notibras.com\/site\/wp-json\/wp\/v2\/users\/2"}],"replies":[{"embeddable":true,"href":"https:\/\/www.notibras.com\/site\/wp-json\/wp\/v2\/comments?post=204727"}],"version-history":[{"count":5,"href":"https:\/\/www.notibras.com\/site\/wp-json\/wp\/v2\/posts\/204727\/revisions"}],"predecessor-version":[{"id":204734,"href":"https:\/\/www.notibras.com\/site\/wp-json\/wp\/v2\/posts\/204727\/revisions\/204734"}],"wp:featuredmedia":[{"embeddable":true,"href":"https:\/\/www.notibras.com\/site\/wp-json\/wp\/v2\/media\/204729"}],"wp:attachment":[{"href":"https:\/\/www.notibras.com\/site\/wp-json\/wp\/v2\/media?parent=204727"}],"wp:term":[{"taxonomy":"category","embeddable":true,"href":"https:\/\/www.notibras.com\/site\/wp-json\/wp\/v2\/categories?post=204727"},{"taxonomy":"post_tag","embeddable":true,"href":"https:\/\/www.notibras.com\/site\/wp-json\/wp\/v2\/tags?post=204727"}],"curies":[{"name":"wp","href":"https:\/\/api.w.org\/{rel}","templated":true}]}}