{"id":204763,"date":"2019-03-15T12:00:19","date_gmt":"2019-03-15T15:00:19","guid":{"rendered":"https:\/\/www.notibras.com\/site\/?p=204763"},"modified":"2019-03-15T19:36:55","modified_gmt":"2019-03-15T22:36:55","slug":"toffoli-vai-para-guerra-contra-jair-bolsonaro-e-davi-alcolumbre","status":"publish","type":"post","link":"https:\/\/www.notibras.com\/site\/toffoli-vai-para-guerra-contra-jair-bolsonaro-e-davi-alcolumbre\/","title":{"rendered":"Toffoli vai para guerra contra Bolsonaro e Alcolumbre"},"content":{"rendered":"<p>Ap\u00f3s o resultado do Supremo Tribunal Federal, que determinou que crimes comuns como lavagem de dinheiro e corrup\u00e7\u00e3o \u2013 que nos \u00faltimos tempos sangraram bilh\u00f5es de reais dos cofres p\u00fablicos \u2013 sejam julgados pela Justi\u00e7a Eleitoral, imediatamente l\u00edderes do Executivo e do Legislativo passaram a analisar o futuro nacional sob o formato atual da Justi\u00e7a brasileira.<\/p>\n<p>Integrantes do Pal\u00e1cio do Planalto entenderam como sintom\u00e1tica a portaria editada por Dias Toffoli, na mesma ocasi\u00e3o, que determina abertura de inqu\u00e9rito para investigar not\u00edcias, a\u00e7\u00f5es caluniosas, difamantes e injuriantes, que venham atingir a seguran\u00e7a da Corte e de seus membros.<\/p>\n<p>Observadores afirmam que \u00e9 necess\u00e1rio analisar o combo de Dias Toffoli. Ao decidir a apertada vota\u00e7\u00e3o sobre o destino das investiga\u00e7\u00f5es de cinco anos da Lava Jato, em que o presidente do STF foi o voto de Minerva e autor da portaria que, segundo parlamentares, amea\u00e7a a livre manifesta\u00e7\u00e3o dos cr\u00edticos, a rea\u00e7\u00e3o da maioria dos eleitores, boa parte da bancada de parlamentares, o segmento da imprensa que apoia o resultado das elei\u00e7\u00f5es e cidad\u00e3os comuns indignados, ent\u00e3o ele declarou guerra.<\/p>\n<p>A metodologia para caracterizar a portaria como um instrumento preventivo ao seu voto decisivo de desempate, de acordo com a intelig\u00eancia do Planalto, ser\u00e1 quantificar as cr\u00edticas que receber\u00e3o os ministros que votaram contra a decis\u00e3o. S\u00e3o eles: Edson Fachin, Luis Roberto Barroso, Rosa Weber, Luiz Fux e C\u00e1rmem L\u00facia. V\u00e3o aguardar para ver se estes magistrados recebem cr\u00edticas ou elogios.<\/p>\n<p>A equipe dever\u00e1 verificar, qualificar e quantificar as rea\u00e7\u00f5es nas redes sociais. A conta \u00e9 simples. Caso esses cinco ministros contr\u00e1rios \u00e0 decis\u00e3o de Toffoli sejam atacados, ent\u00e3o a maioria da popula\u00e7\u00e3o apoia a decis\u00e3o. Por outro lado, caso as cr\u00edticas sejam contra os outros seis ministros que entenderam que a transfer\u00eancia do pacote de malfeitos do PT para a Justi\u00e7a Eleitoral \u00e9 melhor para a Opera\u00e7\u00e3o Lava Jato e para o Brasil (somado o voto de Minerva de Toffoli), ent\u00e3o a popula\u00e7\u00e3o detestou o que fizeram os seis togados.<\/p>\n<p>A opini\u00e3o da maioria ser\u00e1 assim aferida pelo Pal\u00e1cio do Planalto. Gilmar Mendes afirmou que o enfrentamento \u00e9 pelo poder. Sobre isso n\u00e3o restam d\u00favidas. Por falar em poder, o STF cutucou os outros dois poderes constitucionais, observando que ambos emanam do povo, da maioria dele.<\/p>\n<p>No Supremo Tribunal os ministros s\u00e3o indicados pelo presidente da Rep\u00fablica. N\u00e3o h\u00e1 concurso p\u00fablico. No Senado faltam apenas duas assinaturas para a aprova\u00e7\u00e3o de um encaminhamento de impeachment \u2013 Lava Toga &#8211; contra Gilmar Mendes, fundamentado por 32 fatos, segundo os autores. No Pal\u00e1cio do Planalto est\u00e1 o comando da Pol\u00edcia Federal, dos servi\u00e7os de intelig\u00eancia, do Coaf \u2013 Conselho de Controle de Atividades Financeiras, do Minist\u00e9rio da Justi\u00e7a, das For\u00e7as Armadas, do Minist\u00e9rio da Justi\u00e7a &#8211; do justiceiro Sergio Moro -, apoiado por brasileiros cansados de corrup\u00e7\u00e3o e lavagem de dinheiro.<\/p>\n<p>No m\u00ednimo 50 milh\u00f5es de canetas Bic \u2013 que ser\u00e3o provavelmente utilizadas nas pr\u00f3ximas elei\u00e7\u00f5es em substitui\u00e7\u00e3o ao voto eletr\u00f4nico \u2013 contra seis Mont Blanc, com peso inversamente proporcional.<\/p>\n<p>Ningu\u00e9m entende como ser\u00e1 o cen\u00e1rio se eventuais solicita\u00e7\u00f5es de Dias Toffoli, para investigar brasileiros injuriados, sejam encaminhadas exatamente ao poder Executivo, agora combalido por sua decis\u00e3o. Uma situa\u00e7\u00e3o difusa.<\/p>\n<p>Os ministros que alteraram o curso jur\u00eddico do combate \u00e0 corrup\u00e7\u00e3o no Brasil s\u00e3o: Marco Aur\u00e9lio, Alexandre Moraes, Ricardo Lewandowski, Gilmar Mendes e Celso de Mello. Entretanto, a decis\u00e3o que impacta a vida de 200 milh\u00f5es de brasileiros veio de uma \u00fanica cabe\u00e7a, pelo voto de desempate. A de Dias Toffoli, leg\u00edtimo presidente daquela Suprema Corte, de acordo com a nossa combatida Constitui\u00e7\u00e3o que, segundo especialistas, carece de profunda revis\u00e3o.<\/p>\n<p>O arcabou\u00e7o da Justi\u00e7a brasileira \u00e9 curioso, pouco comum. Um poder caro. Temos aqui especializa\u00e7\u00f5es em progress\u00e3o geom\u00e9trica de inst\u00e2ncias at\u00e9 as superiores: STF, STJ, TST, TSE e STM. Pa\u00edses desenvolvidos julgam suas encrencas em uma \u00fanica corte superior, sejam elas comuns, trabalhistas, eleitorais ou militares.<\/p>\n<p>Das capitais mundiais, Bras\u00edlia \u00e9 rara, onde s\u00e3o erguidos pal\u00e1cios monumentais com arquitetura de grife para abrigar togados especializados em diferentes quest\u00f5es que, no fundo, s\u00e3o a mesma coisa. Mas como em toda democracia, assim a sociedade decidiu. Decidiu tamb\u00e9m que o Senado Federal, leg\u00edtimo representante do pov\u00e3o que vive pendurado em morros, seja o fiel escudeiro e instrumento de fiscaliza\u00e7\u00e3o das obriga\u00e7\u00f5es e deveres dos ministros superiores e suas compet\u00eancias.<\/p>\n<p>At\u00e9 hoje ningu\u00e9m viu isso. Vamos ver? Agora que h\u00e1 uma clara divis\u00e3o de opini\u00f5es no Supremo Tribunal Federal, que cerca o mais emblem\u00e1tico tema nacional com consequ\u00eancias no dia a dia da sa\u00fade, seguran\u00e7a e educa\u00e7\u00e3o dos brasileiros, os poderes atingidos ter\u00e3o que apresentar suas armas.<\/p>\n<p>Metade (mais um) do STF j\u00e1 apontou a dele. Que opinem os sobreviventes. Mas cuidado, tem uma Mont Blanc mirando as suas cabe\u00e7as.<\/p>\n","protected":false},"excerpt":{"rendered":"<p>Ap\u00f3s o resultado do Supremo Tribunal Federal, que determinou que crimes comuns como lavagem de dinheiro e corrup\u00e7\u00e3o \u2013 que nos \u00faltimos tempos sangraram bilh\u00f5es de reais dos cofres p\u00fablicos \u2013 sejam julgados pela Justi\u00e7a Eleitoral, imediatamente l\u00edderes do Executivo e do Legislativo passaram a analisar o futuro nacional sob o formato atual da Justi\u00e7a [&hellip;]<\/p>\n","protected":false},"author":2,"featured_media":204764,"comment_status":"closed","ping_status":"closed","sticky":false,"template":"","format":"standard","meta":{"_acf_changed":false,"footnotes":""},"categories":[16],"tags":[95],"class_list":["post-204763","post","type-post","status-publish","format-standard","has-post-thumbnail","hentry","category-brasil","tag-capa"],"acf":[],"yoast_head":"<!-- This site is optimized with the Yoast SEO plugin v27.2 - https:\/\/yoast.com\/product\/yoast-seo-wordpress\/ -->\n<title>Toffoli vai para guerra contra Bolsonaro e Alcolumbre - Notibras<\/title>\n<meta name=\"robots\" content=\"index, follow, max-snippet:-1, max-image-preview:large, max-video-preview:-1\" \/>\n<link rel=\"canonical\" href=\"https:\/\/www.notibras.com\/site\/toffoli-vai-para-guerra-contra-jair-bolsonaro-e-davi-alcolumbre\/\" \/>\n<meta property=\"og:locale\" content=\"pt_BR\" \/>\n<meta property=\"og:type\" content=\"article\" \/>\n<meta property=\"og:title\" content=\"Toffoli vai para guerra contra Bolsonaro e Alcolumbre - Notibras\" \/>\n<meta property=\"og:description\" content=\"Ap\u00f3s o resultado do Supremo Tribunal Federal, que determinou que crimes comuns como lavagem de dinheiro e corrup\u00e7\u00e3o \u2013 que nos \u00faltimos tempos sangraram bilh\u00f5es de reais dos cofres p\u00fablicos \u2013 sejam julgados pela Justi\u00e7a Eleitoral, imediatamente l\u00edderes do Executivo e do Legislativo passaram a analisar o futuro nacional sob o formato atual da Justi\u00e7a [&hellip;]\" \/>\n<meta property=\"og:url\" content=\"https:\/\/www.notibras.com\/site\/toffoli-vai-para-guerra-contra-jair-bolsonaro-e-davi-alcolumbre\/\" \/>\n<meta property=\"og:site_name\" content=\"Notibras\" \/>\n<meta property=\"article:publisher\" content=\"https:\/\/www.facebook.com\/notibras\/\" \/>\n<meta property=\"article:published_time\" content=\"2019-03-15T15:00:19+00:00\" \/>\n<meta property=\"article:modified_time\" content=\"2019-03-15T22:36:55+00:00\" \/>\n<meta property=\"og:image\" content=\"https:\/\/www.notibras.com\/site\/wp-content\/uploads\/2019\/03\/toffoli-foto-jos\u00e9-cruz.jpg\" \/>\n\t<meta property=\"og:image:width\" content=\"1140\" \/>\n\t<meta property=\"og:image:height\" content=\"760\" \/>\n\t<meta property=\"og:image:type\" content=\"image\/jpeg\" \/>\n<meta name=\"author\" content=\"Reda\u00e7\u00e3o\" \/>\n<meta name=\"twitter:card\" content=\"summary_large_image\" \/>\n<meta name=\"twitter:creator\" content=\"@Notibras\" \/>\n<meta name=\"twitter:site\" content=\"@Notibras\" \/>\n<meta name=\"twitter:label1\" content=\"Escrito por\" \/>\n\t<meta name=\"twitter:data1\" content=\"Reda\u00e7\u00e3o\" \/>\n\t<meta name=\"twitter:label2\" content=\"Est. tempo de leitura\" \/>\n\t<meta name=\"twitter:data2\" content=\"4 minutos\" \/>\n<script type=\"application\/ld+json\" class=\"yoast-schema-graph\">{\"@context\":\"https:\/\/schema.org\",\"@graph\":[{\"@type\":\"Article\",\"@id\":\"https:\/\/www.notibras.com\/site\/toffoli-vai-para-guerra-contra-jair-bolsonaro-e-davi-alcolumbre\/#article\",\"isPartOf\":{\"@id\":\"https:\/\/www.notibras.com\/site\/toffoli-vai-para-guerra-contra-jair-bolsonaro-e-davi-alcolumbre\/\"},\"author\":{\"name\":\"Reda\u00e7\u00e3o\",\"@id\":\"https:\/\/www.notibras.com\/site\/#\/schema\/person\/36ab0979449956132d3e5b517ea76ac8\"},\"headline\":\"Toffoli vai para guerra contra Bolsonaro e Alcolumbre\",\"datePublished\":\"2019-03-15T15:00:19+00:00\",\"dateModified\":\"2019-03-15T22:36:55+00:00\",\"mainEntityOfPage\":{\"@id\":\"https:\/\/www.notibras.com\/site\/toffoli-vai-para-guerra-contra-jair-bolsonaro-e-davi-alcolumbre\/\"},\"wordCount\":889,\"publisher\":{\"@id\":\"https:\/\/www.notibras.com\/site\/#organization\"},\"image\":{\"@id\":\"https:\/\/www.notibras.com\/site\/toffoli-vai-para-guerra-contra-jair-bolsonaro-e-davi-alcolumbre\/#primaryimage\"},\"thumbnailUrl\":\"https:\/\/www.notibras.com\/site\/wp-content\/uploads\/2019\/03\/toffoli-foto-jos\u00e9-cruz.jpg\",\"keywords\":[\"capa\"],\"articleSection\":[\"Brasil\"],\"inLanguage\":\"pt-BR\"},{\"@type\":\"WebPage\",\"@id\":\"https:\/\/www.notibras.com\/site\/toffoli-vai-para-guerra-contra-jair-bolsonaro-e-davi-alcolumbre\/\",\"url\":\"https:\/\/www.notibras.com\/site\/toffoli-vai-para-guerra-contra-jair-bolsonaro-e-davi-alcolumbre\/\",\"name\":\"Toffoli vai para guerra contra Bolsonaro e Alcolumbre - Notibras\",\"isPartOf\":{\"@id\":\"https:\/\/www.notibras.com\/site\/#website\"},\"primaryImageOfPage\":{\"@id\":\"https:\/\/www.notibras.com\/site\/toffoli-vai-para-guerra-contra-jair-bolsonaro-e-davi-alcolumbre\/#primaryimage\"},\"image\":{\"@id\":\"https:\/\/www.notibras.com\/site\/toffoli-vai-para-guerra-contra-jair-bolsonaro-e-davi-alcolumbre\/#primaryimage\"},\"thumbnailUrl\":\"https:\/\/www.notibras.com\/site\/wp-content\/uploads\/2019\/03\/toffoli-foto-jos\u00e9-cruz.jpg\",\"datePublished\":\"2019-03-15T15:00:19+00:00\",\"dateModified\":\"2019-03-15T22:36:55+00:00\",\"breadcrumb\":{\"@id\":\"https:\/\/www.notibras.com\/site\/toffoli-vai-para-guerra-contra-jair-bolsonaro-e-davi-alcolumbre\/#breadcrumb\"},\"inLanguage\":\"pt-BR\",\"potentialAction\":[{\"@type\":\"ReadAction\",\"target\":[\"https:\/\/www.notibras.com\/site\/toffoli-vai-para-guerra-contra-jair-bolsonaro-e-davi-alcolumbre\/\"]}]},{\"@type\":\"ImageObject\",\"inLanguage\":\"pt-BR\",\"@id\":\"https:\/\/www.notibras.com\/site\/toffoli-vai-para-guerra-contra-jair-bolsonaro-e-davi-alcolumbre\/#primaryimage\",\"url\":\"https:\/\/www.notibras.com\/site\/wp-content\/uploads\/2019\/03\/toffoli-foto-jos\u00e9-cruz.jpg\",\"contentUrl\":\"https:\/\/www.notibras.com\/site\/wp-content\/uploads\/2019\/03\/toffoli-foto-jos\u00e9-cruz.jpg\",\"width\":1140,\"height\":760,\"caption\":\"Foto: Jos\u00e9 Cruz\/ABr\"},{\"@type\":\"BreadcrumbList\",\"@id\":\"https:\/\/www.notibras.com\/site\/toffoli-vai-para-guerra-contra-jair-bolsonaro-e-davi-alcolumbre\/#breadcrumb\",\"itemListElement\":[{\"@type\":\"ListItem\",\"position\":1,\"name\":\"In\u00edcio\",\"item\":\"https:\/\/www.notibras.com\/site\/\"},{\"@type\":\"ListItem\",\"position\":2,\"name\":\"Toffoli vai para guerra contra Bolsonaro e Alcolumbre\"}]},{\"@type\":\"WebSite\",\"@id\":\"https:\/\/www.notibras.com\/site\/#website\",\"url\":\"https:\/\/www.notibras.com\/site\/\",\"name\":\"Notibras\",\"description\":\"Not\u00edcias de Bras\u00edlia, do Brasil e do Mundo\",\"publisher\":{\"@id\":\"https:\/\/www.notibras.com\/site\/#organization\"},\"potentialAction\":[{\"@type\":\"SearchAction\",\"target\":{\"@type\":\"EntryPoint\",\"urlTemplate\":\"https:\/\/www.notibras.com\/site\/?s={search_term_string}\"},\"query-input\":{\"@type\":\"PropertyValueSpecification\",\"valueRequired\":true,\"valueName\":\"search_term_string\"}}],\"inLanguage\":\"pt-BR\"},{\"@type\":\"Organization\",\"@id\":\"https:\/\/www.notibras.com\/site\/#organization\",\"name\":\"Grupo Notibras de Comunica\u00e7\u00e3o\",\"url\":\"https:\/\/www.notibras.com\/site\/\",\"logo\":{\"@type\":\"ImageObject\",\"inLanguage\":\"pt-BR\",\"@id\":\"https:\/\/www.notibras.com\/site\/#\/schema\/logo\/image\/\",\"url\":\"https:\/\/www.notibras.com\/site\/wp-content\/uploads\/2023\/01\/notibras23.png\",\"contentUrl\":\"https:\/\/www.notibras.com\/site\/wp-content\/uploads\/2023\/01\/notibras23.png\",\"width\":350,\"height\":87,\"caption\":\"Grupo Notibras de Comunica\u00e7\u00e3o\"},\"image\":{\"@id\":\"https:\/\/www.notibras.com\/site\/#\/schema\/logo\/image\/\"},\"sameAs\":[\"https:\/\/www.facebook.com\/notibras\/\",\"https:\/\/x.com\/Notibras\",\"https:\/\/www.instagram.com\/notibras\/\"]},{\"@type\":\"Person\",\"@id\":\"https:\/\/www.notibras.com\/site\/#\/schema\/person\/36ab0979449956132d3e5b517ea76ac8\",\"name\":\"Reda\u00e7\u00e3o\",\"image\":{\"@type\":\"ImageObject\",\"inLanguage\":\"pt-BR\",\"@id\":\"https:\/\/secure.gravatar.com\/avatar\/e0a867bdedb85fd243eadf09663511f96fc81e0720a4a42581f334ad4303aa6b?s=96&d=mm&r=g\",\"url\":\"https:\/\/secure.gravatar.com\/avatar\/e0a867bdedb85fd243eadf09663511f96fc81e0720a4a42581f334ad4303aa6b?s=96&d=mm&r=g\",\"contentUrl\":\"https:\/\/secure.gravatar.com\/avatar\/e0a867bdedb85fd243eadf09663511f96fc81e0720a4a42581f334ad4303aa6b?s=96&d=mm&r=g\",\"caption\":\"Reda\u00e7\u00e3o\"}}]}<\/script>\n<!-- \/ Yoast SEO plugin. -->","yoast_head_json":{"title":"Toffoli vai para guerra contra Bolsonaro e Alcolumbre - Notibras","robots":{"index":"index","follow":"follow","max-snippet":"max-snippet:-1","max-image-preview":"max-image-preview:large","max-video-preview":"max-video-preview:-1"},"canonical":"https:\/\/www.notibras.com\/site\/toffoli-vai-para-guerra-contra-jair-bolsonaro-e-davi-alcolumbre\/","og_locale":"pt_BR","og_type":"article","og_title":"Toffoli vai para guerra contra Bolsonaro e Alcolumbre - Notibras","og_description":"Ap\u00f3s o resultado do Supremo Tribunal Federal, que determinou que crimes comuns como lavagem de dinheiro e corrup\u00e7\u00e3o \u2013 que nos \u00faltimos tempos sangraram bilh\u00f5es de reais dos cofres p\u00fablicos \u2013 sejam julgados pela Justi\u00e7a Eleitoral, imediatamente l\u00edderes do Executivo e do Legislativo passaram a analisar o futuro nacional sob o formato atual da Justi\u00e7a [&hellip;]","og_url":"https:\/\/www.notibras.com\/site\/toffoli-vai-para-guerra-contra-jair-bolsonaro-e-davi-alcolumbre\/","og_site_name":"Notibras","article_publisher":"https:\/\/www.facebook.com\/notibras\/","article_published_time":"2019-03-15T15:00:19+00:00","article_modified_time":"2019-03-15T22:36:55+00:00","og_image":[{"width":1140,"height":760,"url":"https:\/\/www.notibras.com\/site\/wp-content\/uploads\/2019\/03\/toffoli-foto-jos\u00e9-cruz.jpg","type":"image\/jpeg"}],"author":"Reda\u00e7\u00e3o","twitter_card":"summary_large_image","twitter_creator":"@Notibras","twitter_site":"@Notibras","twitter_misc":{"Escrito por":"Reda\u00e7\u00e3o","Est. tempo de leitura":"4 minutos"},"schema":{"@context":"https:\/\/schema.org","@graph":[{"@type":"Article","@id":"https:\/\/www.notibras.com\/site\/toffoli-vai-para-guerra-contra-jair-bolsonaro-e-davi-alcolumbre\/#article","isPartOf":{"@id":"https:\/\/www.notibras.com\/site\/toffoli-vai-para-guerra-contra-jair-bolsonaro-e-davi-alcolumbre\/"},"author":{"name":"Reda\u00e7\u00e3o","@id":"https:\/\/www.notibras.com\/site\/#\/schema\/person\/36ab0979449956132d3e5b517ea76ac8"},"headline":"Toffoli vai para guerra contra Bolsonaro e Alcolumbre","datePublished":"2019-03-15T15:00:19+00:00","dateModified":"2019-03-15T22:36:55+00:00","mainEntityOfPage":{"@id":"https:\/\/www.notibras.com\/site\/toffoli-vai-para-guerra-contra-jair-bolsonaro-e-davi-alcolumbre\/"},"wordCount":889,"publisher":{"@id":"https:\/\/www.notibras.com\/site\/#organization"},"image":{"@id":"https:\/\/www.notibras.com\/site\/toffoli-vai-para-guerra-contra-jair-bolsonaro-e-davi-alcolumbre\/#primaryimage"},"thumbnailUrl":"https:\/\/www.notibras.com\/site\/wp-content\/uploads\/2019\/03\/toffoli-foto-jos\u00e9-cruz.jpg","keywords":["capa"],"articleSection":["Brasil"],"inLanguage":"pt-BR"},{"@type":"WebPage","@id":"https:\/\/www.notibras.com\/site\/toffoli-vai-para-guerra-contra-jair-bolsonaro-e-davi-alcolumbre\/","url":"https:\/\/www.notibras.com\/site\/toffoli-vai-para-guerra-contra-jair-bolsonaro-e-davi-alcolumbre\/","name":"Toffoli vai para guerra contra Bolsonaro e Alcolumbre - Notibras","isPartOf":{"@id":"https:\/\/www.notibras.com\/site\/#website"},"primaryImageOfPage":{"@id":"https:\/\/www.notibras.com\/site\/toffoli-vai-para-guerra-contra-jair-bolsonaro-e-davi-alcolumbre\/#primaryimage"},"image":{"@id":"https:\/\/www.notibras.com\/site\/toffoli-vai-para-guerra-contra-jair-bolsonaro-e-davi-alcolumbre\/#primaryimage"},"thumbnailUrl":"https:\/\/www.notibras.com\/site\/wp-content\/uploads\/2019\/03\/toffoli-foto-jos\u00e9-cruz.jpg","datePublished":"2019-03-15T15:00:19+00:00","dateModified":"2019-03-15T22:36:55+00:00","breadcrumb":{"@id":"https:\/\/www.notibras.com\/site\/toffoli-vai-para-guerra-contra-jair-bolsonaro-e-davi-alcolumbre\/#breadcrumb"},"inLanguage":"pt-BR","potentialAction":[{"@type":"ReadAction","target":["https:\/\/www.notibras.com\/site\/toffoli-vai-para-guerra-contra-jair-bolsonaro-e-davi-alcolumbre\/"]}]},{"@type":"ImageObject","inLanguage":"pt-BR","@id":"https:\/\/www.notibras.com\/site\/toffoli-vai-para-guerra-contra-jair-bolsonaro-e-davi-alcolumbre\/#primaryimage","url":"https:\/\/www.notibras.com\/site\/wp-content\/uploads\/2019\/03\/toffoli-foto-jos\u00e9-cruz.jpg","contentUrl":"https:\/\/www.notibras.com\/site\/wp-content\/uploads\/2019\/03\/toffoli-foto-jos\u00e9-cruz.jpg","width":1140,"height":760,"caption":"Foto: Jos\u00e9 Cruz\/ABr"},{"@type":"BreadcrumbList","@id":"https:\/\/www.notibras.com\/site\/toffoli-vai-para-guerra-contra-jair-bolsonaro-e-davi-alcolumbre\/#breadcrumb","itemListElement":[{"@type":"ListItem","position":1,"name":"In\u00edcio","item":"https:\/\/www.notibras.com\/site\/"},{"@type":"ListItem","position":2,"name":"Toffoli vai para guerra contra Bolsonaro e Alcolumbre"}]},{"@type":"WebSite","@id":"https:\/\/www.notibras.com\/site\/#website","url":"https:\/\/www.notibras.com\/site\/","name":"Notibras","description":"Not\u00edcias de Bras\u00edlia, do Brasil e do Mundo","publisher":{"@id":"https:\/\/www.notibras.com\/site\/#organization"},"potentialAction":[{"@type":"SearchAction","target":{"@type":"EntryPoint","urlTemplate":"https:\/\/www.notibras.com\/site\/?s={search_term_string}"},"query-input":{"@type":"PropertyValueSpecification","valueRequired":true,"valueName":"search_term_string"}}],"inLanguage":"pt-BR"},{"@type":"Organization","@id":"https:\/\/www.notibras.com\/site\/#organization","name":"Grupo Notibras de Comunica\u00e7\u00e3o","url":"https:\/\/www.notibras.com\/site\/","logo":{"@type":"ImageObject","inLanguage":"pt-BR","@id":"https:\/\/www.notibras.com\/site\/#\/schema\/logo\/image\/","url":"https:\/\/www.notibras.com\/site\/wp-content\/uploads\/2023\/01\/notibras23.png","contentUrl":"https:\/\/www.notibras.com\/site\/wp-content\/uploads\/2023\/01\/notibras23.png","width":350,"height":87,"caption":"Grupo Notibras de Comunica\u00e7\u00e3o"},"image":{"@id":"https:\/\/www.notibras.com\/site\/#\/schema\/logo\/image\/"},"sameAs":["https:\/\/www.facebook.com\/notibras\/","https:\/\/x.com\/Notibras","https:\/\/www.instagram.com\/notibras\/"]},{"@type":"Person","@id":"https:\/\/www.notibras.com\/site\/#\/schema\/person\/36ab0979449956132d3e5b517ea76ac8","name":"Reda\u00e7\u00e3o","image":{"@type":"ImageObject","inLanguage":"pt-BR","@id":"https:\/\/secure.gravatar.com\/avatar\/e0a867bdedb85fd243eadf09663511f96fc81e0720a4a42581f334ad4303aa6b?s=96&d=mm&r=g","url":"https:\/\/secure.gravatar.com\/avatar\/e0a867bdedb85fd243eadf09663511f96fc81e0720a4a42581f334ad4303aa6b?s=96&d=mm&r=g","contentUrl":"https:\/\/secure.gravatar.com\/avatar\/e0a867bdedb85fd243eadf09663511f96fc81e0720a4a42581f334ad4303aa6b?s=96&d=mm&r=g","caption":"Reda\u00e7\u00e3o"}}]}},"amp_enabled":true,"_links":{"self":[{"href":"https:\/\/www.notibras.com\/site\/wp-json\/wp\/v2\/posts\/204763","targetHints":{"allow":["GET"]}}],"collection":[{"href":"https:\/\/www.notibras.com\/site\/wp-json\/wp\/v2\/posts"}],"about":[{"href":"https:\/\/www.notibras.com\/site\/wp-json\/wp\/v2\/types\/post"}],"author":[{"embeddable":true,"href":"https:\/\/www.notibras.com\/site\/wp-json\/wp\/v2\/users\/2"}],"replies":[{"embeddable":true,"href":"https:\/\/www.notibras.com\/site\/wp-json\/wp\/v2\/comments?post=204763"}],"version-history":[{"count":8,"href":"https:\/\/www.notibras.com\/site\/wp-json\/wp\/v2\/posts\/204763\/revisions"}],"predecessor-version":[{"id":204783,"href":"https:\/\/www.notibras.com\/site\/wp-json\/wp\/v2\/posts\/204763\/revisions\/204783"}],"wp:featuredmedia":[{"embeddable":true,"href":"https:\/\/www.notibras.com\/site\/wp-json\/wp\/v2\/media\/204764"}],"wp:attachment":[{"href":"https:\/\/www.notibras.com\/site\/wp-json\/wp\/v2\/media?parent=204763"}],"wp:term":[{"taxonomy":"category","embeddable":true,"href":"https:\/\/www.notibras.com\/site\/wp-json\/wp\/v2\/categories?post=204763"},{"taxonomy":"post_tag","embeddable":true,"href":"https:\/\/www.notibras.com\/site\/wp-json\/wp\/v2\/tags?post=204763"}],"curies":[{"name":"wp","href":"https:\/\/api.w.org\/{rel}","templated":true}]}}