{"id":204781,"date":"2019-03-15T19:34:08","date_gmt":"2019-03-15T22:34:08","guid":{"rendered":"https:\/\/www.notibras.com\/site\/?p=204781"},"modified":"2019-03-15T19:34:08","modified_gmt":"2019-03-15T22:34:08","slug":"para-bolsonaro-previdencia-muda-ou-brasil-afunda","status":"publish","type":"post","link":"https:\/\/www.notibras.com\/site\/para-bolsonaro-previdencia-muda-ou-brasil-afunda\/","title":{"rendered":"Para Bolsonaro, Previd\u00eancia muda ou Brasil afunda"},"content":{"rendered":"<p>O Pal\u00e1cio do Planalto vai para o quase vale tudo para aprovar a PEC da Nova Previd\u00eancia. Al\u00e9m da libera\u00e7\u00e3o de emendas parlamentares, o pr\u00f3prio Jair Bolsonaro pretende mostrar para a popula\u00e7\u00e3o brasileira a dura realidade. O racioc\u00ednio do presidente \u00e9 de que se as mudan\u00e7as ser\u00e3o amargas, s\u00e3o acima de tudo urgentes e necess\u00e1rias.<\/p>\n<p>O discurso palaciano ser\u00e1 no sentido de mostrar que sem a reforma n\u00e3o h\u00e1 como recolocar o Brasil na rota do crescimento, tir\u00e1-lo do fundo do po\u00e7o. As mudan\u00e7as s\u00e3o necess\u00e1rias para evitar que o pa\u00eds, num futuro bem pr\u00f3ximo, n\u00e3o tenha recursos sequer para pagamentos dos aposentados e pensionistas.<\/p>\n<p>Se forem mantidas as atuais regras da Previd\u00eancia, o Pa\u00eds passar\u00e1 a trabalhar unicamente para cobrir o buraco previdenci\u00e1rio. Nada sobrar\u00e1 para a sa\u00fade, educa\u00e7\u00e3o, seguran\u00e7a p\u00fablica, alertam assessores pr\u00f3ximos a Bolsonaro.<\/p>\n<p>A apresenta\u00e7\u00e3o desse quadro de horror, que se aproxima, \u00e9 o que far\u00e1 o presidente para convencer a sociedade da necessidade de uma mexida urgente e radical no sistema previdenci\u00e1rio. \u201cA participa\u00e7\u00e3o nessa guerra \u00e9 de todos os brasileiros. At\u00e9 os militares v\u00e3o entrar com sua cota de sacrif\u00edcio nessa guerra\u201d, lembrou uma fonte do Planalto, citando frase do pr\u00f3prio presidente.<\/p>\n","protected":false},"excerpt":{"rendered":"<p>O Pal\u00e1cio do Planalto vai para o quase vale tudo para aprovar a PEC da Nova Previd\u00eancia. Al\u00e9m da libera\u00e7\u00e3o de emendas parlamentares, o pr\u00f3prio Jair Bolsonaro pretende mostrar para a popula\u00e7\u00e3o brasileira a dura realidade. O racioc\u00ednio do presidente \u00e9 de que se as mudan\u00e7as ser\u00e3o amargas, s\u00e3o acima de tudo urgentes e necess\u00e1rias. [&hellip;]<\/p>\n","protected":false},"author":2,"featured_media":198693,"comment_status":"closed","ping_status":"closed","sticky":false,"template":"","format":"standard","meta":{"_acf_changed":false,"footnotes":""},"categories":[16],"tags":[95],"class_list":["post-204781","post","type-post","status-publish","format-standard","has-post-thumbnail","hentry","category-brasil","tag-capa"],"acf":[],"yoast_head":"<!-- This site is optimized with the Yoast SEO plugin v27.2 - https:\/\/yoast.com\/product\/yoast-seo-wordpress\/ -->\n<title>Para Bolsonaro, Previd\u00eancia muda ou Brasil afunda - Notibras<\/title>\n<meta name=\"robots\" content=\"index, follow, max-snippet:-1, max-image-preview:large, max-video-preview:-1\" \/>\n<link rel=\"canonical\" href=\"https:\/\/www.notibras.com\/site\/para-bolsonaro-previdencia-muda-ou-brasil-afunda\/\" \/>\n<meta property=\"og:locale\" content=\"pt_BR\" \/>\n<meta property=\"og:type\" content=\"article\" \/>\n<meta property=\"og:title\" content=\"Para Bolsonaro, Previd\u00eancia muda ou Brasil afunda - Notibras\" \/>\n<meta property=\"og:description\" content=\"O Pal\u00e1cio do Planalto vai para o quase vale tudo para aprovar a PEC da Nova Previd\u00eancia. Al\u00e9m da libera\u00e7\u00e3o de emendas parlamentares, o pr\u00f3prio Jair Bolsonaro pretende mostrar para a popula\u00e7\u00e3o brasileira a dura realidade. O racioc\u00ednio do presidente \u00e9 de que se as mudan\u00e7as ser\u00e3o amargas, s\u00e3o acima de tudo urgentes e necess\u00e1rias. [&hellip;]\" \/>\n<meta property=\"og:url\" content=\"https:\/\/www.notibras.com\/site\/para-bolsonaro-previdencia-muda-ou-brasil-afunda\/\" \/>\n<meta property=\"og:site_name\" content=\"Notibras\" \/>\n<meta property=\"article:publisher\" content=\"https:\/\/www.facebook.com\/notibras\/\" \/>\n<meta property=\"article:published_time\" content=\"2019-03-15T22:34:08+00:00\" \/>\n<meta property=\"og:image\" content=\"https:\/\/www.notibras.com\/site\/wp-content\/uploads\/2019\/01\/base-militar-bolsonaro.jpg\" \/>\n\t<meta property=\"og:image:width\" content=\"932\" \/>\n\t<meta property=\"og:image:height\" content=\"621\" \/>\n\t<meta property=\"og:image:type\" content=\"image\/jpeg\" \/>\n<meta name=\"author\" content=\"Reda\u00e7\u00e3o\" \/>\n<meta name=\"twitter:card\" content=\"summary_large_image\" \/>\n<meta name=\"twitter:creator\" content=\"@Notibras\" \/>\n<meta name=\"twitter:site\" content=\"@Notibras\" \/>\n<meta name=\"twitter:label1\" content=\"Escrito por\" \/>\n\t<meta name=\"twitter:data1\" content=\"Reda\u00e7\u00e3o\" \/>\n\t<meta name=\"twitter:label2\" content=\"Est. tempo de leitura\" \/>\n\t<meta name=\"twitter:data2\" content=\"1 minuto\" \/>\n<script type=\"application\/ld+json\" class=\"yoast-schema-graph\">{\"@context\":\"https:\/\/schema.org\",\"@graph\":[{\"@type\":\"Article\",\"@id\":\"https:\/\/www.notibras.com\/site\/para-bolsonaro-previdencia-muda-ou-brasil-afunda\/#article\",\"isPartOf\":{\"@id\":\"https:\/\/www.notibras.com\/site\/para-bolsonaro-previdencia-muda-ou-brasil-afunda\/\"},\"author\":{\"name\":\"Reda\u00e7\u00e3o\",\"@id\":\"https:\/\/www.notibras.com\/site\/#\/schema\/person\/36ab0979449956132d3e5b517ea76ac8\"},\"headline\":\"Para Bolsonaro, Previd\u00eancia muda ou Brasil afunda\",\"datePublished\":\"2019-03-15T22:34:08+00:00\",\"mainEntityOfPage\":{\"@id\":\"https:\/\/www.notibras.com\/site\/para-bolsonaro-previdencia-muda-ou-brasil-afunda\/\"},\"wordCount\":237,\"publisher\":{\"@id\":\"https:\/\/www.notibras.com\/site\/#organization\"},\"image\":{\"@id\":\"https:\/\/www.notibras.com\/site\/para-bolsonaro-previdencia-muda-ou-brasil-afunda\/#primaryimage\"},\"thumbnailUrl\":\"https:\/\/www.notibras.com\/site\/wp-content\/uploads\/2019\/01\/base-militar-bolsonaro.jpg\",\"keywords\":[\"capa\"],\"articleSection\":[\"Brasil\"],\"inLanguage\":\"pt-BR\"},{\"@type\":\"WebPage\",\"@id\":\"https:\/\/www.notibras.com\/site\/para-bolsonaro-previdencia-muda-ou-brasil-afunda\/\",\"url\":\"https:\/\/www.notibras.com\/site\/para-bolsonaro-previdencia-muda-ou-brasil-afunda\/\",\"name\":\"Para Bolsonaro, Previd\u00eancia muda ou Brasil afunda - Notibras\",\"isPartOf\":{\"@id\":\"https:\/\/www.notibras.com\/site\/#website\"},\"primaryImageOfPage\":{\"@id\":\"https:\/\/www.notibras.com\/site\/para-bolsonaro-previdencia-muda-ou-brasil-afunda\/#primaryimage\"},\"image\":{\"@id\":\"https:\/\/www.notibras.com\/site\/para-bolsonaro-previdencia-muda-ou-brasil-afunda\/#primaryimage\"},\"thumbnailUrl\":\"https:\/\/www.notibras.com\/site\/wp-content\/uploads\/2019\/01\/base-militar-bolsonaro.jpg\",\"datePublished\":\"2019-03-15T22:34:08+00:00\",\"breadcrumb\":{\"@id\":\"https:\/\/www.notibras.com\/site\/para-bolsonaro-previdencia-muda-ou-brasil-afunda\/#breadcrumb\"},\"inLanguage\":\"pt-BR\",\"potentialAction\":[{\"@type\":\"ReadAction\",\"target\":[\"https:\/\/www.notibras.com\/site\/para-bolsonaro-previdencia-muda-ou-brasil-afunda\/\"]}]},{\"@type\":\"ImageObject\",\"inLanguage\":\"pt-BR\",\"@id\":\"https:\/\/www.notibras.com\/site\/para-bolsonaro-previdencia-muda-ou-brasil-afunda\/#primaryimage\",\"url\":\"https:\/\/www.notibras.com\/site\/wp-content\/uploads\/2019\/01\/base-militar-bolsonaro.jpg\",\"contentUrl\":\"https:\/\/www.notibras.com\/site\/wp-content\/uploads\/2019\/01\/base-militar-bolsonaro.jpg\",\"width\":932,\"height\":621},{\"@type\":\"BreadcrumbList\",\"@id\":\"https:\/\/www.notibras.com\/site\/para-bolsonaro-previdencia-muda-ou-brasil-afunda\/#breadcrumb\",\"itemListElement\":[{\"@type\":\"ListItem\",\"position\":1,\"name\":\"In\u00edcio\",\"item\":\"https:\/\/www.notibras.com\/site\/\"},{\"@type\":\"ListItem\",\"position\":2,\"name\":\"Para Bolsonaro, Previd\u00eancia muda ou Brasil afunda\"}]},{\"@type\":\"WebSite\",\"@id\":\"https:\/\/www.notibras.com\/site\/#website\",\"url\":\"https:\/\/www.notibras.com\/site\/\",\"name\":\"Notibras\",\"description\":\"Not\u00edcias de Bras\u00edlia, do Brasil e do Mundo\",\"publisher\":{\"@id\":\"https:\/\/www.notibras.com\/site\/#organization\"},\"potentialAction\":[{\"@type\":\"SearchAction\",\"target\":{\"@type\":\"EntryPoint\",\"urlTemplate\":\"https:\/\/www.notibras.com\/site\/?s={search_term_string}\"},\"query-input\":{\"@type\":\"PropertyValueSpecification\",\"valueRequired\":true,\"valueName\":\"search_term_string\"}}],\"inLanguage\":\"pt-BR\"},{\"@type\":\"Organization\",\"@id\":\"https:\/\/www.notibras.com\/site\/#organization\",\"name\":\"Grupo Notibras de Comunica\u00e7\u00e3o\",\"url\":\"https:\/\/www.notibras.com\/site\/\",\"logo\":{\"@type\":\"ImageObject\",\"inLanguage\":\"pt-BR\",\"@id\":\"https:\/\/www.notibras.com\/site\/#\/schema\/logo\/image\/\",\"url\":\"https:\/\/www.notibras.com\/site\/wp-content\/uploads\/2023\/01\/notibras23.png\",\"contentUrl\":\"https:\/\/www.notibras.com\/site\/wp-content\/uploads\/2023\/01\/notibras23.png\",\"width\":350,\"height\":87,\"caption\":\"Grupo Notibras de Comunica\u00e7\u00e3o\"},\"image\":{\"@id\":\"https:\/\/www.notibras.com\/site\/#\/schema\/logo\/image\/\"},\"sameAs\":[\"https:\/\/www.facebook.com\/notibras\/\",\"https:\/\/x.com\/Notibras\",\"https:\/\/www.instagram.com\/notibras\/\"]},{\"@type\":\"Person\",\"@id\":\"https:\/\/www.notibras.com\/site\/#\/schema\/person\/36ab0979449956132d3e5b517ea76ac8\",\"name\":\"Reda\u00e7\u00e3o\",\"image\":{\"@type\":\"ImageObject\",\"inLanguage\":\"pt-BR\",\"@id\":\"https:\/\/secure.gravatar.com\/avatar\/e0a867bdedb85fd243eadf09663511f96fc81e0720a4a42581f334ad4303aa6b?s=96&d=mm&r=g\",\"url\":\"https:\/\/secure.gravatar.com\/avatar\/e0a867bdedb85fd243eadf09663511f96fc81e0720a4a42581f334ad4303aa6b?s=96&d=mm&r=g\",\"contentUrl\":\"https:\/\/secure.gravatar.com\/avatar\/e0a867bdedb85fd243eadf09663511f96fc81e0720a4a42581f334ad4303aa6b?s=96&d=mm&r=g\",\"caption\":\"Reda\u00e7\u00e3o\"}}]}<\/script>\n<!-- \/ Yoast SEO plugin. -->","yoast_head_json":{"title":"Para Bolsonaro, Previd\u00eancia muda ou Brasil afunda - Notibras","robots":{"index":"index","follow":"follow","max-snippet":"max-snippet:-1","max-image-preview":"max-image-preview:large","max-video-preview":"max-video-preview:-1"},"canonical":"https:\/\/www.notibras.com\/site\/para-bolsonaro-previdencia-muda-ou-brasil-afunda\/","og_locale":"pt_BR","og_type":"article","og_title":"Para Bolsonaro, Previd\u00eancia muda ou Brasil afunda - Notibras","og_description":"O Pal\u00e1cio do Planalto vai para o quase vale tudo para aprovar a PEC da Nova Previd\u00eancia. Al\u00e9m da libera\u00e7\u00e3o de emendas parlamentares, o pr\u00f3prio Jair Bolsonaro pretende mostrar para a popula\u00e7\u00e3o brasileira a dura realidade. O racioc\u00ednio do presidente \u00e9 de que se as mudan\u00e7as ser\u00e3o amargas, s\u00e3o acima de tudo urgentes e necess\u00e1rias. [&hellip;]","og_url":"https:\/\/www.notibras.com\/site\/para-bolsonaro-previdencia-muda-ou-brasil-afunda\/","og_site_name":"Notibras","article_publisher":"https:\/\/www.facebook.com\/notibras\/","article_published_time":"2019-03-15T22:34:08+00:00","og_image":[{"width":932,"height":621,"url":"https:\/\/www.notibras.com\/site\/wp-content\/uploads\/2019\/01\/base-militar-bolsonaro.jpg","type":"image\/jpeg"}],"author":"Reda\u00e7\u00e3o","twitter_card":"summary_large_image","twitter_creator":"@Notibras","twitter_site":"@Notibras","twitter_misc":{"Escrito por":"Reda\u00e7\u00e3o","Est. tempo de leitura":"1 minuto"},"schema":{"@context":"https:\/\/schema.org","@graph":[{"@type":"Article","@id":"https:\/\/www.notibras.com\/site\/para-bolsonaro-previdencia-muda-ou-brasil-afunda\/#article","isPartOf":{"@id":"https:\/\/www.notibras.com\/site\/para-bolsonaro-previdencia-muda-ou-brasil-afunda\/"},"author":{"name":"Reda\u00e7\u00e3o","@id":"https:\/\/www.notibras.com\/site\/#\/schema\/person\/36ab0979449956132d3e5b517ea76ac8"},"headline":"Para Bolsonaro, Previd\u00eancia muda ou Brasil afunda","datePublished":"2019-03-15T22:34:08+00:00","mainEntityOfPage":{"@id":"https:\/\/www.notibras.com\/site\/para-bolsonaro-previdencia-muda-ou-brasil-afunda\/"},"wordCount":237,"publisher":{"@id":"https:\/\/www.notibras.com\/site\/#organization"},"image":{"@id":"https:\/\/www.notibras.com\/site\/para-bolsonaro-previdencia-muda-ou-brasil-afunda\/#primaryimage"},"thumbnailUrl":"https:\/\/www.notibras.com\/site\/wp-content\/uploads\/2019\/01\/base-militar-bolsonaro.jpg","keywords":["capa"],"articleSection":["Brasil"],"inLanguage":"pt-BR"},{"@type":"WebPage","@id":"https:\/\/www.notibras.com\/site\/para-bolsonaro-previdencia-muda-ou-brasil-afunda\/","url":"https:\/\/www.notibras.com\/site\/para-bolsonaro-previdencia-muda-ou-brasil-afunda\/","name":"Para Bolsonaro, Previd\u00eancia muda ou Brasil afunda - Notibras","isPartOf":{"@id":"https:\/\/www.notibras.com\/site\/#website"},"primaryImageOfPage":{"@id":"https:\/\/www.notibras.com\/site\/para-bolsonaro-previdencia-muda-ou-brasil-afunda\/#primaryimage"},"image":{"@id":"https:\/\/www.notibras.com\/site\/para-bolsonaro-previdencia-muda-ou-brasil-afunda\/#primaryimage"},"thumbnailUrl":"https:\/\/www.notibras.com\/site\/wp-content\/uploads\/2019\/01\/base-militar-bolsonaro.jpg","datePublished":"2019-03-15T22:34:08+00:00","breadcrumb":{"@id":"https:\/\/www.notibras.com\/site\/para-bolsonaro-previdencia-muda-ou-brasil-afunda\/#breadcrumb"},"inLanguage":"pt-BR","potentialAction":[{"@type":"ReadAction","target":["https:\/\/www.notibras.com\/site\/para-bolsonaro-previdencia-muda-ou-brasil-afunda\/"]}]},{"@type":"ImageObject","inLanguage":"pt-BR","@id":"https:\/\/www.notibras.com\/site\/para-bolsonaro-previdencia-muda-ou-brasil-afunda\/#primaryimage","url":"https:\/\/www.notibras.com\/site\/wp-content\/uploads\/2019\/01\/base-militar-bolsonaro.jpg","contentUrl":"https:\/\/www.notibras.com\/site\/wp-content\/uploads\/2019\/01\/base-militar-bolsonaro.jpg","width":932,"height":621},{"@type":"BreadcrumbList","@id":"https:\/\/www.notibras.com\/site\/para-bolsonaro-previdencia-muda-ou-brasil-afunda\/#breadcrumb","itemListElement":[{"@type":"ListItem","position":1,"name":"In\u00edcio","item":"https:\/\/www.notibras.com\/site\/"},{"@type":"ListItem","position":2,"name":"Para Bolsonaro, Previd\u00eancia muda ou Brasil afunda"}]},{"@type":"WebSite","@id":"https:\/\/www.notibras.com\/site\/#website","url":"https:\/\/www.notibras.com\/site\/","name":"Notibras","description":"Not\u00edcias de Bras\u00edlia, do Brasil e do Mundo","publisher":{"@id":"https:\/\/www.notibras.com\/site\/#organization"},"potentialAction":[{"@type":"SearchAction","target":{"@type":"EntryPoint","urlTemplate":"https:\/\/www.notibras.com\/site\/?s={search_term_string}"},"query-input":{"@type":"PropertyValueSpecification","valueRequired":true,"valueName":"search_term_string"}}],"inLanguage":"pt-BR"},{"@type":"Organization","@id":"https:\/\/www.notibras.com\/site\/#organization","name":"Grupo Notibras de Comunica\u00e7\u00e3o","url":"https:\/\/www.notibras.com\/site\/","logo":{"@type":"ImageObject","inLanguage":"pt-BR","@id":"https:\/\/www.notibras.com\/site\/#\/schema\/logo\/image\/","url":"https:\/\/www.notibras.com\/site\/wp-content\/uploads\/2023\/01\/notibras23.png","contentUrl":"https:\/\/www.notibras.com\/site\/wp-content\/uploads\/2023\/01\/notibras23.png","width":350,"height":87,"caption":"Grupo Notibras de Comunica\u00e7\u00e3o"},"image":{"@id":"https:\/\/www.notibras.com\/site\/#\/schema\/logo\/image\/"},"sameAs":["https:\/\/www.facebook.com\/notibras\/","https:\/\/x.com\/Notibras","https:\/\/www.instagram.com\/notibras\/"]},{"@type":"Person","@id":"https:\/\/www.notibras.com\/site\/#\/schema\/person\/36ab0979449956132d3e5b517ea76ac8","name":"Reda\u00e7\u00e3o","image":{"@type":"ImageObject","inLanguage":"pt-BR","@id":"https:\/\/secure.gravatar.com\/avatar\/e0a867bdedb85fd243eadf09663511f96fc81e0720a4a42581f334ad4303aa6b?s=96&d=mm&r=g","url":"https:\/\/secure.gravatar.com\/avatar\/e0a867bdedb85fd243eadf09663511f96fc81e0720a4a42581f334ad4303aa6b?s=96&d=mm&r=g","contentUrl":"https:\/\/secure.gravatar.com\/avatar\/e0a867bdedb85fd243eadf09663511f96fc81e0720a4a42581f334ad4303aa6b?s=96&d=mm&r=g","caption":"Reda\u00e7\u00e3o"}}]}},"amp_enabled":true,"_links":{"self":[{"href":"https:\/\/www.notibras.com\/site\/wp-json\/wp\/v2\/posts\/204781","targetHints":{"allow":["GET"]}}],"collection":[{"href":"https:\/\/www.notibras.com\/site\/wp-json\/wp\/v2\/posts"}],"about":[{"href":"https:\/\/www.notibras.com\/site\/wp-json\/wp\/v2\/types\/post"}],"author":[{"embeddable":true,"href":"https:\/\/www.notibras.com\/site\/wp-json\/wp\/v2\/users\/2"}],"replies":[{"embeddable":true,"href":"https:\/\/www.notibras.com\/site\/wp-json\/wp\/v2\/comments?post=204781"}],"version-history":[{"count":1,"href":"https:\/\/www.notibras.com\/site\/wp-json\/wp\/v2\/posts\/204781\/revisions"}],"predecessor-version":[{"id":204782,"href":"https:\/\/www.notibras.com\/site\/wp-json\/wp\/v2\/posts\/204781\/revisions\/204782"}],"wp:featuredmedia":[{"embeddable":true,"href":"https:\/\/www.notibras.com\/site\/wp-json\/wp\/v2\/media\/198693"}],"wp:attachment":[{"href":"https:\/\/www.notibras.com\/site\/wp-json\/wp\/v2\/media?parent=204781"}],"wp:term":[{"taxonomy":"category","embeddable":true,"href":"https:\/\/www.notibras.com\/site\/wp-json\/wp\/v2\/categories?post=204781"},{"taxonomy":"post_tag","embeddable":true,"href":"https:\/\/www.notibras.com\/site\/wp-json\/wp\/v2\/tags?post=204781"}],"curies":[{"name":"wp","href":"https:\/\/api.w.org\/{rel}","templated":true}]}}