{"id":204784,"date":"2019-03-15T19:47:19","date_gmt":"2019-03-15T22:47:19","guid":{"rendered":"https:\/\/www.notibras.com\/site\/?p=204784"},"modified":"2019-03-15T19:48:36","modified_gmt":"2019-03-15T22:48:36","slug":"amazonia-tem-um-imenso-oceano-debaixo-da-terra","status":"publish","type":"post","link":"https:\/\/www.notibras.com\/site\/amazonia-tem-um-imenso-oceano-debaixo-da-terra\/","title":{"rendered":"Amaz\u00f4nia tem um imenso oceano debaixo da terra"},"content":{"rendered":"<p>Durante Reuni\u00e3o Anual da Sociedade Brasileira para o Progresso da Ci\u00eancia (SBPC), no campus da Universidade Federal do Acre (UFAC), foi estimado que a Amaz\u00f4nia tem um oceano subterr\u00e2neo. A reserva de \u00e1gua tem volume de cerca de 160 trilh\u00f5es de metros c\u00fabicos.<\/p>\n<p>O volume \u00e9 3,5 vezes maior do que o do Aqu\u00edfero Guarani. Este dep\u00f3sito de \u00e1gua doce subterr\u00e2nea abrange os territ\u00f3rios do Uruguai, Argentina, Paraguai e Brasil. Ele tem 1,2 milh\u00e3o de quil\u00f4metros quadrados de extens\u00e3o.<\/p>\n<p>De acordo com a equipe, a reserva subterr\u00e2nea representa mais de 80% do total da \u00e1gua da Amaz\u00f4nia. A \u00e1gua dos rios amaz\u00f4nicos, por exemplo, representa somente 8% do sistema hidrol\u00f3gico do bioma. As \u00e1guas atmosf\u00e9ricas t\u00eam esse mesmo percentual de participa\u00e7\u00e3o.<\/p>\n<p>O conhecimento sobre esse \u201coceano subterr\u00e2neo\u201d ainda \u00e9 muito escasso. Precisa ser aprimorado tanto para avaliar a possibilidade de uso para abastecimento humano, como para preserv\u00e1-lo em raz\u00e3o de sua import\u00e2ncia.<\/p>\n<p>Os trabalhos sobre o Aqu\u00edfero da Amaz\u00f4nia foram iniciados h\u00e1 apenas 10 anos. O estudo indicou que est\u00e1 situado em meio ao cen\u00e1rio de uma das mais belas praias fluviais do pa\u00eds. Ele teria um dep\u00f3sito de \u00e1gua doce subterr\u00e2nea com volume aproximado de 86,4 trilh\u00f5es de metros c\u00fabicos.<\/p>\n<p>Denominado pelo pesquisador como Sistema Aqu\u00edfero Grande Amaz\u00f4nia (Saga), ele come\u00e7ou a ser formado a partir do per\u00edodo Cret\u00e1ceo, h\u00e1 cerca de 135 milh\u00f5es de anos.<\/p>\n<p>Uma das limita\u00e7\u00f5es para a utiliza\u00e7\u00e3o da \u00e1gua dispon\u00edvel \u00e9 a precariedade do conhecimento sobre suas caracter\u00edsticas. Falta obter informa\u00e7\u00f5es sobre a qualidade da \u00e1gua do reservat\u00f3rio para identificar se \u00e9 apropriada para o consumo.<\/p>\n<p>De acordo com Ingo Daniel Wahnfried, professor da Universidade Federal do Amazonas (Ufam), um dos principais obst\u00e1culos para estudar o Aqu\u00edfero Amaz\u00f4nia \u00e9 a complexidade do sistema.<\/p>\n<p>O reservat\u00f3rio \u00e9 composto por grandes rios, com camadas sedimentares de diferentes profundidades.<\/p>\n","protected":false},"excerpt":{"rendered":"<p>Durante Reuni\u00e3o Anual da Sociedade Brasileira para o Progresso da Ci\u00eancia (SBPC), no campus da Universidade Federal do Acre (UFAC), foi estimado que a Amaz\u00f4nia tem um oceano subterr\u00e2neo. A reserva de \u00e1gua tem volume de cerca de 160 trilh\u00f5es de metros c\u00fabicos. O volume \u00e9 3,5 vezes maior do que o do Aqu\u00edfero Guarani. [&hellip;]<\/p>\n","protected":false},"author":2,"featured_media":204785,"comment_status":"closed","ping_status":"closed","sticky":false,"template":"","format":"standard","meta":{"_acf_changed":false,"footnotes":""},"categories":[71],"tags":[95],"class_list":["post-204784","post","type-post","status-publish","format-standard","has-post-thumbnail","hentry","category-curiosidades","tag-capa"],"acf":[],"yoast_head":"<!-- This site is optimized with the Yoast SEO plugin v27.2 - https:\/\/yoast.com\/product\/yoast-seo-wordpress\/ -->\n<title>Amaz\u00f4nia tem um imenso oceano debaixo da terra - Notibras<\/title>\n<meta name=\"robots\" content=\"index, follow, max-snippet:-1, max-image-preview:large, max-video-preview:-1\" \/>\n<link rel=\"canonical\" href=\"https:\/\/www.notibras.com\/site\/amazonia-tem-um-imenso-oceano-debaixo-da-terra\/\" \/>\n<meta property=\"og:locale\" content=\"pt_BR\" \/>\n<meta property=\"og:type\" content=\"article\" \/>\n<meta property=\"og:title\" content=\"Amaz\u00f4nia tem um imenso oceano debaixo da terra - Notibras\" \/>\n<meta property=\"og:description\" content=\"Durante Reuni\u00e3o Anual da Sociedade Brasileira para o Progresso da Ci\u00eancia (SBPC), no campus da Universidade Federal do Acre (UFAC), foi estimado que a Amaz\u00f4nia tem um oceano subterr\u00e2neo. A reserva de \u00e1gua tem volume de cerca de 160 trilh\u00f5es de metros c\u00fabicos. O volume \u00e9 3,5 vezes maior do que o do Aqu\u00edfero Guarani. [&hellip;]\" \/>\n<meta property=\"og:url\" content=\"https:\/\/www.notibras.com\/site\/amazonia-tem-um-imenso-oceano-debaixo-da-terra\/\" \/>\n<meta property=\"og:site_name\" content=\"Notibras\" \/>\n<meta property=\"article:publisher\" content=\"https:\/\/www.facebook.com\/notibras\/\" \/>\n<meta property=\"article:published_time\" content=\"2019-03-15T22:47:19+00:00\" \/>\n<meta property=\"article:modified_time\" content=\"2019-03-15T22:48:36+00:00\" \/>\n<meta property=\"og:image\" content=\"https:\/\/www.notibras.com\/site\/wp-content\/uploads\/2019\/03\/rio-amazonas-20060602-031.jpg\" \/>\n\t<meta property=\"og:image:width\" content=\"1125\" \/>\n\t<meta property=\"og:image:height\" content=\"750\" \/>\n\t<meta property=\"og:image:type\" content=\"image\/jpeg\" \/>\n<meta name=\"author\" content=\"Reda\u00e7\u00e3o\" \/>\n<meta name=\"twitter:card\" content=\"summary_large_image\" \/>\n<meta name=\"twitter:creator\" content=\"@Notibras\" \/>\n<meta name=\"twitter:site\" content=\"@Notibras\" \/>\n<meta name=\"twitter:label1\" content=\"Escrito por\" \/>\n\t<meta name=\"twitter:data1\" content=\"Reda\u00e7\u00e3o\" \/>\n\t<meta name=\"twitter:label2\" content=\"Est. tempo de leitura\" \/>\n\t<meta name=\"twitter:data2\" content=\"2 minutos\" \/>\n<script type=\"application\/ld+json\" class=\"yoast-schema-graph\">{\"@context\":\"https:\/\/schema.org\",\"@graph\":[{\"@type\":\"Article\",\"@id\":\"https:\/\/www.notibras.com\/site\/amazonia-tem-um-imenso-oceano-debaixo-da-terra\/#article\",\"isPartOf\":{\"@id\":\"https:\/\/www.notibras.com\/site\/amazonia-tem-um-imenso-oceano-debaixo-da-terra\/\"},\"author\":{\"name\":\"Reda\u00e7\u00e3o\",\"@id\":\"https:\/\/www.notibras.com\/site\/#\/schema\/person\/36ab0979449956132d3e5b517ea76ac8\"},\"headline\":\"Amaz\u00f4nia tem um imenso oceano debaixo da terra\",\"datePublished\":\"2019-03-15T22:47:19+00:00\",\"dateModified\":\"2019-03-15T22:48:36+00:00\",\"mainEntityOfPage\":{\"@id\":\"https:\/\/www.notibras.com\/site\/amazonia-tem-um-imenso-oceano-debaixo-da-terra\/\"},\"wordCount\":345,\"publisher\":{\"@id\":\"https:\/\/www.notibras.com\/site\/#organization\"},\"image\":{\"@id\":\"https:\/\/www.notibras.com\/site\/amazonia-tem-um-imenso-oceano-debaixo-da-terra\/#primaryimage\"},\"thumbnailUrl\":\"https:\/\/www.notibras.com\/site\/wp-content\/uploads\/2019\/03\/rio-amazonas-20060602-031.jpg\",\"keywords\":[\"capa\"],\"articleSection\":[\"Curiosidades\"],\"inLanguage\":\"pt-BR\"},{\"@type\":\"WebPage\",\"@id\":\"https:\/\/www.notibras.com\/site\/amazonia-tem-um-imenso-oceano-debaixo-da-terra\/\",\"url\":\"https:\/\/www.notibras.com\/site\/amazonia-tem-um-imenso-oceano-debaixo-da-terra\/\",\"name\":\"Amaz\u00f4nia tem um imenso oceano debaixo da terra - Notibras\",\"isPartOf\":{\"@id\":\"https:\/\/www.notibras.com\/site\/#website\"},\"primaryImageOfPage\":{\"@id\":\"https:\/\/www.notibras.com\/site\/amazonia-tem-um-imenso-oceano-debaixo-da-terra\/#primaryimage\"},\"image\":{\"@id\":\"https:\/\/www.notibras.com\/site\/amazonia-tem-um-imenso-oceano-debaixo-da-terra\/#primaryimage\"},\"thumbnailUrl\":\"https:\/\/www.notibras.com\/site\/wp-content\/uploads\/2019\/03\/rio-amazonas-20060602-031.jpg\",\"datePublished\":\"2019-03-15T22:47:19+00:00\",\"dateModified\":\"2019-03-15T22:48:36+00:00\",\"breadcrumb\":{\"@id\":\"https:\/\/www.notibras.com\/site\/amazonia-tem-um-imenso-oceano-debaixo-da-terra\/#breadcrumb\"},\"inLanguage\":\"pt-BR\",\"potentialAction\":[{\"@type\":\"ReadAction\",\"target\":[\"https:\/\/www.notibras.com\/site\/amazonia-tem-um-imenso-oceano-debaixo-da-terra\/\"]}]},{\"@type\":\"ImageObject\",\"inLanguage\":\"pt-BR\",\"@id\":\"https:\/\/www.notibras.com\/site\/amazonia-tem-um-imenso-oceano-debaixo-da-terra\/#primaryimage\",\"url\":\"https:\/\/www.notibras.com\/site\/wp-content\/uploads\/2019\/03\/rio-amazonas-20060602-031.jpg\",\"contentUrl\":\"https:\/\/www.notibras.com\/site\/wp-content\/uploads\/2019\/03\/rio-amazonas-20060602-031.jpg\",\"width\":1125,\"height\":750,\"caption\":\"Foto\/Arquivo Notibras\"},{\"@type\":\"BreadcrumbList\",\"@id\":\"https:\/\/www.notibras.com\/site\/amazonia-tem-um-imenso-oceano-debaixo-da-terra\/#breadcrumb\",\"itemListElement\":[{\"@type\":\"ListItem\",\"position\":1,\"name\":\"In\u00edcio\",\"item\":\"https:\/\/www.notibras.com\/site\/\"},{\"@type\":\"ListItem\",\"position\":2,\"name\":\"Amaz\u00f4nia tem um imenso oceano debaixo da terra\"}]},{\"@type\":\"WebSite\",\"@id\":\"https:\/\/www.notibras.com\/site\/#website\",\"url\":\"https:\/\/www.notibras.com\/site\/\",\"name\":\"Notibras\",\"description\":\"Not\u00edcias de Bras\u00edlia, do Brasil e do Mundo\",\"publisher\":{\"@id\":\"https:\/\/www.notibras.com\/site\/#organization\"},\"potentialAction\":[{\"@type\":\"SearchAction\",\"target\":{\"@type\":\"EntryPoint\",\"urlTemplate\":\"https:\/\/www.notibras.com\/site\/?s={search_term_string}\"},\"query-input\":{\"@type\":\"PropertyValueSpecification\",\"valueRequired\":true,\"valueName\":\"search_term_string\"}}],\"inLanguage\":\"pt-BR\"},{\"@type\":\"Organization\",\"@id\":\"https:\/\/www.notibras.com\/site\/#organization\",\"name\":\"Grupo Notibras de Comunica\u00e7\u00e3o\",\"url\":\"https:\/\/www.notibras.com\/site\/\",\"logo\":{\"@type\":\"ImageObject\",\"inLanguage\":\"pt-BR\",\"@id\":\"https:\/\/www.notibras.com\/site\/#\/schema\/logo\/image\/\",\"url\":\"https:\/\/www.notibras.com\/site\/wp-content\/uploads\/2023\/01\/notibras23.png\",\"contentUrl\":\"https:\/\/www.notibras.com\/site\/wp-content\/uploads\/2023\/01\/notibras23.png\",\"width\":350,\"height\":87,\"caption\":\"Grupo Notibras de Comunica\u00e7\u00e3o\"},\"image\":{\"@id\":\"https:\/\/www.notibras.com\/site\/#\/schema\/logo\/image\/\"},\"sameAs\":[\"https:\/\/www.facebook.com\/notibras\/\",\"https:\/\/x.com\/Notibras\",\"https:\/\/www.instagram.com\/notibras\/\"]},{\"@type\":\"Person\",\"@id\":\"https:\/\/www.notibras.com\/site\/#\/schema\/person\/36ab0979449956132d3e5b517ea76ac8\",\"name\":\"Reda\u00e7\u00e3o\",\"image\":{\"@type\":\"ImageObject\",\"inLanguage\":\"pt-BR\",\"@id\":\"https:\/\/secure.gravatar.com\/avatar\/e0a867bdedb85fd243eadf09663511f96fc81e0720a4a42581f334ad4303aa6b?s=96&d=mm&r=g\",\"url\":\"https:\/\/secure.gravatar.com\/avatar\/e0a867bdedb85fd243eadf09663511f96fc81e0720a4a42581f334ad4303aa6b?s=96&d=mm&r=g\",\"contentUrl\":\"https:\/\/secure.gravatar.com\/avatar\/e0a867bdedb85fd243eadf09663511f96fc81e0720a4a42581f334ad4303aa6b?s=96&d=mm&r=g\",\"caption\":\"Reda\u00e7\u00e3o\"}}]}<\/script>\n<!-- \/ Yoast SEO plugin. -->","yoast_head_json":{"title":"Amaz\u00f4nia tem um imenso oceano debaixo da terra - Notibras","robots":{"index":"index","follow":"follow","max-snippet":"max-snippet:-1","max-image-preview":"max-image-preview:large","max-video-preview":"max-video-preview:-1"},"canonical":"https:\/\/www.notibras.com\/site\/amazonia-tem-um-imenso-oceano-debaixo-da-terra\/","og_locale":"pt_BR","og_type":"article","og_title":"Amaz\u00f4nia tem um imenso oceano debaixo da terra - Notibras","og_description":"Durante Reuni\u00e3o Anual da Sociedade Brasileira para o Progresso da Ci\u00eancia (SBPC), no campus da Universidade Federal do Acre (UFAC), foi estimado que a Amaz\u00f4nia tem um oceano subterr\u00e2neo. A reserva de \u00e1gua tem volume de cerca de 160 trilh\u00f5es de metros c\u00fabicos. O volume \u00e9 3,5 vezes maior do que o do Aqu\u00edfero Guarani. [&hellip;]","og_url":"https:\/\/www.notibras.com\/site\/amazonia-tem-um-imenso-oceano-debaixo-da-terra\/","og_site_name":"Notibras","article_publisher":"https:\/\/www.facebook.com\/notibras\/","article_published_time":"2019-03-15T22:47:19+00:00","article_modified_time":"2019-03-15T22:48:36+00:00","og_image":[{"width":1125,"height":750,"url":"https:\/\/www.notibras.com\/site\/wp-content\/uploads\/2019\/03\/rio-amazonas-20060602-031.jpg","type":"image\/jpeg"}],"author":"Reda\u00e7\u00e3o","twitter_card":"summary_large_image","twitter_creator":"@Notibras","twitter_site":"@Notibras","twitter_misc":{"Escrito por":"Reda\u00e7\u00e3o","Est. tempo de leitura":"2 minutos"},"schema":{"@context":"https:\/\/schema.org","@graph":[{"@type":"Article","@id":"https:\/\/www.notibras.com\/site\/amazonia-tem-um-imenso-oceano-debaixo-da-terra\/#article","isPartOf":{"@id":"https:\/\/www.notibras.com\/site\/amazonia-tem-um-imenso-oceano-debaixo-da-terra\/"},"author":{"name":"Reda\u00e7\u00e3o","@id":"https:\/\/www.notibras.com\/site\/#\/schema\/person\/36ab0979449956132d3e5b517ea76ac8"},"headline":"Amaz\u00f4nia tem um imenso oceano debaixo da terra","datePublished":"2019-03-15T22:47:19+00:00","dateModified":"2019-03-15T22:48:36+00:00","mainEntityOfPage":{"@id":"https:\/\/www.notibras.com\/site\/amazonia-tem-um-imenso-oceano-debaixo-da-terra\/"},"wordCount":345,"publisher":{"@id":"https:\/\/www.notibras.com\/site\/#organization"},"image":{"@id":"https:\/\/www.notibras.com\/site\/amazonia-tem-um-imenso-oceano-debaixo-da-terra\/#primaryimage"},"thumbnailUrl":"https:\/\/www.notibras.com\/site\/wp-content\/uploads\/2019\/03\/rio-amazonas-20060602-031.jpg","keywords":["capa"],"articleSection":["Curiosidades"],"inLanguage":"pt-BR"},{"@type":"WebPage","@id":"https:\/\/www.notibras.com\/site\/amazonia-tem-um-imenso-oceano-debaixo-da-terra\/","url":"https:\/\/www.notibras.com\/site\/amazonia-tem-um-imenso-oceano-debaixo-da-terra\/","name":"Amaz\u00f4nia tem um imenso oceano debaixo da terra - Notibras","isPartOf":{"@id":"https:\/\/www.notibras.com\/site\/#website"},"primaryImageOfPage":{"@id":"https:\/\/www.notibras.com\/site\/amazonia-tem-um-imenso-oceano-debaixo-da-terra\/#primaryimage"},"image":{"@id":"https:\/\/www.notibras.com\/site\/amazonia-tem-um-imenso-oceano-debaixo-da-terra\/#primaryimage"},"thumbnailUrl":"https:\/\/www.notibras.com\/site\/wp-content\/uploads\/2019\/03\/rio-amazonas-20060602-031.jpg","datePublished":"2019-03-15T22:47:19+00:00","dateModified":"2019-03-15T22:48:36+00:00","breadcrumb":{"@id":"https:\/\/www.notibras.com\/site\/amazonia-tem-um-imenso-oceano-debaixo-da-terra\/#breadcrumb"},"inLanguage":"pt-BR","potentialAction":[{"@type":"ReadAction","target":["https:\/\/www.notibras.com\/site\/amazonia-tem-um-imenso-oceano-debaixo-da-terra\/"]}]},{"@type":"ImageObject","inLanguage":"pt-BR","@id":"https:\/\/www.notibras.com\/site\/amazonia-tem-um-imenso-oceano-debaixo-da-terra\/#primaryimage","url":"https:\/\/www.notibras.com\/site\/wp-content\/uploads\/2019\/03\/rio-amazonas-20060602-031.jpg","contentUrl":"https:\/\/www.notibras.com\/site\/wp-content\/uploads\/2019\/03\/rio-amazonas-20060602-031.jpg","width":1125,"height":750,"caption":"Foto\/Arquivo Notibras"},{"@type":"BreadcrumbList","@id":"https:\/\/www.notibras.com\/site\/amazonia-tem-um-imenso-oceano-debaixo-da-terra\/#breadcrumb","itemListElement":[{"@type":"ListItem","position":1,"name":"In\u00edcio","item":"https:\/\/www.notibras.com\/site\/"},{"@type":"ListItem","position":2,"name":"Amaz\u00f4nia tem um imenso oceano debaixo da terra"}]},{"@type":"WebSite","@id":"https:\/\/www.notibras.com\/site\/#website","url":"https:\/\/www.notibras.com\/site\/","name":"Notibras","description":"Not\u00edcias de Bras\u00edlia, do Brasil e do Mundo","publisher":{"@id":"https:\/\/www.notibras.com\/site\/#organization"},"potentialAction":[{"@type":"SearchAction","target":{"@type":"EntryPoint","urlTemplate":"https:\/\/www.notibras.com\/site\/?s={search_term_string}"},"query-input":{"@type":"PropertyValueSpecification","valueRequired":true,"valueName":"search_term_string"}}],"inLanguage":"pt-BR"},{"@type":"Organization","@id":"https:\/\/www.notibras.com\/site\/#organization","name":"Grupo Notibras de Comunica\u00e7\u00e3o","url":"https:\/\/www.notibras.com\/site\/","logo":{"@type":"ImageObject","inLanguage":"pt-BR","@id":"https:\/\/www.notibras.com\/site\/#\/schema\/logo\/image\/","url":"https:\/\/www.notibras.com\/site\/wp-content\/uploads\/2023\/01\/notibras23.png","contentUrl":"https:\/\/www.notibras.com\/site\/wp-content\/uploads\/2023\/01\/notibras23.png","width":350,"height":87,"caption":"Grupo Notibras de Comunica\u00e7\u00e3o"},"image":{"@id":"https:\/\/www.notibras.com\/site\/#\/schema\/logo\/image\/"},"sameAs":["https:\/\/www.facebook.com\/notibras\/","https:\/\/x.com\/Notibras","https:\/\/www.instagram.com\/notibras\/"]},{"@type":"Person","@id":"https:\/\/www.notibras.com\/site\/#\/schema\/person\/36ab0979449956132d3e5b517ea76ac8","name":"Reda\u00e7\u00e3o","image":{"@type":"ImageObject","inLanguage":"pt-BR","@id":"https:\/\/secure.gravatar.com\/avatar\/e0a867bdedb85fd243eadf09663511f96fc81e0720a4a42581f334ad4303aa6b?s=96&d=mm&r=g","url":"https:\/\/secure.gravatar.com\/avatar\/e0a867bdedb85fd243eadf09663511f96fc81e0720a4a42581f334ad4303aa6b?s=96&d=mm&r=g","contentUrl":"https:\/\/secure.gravatar.com\/avatar\/e0a867bdedb85fd243eadf09663511f96fc81e0720a4a42581f334ad4303aa6b?s=96&d=mm&r=g","caption":"Reda\u00e7\u00e3o"}}]}},"amp_enabled":true,"_links":{"self":[{"href":"https:\/\/www.notibras.com\/site\/wp-json\/wp\/v2\/posts\/204784","targetHints":{"allow":["GET"]}}],"collection":[{"href":"https:\/\/www.notibras.com\/site\/wp-json\/wp\/v2\/posts"}],"about":[{"href":"https:\/\/www.notibras.com\/site\/wp-json\/wp\/v2\/types\/post"}],"author":[{"embeddable":true,"href":"https:\/\/www.notibras.com\/site\/wp-json\/wp\/v2\/users\/2"}],"replies":[{"embeddable":true,"href":"https:\/\/www.notibras.com\/site\/wp-json\/wp\/v2\/comments?post=204784"}],"version-history":[{"count":2,"href":"https:\/\/www.notibras.com\/site\/wp-json\/wp\/v2\/posts\/204784\/revisions"}],"predecessor-version":[{"id":204787,"href":"https:\/\/www.notibras.com\/site\/wp-json\/wp\/v2\/posts\/204784\/revisions\/204787"}],"wp:featuredmedia":[{"embeddable":true,"href":"https:\/\/www.notibras.com\/site\/wp-json\/wp\/v2\/media\/204785"}],"wp:attachment":[{"href":"https:\/\/www.notibras.com\/site\/wp-json\/wp\/v2\/media?parent=204784"}],"wp:term":[{"taxonomy":"category","embeddable":true,"href":"https:\/\/www.notibras.com\/site\/wp-json\/wp\/v2\/categories?post=204784"},{"taxonomy":"post_tag","embeddable":true,"href":"https:\/\/www.notibras.com\/site\/wp-json\/wp\/v2\/tags?post=204784"}],"curies":[{"name":"wp","href":"https:\/\/api.w.org\/{rel}","templated":true}]}}