{"id":204810,"date":"2019-03-16T04:12:56","date_gmt":"2019-03-16T07:12:56","guid":{"rendered":"https:\/\/www.notibras.com\/site\/?p=204810"},"modified":"2019-03-16T09:10:08","modified_gmt":"2019-03-16T12:10:08","slug":"hamilton-e-pole-na-abertura-da-temporada-de-f1","status":"publish","type":"post","link":"https:\/\/www.notibras.com\/site\/hamilton-e-pole-na-abertura-da-temporada-de-f1\/","title":{"rendered":"Hamilton \u00e9 pole na abertura da temporada de F1"},"content":{"rendered":"<p>A F\u00f3rmula 1 volta \u00e0s pistas este ano como terminou em 2018 &#8211; com o brit\u00e2nico Lewis Hamilton na frente. O piloto da Mercedes fez a pole no treino oficial da madrugada deste s\u00e1bado, 16, na Austr\u00e1lia.<\/p>\n<p>O atual campe\u00e3o mundial marcou o tempo de 1:20.486 , deixando para tr\u00e1s seu companheiro de equipe Valteri Bottas (1:20.598) e Sebastian Vettel, da Ferrari, com 1:21.190.<\/p>\n<p>A corrida de abertura da temporada mundial de F\u00f3rmula 1 ser\u00e1 na madrugada deste domingo, 17, com transmiss\u00e3o ao vivo da Tv Globo \u00e0 partir das 2 horas.<\/p>\n<p>Nas primeiras tentativas da classifica\u00e7\u00e3o, tanto Lewis Hamilton, que reclamou de falta de equil\u00edbrio dos freios, quanto Max Verstappen, que largar\u00e1 em quarto com sua Red Bull, cometeram erros, enquanto Valtteri Bottas ficou com a pole provis\u00f3ria com quase meio segundo de vantagem. Mesmo com o erro, Hamilton era o segundo e Vettel, o terceiro.<\/p>\n<p>Na segunda tentativa, contudo, Hamilton virou o jogo e conseguiu a pole position por dois d\u00e9cimos, relegando Bottas \u00e0 segunda posi\u00e7\u00e3o. Vettel acabou n\u00e3o melhorando seu tempo mas, mesmo assim, terminou em terceiro, com Verstappen roubando, j\u00e1 com o cron\u00f4metro zerado, o quarto lugar de Charles Leclerc, estreante na Ferrari. Grosjean, Magnussen, Norris, Raikkonen e Perez completaram o top.<\/p>\n<p>&nbsp;<\/p>\n","protected":false},"excerpt":{"rendered":"<p>A F\u00f3rmula 1 volta \u00e0s pistas este ano como terminou em 2018 &#8211; com o brit\u00e2nico Lewis Hamilton na frente. O piloto da Mercedes fez a pole no treino oficial da madrugada deste s\u00e1bado, 16, na Austr\u00e1lia. O atual campe\u00e3o mundial marcou o tempo de 1:20.486 , deixando para tr\u00e1s seu companheiro de equipe Valteri [&hellip;]<\/p>\n","protected":false},"author":2,"featured_media":204811,"comment_status":"closed","ping_status":"closed","sticky":false,"template":"","format":"standard","meta":{"_acf_changed":false,"footnotes":""},"categories":[19],"tags":[95],"class_list":["post-204810","post","type-post","status-publish","format-standard","has-post-thumbnail","hentry","category-esportes","tag-capa"],"acf":[],"yoast_head":"<!-- This site is optimized with the Yoast SEO plugin v27.2 - https:\/\/yoast.com\/product\/yoast-seo-wordpress\/ -->\n<title>Hamilton \u00e9 pole na abertura da temporada de F1 - Notibras<\/title>\n<meta name=\"robots\" content=\"index, follow, max-snippet:-1, max-image-preview:large, max-video-preview:-1\" \/>\n<link rel=\"canonical\" href=\"https:\/\/www.notibras.com\/site\/hamilton-e-pole-na-abertura-da-temporada-de-f1\/\" \/>\n<meta property=\"og:locale\" content=\"pt_BR\" \/>\n<meta property=\"og:type\" content=\"article\" \/>\n<meta property=\"og:title\" content=\"Hamilton \u00e9 pole na abertura da temporada de F1 - Notibras\" \/>\n<meta property=\"og:description\" content=\"A F\u00f3rmula 1 volta \u00e0s pistas este ano como terminou em 2018 &#8211; com o brit\u00e2nico Lewis Hamilton na frente. O piloto da Mercedes fez a pole no treino oficial da madrugada deste s\u00e1bado, 16, na Austr\u00e1lia. O atual campe\u00e3o mundial marcou o tempo de 1:20.486 , deixando para tr\u00e1s seu companheiro de equipe Valteri [&hellip;]\" \/>\n<meta property=\"og:url\" content=\"https:\/\/www.notibras.com\/site\/hamilton-e-pole-na-abertura-da-temporada-de-f1\/\" \/>\n<meta property=\"og:site_name\" content=\"Notibras\" \/>\n<meta property=\"article:publisher\" content=\"https:\/\/www.facebook.com\/notibras\/\" \/>\n<meta property=\"article:published_time\" content=\"2019-03-16T07:12:56+00:00\" \/>\n<meta property=\"article:modified_time\" content=\"2019-03-16T12:10:08+00:00\" \/>\n<meta property=\"og:image\" content=\"https:\/\/www.notibras.com\/site\/wp-content\/uploads\/2019\/03\/hamilton-2019.jpg\" \/>\n\t<meta property=\"og:image:width\" content=\"940\" \/>\n\t<meta property=\"og:image:height\" content=\"627\" \/>\n\t<meta property=\"og:image:type\" content=\"image\/jpeg\" \/>\n<meta name=\"author\" content=\"Reda\u00e7\u00e3o\" \/>\n<meta name=\"twitter:card\" content=\"summary_large_image\" \/>\n<meta name=\"twitter:creator\" content=\"@Notibras\" \/>\n<meta name=\"twitter:site\" content=\"@Notibras\" \/>\n<meta name=\"twitter:label1\" content=\"Escrito por\" \/>\n\t<meta name=\"twitter:data1\" content=\"Reda\u00e7\u00e3o\" \/>\n\t<meta name=\"twitter:label2\" content=\"Est. tempo de leitura\" \/>\n\t<meta name=\"twitter:data2\" content=\"1 minuto\" \/>\n<script type=\"application\/ld+json\" class=\"yoast-schema-graph\">{\"@context\":\"https:\/\/schema.org\",\"@graph\":[{\"@type\":\"Article\",\"@id\":\"https:\/\/www.notibras.com\/site\/hamilton-e-pole-na-abertura-da-temporada-de-f1\/#article\",\"isPartOf\":{\"@id\":\"https:\/\/www.notibras.com\/site\/hamilton-e-pole-na-abertura-da-temporada-de-f1\/\"},\"author\":{\"name\":\"Reda\u00e7\u00e3o\",\"@id\":\"https:\/\/www.notibras.com\/site\/#\/schema\/person\/36ab0979449956132d3e5b517ea76ac8\"},\"headline\":\"Hamilton \u00e9 pole na abertura da temporada de F1\",\"datePublished\":\"2019-03-16T07:12:56+00:00\",\"dateModified\":\"2019-03-16T12:10:08+00:00\",\"mainEntityOfPage\":{\"@id\":\"https:\/\/www.notibras.com\/site\/hamilton-e-pole-na-abertura-da-temporada-de-f1\/\"},\"wordCount\":218,\"publisher\":{\"@id\":\"https:\/\/www.notibras.com\/site\/#organization\"},\"image\":{\"@id\":\"https:\/\/www.notibras.com\/site\/hamilton-e-pole-na-abertura-da-temporada-de-f1\/#primaryimage\"},\"thumbnailUrl\":\"https:\/\/www.notibras.com\/site\/wp-content\/uploads\/2019\/03\/hamilton-2019.jpg\",\"keywords\":[\"capa\"],\"articleSection\":[\"Esportes\"],\"inLanguage\":\"pt-BR\"},{\"@type\":\"WebPage\",\"@id\":\"https:\/\/www.notibras.com\/site\/hamilton-e-pole-na-abertura-da-temporada-de-f1\/\",\"url\":\"https:\/\/www.notibras.com\/site\/hamilton-e-pole-na-abertura-da-temporada-de-f1\/\",\"name\":\"Hamilton \u00e9 pole na abertura da temporada de F1 - Notibras\",\"isPartOf\":{\"@id\":\"https:\/\/www.notibras.com\/site\/#website\"},\"primaryImageOfPage\":{\"@id\":\"https:\/\/www.notibras.com\/site\/hamilton-e-pole-na-abertura-da-temporada-de-f1\/#primaryimage\"},\"image\":{\"@id\":\"https:\/\/www.notibras.com\/site\/hamilton-e-pole-na-abertura-da-temporada-de-f1\/#primaryimage\"},\"thumbnailUrl\":\"https:\/\/www.notibras.com\/site\/wp-content\/uploads\/2019\/03\/hamilton-2019.jpg\",\"datePublished\":\"2019-03-16T07:12:56+00:00\",\"dateModified\":\"2019-03-16T12:10:08+00:00\",\"breadcrumb\":{\"@id\":\"https:\/\/www.notibras.com\/site\/hamilton-e-pole-na-abertura-da-temporada-de-f1\/#breadcrumb\"},\"inLanguage\":\"pt-BR\",\"potentialAction\":[{\"@type\":\"ReadAction\",\"target\":[\"https:\/\/www.notibras.com\/site\/hamilton-e-pole-na-abertura-da-temporada-de-f1\/\"]}]},{\"@type\":\"ImageObject\",\"inLanguage\":\"pt-BR\",\"@id\":\"https:\/\/www.notibras.com\/site\/hamilton-e-pole-na-abertura-da-temporada-de-f1\/#primaryimage\",\"url\":\"https:\/\/www.notibras.com\/site\/wp-content\/uploads\/2019\/03\/hamilton-2019.jpg\",\"contentUrl\":\"https:\/\/www.notibras.com\/site\/wp-content\/uploads\/2019\/03\/hamilton-2019.jpg\",\"width\":940,\"height\":627,\"caption\":\"Foto\/Reuters - Estad\u00e3oConte\u00fado\"},{\"@type\":\"BreadcrumbList\",\"@id\":\"https:\/\/www.notibras.com\/site\/hamilton-e-pole-na-abertura-da-temporada-de-f1\/#breadcrumb\",\"itemListElement\":[{\"@type\":\"ListItem\",\"position\":1,\"name\":\"In\u00edcio\",\"item\":\"https:\/\/www.notibras.com\/site\/\"},{\"@type\":\"ListItem\",\"position\":2,\"name\":\"Hamilton \u00e9 pole na abertura da temporada de F1\"}]},{\"@type\":\"WebSite\",\"@id\":\"https:\/\/www.notibras.com\/site\/#website\",\"url\":\"https:\/\/www.notibras.com\/site\/\",\"name\":\"Notibras\",\"description\":\"Not\u00edcias de Bras\u00edlia, do Brasil e do Mundo\",\"publisher\":{\"@id\":\"https:\/\/www.notibras.com\/site\/#organization\"},\"potentialAction\":[{\"@type\":\"SearchAction\",\"target\":{\"@type\":\"EntryPoint\",\"urlTemplate\":\"https:\/\/www.notibras.com\/site\/?s={search_term_string}\"},\"query-input\":{\"@type\":\"PropertyValueSpecification\",\"valueRequired\":true,\"valueName\":\"search_term_string\"}}],\"inLanguage\":\"pt-BR\"},{\"@type\":\"Organization\",\"@id\":\"https:\/\/www.notibras.com\/site\/#organization\",\"name\":\"Grupo Notibras de Comunica\u00e7\u00e3o\",\"url\":\"https:\/\/www.notibras.com\/site\/\",\"logo\":{\"@type\":\"ImageObject\",\"inLanguage\":\"pt-BR\",\"@id\":\"https:\/\/www.notibras.com\/site\/#\/schema\/logo\/image\/\",\"url\":\"https:\/\/www.notibras.com\/site\/wp-content\/uploads\/2023\/01\/notibras23.png\",\"contentUrl\":\"https:\/\/www.notibras.com\/site\/wp-content\/uploads\/2023\/01\/notibras23.png\",\"width\":350,\"height\":87,\"caption\":\"Grupo Notibras de Comunica\u00e7\u00e3o\"},\"image\":{\"@id\":\"https:\/\/www.notibras.com\/site\/#\/schema\/logo\/image\/\"},\"sameAs\":[\"https:\/\/www.facebook.com\/notibras\/\",\"https:\/\/x.com\/Notibras\",\"https:\/\/www.instagram.com\/notibras\/\"]},{\"@type\":\"Person\",\"@id\":\"https:\/\/www.notibras.com\/site\/#\/schema\/person\/36ab0979449956132d3e5b517ea76ac8\",\"name\":\"Reda\u00e7\u00e3o\",\"image\":{\"@type\":\"ImageObject\",\"inLanguage\":\"pt-BR\",\"@id\":\"https:\/\/secure.gravatar.com\/avatar\/e0a867bdedb85fd243eadf09663511f96fc81e0720a4a42581f334ad4303aa6b?s=96&d=mm&r=g\",\"url\":\"https:\/\/secure.gravatar.com\/avatar\/e0a867bdedb85fd243eadf09663511f96fc81e0720a4a42581f334ad4303aa6b?s=96&d=mm&r=g\",\"contentUrl\":\"https:\/\/secure.gravatar.com\/avatar\/e0a867bdedb85fd243eadf09663511f96fc81e0720a4a42581f334ad4303aa6b?s=96&d=mm&r=g\",\"caption\":\"Reda\u00e7\u00e3o\"}}]}<\/script>\n<!-- \/ Yoast SEO plugin. -->","yoast_head_json":{"title":"Hamilton \u00e9 pole na abertura da temporada de F1 - Notibras","robots":{"index":"index","follow":"follow","max-snippet":"max-snippet:-1","max-image-preview":"max-image-preview:large","max-video-preview":"max-video-preview:-1"},"canonical":"https:\/\/www.notibras.com\/site\/hamilton-e-pole-na-abertura-da-temporada-de-f1\/","og_locale":"pt_BR","og_type":"article","og_title":"Hamilton \u00e9 pole na abertura da temporada de F1 - Notibras","og_description":"A F\u00f3rmula 1 volta \u00e0s pistas este ano como terminou em 2018 &#8211; com o brit\u00e2nico Lewis Hamilton na frente. O piloto da Mercedes fez a pole no treino oficial da madrugada deste s\u00e1bado, 16, na Austr\u00e1lia. O atual campe\u00e3o mundial marcou o tempo de 1:20.486 , deixando para tr\u00e1s seu companheiro de equipe Valteri [&hellip;]","og_url":"https:\/\/www.notibras.com\/site\/hamilton-e-pole-na-abertura-da-temporada-de-f1\/","og_site_name":"Notibras","article_publisher":"https:\/\/www.facebook.com\/notibras\/","article_published_time":"2019-03-16T07:12:56+00:00","article_modified_time":"2019-03-16T12:10:08+00:00","og_image":[{"width":940,"height":627,"url":"https:\/\/www.notibras.com\/site\/wp-content\/uploads\/2019\/03\/hamilton-2019.jpg","type":"image\/jpeg"}],"author":"Reda\u00e7\u00e3o","twitter_card":"summary_large_image","twitter_creator":"@Notibras","twitter_site":"@Notibras","twitter_misc":{"Escrito por":"Reda\u00e7\u00e3o","Est. tempo de leitura":"1 minuto"},"schema":{"@context":"https:\/\/schema.org","@graph":[{"@type":"Article","@id":"https:\/\/www.notibras.com\/site\/hamilton-e-pole-na-abertura-da-temporada-de-f1\/#article","isPartOf":{"@id":"https:\/\/www.notibras.com\/site\/hamilton-e-pole-na-abertura-da-temporada-de-f1\/"},"author":{"name":"Reda\u00e7\u00e3o","@id":"https:\/\/www.notibras.com\/site\/#\/schema\/person\/36ab0979449956132d3e5b517ea76ac8"},"headline":"Hamilton \u00e9 pole na abertura da temporada de F1","datePublished":"2019-03-16T07:12:56+00:00","dateModified":"2019-03-16T12:10:08+00:00","mainEntityOfPage":{"@id":"https:\/\/www.notibras.com\/site\/hamilton-e-pole-na-abertura-da-temporada-de-f1\/"},"wordCount":218,"publisher":{"@id":"https:\/\/www.notibras.com\/site\/#organization"},"image":{"@id":"https:\/\/www.notibras.com\/site\/hamilton-e-pole-na-abertura-da-temporada-de-f1\/#primaryimage"},"thumbnailUrl":"https:\/\/www.notibras.com\/site\/wp-content\/uploads\/2019\/03\/hamilton-2019.jpg","keywords":["capa"],"articleSection":["Esportes"],"inLanguage":"pt-BR"},{"@type":"WebPage","@id":"https:\/\/www.notibras.com\/site\/hamilton-e-pole-na-abertura-da-temporada-de-f1\/","url":"https:\/\/www.notibras.com\/site\/hamilton-e-pole-na-abertura-da-temporada-de-f1\/","name":"Hamilton \u00e9 pole na abertura da temporada de F1 - Notibras","isPartOf":{"@id":"https:\/\/www.notibras.com\/site\/#website"},"primaryImageOfPage":{"@id":"https:\/\/www.notibras.com\/site\/hamilton-e-pole-na-abertura-da-temporada-de-f1\/#primaryimage"},"image":{"@id":"https:\/\/www.notibras.com\/site\/hamilton-e-pole-na-abertura-da-temporada-de-f1\/#primaryimage"},"thumbnailUrl":"https:\/\/www.notibras.com\/site\/wp-content\/uploads\/2019\/03\/hamilton-2019.jpg","datePublished":"2019-03-16T07:12:56+00:00","dateModified":"2019-03-16T12:10:08+00:00","breadcrumb":{"@id":"https:\/\/www.notibras.com\/site\/hamilton-e-pole-na-abertura-da-temporada-de-f1\/#breadcrumb"},"inLanguage":"pt-BR","potentialAction":[{"@type":"ReadAction","target":["https:\/\/www.notibras.com\/site\/hamilton-e-pole-na-abertura-da-temporada-de-f1\/"]}]},{"@type":"ImageObject","inLanguage":"pt-BR","@id":"https:\/\/www.notibras.com\/site\/hamilton-e-pole-na-abertura-da-temporada-de-f1\/#primaryimage","url":"https:\/\/www.notibras.com\/site\/wp-content\/uploads\/2019\/03\/hamilton-2019.jpg","contentUrl":"https:\/\/www.notibras.com\/site\/wp-content\/uploads\/2019\/03\/hamilton-2019.jpg","width":940,"height":627,"caption":"Foto\/Reuters - Estad\u00e3oConte\u00fado"},{"@type":"BreadcrumbList","@id":"https:\/\/www.notibras.com\/site\/hamilton-e-pole-na-abertura-da-temporada-de-f1\/#breadcrumb","itemListElement":[{"@type":"ListItem","position":1,"name":"In\u00edcio","item":"https:\/\/www.notibras.com\/site\/"},{"@type":"ListItem","position":2,"name":"Hamilton \u00e9 pole na abertura da temporada de F1"}]},{"@type":"WebSite","@id":"https:\/\/www.notibras.com\/site\/#website","url":"https:\/\/www.notibras.com\/site\/","name":"Notibras","description":"Not\u00edcias de Bras\u00edlia, do Brasil e do Mundo","publisher":{"@id":"https:\/\/www.notibras.com\/site\/#organization"},"potentialAction":[{"@type":"SearchAction","target":{"@type":"EntryPoint","urlTemplate":"https:\/\/www.notibras.com\/site\/?s={search_term_string}"},"query-input":{"@type":"PropertyValueSpecification","valueRequired":true,"valueName":"search_term_string"}}],"inLanguage":"pt-BR"},{"@type":"Organization","@id":"https:\/\/www.notibras.com\/site\/#organization","name":"Grupo Notibras de Comunica\u00e7\u00e3o","url":"https:\/\/www.notibras.com\/site\/","logo":{"@type":"ImageObject","inLanguage":"pt-BR","@id":"https:\/\/www.notibras.com\/site\/#\/schema\/logo\/image\/","url":"https:\/\/www.notibras.com\/site\/wp-content\/uploads\/2023\/01\/notibras23.png","contentUrl":"https:\/\/www.notibras.com\/site\/wp-content\/uploads\/2023\/01\/notibras23.png","width":350,"height":87,"caption":"Grupo Notibras de Comunica\u00e7\u00e3o"},"image":{"@id":"https:\/\/www.notibras.com\/site\/#\/schema\/logo\/image\/"},"sameAs":["https:\/\/www.facebook.com\/notibras\/","https:\/\/x.com\/Notibras","https:\/\/www.instagram.com\/notibras\/"]},{"@type":"Person","@id":"https:\/\/www.notibras.com\/site\/#\/schema\/person\/36ab0979449956132d3e5b517ea76ac8","name":"Reda\u00e7\u00e3o","image":{"@type":"ImageObject","inLanguage":"pt-BR","@id":"https:\/\/secure.gravatar.com\/avatar\/e0a867bdedb85fd243eadf09663511f96fc81e0720a4a42581f334ad4303aa6b?s=96&d=mm&r=g","url":"https:\/\/secure.gravatar.com\/avatar\/e0a867bdedb85fd243eadf09663511f96fc81e0720a4a42581f334ad4303aa6b?s=96&d=mm&r=g","contentUrl":"https:\/\/secure.gravatar.com\/avatar\/e0a867bdedb85fd243eadf09663511f96fc81e0720a4a42581f334ad4303aa6b?s=96&d=mm&r=g","caption":"Reda\u00e7\u00e3o"}}]}},"amp_enabled":true,"_links":{"self":[{"href":"https:\/\/www.notibras.com\/site\/wp-json\/wp\/v2\/posts\/204810","targetHints":{"allow":["GET"]}}],"collection":[{"href":"https:\/\/www.notibras.com\/site\/wp-json\/wp\/v2\/posts"}],"about":[{"href":"https:\/\/www.notibras.com\/site\/wp-json\/wp\/v2\/types\/post"}],"author":[{"embeddable":true,"href":"https:\/\/www.notibras.com\/site\/wp-json\/wp\/v2\/users\/2"}],"replies":[{"embeddable":true,"href":"https:\/\/www.notibras.com\/site\/wp-json\/wp\/v2\/comments?post=204810"}],"version-history":[{"count":3,"href":"https:\/\/www.notibras.com\/site\/wp-json\/wp\/v2\/posts\/204810\/revisions"}],"predecessor-version":[{"id":204814,"href":"https:\/\/www.notibras.com\/site\/wp-json\/wp\/v2\/posts\/204810\/revisions\/204814"}],"wp:featuredmedia":[{"embeddable":true,"href":"https:\/\/www.notibras.com\/site\/wp-json\/wp\/v2\/media\/204811"}],"wp:attachment":[{"href":"https:\/\/www.notibras.com\/site\/wp-json\/wp\/v2\/media?parent=204810"}],"wp:term":[{"taxonomy":"category","embeddable":true,"href":"https:\/\/www.notibras.com\/site\/wp-json\/wp\/v2\/categories?post=204810"},{"taxonomy":"post_tag","embeddable":true,"href":"https:\/\/www.notibras.com\/site\/wp-json\/wp\/v2\/tags?post=204810"}],"curies":[{"name":"wp","href":"https:\/\/api.w.org\/{rel}","templated":true}]}}