{"id":204815,"date":"2019-03-16T09:08:21","date_gmt":"2019-03-16T12:08:21","guid":{"rendered":"https:\/\/www.notibras.com\/site\/?p=204815"},"modified":"2019-03-16T17:08:13","modified_gmt":"2019-03-16T20:08:13","slug":"grupo-de-bolsonaro-quer-limpar-supremo-e-salvar-lava-jato","status":"publish","type":"post","link":"https:\/\/www.notibras.com\/site\/grupo-de-bolsonaro-quer-limpar-supremo-e-salvar-lava-jato\/","title":{"rendered":"Grupo de Bolsonaro quer limpar STF e salvar Lava Jato"},"content":{"rendered":"<p>Parlamentares do PSL, partido do presidente Jair Bolsonaro, t\u00eam inflado as manifesta\u00e7\u00f5es contr\u00e1rias ao Supremo Tribunal Federal nas redes sociais e capitaneado ofensivas contra magistrados no Congresso. A rea\u00e7\u00e3o foi intensificada ap\u00f3s a Corte decidir, nesta quinta-feira, 14, encaminhar casos de caixa 2 associados \u00e0 corrup\u00e7\u00e3o para a Justi\u00e7a Eleitoral, medida criticada por procuradores e considerada uma derrota para a Lava Jato.<\/p>\n<p>O deputado Eduardo Bolsonaro (PSL-SP), filho do presidente, \u00e9 um dos que criticaram a decis\u00e3o. Ele disse nesta sexta-feira, 15, que \u201ch\u00e1 uma revolta muito grande\u201d nas redes sociais com o resultado do julgamento. \u201cComo representante da popula\u00e7\u00e3o, essa mensagem tem que ser dada: a popula\u00e7\u00e3o n\u00e3o gostou e realmente est\u00e1 pegando mal. Isso a\u00ed acaba desgastando um pouco a imagem do Supremo, sim\u201d, afirmou o parlamentar, durante evento em S\u00e3o Paulo.<\/p>\n<p>O pr\u00f3prio presidente j\u00e1 havia se manifestado contra a medida em caf\u00e9 com jornalistas nesta quarta-feira, 13, antes da decis\u00e3o final dos ministros. Expoentes do PSL na C\u00e2mara, por\u00e9m, t\u00eam adotado um tom mais agressivo. No dia do julgamento, a deputada Carla Zambelli (PSL-SP) foi para a frente do pr\u00e9dio do Supremo amea\u00e7ar os ministros que votassem contra o que defendia a Lava Jato.<\/p>\n<p>\u201cN\u00e3o vamos aceitar que voc\u00eas acabem com a Lava Jato. Se precisar, os deputados do povo v\u00e3o entrar com pedidos de impeachment de cada um de voc\u00eas. N\u00e3o brinque com o povo brasileiro. O povo, unido, j\u00e1 derrubou um presidente. E, unidos tamb\u00e9m, vamos derrubar cada um dos ministros que rasgarem a Constitui\u00e7\u00e3o\u201d, afirmou a deputada ao microfone na Pra\u00e7a dos Tr\u00eas Poderes.<\/p>\n<p>Outros parlamentares eleitos impulsionados na onda virtual que alavancou Bolsonaro, como o deputado Alexandre Frota (PSL-SP), est\u00e3o convocando os seguidores nas redes para ir ao ato contra o Supremo marcado para este domingo, 17.<\/p>\n<p>No Senado, por sua vez, a bancada do PSL \u00e9 uma das mais ativas na coleta de assinaturas para a cria\u00e7\u00e3o da CPI da \u201cLava Toga\u201d, que tem como objetivo investigar os ministros da Corte. A proposta do senador Alessandro Vieira (PPS-SE) j\u00e1 reuniu as 27 assinaturas necess\u00e1rias para protocolar um novo pedido de cria\u00e7\u00e3o da comiss\u00e3o. Major Ol\u00edmpio (PSL-SP) e Soraya Thronicke (PSL-MS) inflam a mobiliza\u00e7\u00e3o nas redes contra a Corte.<\/p>\n<p>Outros seis senadores j\u00e1 sinalizaram que tamb\u00e9m v\u00e3o assinar o pedido no in\u00edcio da semana que vem. Dos quatro parlamentares do PSL no Senado, o \u00fanico a n\u00e3o aderir \u00e9 o senador Fl\u00e1vio Bolsonaro (PSL-RJ), filho do presidente, que teria justificado a aliados que o ato poderia causar \u201cconstrangimento\u201d ao pai.<\/p>\n<p>Logo ap\u00f3s o julgamento, Ol\u00edmpio prop\u00f4s projeto para que crimes de corrup\u00e7\u00e3o e lavagem de dinheiro sejam julgados separadamente de caixa 2, contrariando a decis\u00e3o do Supremo. Al\u00e9m deste, pelo menos tr\u00eas novos projetos de lei foram protocolados ap\u00f3s o julgamento para tentar alterar o entendimento da Corte. Um deles, o mais radical, \u00e9 de autoria da deputada federal Chris Tonietto (PSL-RJ), que elaborou uma proposta de emenda \u00e0 Constitui\u00e7\u00e3o (PEC) para autorizar o Congresso a sustar decis\u00f5es da Corte.<\/p>\n<p>Deputados ainda querem acelerar a discuss\u00e3o para revogar a PEC da Bengala, aprovada em 2015 e que aumentou a idade para aposentadoria compuls\u00f3ria dos ministros do Supremo para 75 anos. Caso aprovada, a medida poderia abrir duas vagas a mais para Bolsonaro indicar no Supremo \u2013 ele j\u00e1 poder\u00e1 indicar duas at\u00e9 o fim do mandato. A proposta \u00e9 da deputada Bia Kicis (PSL-DF), mas o presidente do STF, Dias Toffoli, j\u00e1 disse que a mudan\u00e7a n\u00e3o deveria valer para os atuais integrantes da Corte.<\/p>\n<p>O l\u00edder do PSL na C\u00e2mara, delegado Waldir (PSL-GO), minimiza o movimento de seus correligion\u00e1rios. Para ele, \u00e9 necess\u00e1ria a mudan\u00e7a na legisla\u00e7\u00e3o, mas que ela pode ser analisada com o pacote anticrime proposto pelo ministro da Justi\u00e7a, S\u00e9rgio Moro. \u201cAcho que esse \u00e9 o texto adequado para a discuss\u00e3o\u201d, afirmou. Ele, por\u00e9m, n\u00e3o v\u00ea necessidade em acelerar a proposta por causa da decis\u00e3o da Corte.<\/p>\n","protected":false},"excerpt":{"rendered":"<p>Parlamentares do PSL, partido do presidente Jair Bolsonaro, t\u00eam inflado as manifesta\u00e7\u00f5es contr\u00e1rias ao Supremo Tribunal Federal nas redes sociais e capitaneado ofensivas contra magistrados no Congresso. A rea\u00e7\u00e3o foi intensificada ap\u00f3s a Corte decidir, nesta quinta-feira, 14, encaminhar casos de caixa 2 associados \u00e0 corrup\u00e7\u00e3o para a Justi\u00e7a Eleitoral, medida criticada por procuradores e [&hellip;]<\/p>\n","protected":false},"author":2,"featured_media":204816,"comment_status":"closed","ping_status":"closed","sticky":false,"template":"","format":"standard","meta":{"_acf_changed":false,"footnotes":""},"categories":[16],"tags":[95],"class_list":["post-204815","post","type-post","status-publish","format-standard","has-post-thumbnail","hentry","category-brasil","tag-capa"],"acf":[],"yoast_head":"<!-- This site is optimized with the Yoast SEO plugin v27.2 - https:\/\/yoast.com\/product\/yoast-seo-wordpress\/ -->\n<title>Grupo de Bolsonaro quer limpar STF e salvar Lava Jato - Notibras<\/title>\n<meta name=\"robots\" content=\"index, follow, max-snippet:-1, max-image-preview:large, max-video-preview:-1\" \/>\n<link rel=\"canonical\" href=\"https:\/\/www.notibras.com\/site\/grupo-de-bolsonaro-quer-limpar-supremo-e-salvar-lava-jato\/\" \/>\n<meta property=\"og:locale\" content=\"pt_BR\" \/>\n<meta property=\"og:type\" content=\"article\" \/>\n<meta property=\"og:title\" content=\"Grupo de Bolsonaro quer limpar STF e salvar Lava Jato - Notibras\" \/>\n<meta property=\"og:description\" content=\"Parlamentares do PSL, partido do presidente Jair Bolsonaro, t\u00eam inflado as manifesta\u00e7\u00f5es contr\u00e1rias ao Supremo Tribunal Federal nas redes sociais e capitaneado ofensivas contra magistrados no Congresso. A rea\u00e7\u00e3o foi intensificada ap\u00f3s a Corte decidir, nesta quinta-feira, 14, encaminhar casos de caixa 2 associados \u00e0 corrup\u00e7\u00e3o para a Justi\u00e7a Eleitoral, medida criticada por procuradores e [&hellip;]\" \/>\n<meta property=\"og:url\" content=\"https:\/\/www.notibras.com\/site\/grupo-de-bolsonaro-quer-limpar-supremo-e-salvar-lava-jato\/\" \/>\n<meta property=\"og:site_name\" content=\"Notibras\" \/>\n<meta property=\"article:publisher\" content=\"https:\/\/www.facebook.com\/notibras\/\" \/>\n<meta property=\"article:published_time\" content=\"2019-03-16T12:08:21+00:00\" \/>\n<meta property=\"article:modified_time\" content=\"2019-03-16T20:08:13+00:00\" \/>\n<meta property=\"og:image\" content=\"https:\/\/www.notibras.com\/site\/wp-content\/uploads\/2019\/03\/eduardo-2.16.jpg\" \/>\n\t<meta property=\"og:image:width\" content=\"1000\" \/>\n\t<meta property=\"og:image:height\" content=\"667\" \/>\n\t<meta property=\"og:image:type\" content=\"image\/jpeg\" \/>\n<meta name=\"author\" content=\"Reda\u00e7\u00e3o\" \/>\n<meta name=\"twitter:card\" content=\"summary_large_image\" \/>\n<meta name=\"twitter:creator\" content=\"@Notibras\" \/>\n<meta name=\"twitter:site\" content=\"@Notibras\" \/>\n<meta name=\"twitter:label1\" content=\"Escrito por\" \/>\n\t<meta name=\"twitter:data1\" content=\"Reda\u00e7\u00e3o\" \/>\n\t<meta name=\"twitter:label2\" content=\"Est. tempo de leitura\" \/>\n\t<meta name=\"twitter:data2\" content=\"3 minutos\" \/>\n<script type=\"application\/ld+json\" class=\"yoast-schema-graph\">{\"@context\":\"https:\/\/schema.org\",\"@graph\":[{\"@type\":\"Article\",\"@id\":\"https:\/\/www.notibras.com\/site\/grupo-de-bolsonaro-quer-limpar-supremo-e-salvar-lava-jato\/#article\",\"isPartOf\":{\"@id\":\"https:\/\/www.notibras.com\/site\/grupo-de-bolsonaro-quer-limpar-supremo-e-salvar-lava-jato\/\"},\"author\":{\"name\":\"Reda\u00e7\u00e3o\",\"@id\":\"https:\/\/www.notibras.com\/site\/#\/schema\/person\/36ab0979449956132d3e5b517ea76ac8\"},\"headline\":\"Grupo de Bolsonaro quer limpar STF e salvar Lava Jato\",\"datePublished\":\"2019-03-16T12:08:21+00:00\",\"dateModified\":\"2019-03-16T20:08:13+00:00\",\"mainEntityOfPage\":{\"@id\":\"https:\/\/www.notibras.com\/site\/grupo-de-bolsonaro-quer-limpar-supremo-e-salvar-lava-jato\/\"},\"wordCount\":706,\"publisher\":{\"@id\":\"https:\/\/www.notibras.com\/site\/#organization\"},\"image\":{\"@id\":\"https:\/\/www.notibras.com\/site\/grupo-de-bolsonaro-quer-limpar-supremo-e-salvar-lava-jato\/#primaryimage\"},\"thumbnailUrl\":\"https:\/\/www.notibras.com\/site\/wp-content\/uploads\/2019\/03\/eduardo-2.16.jpg\",\"keywords\":[\"capa\"],\"articleSection\":[\"Brasil\"],\"inLanguage\":\"pt-BR\"},{\"@type\":\"WebPage\",\"@id\":\"https:\/\/www.notibras.com\/site\/grupo-de-bolsonaro-quer-limpar-supremo-e-salvar-lava-jato\/\",\"url\":\"https:\/\/www.notibras.com\/site\/grupo-de-bolsonaro-quer-limpar-supremo-e-salvar-lava-jato\/\",\"name\":\"Grupo de Bolsonaro quer limpar STF e salvar Lava Jato - Notibras\",\"isPartOf\":{\"@id\":\"https:\/\/www.notibras.com\/site\/#website\"},\"primaryImageOfPage\":{\"@id\":\"https:\/\/www.notibras.com\/site\/grupo-de-bolsonaro-quer-limpar-supremo-e-salvar-lava-jato\/#primaryimage\"},\"image\":{\"@id\":\"https:\/\/www.notibras.com\/site\/grupo-de-bolsonaro-quer-limpar-supremo-e-salvar-lava-jato\/#primaryimage\"},\"thumbnailUrl\":\"https:\/\/www.notibras.com\/site\/wp-content\/uploads\/2019\/03\/eduardo-2.16.jpg\",\"datePublished\":\"2019-03-16T12:08:21+00:00\",\"dateModified\":\"2019-03-16T20:08:13+00:00\",\"breadcrumb\":{\"@id\":\"https:\/\/www.notibras.com\/site\/grupo-de-bolsonaro-quer-limpar-supremo-e-salvar-lava-jato\/#breadcrumb\"},\"inLanguage\":\"pt-BR\",\"potentialAction\":[{\"@type\":\"ReadAction\",\"target\":[\"https:\/\/www.notibras.com\/site\/grupo-de-bolsonaro-quer-limpar-supremo-e-salvar-lava-jato\/\"]}]},{\"@type\":\"ImageObject\",\"inLanguage\":\"pt-BR\",\"@id\":\"https:\/\/www.notibras.com\/site\/grupo-de-bolsonaro-quer-limpar-supremo-e-salvar-lava-jato\/#primaryimage\",\"url\":\"https:\/\/www.notibras.com\/site\/wp-content\/uploads\/2019\/03\/eduardo-2.16.jpg\",\"contentUrl\":\"https:\/\/www.notibras.com\/site\/wp-content\/uploads\/2019\/03\/eduardo-2.16.jpg\",\"width\":1000,\"height\":667,\"caption\":\"Foto: Will Shutter\/C\u00e2mara dos Deputados\"},{\"@type\":\"BreadcrumbList\",\"@id\":\"https:\/\/www.notibras.com\/site\/grupo-de-bolsonaro-quer-limpar-supremo-e-salvar-lava-jato\/#breadcrumb\",\"itemListElement\":[{\"@type\":\"ListItem\",\"position\":1,\"name\":\"In\u00edcio\",\"item\":\"https:\/\/www.notibras.com\/site\/\"},{\"@type\":\"ListItem\",\"position\":2,\"name\":\"Grupo de Bolsonaro quer limpar STF e salvar Lava Jato\"}]},{\"@type\":\"WebSite\",\"@id\":\"https:\/\/www.notibras.com\/site\/#website\",\"url\":\"https:\/\/www.notibras.com\/site\/\",\"name\":\"Notibras\",\"description\":\"Not\u00edcias de Bras\u00edlia, do Brasil e do Mundo\",\"publisher\":{\"@id\":\"https:\/\/www.notibras.com\/site\/#organization\"},\"potentialAction\":[{\"@type\":\"SearchAction\",\"target\":{\"@type\":\"EntryPoint\",\"urlTemplate\":\"https:\/\/www.notibras.com\/site\/?s={search_term_string}\"},\"query-input\":{\"@type\":\"PropertyValueSpecification\",\"valueRequired\":true,\"valueName\":\"search_term_string\"}}],\"inLanguage\":\"pt-BR\"},{\"@type\":\"Organization\",\"@id\":\"https:\/\/www.notibras.com\/site\/#organization\",\"name\":\"Grupo Notibras de Comunica\u00e7\u00e3o\",\"url\":\"https:\/\/www.notibras.com\/site\/\",\"logo\":{\"@type\":\"ImageObject\",\"inLanguage\":\"pt-BR\",\"@id\":\"https:\/\/www.notibras.com\/site\/#\/schema\/logo\/image\/\",\"url\":\"https:\/\/www.notibras.com\/site\/wp-content\/uploads\/2023\/01\/notibras23.png\",\"contentUrl\":\"https:\/\/www.notibras.com\/site\/wp-content\/uploads\/2023\/01\/notibras23.png\",\"width\":350,\"height\":87,\"caption\":\"Grupo Notibras de Comunica\u00e7\u00e3o\"},\"image\":{\"@id\":\"https:\/\/www.notibras.com\/site\/#\/schema\/logo\/image\/\"},\"sameAs\":[\"https:\/\/www.facebook.com\/notibras\/\",\"https:\/\/x.com\/Notibras\",\"https:\/\/www.instagram.com\/notibras\/\"]},{\"@type\":\"Person\",\"@id\":\"https:\/\/www.notibras.com\/site\/#\/schema\/person\/36ab0979449956132d3e5b517ea76ac8\",\"name\":\"Reda\u00e7\u00e3o\",\"image\":{\"@type\":\"ImageObject\",\"inLanguage\":\"pt-BR\",\"@id\":\"https:\/\/secure.gravatar.com\/avatar\/e0a867bdedb85fd243eadf09663511f96fc81e0720a4a42581f334ad4303aa6b?s=96&d=mm&r=g\",\"url\":\"https:\/\/secure.gravatar.com\/avatar\/e0a867bdedb85fd243eadf09663511f96fc81e0720a4a42581f334ad4303aa6b?s=96&d=mm&r=g\",\"contentUrl\":\"https:\/\/secure.gravatar.com\/avatar\/e0a867bdedb85fd243eadf09663511f96fc81e0720a4a42581f334ad4303aa6b?s=96&d=mm&r=g\",\"caption\":\"Reda\u00e7\u00e3o\"}}]}<\/script>\n<!-- \/ Yoast SEO plugin. -->","yoast_head_json":{"title":"Grupo de Bolsonaro quer limpar STF e salvar Lava Jato - Notibras","robots":{"index":"index","follow":"follow","max-snippet":"max-snippet:-1","max-image-preview":"max-image-preview:large","max-video-preview":"max-video-preview:-1"},"canonical":"https:\/\/www.notibras.com\/site\/grupo-de-bolsonaro-quer-limpar-supremo-e-salvar-lava-jato\/","og_locale":"pt_BR","og_type":"article","og_title":"Grupo de Bolsonaro quer limpar STF e salvar Lava Jato - Notibras","og_description":"Parlamentares do PSL, partido do presidente Jair Bolsonaro, t\u00eam inflado as manifesta\u00e7\u00f5es contr\u00e1rias ao Supremo Tribunal Federal nas redes sociais e capitaneado ofensivas contra magistrados no Congresso. A rea\u00e7\u00e3o foi intensificada ap\u00f3s a Corte decidir, nesta quinta-feira, 14, encaminhar casos de caixa 2 associados \u00e0 corrup\u00e7\u00e3o para a Justi\u00e7a Eleitoral, medida criticada por procuradores e [&hellip;]","og_url":"https:\/\/www.notibras.com\/site\/grupo-de-bolsonaro-quer-limpar-supremo-e-salvar-lava-jato\/","og_site_name":"Notibras","article_publisher":"https:\/\/www.facebook.com\/notibras\/","article_published_time":"2019-03-16T12:08:21+00:00","article_modified_time":"2019-03-16T20:08:13+00:00","og_image":[{"width":1000,"height":667,"url":"https:\/\/www.notibras.com\/site\/wp-content\/uploads\/2019\/03\/eduardo-2.16.jpg","type":"image\/jpeg"}],"author":"Reda\u00e7\u00e3o","twitter_card":"summary_large_image","twitter_creator":"@Notibras","twitter_site":"@Notibras","twitter_misc":{"Escrito por":"Reda\u00e7\u00e3o","Est. tempo de leitura":"3 minutos"},"schema":{"@context":"https:\/\/schema.org","@graph":[{"@type":"Article","@id":"https:\/\/www.notibras.com\/site\/grupo-de-bolsonaro-quer-limpar-supremo-e-salvar-lava-jato\/#article","isPartOf":{"@id":"https:\/\/www.notibras.com\/site\/grupo-de-bolsonaro-quer-limpar-supremo-e-salvar-lava-jato\/"},"author":{"name":"Reda\u00e7\u00e3o","@id":"https:\/\/www.notibras.com\/site\/#\/schema\/person\/36ab0979449956132d3e5b517ea76ac8"},"headline":"Grupo de Bolsonaro quer limpar STF e salvar Lava Jato","datePublished":"2019-03-16T12:08:21+00:00","dateModified":"2019-03-16T20:08:13+00:00","mainEntityOfPage":{"@id":"https:\/\/www.notibras.com\/site\/grupo-de-bolsonaro-quer-limpar-supremo-e-salvar-lava-jato\/"},"wordCount":706,"publisher":{"@id":"https:\/\/www.notibras.com\/site\/#organization"},"image":{"@id":"https:\/\/www.notibras.com\/site\/grupo-de-bolsonaro-quer-limpar-supremo-e-salvar-lava-jato\/#primaryimage"},"thumbnailUrl":"https:\/\/www.notibras.com\/site\/wp-content\/uploads\/2019\/03\/eduardo-2.16.jpg","keywords":["capa"],"articleSection":["Brasil"],"inLanguage":"pt-BR"},{"@type":"WebPage","@id":"https:\/\/www.notibras.com\/site\/grupo-de-bolsonaro-quer-limpar-supremo-e-salvar-lava-jato\/","url":"https:\/\/www.notibras.com\/site\/grupo-de-bolsonaro-quer-limpar-supremo-e-salvar-lava-jato\/","name":"Grupo de Bolsonaro quer limpar STF e salvar Lava Jato - Notibras","isPartOf":{"@id":"https:\/\/www.notibras.com\/site\/#website"},"primaryImageOfPage":{"@id":"https:\/\/www.notibras.com\/site\/grupo-de-bolsonaro-quer-limpar-supremo-e-salvar-lava-jato\/#primaryimage"},"image":{"@id":"https:\/\/www.notibras.com\/site\/grupo-de-bolsonaro-quer-limpar-supremo-e-salvar-lava-jato\/#primaryimage"},"thumbnailUrl":"https:\/\/www.notibras.com\/site\/wp-content\/uploads\/2019\/03\/eduardo-2.16.jpg","datePublished":"2019-03-16T12:08:21+00:00","dateModified":"2019-03-16T20:08:13+00:00","breadcrumb":{"@id":"https:\/\/www.notibras.com\/site\/grupo-de-bolsonaro-quer-limpar-supremo-e-salvar-lava-jato\/#breadcrumb"},"inLanguage":"pt-BR","potentialAction":[{"@type":"ReadAction","target":["https:\/\/www.notibras.com\/site\/grupo-de-bolsonaro-quer-limpar-supremo-e-salvar-lava-jato\/"]}]},{"@type":"ImageObject","inLanguage":"pt-BR","@id":"https:\/\/www.notibras.com\/site\/grupo-de-bolsonaro-quer-limpar-supremo-e-salvar-lava-jato\/#primaryimage","url":"https:\/\/www.notibras.com\/site\/wp-content\/uploads\/2019\/03\/eduardo-2.16.jpg","contentUrl":"https:\/\/www.notibras.com\/site\/wp-content\/uploads\/2019\/03\/eduardo-2.16.jpg","width":1000,"height":667,"caption":"Foto: Will Shutter\/C\u00e2mara dos Deputados"},{"@type":"BreadcrumbList","@id":"https:\/\/www.notibras.com\/site\/grupo-de-bolsonaro-quer-limpar-supremo-e-salvar-lava-jato\/#breadcrumb","itemListElement":[{"@type":"ListItem","position":1,"name":"In\u00edcio","item":"https:\/\/www.notibras.com\/site\/"},{"@type":"ListItem","position":2,"name":"Grupo de Bolsonaro quer limpar STF e salvar Lava Jato"}]},{"@type":"WebSite","@id":"https:\/\/www.notibras.com\/site\/#website","url":"https:\/\/www.notibras.com\/site\/","name":"Notibras","description":"Not\u00edcias de Bras\u00edlia, do Brasil e do Mundo","publisher":{"@id":"https:\/\/www.notibras.com\/site\/#organization"},"potentialAction":[{"@type":"SearchAction","target":{"@type":"EntryPoint","urlTemplate":"https:\/\/www.notibras.com\/site\/?s={search_term_string}"},"query-input":{"@type":"PropertyValueSpecification","valueRequired":true,"valueName":"search_term_string"}}],"inLanguage":"pt-BR"},{"@type":"Organization","@id":"https:\/\/www.notibras.com\/site\/#organization","name":"Grupo Notibras de Comunica\u00e7\u00e3o","url":"https:\/\/www.notibras.com\/site\/","logo":{"@type":"ImageObject","inLanguage":"pt-BR","@id":"https:\/\/www.notibras.com\/site\/#\/schema\/logo\/image\/","url":"https:\/\/www.notibras.com\/site\/wp-content\/uploads\/2023\/01\/notibras23.png","contentUrl":"https:\/\/www.notibras.com\/site\/wp-content\/uploads\/2023\/01\/notibras23.png","width":350,"height":87,"caption":"Grupo Notibras de Comunica\u00e7\u00e3o"},"image":{"@id":"https:\/\/www.notibras.com\/site\/#\/schema\/logo\/image\/"},"sameAs":["https:\/\/www.facebook.com\/notibras\/","https:\/\/x.com\/Notibras","https:\/\/www.instagram.com\/notibras\/"]},{"@type":"Person","@id":"https:\/\/www.notibras.com\/site\/#\/schema\/person\/36ab0979449956132d3e5b517ea76ac8","name":"Reda\u00e7\u00e3o","image":{"@type":"ImageObject","inLanguage":"pt-BR","@id":"https:\/\/secure.gravatar.com\/avatar\/e0a867bdedb85fd243eadf09663511f96fc81e0720a4a42581f334ad4303aa6b?s=96&d=mm&r=g","url":"https:\/\/secure.gravatar.com\/avatar\/e0a867bdedb85fd243eadf09663511f96fc81e0720a4a42581f334ad4303aa6b?s=96&d=mm&r=g","contentUrl":"https:\/\/secure.gravatar.com\/avatar\/e0a867bdedb85fd243eadf09663511f96fc81e0720a4a42581f334ad4303aa6b?s=96&d=mm&r=g","caption":"Reda\u00e7\u00e3o"}}]}},"amp_enabled":true,"_links":{"self":[{"href":"https:\/\/www.notibras.com\/site\/wp-json\/wp\/v2\/posts\/204815","targetHints":{"allow":["GET"]}}],"collection":[{"href":"https:\/\/www.notibras.com\/site\/wp-json\/wp\/v2\/posts"}],"about":[{"href":"https:\/\/www.notibras.com\/site\/wp-json\/wp\/v2\/types\/post"}],"author":[{"embeddable":true,"href":"https:\/\/www.notibras.com\/site\/wp-json\/wp\/v2\/users\/2"}],"replies":[{"embeddable":true,"href":"https:\/\/www.notibras.com\/site\/wp-json\/wp\/v2\/comments?post=204815"}],"version-history":[{"count":2,"href":"https:\/\/www.notibras.com\/site\/wp-json\/wp\/v2\/posts\/204815\/revisions"}],"predecessor-version":[{"id":204826,"href":"https:\/\/www.notibras.com\/site\/wp-json\/wp\/v2\/posts\/204815\/revisions\/204826"}],"wp:featuredmedia":[{"embeddable":true,"href":"https:\/\/www.notibras.com\/site\/wp-json\/wp\/v2\/media\/204816"}],"wp:attachment":[{"href":"https:\/\/www.notibras.com\/site\/wp-json\/wp\/v2\/media?parent=204815"}],"wp:term":[{"taxonomy":"category","embeddable":true,"href":"https:\/\/www.notibras.com\/site\/wp-json\/wp\/v2\/categories?post=204815"},{"taxonomy":"post_tag","embeddable":true,"href":"https:\/\/www.notibras.com\/site\/wp-json\/wp\/v2\/tags?post=204815"}],"curies":[{"name":"wp","href":"https:\/\/api.w.org\/{rel}","templated":true}]}}