{"id":204827,"date":"2019-03-16T17:29:26","date_gmt":"2019-03-16T20:29:26","guid":{"rendered":"https:\/\/www.notibras.com\/site\/?p=204827"},"modified":"2019-03-16T18:05:15","modified_gmt":"2019-03-16T21:05:15","slug":"militares-avaliam-que-e-a-hora-de-acertar-o-passo","status":"publish","type":"post","link":"https:\/\/www.notibras.com\/site\/militares-avaliam-que-e-a-hora-de-acertar-o-passo\/","title":{"rendered":"Militares avaliam que \u00e9 a hora de acertar o passo"},"content":{"rendered":"<p>Militares das tr\u00eas For\u00e7as, de todas as patentes e gradua\u00e7\u00f5es, da ativa, da reserva e reformados, come\u00e7am a manifestar preocupa\u00e7\u00e3o com os desencontros de informa\u00e7\u00f5es e decis\u00f5es que v\u00eam provocando manchetes negativas para o Pal\u00e1cio do Planalto. N\u00e3o h\u00e1 curto-circuito fatal (ainda), ponderam. E avaliam que isso \u00e9 consequ\u00eancia da ascens\u00e3o da direita ao Poder no Brasil, fazendo brotar novidades pol\u00edticas, como seria de se esperar, mas n\u00e3o necessariamente de se desejar.<\/p>\n<p>Atentos ao panorama, militares de altas patentes ouvidos por <strong>Notibras<\/strong> nas \u00faltimas duas semanas, identificam tr\u00eas grupos distintos e antag\u00f4nicos nos primeiro e segundo escal\u00f5es. S\u00e3o todos protagonistas das mudan\u00e7as necess\u00e1rias, mas se apresentam como linhas paralelas, que jamais se encontram. Nesse universo tamb\u00e9m t\u00eam sido observados os oportunistas de \u00faltima hora, que lan\u00e7am olhares fortuitos tentando se encaixar em \u00e1reas espec\u00edficas, mas que ser\u00e3o sempre outsiders do projeto de governo que venceu as elei\u00e7\u00f5es.<\/p>\n<p>Nas conversas com esses militares nota-se cristalinamente que h\u00e1 tr\u00eas grupos principais, de acordo com os mais recentes acontecimentos, e uma not\u00f3ria separa\u00e7\u00e3o, onde se destacam os pr\u00f3prios representantes das For\u00e7as Armadas (na realidade, militares da reserva), os Olavetes (indicados de Olavo de Carvalho), e os demais, chamados de terceiro grupo, que angariam simpatias entre o primeiro e segundo grupo, embora a nenhum deles perten\u00e7am. Observa-se tamb\u00e9m que n\u00e3o se deve confundir Olavetes com Olavistas. Estes \u00faltimos s\u00e3o apenas simpatizantes do fil\u00f3sofo ou de sua filosofia.<\/p>\n<p>At\u00e9 a\u00ed, segundo interpreta\u00e7\u00e3o de um interlocutor que circula livremente pela Esplanada dos Minist\u00e9rios e Pra\u00e7a dos Tr\u00eas Poderes, nada demais. Aceita-se at\u00e9 como salutar a heterogenia, desde que com o fim patri\u00f3tico. O problema \u00e9 que tamb\u00e9m \u00e9 onde come\u00e7am a se criar vaidades, o que leva \u00e0 disputa por espa\u00e7os. E muitas vezes \u2013 motivo de real preocupa\u00e7\u00e3o -, com fins pouco republicanos.<\/p>\n<p>Militares t\u00eam em sua forma\u00e7\u00e3o, obrigatoriamente, estudos aprofundados de estrat\u00e9gia, de vis\u00e3o geral de Brasil, e de comando. A vis\u00e3o dos Olavetes \u00e9 de ideologia e teorias com base em supostas potencialidades nefastas de um inimigo constante e real representado pela esquerda. Os demais, tender\u00e3o para um ou outro lado.<\/p>\n<p>Um relat\u00f3rio n\u00e3o necessariamente aleat\u00f3rio registra que nos grupos fechados de trocas de mensagens, muito se fala da &#8220;Ala Moderada&#8221; dos militares, predominante no governo Bolsonaro, assim como, tamb\u00e9m \u00e9 not\u00f3ria a vis\u00e3o de uma &#8216;Ala Radical&#8221; de Olavetes.<\/p>\n<p>Realistas, os militares, como analistas, sinalizam que seria prejudicial a qualquer desses grupos tentar abra\u00e7ar o C\u00e9u ou a Terra com as pr\u00f3prias m\u00e3os. Mesmo porque, do ponto de vista dos militares, n\u00e3o se conhece nome na caserna que v\u00e1 ao encontro do que se entendia por &#8220;ala dura&#8221;, justamente porque o militar, desde h\u00e1 muito, \u00e9 um cidad\u00e3o constitucionalista, que jurou sua vida ao Pa\u00eds, e nunca esteve contra o povo de onde ele mesmo se origina. Na vis\u00e3o geral, o inimigo \u00e9 comum \u2013 a esquerda alinhada ao Foro S\u00e3o Paulo, salientam -, e os olhares devem se voltar para o mesmo alvo.<\/p>\n<p>Ainda na mesma an\u00e1lise, pontua-se que os militares t\u00eam praticamente &#8220;no sangue&#8221; algo que jamais foi o forte de Olavo de Carvalho, que \u00e9 o entendimento de estrat\u00e9gias de comando, por forma\u00e7\u00e3o obrigat\u00f3ria de carreira. Nesse cen\u00e1rio \u00e9 dif\u00edcil imaginar um sequer que n\u00e3o transpire Sun Tzu, e suas t\u00e9cnicas milenares e sempre atuais da Arte da Guerra. Pecam, por\u00e9m, pela quase total aus\u00eancia de viv\u00eancia pol\u00edtica com a sociedade civil, que n\u00e3o tem muito a no\u00e7\u00e3o de hierarquia e muito menos do que seja disciplina, de um modo quase geral. N\u00e3o necessariamente por defeito da vida civil, mas por serem forma\u00e7\u00f5es muito diferentes, em fun\u00e7\u00e3o das especificidades da vida castrense.<\/p>\n<p>J\u00e1 os Olavetes s\u00e3o, em sua quase totalidade, pessoas \u00e1vidas por cultura ideol\u00f3gica, inimigos naturais do marxismo, que identificam o que consideram presen\u00e7a maligna de inten\u00e7\u00f5es canhotas em qualquer lugar, e que sabem onde podem chegar as consequ\u00eancias, caso prosperem. Entretanto, os seguidores de Olavo de Carvalho falham pela falta de conhecimento de estrat\u00e9gia, ponto fraco do fil\u00f3sofo que vira e mexe \u00e9 maldosamente denominado guru de Bolsonaro. O problema \u00e9 que sua efic\u00e1cia sempre esteve calcada no alarde e no exagero, para gerar resultados. Tem m\u00e9ritos, \u00e9 verdade. E a elei\u00e7\u00e3o do \u2018capit\u00e3o\u2019 se deveu em muito a esse modo de impulsionar suas teorias. Mas o que funcionou para ajudar a criar um inconsciente coletivo a ponto de eleger um candidato, tem-se mostrado muito pouco eficaz para governar.<\/p>\n<p>Os demais s\u00e3o pessoas engajadas em mudar o Brasil, que apresentam um perfil bem definido de direita e alguma viv\u00eancia pol\u00edtica, mas correm o risco de fracassar pela falta de conhecimento estrat\u00e9gico para agir, e de base filos\u00f3fica para identificar as supostas maldades inerentes \u00e0s ideologias de esquerda.<\/p>\n<p>Nas informa\u00e7\u00f5es analisadas por esse grupo de militares, \u00e9 enfatizado que todos, contudo, t\u00eam seus egos, lutam por suas cren\u00e7as e se veem na obriga\u00e7\u00e3o de coloc\u00e1-las acima das dos demais. Isso tudo \u00e9 ingrediente para formar e alimentar confus\u00e3o, muitas vezes ampliadas pelas lentes da m\u00eddia, notadamente aquela que faz oposi\u00e7\u00e3o aberta ao governo, jogando lenha nas cinzas que restaram de uma fogueira.<\/p>\n<p>\u00c9 justamente esse prato indigesto, devidamente delineado, que se apresenta \u00e0 mesa do presidente da Rep\u00fablica. Falta uma cabe\u00e7a capaz de corrigir essas falhas, dando o mesmo tom a vozes hoje destoantes. A sugest\u00e3o que deve ser levada ao presidente aponta para a cria\u00e7\u00e3o de um comit\u00ea de crise para agir, ao menos enquanto houver essa disson\u00e2ncia, que \u00e9 comum em solo devastado. Afinal, pontuam, foram mais de tr\u00eas d\u00e9cadas de governos de esquerda.<\/p>\n<p>Se Bolsonaro acatar a ideia que est\u00e1 sendo desenhada, esse grupo prestar\u00e1 contas ao pr\u00f3prio presidente, mas se reportando tamb\u00e9m \u00e0 Vice-Presid\u00eancia, GSI, Casa Civil e Secretaria de Governo. O importante \u00e9 acertar o passo, lembrando o lema do presidente da Rep\u00fablica, que o Brasil est\u00e1 acima de tudo, inclusive e principalmente de picuinhas internas. Na mesma linha recorda-se, em momentos atemporais, a famosa frase do general Paulo Chagas, para quem \u201cn\u00e3o h\u00e1 a op\u00e7\u00e3o de este Governo n\u00e3o dar certo\u201d.<\/p>\n","protected":false},"excerpt":{"rendered":"<p>Militares das tr\u00eas For\u00e7as, de todas as patentes e gradua\u00e7\u00f5es, da ativa, da reserva e reformados, come\u00e7am a manifestar preocupa\u00e7\u00e3o com os desencontros de informa\u00e7\u00f5es e decis\u00f5es que v\u00eam provocando manchetes negativas para o Pal\u00e1cio do Planalto. N\u00e3o h\u00e1 curto-circuito fatal (ainda), ponderam. E avaliam que isso \u00e9 consequ\u00eancia da ascens\u00e3o da direita ao Poder [&hellip;]<\/p>\n","protected":false},"author":2,"featured_media":204828,"comment_status":"closed","ping_status":"closed","sticky":false,"template":"","format":"standard","meta":{"_acf_changed":false,"footnotes":""},"categories":[16],"tags":[95],"class_list":["post-204827","post","type-post","status-publish","format-standard","has-post-thumbnail","hentry","category-brasil","tag-capa"],"acf":[],"yoast_head":"<!-- This site is optimized with the Yoast SEO plugin v27.2 - https:\/\/yoast.com\/product\/yoast-seo-wordpress\/ -->\n<title>Militares avaliam que \u00e9 a hora de acertar o passo - Notibras<\/title>\n<meta name=\"robots\" content=\"index, follow, max-snippet:-1, max-image-preview:large, max-video-preview:-1\" \/>\n<link rel=\"canonical\" href=\"https:\/\/www.notibras.com\/site\/militares-avaliam-que-e-a-hora-de-acertar-o-passo\/\" \/>\n<meta property=\"og:locale\" content=\"pt_BR\" \/>\n<meta property=\"og:type\" content=\"article\" \/>\n<meta property=\"og:title\" content=\"Militares avaliam que \u00e9 a hora de acertar o passo - Notibras\" \/>\n<meta property=\"og:description\" content=\"Militares das tr\u00eas For\u00e7as, de todas as patentes e gradua\u00e7\u00f5es, da ativa, da reserva e reformados, come\u00e7am a manifestar preocupa\u00e7\u00e3o com os desencontros de informa\u00e7\u00f5es e decis\u00f5es que v\u00eam provocando manchetes negativas para o Pal\u00e1cio do Planalto. N\u00e3o h\u00e1 curto-circuito fatal (ainda), ponderam. E avaliam que isso \u00e9 consequ\u00eancia da ascens\u00e3o da direita ao Poder [&hellip;]\" \/>\n<meta property=\"og:url\" content=\"https:\/\/www.notibras.com\/site\/militares-avaliam-que-e-a-hora-de-acertar-o-passo\/\" \/>\n<meta property=\"og:site_name\" content=\"Notibras\" \/>\n<meta property=\"article:publisher\" content=\"https:\/\/www.facebook.com\/notibras\/\" \/>\n<meta property=\"article:published_time\" content=\"2019-03-16T20:29:26+00:00\" \/>\n<meta property=\"article:modified_time\" content=\"2019-03-16T21:05:15+00:00\" \/>\n<meta property=\"og:image\" content=\"https:\/\/www.notibras.com\/site\/wp-content\/uploads\/2019\/03\/bolsonaro.16.jpg\" \/>\n\t<meta property=\"og:image:width\" content=\"1140\" \/>\n\t<meta property=\"og:image:height\" content=\"760\" \/>\n\t<meta property=\"og:image:type\" content=\"image\/jpeg\" \/>\n<meta name=\"author\" content=\"Reda\u00e7\u00e3o\" \/>\n<meta name=\"twitter:card\" content=\"summary_large_image\" \/>\n<meta name=\"twitter:creator\" content=\"@Notibras\" \/>\n<meta name=\"twitter:site\" content=\"@Notibras\" \/>\n<meta name=\"twitter:label1\" content=\"Escrito por\" \/>\n\t<meta name=\"twitter:data1\" content=\"Reda\u00e7\u00e3o\" \/>\n\t<meta name=\"twitter:label2\" content=\"Est. tempo de leitura\" \/>\n\t<meta name=\"twitter:data2\" content=\"5 minutos\" \/>\n<script type=\"application\/ld+json\" class=\"yoast-schema-graph\">{\"@context\":\"https:\/\/schema.org\",\"@graph\":[{\"@type\":\"Article\",\"@id\":\"https:\/\/www.notibras.com\/site\/militares-avaliam-que-e-a-hora-de-acertar-o-passo\/#article\",\"isPartOf\":{\"@id\":\"https:\/\/www.notibras.com\/site\/militares-avaliam-que-e-a-hora-de-acertar-o-passo\/\"},\"author\":{\"name\":\"Reda\u00e7\u00e3o\",\"@id\":\"https:\/\/www.notibras.com\/site\/#\/schema\/person\/36ab0979449956132d3e5b517ea76ac8\"},\"headline\":\"Militares avaliam que \u00e9 a hora de acertar o passo\",\"datePublished\":\"2019-03-16T20:29:26+00:00\",\"dateModified\":\"2019-03-16T21:05:15+00:00\",\"mainEntityOfPage\":{\"@id\":\"https:\/\/www.notibras.com\/site\/militares-avaliam-que-e-a-hora-de-acertar-o-passo\/\"},\"wordCount\":1108,\"publisher\":{\"@id\":\"https:\/\/www.notibras.com\/site\/#organization\"},\"image\":{\"@id\":\"https:\/\/www.notibras.com\/site\/militares-avaliam-que-e-a-hora-de-acertar-o-passo\/#primaryimage\"},\"thumbnailUrl\":\"https:\/\/www.notibras.com\/site\/wp-content\/uploads\/2019\/03\/bolsonaro.16.jpg\",\"keywords\":[\"capa\"],\"articleSection\":[\"Brasil\"],\"inLanguage\":\"pt-BR\"},{\"@type\":\"WebPage\",\"@id\":\"https:\/\/www.notibras.com\/site\/militares-avaliam-que-e-a-hora-de-acertar-o-passo\/\",\"url\":\"https:\/\/www.notibras.com\/site\/militares-avaliam-que-e-a-hora-de-acertar-o-passo\/\",\"name\":\"Militares avaliam que \u00e9 a hora de acertar o passo - Notibras\",\"isPartOf\":{\"@id\":\"https:\/\/www.notibras.com\/site\/#website\"},\"primaryImageOfPage\":{\"@id\":\"https:\/\/www.notibras.com\/site\/militares-avaliam-que-e-a-hora-de-acertar-o-passo\/#primaryimage\"},\"image\":{\"@id\":\"https:\/\/www.notibras.com\/site\/militares-avaliam-que-e-a-hora-de-acertar-o-passo\/#primaryimage\"},\"thumbnailUrl\":\"https:\/\/www.notibras.com\/site\/wp-content\/uploads\/2019\/03\/bolsonaro.16.jpg\",\"datePublished\":\"2019-03-16T20:29:26+00:00\",\"dateModified\":\"2019-03-16T21:05:15+00:00\",\"breadcrumb\":{\"@id\":\"https:\/\/www.notibras.com\/site\/militares-avaliam-que-e-a-hora-de-acertar-o-passo\/#breadcrumb\"},\"inLanguage\":\"pt-BR\",\"potentialAction\":[{\"@type\":\"ReadAction\",\"target\":[\"https:\/\/www.notibras.com\/site\/militares-avaliam-que-e-a-hora-de-acertar-o-passo\/\"]}]},{\"@type\":\"ImageObject\",\"inLanguage\":\"pt-BR\",\"@id\":\"https:\/\/www.notibras.com\/site\/militares-avaliam-que-e-a-hora-de-acertar-o-passo\/#primaryimage\",\"url\":\"https:\/\/www.notibras.com\/site\/wp-content\/uploads\/2019\/03\/bolsonaro.16.jpg\",\"contentUrl\":\"https:\/\/www.notibras.com\/site\/wp-content\/uploads\/2019\/03\/bolsonaro.16.jpg\",\"width\":1140,\"height\":760,\"caption\":\"Foto: Tomaz Silva\/ABr\"},{\"@type\":\"BreadcrumbList\",\"@id\":\"https:\/\/www.notibras.com\/site\/militares-avaliam-que-e-a-hora-de-acertar-o-passo\/#breadcrumb\",\"itemListElement\":[{\"@type\":\"ListItem\",\"position\":1,\"name\":\"In\u00edcio\",\"item\":\"https:\/\/www.notibras.com\/site\/\"},{\"@type\":\"ListItem\",\"position\":2,\"name\":\"Militares avaliam que \u00e9 a hora de acertar o passo\"}]},{\"@type\":\"WebSite\",\"@id\":\"https:\/\/www.notibras.com\/site\/#website\",\"url\":\"https:\/\/www.notibras.com\/site\/\",\"name\":\"Notibras\",\"description\":\"Not\u00edcias de Bras\u00edlia, do Brasil e do Mundo\",\"publisher\":{\"@id\":\"https:\/\/www.notibras.com\/site\/#organization\"},\"potentialAction\":[{\"@type\":\"SearchAction\",\"target\":{\"@type\":\"EntryPoint\",\"urlTemplate\":\"https:\/\/www.notibras.com\/site\/?s={search_term_string}\"},\"query-input\":{\"@type\":\"PropertyValueSpecification\",\"valueRequired\":true,\"valueName\":\"search_term_string\"}}],\"inLanguage\":\"pt-BR\"},{\"@type\":\"Organization\",\"@id\":\"https:\/\/www.notibras.com\/site\/#organization\",\"name\":\"Grupo Notibras de Comunica\u00e7\u00e3o\",\"url\":\"https:\/\/www.notibras.com\/site\/\",\"logo\":{\"@type\":\"ImageObject\",\"inLanguage\":\"pt-BR\",\"@id\":\"https:\/\/www.notibras.com\/site\/#\/schema\/logo\/image\/\",\"url\":\"https:\/\/www.notibras.com\/site\/wp-content\/uploads\/2023\/01\/notibras23.png\",\"contentUrl\":\"https:\/\/www.notibras.com\/site\/wp-content\/uploads\/2023\/01\/notibras23.png\",\"width\":350,\"height\":87,\"caption\":\"Grupo Notibras de Comunica\u00e7\u00e3o\"},\"image\":{\"@id\":\"https:\/\/www.notibras.com\/site\/#\/schema\/logo\/image\/\"},\"sameAs\":[\"https:\/\/www.facebook.com\/notibras\/\",\"https:\/\/x.com\/Notibras\",\"https:\/\/www.instagram.com\/notibras\/\"]},{\"@type\":\"Person\",\"@id\":\"https:\/\/www.notibras.com\/site\/#\/schema\/person\/36ab0979449956132d3e5b517ea76ac8\",\"name\":\"Reda\u00e7\u00e3o\",\"image\":{\"@type\":\"ImageObject\",\"inLanguage\":\"pt-BR\",\"@id\":\"https:\/\/secure.gravatar.com\/avatar\/e0a867bdedb85fd243eadf09663511f96fc81e0720a4a42581f334ad4303aa6b?s=96&d=mm&r=g\",\"url\":\"https:\/\/secure.gravatar.com\/avatar\/e0a867bdedb85fd243eadf09663511f96fc81e0720a4a42581f334ad4303aa6b?s=96&d=mm&r=g\",\"contentUrl\":\"https:\/\/secure.gravatar.com\/avatar\/e0a867bdedb85fd243eadf09663511f96fc81e0720a4a42581f334ad4303aa6b?s=96&d=mm&r=g\",\"caption\":\"Reda\u00e7\u00e3o\"}}]}<\/script>\n<!-- \/ Yoast SEO plugin. -->","yoast_head_json":{"title":"Militares avaliam que \u00e9 a hora de acertar o passo - Notibras","robots":{"index":"index","follow":"follow","max-snippet":"max-snippet:-1","max-image-preview":"max-image-preview:large","max-video-preview":"max-video-preview:-1"},"canonical":"https:\/\/www.notibras.com\/site\/militares-avaliam-que-e-a-hora-de-acertar-o-passo\/","og_locale":"pt_BR","og_type":"article","og_title":"Militares avaliam que \u00e9 a hora de acertar o passo - Notibras","og_description":"Militares das tr\u00eas For\u00e7as, de todas as patentes e gradua\u00e7\u00f5es, da ativa, da reserva e reformados, come\u00e7am a manifestar preocupa\u00e7\u00e3o com os desencontros de informa\u00e7\u00f5es e decis\u00f5es que v\u00eam provocando manchetes negativas para o Pal\u00e1cio do Planalto. N\u00e3o h\u00e1 curto-circuito fatal (ainda), ponderam. E avaliam que isso \u00e9 consequ\u00eancia da ascens\u00e3o da direita ao Poder [&hellip;]","og_url":"https:\/\/www.notibras.com\/site\/militares-avaliam-que-e-a-hora-de-acertar-o-passo\/","og_site_name":"Notibras","article_publisher":"https:\/\/www.facebook.com\/notibras\/","article_published_time":"2019-03-16T20:29:26+00:00","article_modified_time":"2019-03-16T21:05:15+00:00","og_image":[{"width":1140,"height":760,"url":"https:\/\/www.notibras.com\/site\/wp-content\/uploads\/2019\/03\/bolsonaro.16.jpg","type":"image\/jpeg"}],"author":"Reda\u00e7\u00e3o","twitter_card":"summary_large_image","twitter_creator":"@Notibras","twitter_site":"@Notibras","twitter_misc":{"Escrito por":"Reda\u00e7\u00e3o","Est. tempo de leitura":"5 minutos"},"schema":{"@context":"https:\/\/schema.org","@graph":[{"@type":"Article","@id":"https:\/\/www.notibras.com\/site\/militares-avaliam-que-e-a-hora-de-acertar-o-passo\/#article","isPartOf":{"@id":"https:\/\/www.notibras.com\/site\/militares-avaliam-que-e-a-hora-de-acertar-o-passo\/"},"author":{"name":"Reda\u00e7\u00e3o","@id":"https:\/\/www.notibras.com\/site\/#\/schema\/person\/36ab0979449956132d3e5b517ea76ac8"},"headline":"Militares avaliam que \u00e9 a hora de acertar o passo","datePublished":"2019-03-16T20:29:26+00:00","dateModified":"2019-03-16T21:05:15+00:00","mainEntityOfPage":{"@id":"https:\/\/www.notibras.com\/site\/militares-avaliam-que-e-a-hora-de-acertar-o-passo\/"},"wordCount":1108,"publisher":{"@id":"https:\/\/www.notibras.com\/site\/#organization"},"image":{"@id":"https:\/\/www.notibras.com\/site\/militares-avaliam-que-e-a-hora-de-acertar-o-passo\/#primaryimage"},"thumbnailUrl":"https:\/\/www.notibras.com\/site\/wp-content\/uploads\/2019\/03\/bolsonaro.16.jpg","keywords":["capa"],"articleSection":["Brasil"],"inLanguage":"pt-BR"},{"@type":"WebPage","@id":"https:\/\/www.notibras.com\/site\/militares-avaliam-que-e-a-hora-de-acertar-o-passo\/","url":"https:\/\/www.notibras.com\/site\/militares-avaliam-que-e-a-hora-de-acertar-o-passo\/","name":"Militares avaliam que \u00e9 a hora de acertar o passo - Notibras","isPartOf":{"@id":"https:\/\/www.notibras.com\/site\/#website"},"primaryImageOfPage":{"@id":"https:\/\/www.notibras.com\/site\/militares-avaliam-que-e-a-hora-de-acertar-o-passo\/#primaryimage"},"image":{"@id":"https:\/\/www.notibras.com\/site\/militares-avaliam-que-e-a-hora-de-acertar-o-passo\/#primaryimage"},"thumbnailUrl":"https:\/\/www.notibras.com\/site\/wp-content\/uploads\/2019\/03\/bolsonaro.16.jpg","datePublished":"2019-03-16T20:29:26+00:00","dateModified":"2019-03-16T21:05:15+00:00","breadcrumb":{"@id":"https:\/\/www.notibras.com\/site\/militares-avaliam-que-e-a-hora-de-acertar-o-passo\/#breadcrumb"},"inLanguage":"pt-BR","potentialAction":[{"@type":"ReadAction","target":["https:\/\/www.notibras.com\/site\/militares-avaliam-que-e-a-hora-de-acertar-o-passo\/"]}]},{"@type":"ImageObject","inLanguage":"pt-BR","@id":"https:\/\/www.notibras.com\/site\/militares-avaliam-que-e-a-hora-de-acertar-o-passo\/#primaryimage","url":"https:\/\/www.notibras.com\/site\/wp-content\/uploads\/2019\/03\/bolsonaro.16.jpg","contentUrl":"https:\/\/www.notibras.com\/site\/wp-content\/uploads\/2019\/03\/bolsonaro.16.jpg","width":1140,"height":760,"caption":"Foto: Tomaz Silva\/ABr"},{"@type":"BreadcrumbList","@id":"https:\/\/www.notibras.com\/site\/militares-avaliam-que-e-a-hora-de-acertar-o-passo\/#breadcrumb","itemListElement":[{"@type":"ListItem","position":1,"name":"In\u00edcio","item":"https:\/\/www.notibras.com\/site\/"},{"@type":"ListItem","position":2,"name":"Militares avaliam que \u00e9 a hora de acertar o passo"}]},{"@type":"WebSite","@id":"https:\/\/www.notibras.com\/site\/#website","url":"https:\/\/www.notibras.com\/site\/","name":"Notibras","description":"Not\u00edcias de Bras\u00edlia, do Brasil e do Mundo","publisher":{"@id":"https:\/\/www.notibras.com\/site\/#organization"},"potentialAction":[{"@type":"SearchAction","target":{"@type":"EntryPoint","urlTemplate":"https:\/\/www.notibras.com\/site\/?s={search_term_string}"},"query-input":{"@type":"PropertyValueSpecification","valueRequired":true,"valueName":"search_term_string"}}],"inLanguage":"pt-BR"},{"@type":"Organization","@id":"https:\/\/www.notibras.com\/site\/#organization","name":"Grupo Notibras de Comunica\u00e7\u00e3o","url":"https:\/\/www.notibras.com\/site\/","logo":{"@type":"ImageObject","inLanguage":"pt-BR","@id":"https:\/\/www.notibras.com\/site\/#\/schema\/logo\/image\/","url":"https:\/\/www.notibras.com\/site\/wp-content\/uploads\/2023\/01\/notibras23.png","contentUrl":"https:\/\/www.notibras.com\/site\/wp-content\/uploads\/2023\/01\/notibras23.png","width":350,"height":87,"caption":"Grupo Notibras de Comunica\u00e7\u00e3o"},"image":{"@id":"https:\/\/www.notibras.com\/site\/#\/schema\/logo\/image\/"},"sameAs":["https:\/\/www.facebook.com\/notibras\/","https:\/\/x.com\/Notibras","https:\/\/www.instagram.com\/notibras\/"]},{"@type":"Person","@id":"https:\/\/www.notibras.com\/site\/#\/schema\/person\/36ab0979449956132d3e5b517ea76ac8","name":"Reda\u00e7\u00e3o","image":{"@type":"ImageObject","inLanguage":"pt-BR","@id":"https:\/\/secure.gravatar.com\/avatar\/e0a867bdedb85fd243eadf09663511f96fc81e0720a4a42581f334ad4303aa6b?s=96&d=mm&r=g","url":"https:\/\/secure.gravatar.com\/avatar\/e0a867bdedb85fd243eadf09663511f96fc81e0720a4a42581f334ad4303aa6b?s=96&d=mm&r=g","contentUrl":"https:\/\/secure.gravatar.com\/avatar\/e0a867bdedb85fd243eadf09663511f96fc81e0720a4a42581f334ad4303aa6b?s=96&d=mm&r=g","caption":"Reda\u00e7\u00e3o"}}]}},"amp_enabled":true,"_links":{"self":[{"href":"https:\/\/www.notibras.com\/site\/wp-json\/wp\/v2\/posts\/204827","targetHints":{"allow":["GET"]}}],"collection":[{"href":"https:\/\/www.notibras.com\/site\/wp-json\/wp\/v2\/posts"}],"about":[{"href":"https:\/\/www.notibras.com\/site\/wp-json\/wp\/v2\/types\/post"}],"author":[{"embeddable":true,"href":"https:\/\/www.notibras.com\/site\/wp-json\/wp\/v2\/users\/2"}],"replies":[{"embeddable":true,"href":"https:\/\/www.notibras.com\/site\/wp-json\/wp\/v2\/comments?post=204827"}],"version-history":[{"count":5,"href":"https:\/\/www.notibras.com\/site\/wp-json\/wp\/v2\/posts\/204827\/revisions"}],"predecessor-version":[{"id":204844,"href":"https:\/\/www.notibras.com\/site\/wp-json\/wp\/v2\/posts\/204827\/revisions\/204844"}],"wp:featuredmedia":[{"embeddable":true,"href":"https:\/\/www.notibras.com\/site\/wp-json\/wp\/v2\/media\/204828"}],"wp:attachment":[{"href":"https:\/\/www.notibras.com\/site\/wp-json\/wp\/v2\/media?parent=204827"}],"wp:term":[{"taxonomy":"category","embeddable":true,"href":"https:\/\/www.notibras.com\/site\/wp-json\/wp\/v2\/categories?post=204827"},{"taxonomy":"post_tag","embeddable":true,"href":"https:\/\/www.notibras.com\/site\/wp-json\/wp\/v2\/tags?post=204827"}],"curies":[{"name":"wp","href":"https:\/\/api.w.org\/{rel}","templated":true}]}}