{"id":204845,"date":"2019-03-16T18:35:35","date_gmt":"2019-03-16T21:35:35","guid":{"rendered":"https:\/\/www.notibras.com\/site\/?p=204845"},"modified":"2019-03-16T21:14:57","modified_gmt":"2019-03-17T00:14:57","slug":"palmeiras-garante-vaga-e-afunda-o-rival-sao-paulo","status":"publish","type":"post","link":"https:\/\/www.notibras.com\/site\/palmeiras-garante-vaga-e-afunda-o-rival-sao-paulo\/","title":{"rendered":"Palmeiras garante vaga e afunda o rival S\u00e3o Paulo"},"content":{"rendered":"<p>O Palmeiras est\u00e1 classificado para a fase mata-mata do Campeonato Paulista. Neste s\u00e1bado (16), enfrentou o S\u00e3o Paulo no Pacaembu, e venceu o rival por 1 a 0, com gol de Carlos Eduardo, garantindo vaga \u00e0 pr\u00f3xima fase e complicando a vida do rival.<\/p>\n<p>Com o resultado, o Palmeiras chegou aos 22 pontos e, na lideran\u00e7a do Grupo B, garantiu classifica\u00e7\u00e3o. J\u00e1 o S\u00e3o Paulo, com 14 pontos, segue na segunda coloca\u00e7\u00e3o, mas pode ver o rival Oeste o ultrapassar caso ven\u00e7a ainda na rodada.<\/p>\n<p>Em <strong>Juiz e Fora<\/strong>, o Cruzeiro n\u00e3o precisou ser brilhante para vencer o Tupi neste s\u00e1bado por 3 a 0, pela pen\u00faltima rodada da fase inicial do Campeonato Mineiro. Apenas aproveitou as falhas bizarras do advers\u00e1rio, que, com o rev\u00e9s, foi rebaixado para o M\u00f3dulo II do torneio estadual mesmo ainda tendo um jogo a fazer. Lanterna da competi\u00e7\u00e3o e \u00fanico tive que n\u00e3o venceu no torneio, o Tupi teve seu rebaixamento decretado pois soma apenas quatro pontos e, com apenas mais uma partida para disputar, n\u00e3o pode alcan\u00e7ar o Guarani de Divin\u00f3polis, primeiro time fora da zona de rebaixamento, com nove.<\/p>\n<p>No<strong> Rio<\/strong>, com um time totalmente reserva e recheado por seis garotos da base, o Flamengo pressionou o Volta Redonda, mas ficou em um empate sem gols. Nos acr\u00e9scimos, um gol de Hugo Moura foi mal anulado pela arbitragem, o que causou irrita\u00e7\u00e3o entre os rubro-negros. A equipe comandada por Abel Braga sentiu o desentrosamento natural, mas n\u00e3o deixou de tentar o gol diante de um rival que jogou de forma bem organizada e explorou os contra-ataques durante todo o tempo.<\/p>\n","protected":false},"excerpt":{"rendered":"<p>O Palmeiras est\u00e1 classificado para a fase mata-mata do Campeonato Paulista. Neste s\u00e1bado (16), enfrentou o S\u00e3o Paulo no Pacaembu, e venceu o rival por 1 a 0, com gol de Carlos Eduardo, garantindo vaga \u00e0 pr\u00f3xima fase e complicando a vida do rival. Com o resultado, o Palmeiras chegou aos 22 pontos e, na [&hellip;]<\/p>\n","protected":false},"author":2,"featured_media":204846,"comment_status":"closed","ping_status":"closed","sticky":false,"template":"","format":"standard","meta":{"_acf_changed":false,"footnotes":""},"categories":[19],"tags":[95],"class_list":["post-204845","post","type-post","status-publish","format-standard","has-post-thumbnail","hentry","category-esportes","tag-capa"],"acf":[],"yoast_head":"<!-- This site is optimized with the Yoast SEO plugin v27.2 - https:\/\/yoast.com\/product\/yoast-seo-wordpress\/ -->\n<title>Palmeiras garante vaga e afunda o rival S\u00e3o Paulo - Notibras<\/title>\n<meta name=\"robots\" content=\"index, follow, max-snippet:-1, max-image-preview:large, max-video-preview:-1\" \/>\n<link rel=\"canonical\" href=\"https:\/\/www.notibras.com\/site\/palmeiras-garante-vaga-e-afunda-o-rival-sao-paulo\/\" \/>\n<meta property=\"og:locale\" content=\"pt_BR\" \/>\n<meta property=\"og:type\" content=\"article\" \/>\n<meta property=\"og:title\" content=\"Palmeiras garante vaga e afunda o rival S\u00e3o Paulo - Notibras\" \/>\n<meta property=\"og:description\" content=\"O Palmeiras est\u00e1 classificado para a fase mata-mata do Campeonato Paulista. Neste s\u00e1bado (16), enfrentou o S\u00e3o Paulo no Pacaembu, e venceu o rival por 1 a 0, com gol de Carlos Eduardo, garantindo vaga \u00e0 pr\u00f3xima fase e complicando a vida do rival. Com o resultado, o Palmeiras chegou aos 22 pontos e, na [&hellip;]\" \/>\n<meta property=\"og:url\" content=\"https:\/\/www.notibras.com\/site\/palmeiras-garante-vaga-e-afunda-o-rival-sao-paulo\/\" \/>\n<meta property=\"og:site_name\" content=\"Notibras\" \/>\n<meta property=\"article:publisher\" content=\"https:\/\/www.facebook.com\/notibras\/\" \/>\n<meta property=\"article:published_time\" content=\"2019-03-16T21:35:35+00:00\" \/>\n<meta property=\"article:modified_time\" content=\"2019-03-17T00:14:57+00:00\" \/>\n<meta property=\"og:image\" content=\"https:\/\/www.notibras.com\/site\/wp-content\/uploads\/2019\/03\/palmeirs-16.jpg\" \/>\n\t<meta property=\"og:image:width\" content=\"750\" \/>\n\t<meta property=\"og:image:height\" content=\"421\" \/>\n\t<meta property=\"og:image:type\" content=\"image\/jpeg\" \/>\n<meta name=\"author\" content=\"Reda\u00e7\u00e3o\" \/>\n<meta name=\"twitter:card\" content=\"summary_large_image\" \/>\n<meta name=\"twitter:creator\" content=\"@Notibras\" \/>\n<meta name=\"twitter:site\" content=\"@Notibras\" \/>\n<meta name=\"twitter:label1\" content=\"Escrito por\" \/>\n\t<meta name=\"twitter:data1\" content=\"Reda\u00e7\u00e3o\" \/>\n\t<meta name=\"twitter:label2\" content=\"Est. tempo de leitura\" \/>\n\t<meta name=\"twitter:data2\" content=\"1 minuto\" \/>\n<script type=\"application\/ld+json\" class=\"yoast-schema-graph\">{\"@context\":\"https:\/\/schema.org\",\"@graph\":[{\"@type\":\"Article\",\"@id\":\"https:\/\/www.notibras.com\/site\/palmeiras-garante-vaga-e-afunda-o-rival-sao-paulo\/#article\",\"isPartOf\":{\"@id\":\"https:\/\/www.notibras.com\/site\/palmeiras-garante-vaga-e-afunda-o-rival-sao-paulo\/\"},\"author\":{\"name\":\"Reda\u00e7\u00e3o\",\"@id\":\"https:\/\/www.notibras.com\/site\/#\/schema\/person\/36ab0979449956132d3e5b517ea76ac8\"},\"headline\":\"Palmeiras garante vaga e afunda o rival S\u00e3o Paulo\",\"datePublished\":\"2019-03-16T21:35:35+00:00\",\"dateModified\":\"2019-03-17T00:14:57+00:00\",\"mainEntityOfPage\":{\"@id\":\"https:\/\/www.notibras.com\/site\/palmeiras-garante-vaga-e-afunda-o-rival-sao-paulo\/\"},\"wordCount\":292,\"publisher\":{\"@id\":\"https:\/\/www.notibras.com\/site\/#organization\"},\"image\":{\"@id\":\"https:\/\/www.notibras.com\/site\/palmeiras-garante-vaga-e-afunda-o-rival-sao-paulo\/#primaryimage\"},\"thumbnailUrl\":\"https:\/\/www.notibras.com\/site\/wp-content\/uploads\/2019\/03\/palmeirs-16.jpg\",\"keywords\":[\"capa\"],\"articleSection\":[\"Esportes\"],\"inLanguage\":\"pt-BR\"},{\"@type\":\"WebPage\",\"@id\":\"https:\/\/www.notibras.com\/site\/palmeiras-garante-vaga-e-afunda-o-rival-sao-paulo\/\",\"url\":\"https:\/\/www.notibras.com\/site\/palmeiras-garante-vaga-e-afunda-o-rival-sao-paulo\/\",\"name\":\"Palmeiras garante vaga e afunda o rival S\u00e3o Paulo - Notibras\",\"isPartOf\":{\"@id\":\"https:\/\/www.notibras.com\/site\/#website\"},\"primaryImageOfPage\":{\"@id\":\"https:\/\/www.notibras.com\/site\/palmeiras-garante-vaga-e-afunda-o-rival-sao-paulo\/#primaryimage\"},\"image\":{\"@id\":\"https:\/\/www.notibras.com\/site\/palmeiras-garante-vaga-e-afunda-o-rival-sao-paulo\/#primaryimage\"},\"thumbnailUrl\":\"https:\/\/www.notibras.com\/site\/wp-content\/uploads\/2019\/03\/palmeirs-16.jpg\",\"datePublished\":\"2019-03-16T21:35:35+00:00\",\"dateModified\":\"2019-03-17T00:14:57+00:00\",\"breadcrumb\":{\"@id\":\"https:\/\/www.notibras.com\/site\/palmeiras-garante-vaga-e-afunda-o-rival-sao-paulo\/#breadcrumb\"},\"inLanguage\":\"pt-BR\",\"potentialAction\":[{\"@type\":\"ReadAction\",\"target\":[\"https:\/\/www.notibras.com\/site\/palmeiras-garante-vaga-e-afunda-o-rival-sao-paulo\/\"]}]},{\"@type\":\"ImageObject\",\"inLanguage\":\"pt-BR\",\"@id\":\"https:\/\/www.notibras.com\/site\/palmeiras-garante-vaga-e-afunda-o-rival-sao-paulo\/#primaryimage\",\"url\":\"https:\/\/www.notibras.com\/site\/wp-content\/uploads\/2019\/03\/palmeirs-16.jpg\",\"contentUrl\":\"https:\/\/www.notibras.com\/site\/wp-content\/uploads\/2019\/03\/palmeirs-16.jpg\",\"width\":750,\"height\":421,\"caption\":\"Foto\/Batita Jr Press\"},{\"@type\":\"BreadcrumbList\",\"@id\":\"https:\/\/www.notibras.com\/site\/palmeiras-garante-vaga-e-afunda-o-rival-sao-paulo\/#breadcrumb\",\"itemListElement\":[{\"@type\":\"ListItem\",\"position\":1,\"name\":\"In\u00edcio\",\"item\":\"https:\/\/www.notibras.com\/site\/\"},{\"@type\":\"ListItem\",\"position\":2,\"name\":\"Palmeiras garante vaga e afunda o rival S\u00e3o Paulo\"}]},{\"@type\":\"WebSite\",\"@id\":\"https:\/\/www.notibras.com\/site\/#website\",\"url\":\"https:\/\/www.notibras.com\/site\/\",\"name\":\"Notibras\",\"description\":\"Not\u00edcias de Bras\u00edlia, do Brasil e do Mundo\",\"publisher\":{\"@id\":\"https:\/\/www.notibras.com\/site\/#organization\"},\"potentialAction\":[{\"@type\":\"SearchAction\",\"target\":{\"@type\":\"EntryPoint\",\"urlTemplate\":\"https:\/\/www.notibras.com\/site\/?s={search_term_string}\"},\"query-input\":{\"@type\":\"PropertyValueSpecification\",\"valueRequired\":true,\"valueName\":\"search_term_string\"}}],\"inLanguage\":\"pt-BR\"},{\"@type\":\"Organization\",\"@id\":\"https:\/\/www.notibras.com\/site\/#organization\",\"name\":\"Grupo Notibras de Comunica\u00e7\u00e3o\",\"url\":\"https:\/\/www.notibras.com\/site\/\",\"logo\":{\"@type\":\"ImageObject\",\"inLanguage\":\"pt-BR\",\"@id\":\"https:\/\/www.notibras.com\/site\/#\/schema\/logo\/image\/\",\"url\":\"https:\/\/www.notibras.com\/site\/wp-content\/uploads\/2023\/01\/notibras23.png\",\"contentUrl\":\"https:\/\/www.notibras.com\/site\/wp-content\/uploads\/2023\/01\/notibras23.png\",\"width\":350,\"height\":87,\"caption\":\"Grupo Notibras de Comunica\u00e7\u00e3o\"},\"image\":{\"@id\":\"https:\/\/www.notibras.com\/site\/#\/schema\/logo\/image\/\"},\"sameAs\":[\"https:\/\/www.facebook.com\/notibras\/\",\"https:\/\/x.com\/Notibras\",\"https:\/\/www.instagram.com\/notibras\/\"]},{\"@type\":\"Person\",\"@id\":\"https:\/\/www.notibras.com\/site\/#\/schema\/person\/36ab0979449956132d3e5b517ea76ac8\",\"name\":\"Reda\u00e7\u00e3o\",\"image\":{\"@type\":\"ImageObject\",\"inLanguage\":\"pt-BR\",\"@id\":\"https:\/\/secure.gravatar.com\/avatar\/e0a867bdedb85fd243eadf09663511f96fc81e0720a4a42581f334ad4303aa6b?s=96&d=mm&r=g\",\"url\":\"https:\/\/secure.gravatar.com\/avatar\/e0a867bdedb85fd243eadf09663511f96fc81e0720a4a42581f334ad4303aa6b?s=96&d=mm&r=g\",\"contentUrl\":\"https:\/\/secure.gravatar.com\/avatar\/e0a867bdedb85fd243eadf09663511f96fc81e0720a4a42581f334ad4303aa6b?s=96&d=mm&r=g\",\"caption\":\"Reda\u00e7\u00e3o\"}}]}<\/script>\n<!-- \/ Yoast SEO plugin. -->","yoast_head_json":{"title":"Palmeiras garante vaga e afunda o rival S\u00e3o Paulo - Notibras","robots":{"index":"index","follow":"follow","max-snippet":"max-snippet:-1","max-image-preview":"max-image-preview:large","max-video-preview":"max-video-preview:-1"},"canonical":"https:\/\/www.notibras.com\/site\/palmeiras-garante-vaga-e-afunda-o-rival-sao-paulo\/","og_locale":"pt_BR","og_type":"article","og_title":"Palmeiras garante vaga e afunda o rival S\u00e3o Paulo - Notibras","og_description":"O Palmeiras est\u00e1 classificado para a fase mata-mata do Campeonato Paulista. Neste s\u00e1bado (16), enfrentou o S\u00e3o Paulo no Pacaembu, e venceu o rival por 1 a 0, com gol de Carlos Eduardo, garantindo vaga \u00e0 pr\u00f3xima fase e complicando a vida do rival. Com o resultado, o Palmeiras chegou aos 22 pontos e, na [&hellip;]","og_url":"https:\/\/www.notibras.com\/site\/palmeiras-garante-vaga-e-afunda-o-rival-sao-paulo\/","og_site_name":"Notibras","article_publisher":"https:\/\/www.facebook.com\/notibras\/","article_published_time":"2019-03-16T21:35:35+00:00","article_modified_time":"2019-03-17T00:14:57+00:00","og_image":[{"width":750,"height":421,"url":"https:\/\/www.notibras.com\/site\/wp-content\/uploads\/2019\/03\/palmeirs-16.jpg","type":"image\/jpeg"}],"author":"Reda\u00e7\u00e3o","twitter_card":"summary_large_image","twitter_creator":"@Notibras","twitter_site":"@Notibras","twitter_misc":{"Escrito por":"Reda\u00e7\u00e3o","Est. tempo de leitura":"1 minuto"},"schema":{"@context":"https:\/\/schema.org","@graph":[{"@type":"Article","@id":"https:\/\/www.notibras.com\/site\/palmeiras-garante-vaga-e-afunda-o-rival-sao-paulo\/#article","isPartOf":{"@id":"https:\/\/www.notibras.com\/site\/palmeiras-garante-vaga-e-afunda-o-rival-sao-paulo\/"},"author":{"name":"Reda\u00e7\u00e3o","@id":"https:\/\/www.notibras.com\/site\/#\/schema\/person\/36ab0979449956132d3e5b517ea76ac8"},"headline":"Palmeiras garante vaga e afunda o rival S\u00e3o Paulo","datePublished":"2019-03-16T21:35:35+00:00","dateModified":"2019-03-17T00:14:57+00:00","mainEntityOfPage":{"@id":"https:\/\/www.notibras.com\/site\/palmeiras-garante-vaga-e-afunda-o-rival-sao-paulo\/"},"wordCount":292,"publisher":{"@id":"https:\/\/www.notibras.com\/site\/#organization"},"image":{"@id":"https:\/\/www.notibras.com\/site\/palmeiras-garante-vaga-e-afunda-o-rival-sao-paulo\/#primaryimage"},"thumbnailUrl":"https:\/\/www.notibras.com\/site\/wp-content\/uploads\/2019\/03\/palmeirs-16.jpg","keywords":["capa"],"articleSection":["Esportes"],"inLanguage":"pt-BR"},{"@type":"WebPage","@id":"https:\/\/www.notibras.com\/site\/palmeiras-garante-vaga-e-afunda-o-rival-sao-paulo\/","url":"https:\/\/www.notibras.com\/site\/palmeiras-garante-vaga-e-afunda-o-rival-sao-paulo\/","name":"Palmeiras garante vaga e afunda o rival S\u00e3o Paulo - Notibras","isPartOf":{"@id":"https:\/\/www.notibras.com\/site\/#website"},"primaryImageOfPage":{"@id":"https:\/\/www.notibras.com\/site\/palmeiras-garante-vaga-e-afunda-o-rival-sao-paulo\/#primaryimage"},"image":{"@id":"https:\/\/www.notibras.com\/site\/palmeiras-garante-vaga-e-afunda-o-rival-sao-paulo\/#primaryimage"},"thumbnailUrl":"https:\/\/www.notibras.com\/site\/wp-content\/uploads\/2019\/03\/palmeirs-16.jpg","datePublished":"2019-03-16T21:35:35+00:00","dateModified":"2019-03-17T00:14:57+00:00","breadcrumb":{"@id":"https:\/\/www.notibras.com\/site\/palmeiras-garante-vaga-e-afunda-o-rival-sao-paulo\/#breadcrumb"},"inLanguage":"pt-BR","potentialAction":[{"@type":"ReadAction","target":["https:\/\/www.notibras.com\/site\/palmeiras-garante-vaga-e-afunda-o-rival-sao-paulo\/"]}]},{"@type":"ImageObject","inLanguage":"pt-BR","@id":"https:\/\/www.notibras.com\/site\/palmeiras-garante-vaga-e-afunda-o-rival-sao-paulo\/#primaryimage","url":"https:\/\/www.notibras.com\/site\/wp-content\/uploads\/2019\/03\/palmeirs-16.jpg","contentUrl":"https:\/\/www.notibras.com\/site\/wp-content\/uploads\/2019\/03\/palmeirs-16.jpg","width":750,"height":421,"caption":"Foto\/Batita Jr Press"},{"@type":"BreadcrumbList","@id":"https:\/\/www.notibras.com\/site\/palmeiras-garante-vaga-e-afunda-o-rival-sao-paulo\/#breadcrumb","itemListElement":[{"@type":"ListItem","position":1,"name":"In\u00edcio","item":"https:\/\/www.notibras.com\/site\/"},{"@type":"ListItem","position":2,"name":"Palmeiras garante vaga e afunda o rival S\u00e3o Paulo"}]},{"@type":"WebSite","@id":"https:\/\/www.notibras.com\/site\/#website","url":"https:\/\/www.notibras.com\/site\/","name":"Notibras","description":"Not\u00edcias de Bras\u00edlia, do Brasil e do Mundo","publisher":{"@id":"https:\/\/www.notibras.com\/site\/#organization"},"potentialAction":[{"@type":"SearchAction","target":{"@type":"EntryPoint","urlTemplate":"https:\/\/www.notibras.com\/site\/?s={search_term_string}"},"query-input":{"@type":"PropertyValueSpecification","valueRequired":true,"valueName":"search_term_string"}}],"inLanguage":"pt-BR"},{"@type":"Organization","@id":"https:\/\/www.notibras.com\/site\/#organization","name":"Grupo Notibras de Comunica\u00e7\u00e3o","url":"https:\/\/www.notibras.com\/site\/","logo":{"@type":"ImageObject","inLanguage":"pt-BR","@id":"https:\/\/www.notibras.com\/site\/#\/schema\/logo\/image\/","url":"https:\/\/www.notibras.com\/site\/wp-content\/uploads\/2023\/01\/notibras23.png","contentUrl":"https:\/\/www.notibras.com\/site\/wp-content\/uploads\/2023\/01\/notibras23.png","width":350,"height":87,"caption":"Grupo Notibras de Comunica\u00e7\u00e3o"},"image":{"@id":"https:\/\/www.notibras.com\/site\/#\/schema\/logo\/image\/"},"sameAs":["https:\/\/www.facebook.com\/notibras\/","https:\/\/x.com\/Notibras","https:\/\/www.instagram.com\/notibras\/"]},{"@type":"Person","@id":"https:\/\/www.notibras.com\/site\/#\/schema\/person\/36ab0979449956132d3e5b517ea76ac8","name":"Reda\u00e7\u00e3o","image":{"@type":"ImageObject","inLanguage":"pt-BR","@id":"https:\/\/secure.gravatar.com\/avatar\/e0a867bdedb85fd243eadf09663511f96fc81e0720a4a42581f334ad4303aa6b?s=96&d=mm&r=g","url":"https:\/\/secure.gravatar.com\/avatar\/e0a867bdedb85fd243eadf09663511f96fc81e0720a4a42581f334ad4303aa6b?s=96&d=mm&r=g","contentUrl":"https:\/\/secure.gravatar.com\/avatar\/e0a867bdedb85fd243eadf09663511f96fc81e0720a4a42581f334ad4303aa6b?s=96&d=mm&r=g","caption":"Reda\u00e7\u00e3o"}}]}},"amp_enabled":true,"_links":{"self":[{"href":"https:\/\/www.notibras.com\/site\/wp-json\/wp\/v2\/posts\/204845","targetHints":{"allow":["GET"]}}],"collection":[{"href":"https:\/\/www.notibras.com\/site\/wp-json\/wp\/v2\/posts"}],"about":[{"href":"https:\/\/www.notibras.com\/site\/wp-json\/wp\/v2\/types\/post"}],"author":[{"embeddable":true,"href":"https:\/\/www.notibras.com\/site\/wp-json\/wp\/v2\/users\/2"}],"replies":[{"embeddable":true,"href":"https:\/\/www.notibras.com\/site\/wp-json\/wp\/v2\/comments?post=204845"}],"version-history":[{"count":6,"href":"https:\/\/www.notibras.com\/site\/wp-json\/wp\/v2\/posts\/204845\/revisions"}],"predecessor-version":[{"id":204859,"href":"https:\/\/www.notibras.com\/site\/wp-json\/wp\/v2\/posts\/204845\/revisions\/204859"}],"wp:featuredmedia":[{"embeddable":true,"href":"https:\/\/www.notibras.com\/site\/wp-json\/wp\/v2\/media\/204846"}],"wp:attachment":[{"href":"https:\/\/www.notibras.com\/site\/wp-json\/wp\/v2\/media?parent=204845"}],"wp:term":[{"taxonomy":"category","embeddable":true,"href":"https:\/\/www.notibras.com\/site\/wp-json\/wp\/v2\/categories?post=204845"},{"taxonomy":"post_tag","embeddable":true,"href":"https:\/\/www.notibras.com\/site\/wp-json\/wp\/v2\/tags?post=204845"}],"curies":[{"name":"wp","href":"https:\/\/api.w.org\/{rel}","templated":true}]}}