{"id":204884,"date":"2019-03-17T10:12:26","date_gmt":"2019-03-17T13:12:26","guid":{"rendered":"https:\/\/www.notibras.com\/site\/?p=204884"},"modified":"2019-03-17T10:12:26","modified_gmt":"2019-03-17T13:12:26","slug":"cercado-de-milico-cagao-bolsonaro-cai-logo-diz-olavo","status":"publish","type":"post","link":"https:\/\/www.notibras.com\/site\/cercado-de-milico-cagao-bolsonaro-cai-logo-diz-olavo\/","title":{"rendered":"Cercado de milico cag\u00e3o, Bolsonaro cai logo, diz Olavo"},"content":{"rendered":"<p>\u00c0s 18 horas de s\u00e1bado (16), uma das salas do Trump Hotel, em Washington, come\u00e7ou a receber convidados para o evento pr\u00e9vio \u00e0 chegada de Jair Bolsonaro. A recep\u00e7\u00e3o, uma homenagem ao escritor conservador Olavo de Carvalho, foi organizada pelo ex-estrategista de Trump e agitador de movimentos populistas de direita Steve Bannon. O deputado Eduardo Bolsonaro (PSL) se antecipou \u00e0 comitiva presidencial para participar do evento, que concentrou cr\u00edticas \u00e0 imprensa e aos \u201ctraidores\u201d que cercam o presidente.<\/p>\n<p>Questionado se estava otimista com o Brasil, Olavo de Carvalho afirmou: \u201cN\u00e3o, n\u00e3o, n\u00e3o. Vou ser sincero. Eu amo esse cara, o Bolsonaro. Mas ele est\u00e1 rodeado de traidores, eu n\u00e3o confio em praticamente ningu\u00e9m no governo exceto nele\u201d, disse Olavo, que estar\u00e1 com Bolsonaro neste domingo (17), em jantar na resid\u00eancia do embaixador do Brasil nos EUA.<\/p>\n<p>Depois do evento, a jornalistas, Olavo chamou o vice-presidente Hamilton Mour\u00e3o de \u201cum cara idiota\u201d. \u201cO presidente viaja e qual a primeira coisa que ele faz? Viaja a S\u00e3o Paulo para um encontro pol\u00edtico com Doria. Esse cara n\u00e3o tem ideia do que \u00e9 vice-presid\u00eancia. Durante a viagem, ele tem que ficar em Bras\u00edlia\u201d, afirmou Olavo. Ele disse que Mour\u00e3o, desde a posse, mudou de lado e \u00e9 \u201cpr\u00f3-aborto, pr\u00f3-desarmamento e pr\u00f3-Nicol\u00e1s Maduro\u201d.<\/p>\n<p>Ao dizer que Jair Bolsonaro est\u00e1 \u201cde m\u00e3os amarradas\u201d, Olavo de Carvalho afirmou que a situa\u00e7\u00e3o do governo vai mal. \u201cSe tudo continuar como est\u00e1, j\u00e1 est\u00e1 mal. N\u00e3o precisa mudar nada para ficar mal, \u00e9 s\u00f3 continuar isso mais seis meses e acabou\u201d, disse o fil\u00f3sofo a jornalistas ap\u00f3s evento em Washington, organizado por Steve Bannon.<\/p>\n<p>Ele aponta como problema a m\u00eddia e os conselheiros do presidente. Olavo afirma que a m\u00eddia tenta dar um \u201cgolpe de estado\u201d e publica \u201cmentiras\u201d contra o presidente. Segundo ele, o presidente n\u00e3o leva as quest\u00f5es para a justi\u00e7a porque os militares no governo n\u00e3o deixam.<\/p>\n<p>\u201cEle n\u00e3o reage porque aquele bando de milico que o cerca \u00e9 tudo um bando de cag\u00e3o, que tem medo da m\u00eddia. Por que eles t\u00eam medo da m\u00eddia? Porque quando terminou a ditadura militar, eles viram que estavam todos queimados com a m\u00eddia, foram para casa e decidiram agora fazer o papel de bonzinho. O que o Bolsonaro tem a ver com isso? Nada\u201d, disse Olavo.\u201d\u00c9 um homem sozinho, n\u00e3o pode confiar nos que o cercam, n\u00e3o pode confiar na m\u00eddia.\u201d<\/p>\n<p>Cr\u00edticas \u00e0 imprensa permearam todo o evento. Olavo disse que os jornalistas fazem parte de uma elite intelectual e que os formadores de opini\u00e3o estrangeiros precisam buscar outras formas de ter informa\u00e7\u00e3o sobre o Pa\u00eds, que n\u00e3o via imprensa. Ao falar sobre a imagem de Bolsonaro no mundo \u2013 criticada de ve\u00edculos estrangeiros por posi\u00e7\u00f5es consideradas racistas e preconceituosas -, Olavo afirmou que \u201ca imagem \u00e9 um mito criado pelos jornalistas\u201d. \u201cOs jornalistas brasileiros s\u00e3o, a maioria, viciados em drogas. N\u00e3o estou exagerando\u201d, afirmou.<\/p>\n<p>Eduardo Bolsonaro tamb\u00e9m criticou a imprensa e disse que \u201cas pessoas n\u00e3o acreditam mais na mainstream media\u201d, dizendo que canais alternativos de apoio ao governo t\u00eam mais engajamento nas redes sociais do que o dos jornais tradicionais. \u201cIsso \u00e9 poder, o poder est\u00e1 conosco agora\u201d, disse Eduardo.<\/p>\n<p>O evento reuniu cerca de 60 pessoas em uma sala do Trump Hotel, reduto de republicanos, entre americanos e brasileiros. Diplomatas da embaixada do Brasil em Washington estiveram presentes, entre eles Nestor Forster, cotado para assumir o posto de embaixador nos EUA. Ex-embaixador dos EUA no Brasil, Thomas Shannon era um dos convidados presentes.<\/p>\n<p>A aproxima\u00e7\u00e3o do cl\u00e3 Bolsonaro com Bannon incomoda parte da Casa Branca. O ex-estrategista de Trump foi demitido em 2017 e j\u00e1 foi chamado de traidor pelo pr\u00f3prio Trump. Nos EUA, parte do governo americano v\u00ea com maus olhos a proximidade entre o filho de Bolsonaro e Bannon \u2013 que tamb\u00e9m foi convidado para o jantar com o presidente. O evento de s\u00e1bado foi uma exibi\u00e7\u00e3o do filme Jardim das Afli\u00e7\u00f5es, de Josias Te\u00f3filo, sobre Olavo de Carvalho.<\/p>\n<p>Na apresenta\u00e7\u00e3o do evento, Gerald Brant, integrante do mercado financeiro respons\u00e1vel por unir Steve Bannon \u00e0 fam\u00edlia Bolsonaro e a Olavo de Carvalho, disse que o evento e a chegada de Bolsonaro \u00e0 presid\u00eancia eram um sinal de que o movimento conservador conseguiu chegar longe no Brasil.<\/p>\n<p>Olavo, contudo, disse que Bolsonaro n\u00e3o tem ideologia. Olavo de Carvalho disse que Bolsonaro foi eleito porque representava um \u201cmal menor\u201d do que Fernando Haddad, que concorreu \u00e0 presid\u00eancia pelo PT em 2018. \u201cPor isso que ele foi eleito, n\u00e3o por causa de suas ideias pol\u00edticas que at\u00e9 hoje n\u00e3o sei quais s\u00e3o. Eu j\u00e1 vi Bolsonaro dar opini\u00e3o sobre um assunto ou outro, mas nunca vi ele dar uma concep\u00e7\u00e3o geral, uma ideologia. Voc\u00ea pode acus\u00e1-lo de que as ideias dele s\u00e3o incoerentes, mas essa \u00e9 a maior prova de que ele n\u00e3o tem ideologia nenhuma\u201d, disse Olavo, sob aplausos t\u00edmidos.<\/p>\n<p>Bannon e Olavo de Carvalho se conheceram em janeiro e, agora, o americano disse querer levar o pensamento de Olavo ao mundo e computa ao fil\u00f3sofo a ascens\u00e3o de Bolsonaro. \u201cIdeias t\u00eam consequ\u00eancias. Uma das consequ\u00eancias das ideias do professor Olavo \u00e9 o capit\u00e3o Bolsonaro\u201d, afirmou Bannon.<\/p>\n","protected":false},"excerpt":{"rendered":"<p>\u00c0s 18 horas de s\u00e1bado (16), uma das salas do Trump Hotel, em Washington, come\u00e7ou a receber convidados para o evento pr\u00e9vio \u00e0 chegada de Jair Bolsonaro. A recep\u00e7\u00e3o, uma homenagem ao escritor conservador Olavo de Carvalho, foi organizada pelo ex-estrategista de Trump e agitador de movimentos populistas de direita Steve Bannon. O deputado Eduardo [&hellip;]<\/p>\n","protected":false},"author":2,"featured_media":204886,"comment_status":"closed","ping_status":"closed","sticky":false,"template":"","format":"standard","meta":{"_acf_changed":false,"footnotes":""},"categories":[16],"tags":[95],"class_list":["post-204884","post","type-post","status-publish","format-standard","has-post-thumbnail","hentry","category-brasil","tag-capa"],"acf":[],"yoast_head":"<!-- This site is optimized with the Yoast SEO plugin v27.2 - https:\/\/yoast.com\/product\/yoast-seo-wordpress\/ -->\n<title>Cercado de milico cag\u00e3o, Bolsonaro cai logo, diz Olavo - Notibras<\/title>\n<meta name=\"robots\" content=\"index, follow, max-snippet:-1, max-image-preview:large, max-video-preview:-1\" \/>\n<link rel=\"canonical\" href=\"https:\/\/www.notibras.com\/site\/cercado-de-milico-cagao-bolsonaro-cai-logo-diz-olavo\/\" \/>\n<meta property=\"og:locale\" content=\"pt_BR\" \/>\n<meta property=\"og:type\" content=\"article\" \/>\n<meta property=\"og:title\" content=\"Cercado de milico cag\u00e3o, Bolsonaro cai logo, diz Olavo - Notibras\" \/>\n<meta property=\"og:description\" content=\"\u00c0s 18 horas de s\u00e1bado (16), uma das salas do Trump Hotel, em Washington, come\u00e7ou a receber convidados para o evento pr\u00e9vio \u00e0 chegada de Jair Bolsonaro. A recep\u00e7\u00e3o, uma homenagem ao escritor conservador Olavo de Carvalho, foi organizada pelo ex-estrategista de Trump e agitador de movimentos populistas de direita Steve Bannon. O deputado Eduardo [&hellip;]\" \/>\n<meta property=\"og:url\" content=\"https:\/\/www.notibras.com\/site\/cercado-de-milico-cagao-bolsonaro-cai-logo-diz-olavo\/\" \/>\n<meta property=\"og:site_name\" content=\"Notibras\" \/>\n<meta property=\"article:publisher\" content=\"https:\/\/www.facebook.com\/notibras\/\" \/>\n<meta property=\"article:published_time\" content=\"2019-03-17T13:12:26+00:00\" \/>\n<meta property=\"og:image\" content=\"https:\/\/www.notibras.com\/site\/wp-content\/uploads\/2019\/03\/bolso-e-mourao.jpg\" \/>\n\t<meta property=\"og:image:width\" content=\"1600\" \/>\n\t<meta property=\"og:image:height\" content=\"1066\" \/>\n\t<meta property=\"og:image:type\" content=\"image\/jpeg\" \/>\n<meta name=\"author\" content=\"Reda\u00e7\u00e3o\" \/>\n<meta name=\"twitter:card\" content=\"summary_large_image\" \/>\n<meta name=\"twitter:creator\" content=\"@Notibras\" \/>\n<meta name=\"twitter:site\" content=\"@Notibras\" \/>\n<meta name=\"twitter:label1\" content=\"Escrito por\" \/>\n\t<meta name=\"twitter:data1\" content=\"Reda\u00e7\u00e3o\" \/>\n\t<meta name=\"twitter:label2\" content=\"Est. tempo de leitura\" \/>\n\t<meta name=\"twitter:data2\" content=\"5 minutos\" \/>\n<script type=\"application\/ld+json\" class=\"yoast-schema-graph\">{\"@context\":\"https:\/\/schema.org\",\"@graph\":[{\"@type\":\"Article\",\"@id\":\"https:\/\/www.notibras.com\/site\/cercado-de-milico-cagao-bolsonaro-cai-logo-diz-olavo\/#article\",\"isPartOf\":{\"@id\":\"https:\/\/www.notibras.com\/site\/cercado-de-milico-cagao-bolsonaro-cai-logo-diz-olavo\/\"},\"author\":{\"name\":\"Reda\u00e7\u00e3o\",\"@id\":\"https:\/\/www.notibras.com\/site\/#\/schema\/person\/36ab0979449956132d3e5b517ea76ac8\"},\"headline\":\"Cercado de milico cag\u00e3o, Bolsonaro cai logo, diz Olavo\",\"datePublished\":\"2019-03-17T13:12:26+00:00\",\"mainEntityOfPage\":{\"@id\":\"https:\/\/www.notibras.com\/site\/cercado-de-milico-cagao-bolsonaro-cai-logo-diz-olavo\/\"},\"wordCount\":923,\"publisher\":{\"@id\":\"https:\/\/www.notibras.com\/site\/#organization\"},\"image\":{\"@id\":\"https:\/\/www.notibras.com\/site\/cercado-de-milico-cagao-bolsonaro-cai-logo-diz-olavo\/#primaryimage\"},\"thumbnailUrl\":\"https:\/\/www.notibras.com\/site\/wp-content\/uploads\/2019\/03\/bolso-e-mourao.jpg\",\"keywords\":[\"capa\"],\"articleSection\":[\"Brasil\"],\"inLanguage\":\"pt-BR\"},{\"@type\":\"WebPage\",\"@id\":\"https:\/\/www.notibras.com\/site\/cercado-de-milico-cagao-bolsonaro-cai-logo-diz-olavo\/\",\"url\":\"https:\/\/www.notibras.com\/site\/cercado-de-milico-cagao-bolsonaro-cai-logo-diz-olavo\/\",\"name\":\"Cercado de milico cag\u00e3o, Bolsonaro cai logo, diz Olavo - Notibras\",\"isPartOf\":{\"@id\":\"https:\/\/www.notibras.com\/site\/#website\"},\"primaryImageOfPage\":{\"@id\":\"https:\/\/www.notibras.com\/site\/cercado-de-milico-cagao-bolsonaro-cai-logo-diz-olavo\/#primaryimage\"},\"image\":{\"@id\":\"https:\/\/www.notibras.com\/site\/cercado-de-milico-cagao-bolsonaro-cai-logo-diz-olavo\/#primaryimage\"},\"thumbnailUrl\":\"https:\/\/www.notibras.com\/site\/wp-content\/uploads\/2019\/03\/bolso-e-mourao.jpg\",\"datePublished\":\"2019-03-17T13:12:26+00:00\",\"breadcrumb\":{\"@id\":\"https:\/\/www.notibras.com\/site\/cercado-de-milico-cagao-bolsonaro-cai-logo-diz-olavo\/#breadcrumb\"},\"inLanguage\":\"pt-BR\",\"potentialAction\":[{\"@type\":\"ReadAction\",\"target\":[\"https:\/\/www.notibras.com\/site\/cercado-de-milico-cagao-bolsonaro-cai-logo-diz-olavo\/\"]}]},{\"@type\":\"ImageObject\",\"inLanguage\":\"pt-BR\",\"@id\":\"https:\/\/www.notibras.com\/site\/cercado-de-milico-cagao-bolsonaro-cai-logo-diz-olavo\/#primaryimage\",\"url\":\"https:\/\/www.notibras.com\/site\/wp-content\/uploads\/2019\/03\/bolso-e-mourao.jpg\",\"contentUrl\":\"https:\/\/www.notibras.com\/site\/wp-content\/uploads\/2019\/03\/bolso-e-mourao.jpg\",\"width\":1600,\"height\":1066,\"caption\":\"Presidente embarcou para os EUA e deixou Mour\u00e3o no cargo. Foto: Alan Santos\/PR\"},{\"@type\":\"BreadcrumbList\",\"@id\":\"https:\/\/www.notibras.com\/site\/cercado-de-milico-cagao-bolsonaro-cai-logo-diz-olavo\/#breadcrumb\",\"itemListElement\":[{\"@type\":\"ListItem\",\"position\":1,\"name\":\"In\u00edcio\",\"item\":\"https:\/\/www.notibras.com\/site\/\"},{\"@type\":\"ListItem\",\"position\":2,\"name\":\"Cercado de milico cag\u00e3o, Bolsonaro cai logo, diz Olavo\"}]},{\"@type\":\"WebSite\",\"@id\":\"https:\/\/www.notibras.com\/site\/#website\",\"url\":\"https:\/\/www.notibras.com\/site\/\",\"name\":\"Notibras\",\"description\":\"Not\u00edcias de Bras\u00edlia, do Brasil e do Mundo\",\"publisher\":{\"@id\":\"https:\/\/www.notibras.com\/site\/#organization\"},\"potentialAction\":[{\"@type\":\"SearchAction\",\"target\":{\"@type\":\"EntryPoint\",\"urlTemplate\":\"https:\/\/www.notibras.com\/site\/?s={search_term_string}\"},\"query-input\":{\"@type\":\"PropertyValueSpecification\",\"valueRequired\":true,\"valueName\":\"search_term_string\"}}],\"inLanguage\":\"pt-BR\"},{\"@type\":\"Organization\",\"@id\":\"https:\/\/www.notibras.com\/site\/#organization\",\"name\":\"Grupo Notibras de Comunica\u00e7\u00e3o\",\"url\":\"https:\/\/www.notibras.com\/site\/\",\"logo\":{\"@type\":\"ImageObject\",\"inLanguage\":\"pt-BR\",\"@id\":\"https:\/\/www.notibras.com\/site\/#\/schema\/logo\/image\/\",\"url\":\"https:\/\/www.notibras.com\/site\/wp-content\/uploads\/2023\/01\/notibras23.png\",\"contentUrl\":\"https:\/\/www.notibras.com\/site\/wp-content\/uploads\/2023\/01\/notibras23.png\",\"width\":350,\"height\":87,\"caption\":\"Grupo Notibras de Comunica\u00e7\u00e3o\"},\"image\":{\"@id\":\"https:\/\/www.notibras.com\/site\/#\/schema\/logo\/image\/\"},\"sameAs\":[\"https:\/\/www.facebook.com\/notibras\/\",\"https:\/\/x.com\/Notibras\",\"https:\/\/www.instagram.com\/notibras\/\"]},{\"@type\":\"Person\",\"@id\":\"https:\/\/www.notibras.com\/site\/#\/schema\/person\/36ab0979449956132d3e5b517ea76ac8\",\"name\":\"Reda\u00e7\u00e3o\",\"image\":{\"@type\":\"ImageObject\",\"inLanguage\":\"pt-BR\",\"@id\":\"https:\/\/secure.gravatar.com\/avatar\/e0a867bdedb85fd243eadf09663511f96fc81e0720a4a42581f334ad4303aa6b?s=96&d=mm&r=g\",\"url\":\"https:\/\/secure.gravatar.com\/avatar\/e0a867bdedb85fd243eadf09663511f96fc81e0720a4a42581f334ad4303aa6b?s=96&d=mm&r=g\",\"contentUrl\":\"https:\/\/secure.gravatar.com\/avatar\/e0a867bdedb85fd243eadf09663511f96fc81e0720a4a42581f334ad4303aa6b?s=96&d=mm&r=g\",\"caption\":\"Reda\u00e7\u00e3o\"}}]}<\/script>\n<!-- \/ Yoast SEO plugin. -->","yoast_head_json":{"title":"Cercado de milico cag\u00e3o, Bolsonaro cai logo, diz Olavo - Notibras","robots":{"index":"index","follow":"follow","max-snippet":"max-snippet:-1","max-image-preview":"max-image-preview:large","max-video-preview":"max-video-preview:-1"},"canonical":"https:\/\/www.notibras.com\/site\/cercado-de-milico-cagao-bolsonaro-cai-logo-diz-olavo\/","og_locale":"pt_BR","og_type":"article","og_title":"Cercado de milico cag\u00e3o, Bolsonaro cai logo, diz Olavo - Notibras","og_description":"\u00c0s 18 horas de s\u00e1bado (16), uma das salas do Trump Hotel, em Washington, come\u00e7ou a receber convidados para o evento pr\u00e9vio \u00e0 chegada de Jair Bolsonaro. A recep\u00e7\u00e3o, uma homenagem ao escritor conservador Olavo de Carvalho, foi organizada pelo ex-estrategista de Trump e agitador de movimentos populistas de direita Steve Bannon. O deputado Eduardo [&hellip;]","og_url":"https:\/\/www.notibras.com\/site\/cercado-de-milico-cagao-bolsonaro-cai-logo-diz-olavo\/","og_site_name":"Notibras","article_publisher":"https:\/\/www.facebook.com\/notibras\/","article_published_time":"2019-03-17T13:12:26+00:00","og_image":[{"width":1600,"height":1066,"url":"https:\/\/www.notibras.com\/site\/wp-content\/uploads\/2019\/03\/bolso-e-mourao.jpg","type":"image\/jpeg"}],"author":"Reda\u00e7\u00e3o","twitter_card":"summary_large_image","twitter_creator":"@Notibras","twitter_site":"@Notibras","twitter_misc":{"Escrito por":"Reda\u00e7\u00e3o","Est. tempo de leitura":"5 minutos"},"schema":{"@context":"https:\/\/schema.org","@graph":[{"@type":"Article","@id":"https:\/\/www.notibras.com\/site\/cercado-de-milico-cagao-bolsonaro-cai-logo-diz-olavo\/#article","isPartOf":{"@id":"https:\/\/www.notibras.com\/site\/cercado-de-milico-cagao-bolsonaro-cai-logo-diz-olavo\/"},"author":{"name":"Reda\u00e7\u00e3o","@id":"https:\/\/www.notibras.com\/site\/#\/schema\/person\/36ab0979449956132d3e5b517ea76ac8"},"headline":"Cercado de milico cag\u00e3o, Bolsonaro cai logo, diz Olavo","datePublished":"2019-03-17T13:12:26+00:00","mainEntityOfPage":{"@id":"https:\/\/www.notibras.com\/site\/cercado-de-milico-cagao-bolsonaro-cai-logo-diz-olavo\/"},"wordCount":923,"publisher":{"@id":"https:\/\/www.notibras.com\/site\/#organization"},"image":{"@id":"https:\/\/www.notibras.com\/site\/cercado-de-milico-cagao-bolsonaro-cai-logo-diz-olavo\/#primaryimage"},"thumbnailUrl":"https:\/\/www.notibras.com\/site\/wp-content\/uploads\/2019\/03\/bolso-e-mourao.jpg","keywords":["capa"],"articleSection":["Brasil"],"inLanguage":"pt-BR"},{"@type":"WebPage","@id":"https:\/\/www.notibras.com\/site\/cercado-de-milico-cagao-bolsonaro-cai-logo-diz-olavo\/","url":"https:\/\/www.notibras.com\/site\/cercado-de-milico-cagao-bolsonaro-cai-logo-diz-olavo\/","name":"Cercado de milico cag\u00e3o, Bolsonaro cai logo, diz Olavo - Notibras","isPartOf":{"@id":"https:\/\/www.notibras.com\/site\/#website"},"primaryImageOfPage":{"@id":"https:\/\/www.notibras.com\/site\/cercado-de-milico-cagao-bolsonaro-cai-logo-diz-olavo\/#primaryimage"},"image":{"@id":"https:\/\/www.notibras.com\/site\/cercado-de-milico-cagao-bolsonaro-cai-logo-diz-olavo\/#primaryimage"},"thumbnailUrl":"https:\/\/www.notibras.com\/site\/wp-content\/uploads\/2019\/03\/bolso-e-mourao.jpg","datePublished":"2019-03-17T13:12:26+00:00","breadcrumb":{"@id":"https:\/\/www.notibras.com\/site\/cercado-de-milico-cagao-bolsonaro-cai-logo-diz-olavo\/#breadcrumb"},"inLanguage":"pt-BR","potentialAction":[{"@type":"ReadAction","target":["https:\/\/www.notibras.com\/site\/cercado-de-milico-cagao-bolsonaro-cai-logo-diz-olavo\/"]}]},{"@type":"ImageObject","inLanguage":"pt-BR","@id":"https:\/\/www.notibras.com\/site\/cercado-de-milico-cagao-bolsonaro-cai-logo-diz-olavo\/#primaryimage","url":"https:\/\/www.notibras.com\/site\/wp-content\/uploads\/2019\/03\/bolso-e-mourao.jpg","contentUrl":"https:\/\/www.notibras.com\/site\/wp-content\/uploads\/2019\/03\/bolso-e-mourao.jpg","width":1600,"height":1066,"caption":"Presidente embarcou para os EUA e deixou Mour\u00e3o no cargo. Foto: Alan Santos\/PR"},{"@type":"BreadcrumbList","@id":"https:\/\/www.notibras.com\/site\/cercado-de-milico-cagao-bolsonaro-cai-logo-diz-olavo\/#breadcrumb","itemListElement":[{"@type":"ListItem","position":1,"name":"In\u00edcio","item":"https:\/\/www.notibras.com\/site\/"},{"@type":"ListItem","position":2,"name":"Cercado de milico cag\u00e3o, Bolsonaro cai logo, diz Olavo"}]},{"@type":"WebSite","@id":"https:\/\/www.notibras.com\/site\/#website","url":"https:\/\/www.notibras.com\/site\/","name":"Notibras","description":"Not\u00edcias de Bras\u00edlia, do Brasil e do Mundo","publisher":{"@id":"https:\/\/www.notibras.com\/site\/#organization"},"potentialAction":[{"@type":"SearchAction","target":{"@type":"EntryPoint","urlTemplate":"https:\/\/www.notibras.com\/site\/?s={search_term_string}"},"query-input":{"@type":"PropertyValueSpecification","valueRequired":true,"valueName":"search_term_string"}}],"inLanguage":"pt-BR"},{"@type":"Organization","@id":"https:\/\/www.notibras.com\/site\/#organization","name":"Grupo Notibras de Comunica\u00e7\u00e3o","url":"https:\/\/www.notibras.com\/site\/","logo":{"@type":"ImageObject","inLanguage":"pt-BR","@id":"https:\/\/www.notibras.com\/site\/#\/schema\/logo\/image\/","url":"https:\/\/www.notibras.com\/site\/wp-content\/uploads\/2023\/01\/notibras23.png","contentUrl":"https:\/\/www.notibras.com\/site\/wp-content\/uploads\/2023\/01\/notibras23.png","width":350,"height":87,"caption":"Grupo Notibras de Comunica\u00e7\u00e3o"},"image":{"@id":"https:\/\/www.notibras.com\/site\/#\/schema\/logo\/image\/"},"sameAs":["https:\/\/www.facebook.com\/notibras\/","https:\/\/x.com\/Notibras","https:\/\/www.instagram.com\/notibras\/"]},{"@type":"Person","@id":"https:\/\/www.notibras.com\/site\/#\/schema\/person\/36ab0979449956132d3e5b517ea76ac8","name":"Reda\u00e7\u00e3o","image":{"@type":"ImageObject","inLanguage":"pt-BR","@id":"https:\/\/secure.gravatar.com\/avatar\/e0a867bdedb85fd243eadf09663511f96fc81e0720a4a42581f334ad4303aa6b?s=96&d=mm&r=g","url":"https:\/\/secure.gravatar.com\/avatar\/e0a867bdedb85fd243eadf09663511f96fc81e0720a4a42581f334ad4303aa6b?s=96&d=mm&r=g","contentUrl":"https:\/\/secure.gravatar.com\/avatar\/e0a867bdedb85fd243eadf09663511f96fc81e0720a4a42581f334ad4303aa6b?s=96&d=mm&r=g","caption":"Reda\u00e7\u00e3o"}}]}},"amp_enabled":true,"_links":{"self":[{"href":"https:\/\/www.notibras.com\/site\/wp-json\/wp\/v2\/posts\/204884","targetHints":{"allow":["GET"]}}],"collection":[{"href":"https:\/\/www.notibras.com\/site\/wp-json\/wp\/v2\/posts"}],"about":[{"href":"https:\/\/www.notibras.com\/site\/wp-json\/wp\/v2\/types\/post"}],"author":[{"embeddable":true,"href":"https:\/\/www.notibras.com\/site\/wp-json\/wp\/v2\/users\/2"}],"replies":[{"embeddable":true,"href":"https:\/\/www.notibras.com\/site\/wp-json\/wp\/v2\/comments?post=204884"}],"version-history":[{"count":1,"href":"https:\/\/www.notibras.com\/site\/wp-json\/wp\/v2\/posts\/204884\/revisions"}],"predecessor-version":[{"id":204887,"href":"https:\/\/www.notibras.com\/site\/wp-json\/wp\/v2\/posts\/204884\/revisions\/204887"}],"wp:featuredmedia":[{"embeddable":true,"href":"https:\/\/www.notibras.com\/site\/wp-json\/wp\/v2\/media\/204886"}],"wp:attachment":[{"href":"https:\/\/www.notibras.com\/site\/wp-json\/wp\/v2\/media?parent=204884"}],"wp:term":[{"taxonomy":"category","embeddable":true,"href":"https:\/\/www.notibras.com\/site\/wp-json\/wp\/v2\/categories?post=204884"},{"taxonomy":"post_tag","embeddable":true,"href":"https:\/\/www.notibras.com\/site\/wp-json\/wp\/v2\/tags?post=204884"}],"curies":[{"name":"wp","href":"https:\/\/api.w.org\/{rel}","templated":true}]}}