{"id":204915,"date":"2019-03-17T14:02:20","date_gmt":"2019-03-17T17:02:20","guid":{"rendered":"https:\/\/www.notibras.com\/site\/?p=204915"},"modified":"2019-03-17T14:05:18","modified_gmt":"2019-03-17T17:05:18","slug":"coisa-feia-stf-voces-acabaram-com-a-lava-jato","status":"publish","type":"post","link":"https:\/\/www.notibras.com\/site\/coisa-feia-stf-voces-acabaram-com-a-lava-jato\/","title":{"rendered":"Coisa feia, STF. Voc\u00eas acabaram com a Lava Jato"},"content":{"rendered":"<p>Quem matou a Lava Jato? H\u00e1 ministros no STF que s\u00e3o apontados como traidores da P\u00e1tria. Em s\u00edntese, o Supremo Tribunal Federal \u00e9 a vergonha do Brasil.<\/p>\n<p>Esse foi o tom das manifesta\u00e7\u00f5es deste domingo contra a decis\u00e3o do STF, que mandou o julgamento de crimes de corrup\u00e7\u00e3o, lavagem de dinheiro e Caixa 2, antes nas m\u00e3os da Justi\u00e7a Federal, para o colo da Justi\u00e7a Eleitoral.<\/p>\n<p>As manifesta\u00e7\u00f5es foram convocadas pelas redes sociais. Teve muita gente nas ruas das principais cidades do Pa\u00eds.<\/p>\n<p>No Rio, uma faixa chamando o Supremo Tribunal Federal de &#8220;vergonha&#8221; \u00e9 um dos muitos exemplos dos protestos. As manifesta\u00e7\u00f5es acontecem justamente no dia em que a Lava Jato completa 5 anos.<\/p>\n<p>A opera\u00e7\u00e3o denunciou 426 pessoas em cinco anos e mandou figuras ilustres da Rep\u00fablica para a pris\u00e3o. Entre eles, o ex-presidente Luis In\u00e1cio Lula da Silva.<\/p>\n<p>A maior concentra\u00e7\u00e3o foi em Bras\u00edlia. Mesmo debaixo de chuva, centenas de pessoas se aglomeraram na Pra\u00e7a dos Tr\u00eas Poderes. A palavra de ordem era &#8216;Vamos limpar o Supremo&#8217;.<\/p>\n<p>No Recife, um homem sintetizou o clima das ruas: traidores da p\u00e1tria, dizia um cartaz em suas m\u00e3os. E apontava como &#8216;judas&#8217; os ministros Gilmar Mendes, Celso de Mello, Marco Aur\u00e9lio, Alexandre de Moraes, Dias Tofolli e Ricardo Lewandowski.<\/p>\n<p>Foram justamente esses ministros que votaram para enterrar a Lava Jato.<\/p>\n","protected":false},"excerpt":{"rendered":"<p>Quem matou a Lava Jato? H\u00e1 ministros no STF que s\u00e3o apontados como traidores da P\u00e1tria. Em s\u00edntese, o Supremo Tribunal Federal \u00e9 a vergonha do Brasil. Esse foi o tom das manifesta\u00e7\u00f5es deste domingo contra a decis\u00e3o do STF, que mandou o julgamento de crimes de corrup\u00e7\u00e3o, lavagem de dinheiro e Caixa 2, antes [&hellip;]<\/p>\n","protected":false},"author":2,"featured_media":204916,"comment_status":"closed","ping_status":"closed","sticky":false,"template":"","format":"standard","meta":{"_acf_changed":false,"footnotes":""},"categories":[16],"tags":[95],"class_list":["post-204915","post","type-post","status-publish","format-standard","has-post-thumbnail","hentry","category-brasil","tag-capa"],"acf":[],"yoast_head":"<!-- This site is optimized with the Yoast SEO plugin v27.2 - https:\/\/yoast.com\/product\/yoast-seo-wordpress\/ -->\n<title>Coisa feia, STF. Voc\u00eas acabaram com a Lava Jato - Notibras<\/title>\n<meta name=\"robots\" content=\"index, follow, max-snippet:-1, max-image-preview:large, max-video-preview:-1\" \/>\n<link rel=\"canonical\" href=\"https:\/\/www.notibras.com\/site\/coisa-feia-stf-voces-acabaram-com-a-lava-jato\/\" \/>\n<meta property=\"og:locale\" content=\"pt_BR\" \/>\n<meta property=\"og:type\" content=\"article\" \/>\n<meta property=\"og:title\" content=\"Coisa feia, STF. Voc\u00eas acabaram com a Lava Jato - Notibras\" \/>\n<meta property=\"og:description\" content=\"Quem matou a Lava Jato? H\u00e1 ministros no STF que s\u00e3o apontados como traidores da P\u00e1tria. Em s\u00edntese, o Supremo Tribunal Federal \u00e9 a vergonha do Brasil. Esse foi o tom das manifesta\u00e7\u00f5es deste domingo contra a decis\u00e3o do STF, que mandou o julgamento de crimes de corrup\u00e7\u00e3o, lavagem de dinheiro e Caixa 2, antes [&hellip;]\" \/>\n<meta property=\"og:url\" content=\"https:\/\/www.notibras.com\/site\/coisa-feia-stf-voces-acabaram-com-a-lava-jato\/\" \/>\n<meta property=\"og:site_name\" content=\"Notibras\" \/>\n<meta property=\"article:publisher\" content=\"https:\/\/www.facebook.com\/notibras\/\" \/>\n<meta property=\"article:published_time\" content=\"2019-03-17T17:02:20+00:00\" \/>\n<meta property=\"article:modified_time\" content=\"2019-03-17T17:05:18+00:00\" \/>\n<meta property=\"og:image\" content=\"https:\/\/www.notibras.com\/site\/wp-content\/uploads\/2019\/03\/stf-\u00e9-uma-vergonha-foto-jos\u00e9-lucena-estadao.jpg\" \/>\n\t<meta property=\"og:image:width\" content=\"900\" \/>\n\t<meta property=\"og:image:height\" content=\"506\" \/>\n\t<meta property=\"og:image:type\" content=\"image\/jpeg\" \/>\n<meta name=\"author\" content=\"Reda\u00e7\u00e3o\" \/>\n<meta name=\"twitter:card\" content=\"summary_large_image\" \/>\n<meta name=\"twitter:creator\" content=\"@Notibras\" \/>\n<meta name=\"twitter:site\" content=\"@Notibras\" \/>\n<meta name=\"twitter:label1\" content=\"Escrito por\" \/>\n\t<meta name=\"twitter:data1\" content=\"Reda\u00e7\u00e3o\" \/>\n\t<meta name=\"twitter:label2\" content=\"Est. tempo de leitura\" \/>\n\t<meta name=\"twitter:data2\" content=\"1 minuto\" \/>\n<script type=\"application\/ld+json\" class=\"yoast-schema-graph\">{\"@context\":\"https:\/\/schema.org\",\"@graph\":[{\"@type\":\"Article\",\"@id\":\"https:\/\/www.notibras.com\/site\/coisa-feia-stf-voces-acabaram-com-a-lava-jato\/#article\",\"isPartOf\":{\"@id\":\"https:\/\/www.notibras.com\/site\/coisa-feia-stf-voces-acabaram-com-a-lava-jato\/\"},\"author\":{\"name\":\"Reda\u00e7\u00e3o\",\"@id\":\"https:\/\/www.notibras.com\/site\/#\/schema\/person\/36ab0979449956132d3e5b517ea76ac8\"},\"headline\":\"Coisa feia, STF. Voc\u00eas acabaram com a Lava Jato\",\"datePublished\":\"2019-03-17T17:02:20+00:00\",\"dateModified\":\"2019-03-17T17:05:18+00:00\",\"mainEntityOfPage\":{\"@id\":\"https:\/\/www.notibras.com\/site\/coisa-feia-stf-voces-acabaram-com-a-lava-jato\/\"},\"wordCount\":248,\"publisher\":{\"@id\":\"https:\/\/www.notibras.com\/site\/#organization\"},\"image\":{\"@id\":\"https:\/\/www.notibras.com\/site\/coisa-feia-stf-voces-acabaram-com-a-lava-jato\/#primaryimage\"},\"thumbnailUrl\":\"https:\/\/www.notibras.com\/site\/wp-content\/uploads\/2019\/03\/stf-\u00e9-uma-vergonha-foto-jos\u00e9-lucena-estadao.jpg\",\"keywords\":[\"capa\"],\"articleSection\":[\"Brasil\"],\"inLanguage\":\"pt-BR\"},{\"@type\":\"WebPage\",\"@id\":\"https:\/\/www.notibras.com\/site\/coisa-feia-stf-voces-acabaram-com-a-lava-jato\/\",\"url\":\"https:\/\/www.notibras.com\/site\/coisa-feia-stf-voces-acabaram-com-a-lava-jato\/\",\"name\":\"Coisa feia, STF. Voc\u00eas acabaram com a Lava Jato - Notibras\",\"isPartOf\":{\"@id\":\"https:\/\/www.notibras.com\/site\/#website\"},\"primaryImageOfPage\":{\"@id\":\"https:\/\/www.notibras.com\/site\/coisa-feia-stf-voces-acabaram-com-a-lava-jato\/#primaryimage\"},\"image\":{\"@id\":\"https:\/\/www.notibras.com\/site\/coisa-feia-stf-voces-acabaram-com-a-lava-jato\/#primaryimage\"},\"thumbnailUrl\":\"https:\/\/www.notibras.com\/site\/wp-content\/uploads\/2019\/03\/stf-\u00e9-uma-vergonha-foto-jos\u00e9-lucena-estadao.jpg\",\"datePublished\":\"2019-03-17T17:02:20+00:00\",\"dateModified\":\"2019-03-17T17:05:18+00:00\",\"breadcrumb\":{\"@id\":\"https:\/\/www.notibras.com\/site\/coisa-feia-stf-voces-acabaram-com-a-lava-jato\/#breadcrumb\"},\"inLanguage\":\"pt-BR\",\"potentialAction\":[{\"@type\":\"ReadAction\",\"target\":[\"https:\/\/www.notibras.com\/site\/coisa-feia-stf-voces-acabaram-com-a-lava-jato\/\"]}]},{\"@type\":\"ImageObject\",\"inLanguage\":\"pt-BR\",\"@id\":\"https:\/\/www.notibras.com\/site\/coisa-feia-stf-voces-acabaram-com-a-lava-jato\/#primaryimage\",\"url\":\"https:\/\/www.notibras.com\/site\/wp-content\/uploads\/2019\/03\/stf-\u00e9-uma-vergonha-foto-jos\u00e9-lucena-estadao.jpg\",\"contentUrl\":\"https:\/\/www.notibras.com\/site\/wp-content\/uploads\/2019\/03\/stf-\u00e9-uma-vergonha-foto-jos\u00e9-lucena-estadao.jpg\",\"width\":900,\"height\":506,\"caption\":\"Foto: Jos\u00e9 Lucena\/Estad\u00e3oConte\u00fado\"},{\"@type\":\"BreadcrumbList\",\"@id\":\"https:\/\/www.notibras.com\/site\/coisa-feia-stf-voces-acabaram-com-a-lava-jato\/#breadcrumb\",\"itemListElement\":[{\"@type\":\"ListItem\",\"position\":1,\"name\":\"In\u00edcio\",\"item\":\"https:\/\/www.notibras.com\/site\/\"},{\"@type\":\"ListItem\",\"position\":2,\"name\":\"Coisa feia, STF. Voc\u00eas acabaram com a Lava Jato\"}]},{\"@type\":\"WebSite\",\"@id\":\"https:\/\/www.notibras.com\/site\/#website\",\"url\":\"https:\/\/www.notibras.com\/site\/\",\"name\":\"Notibras\",\"description\":\"Not\u00edcias de Bras\u00edlia, do Brasil e do Mundo\",\"publisher\":{\"@id\":\"https:\/\/www.notibras.com\/site\/#organization\"},\"potentialAction\":[{\"@type\":\"SearchAction\",\"target\":{\"@type\":\"EntryPoint\",\"urlTemplate\":\"https:\/\/www.notibras.com\/site\/?s={search_term_string}\"},\"query-input\":{\"@type\":\"PropertyValueSpecification\",\"valueRequired\":true,\"valueName\":\"search_term_string\"}}],\"inLanguage\":\"pt-BR\"},{\"@type\":\"Organization\",\"@id\":\"https:\/\/www.notibras.com\/site\/#organization\",\"name\":\"Grupo Notibras de Comunica\u00e7\u00e3o\",\"url\":\"https:\/\/www.notibras.com\/site\/\",\"logo\":{\"@type\":\"ImageObject\",\"inLanguage\":\"pt-BR\",\"@id\":\"https:\/\/www.notibras.com\/site\/#\/schema\/logo\/image\/\",\"url\":\"https:\/\/www.notibras.com\/site\/wp-content\/uploads\/2023\/01\/notibras23.png\",\"contentUrl\":\"https:\/\/www.notibras.com\/site\/wp-content\/uploads\/2023\/01\/notibras23.png\",\"width\":350,\"height\":87,\"caption\":\"Grupo Notibras de Comunica\u00e7\u00e3o\"},\"image\":{\"@id\":\"https:\/\/www.notibras.com\/site\/#\/schema\/logo\/image\/\"},\"sameAs\":[\"https:\/\/www.facebook.com\/notibras\/\",\"https:\/\/x.com\/Notibras\",\"https:\/\/www.instagram.com\/notibras\/\"]},{\"@type\":\"Person\",\"@id\":\"https:\/\/www.notibras.com\/site\/#\/schema\/person\/36ab0979449956132d3e5b517ea76ac8\",\"name\":\"Reda\u00e7\u00e3o\",\"image\":{\"@type\":\"ImageObject\",\"inLanguage\":\"pt-BR\",\"@id\":\"https:\/\/secure.gravatar.com\/avatar\/e0a867bdedb85fd243eadf09663511f96fc81e0720a4a42581f334ad4303aa6b?s=96&d=mm&r=g\",\"url\":\"https:\/\/secure.gravatar.com\/avatar\/e0a867bdedb85fd243eadf09663511f96fc81e0720a4a42581f334ad4303aa6b?s=96&d=mm&r=g\",\"contentUrl\":\"https:\/\/secure.gravatar.com\/avatar\/e0a867bdedb85fd243eadf09663511f96fc81e0720a4a42581f334ad4303aa6b?s=96&d=mm&r=g\",\"caption\":\"Reda\u00e7\u00e3o\"}}]}<\/script>\n<!-- \/ Yoast SEO plugin. -->","yoast_head_json":{"title":"Coisa feia, STF. Voc\u00eas acabaram com a Lava Jato - Notibras","robots":{"index":"index","follow":"follow","max-snippet":"max-snippet:-1","max-image-preview":"max-image-preview:large","max-video-preview":"max-video-preview:-1"},"canonical":"https:\/\/www.notibras.com\/site\/coisa-feia-stf-voces-acabaram-com-a-lava-jato\/","og_locale":"pt_BR","og_type":"article","og_title":"Coisa feia, STF. Voc\u00eas acabaram com a Lava Jato - Notibras","og_description":"Quem matou a Lava Jato? H\u00e1 ministros no STF que s\u00e3o apontados como traidores da P\u00e1tria. Em s\u00edntese, o Supremo Tribunal Federal \u00e9 a vergonha do Brasil. Esse foi o tom das manifesta\u00e7\u00f5es deste domingo contra a decis\u00e3o do STF, que mandou o julgamento de crimes de corrup\u00e7\u00e3o, lavagem de dinheiro e Caixa 2, antes [&hellip;]","og_url":"https:\/\/www.notibras.com\/site\/coisa-feia-stf-voces-acabaram-com-a-lava-jato\/","og_site_name":"Notibras","article_publisher":"https:\/\/www.facebook.com\/notibras\/","article_published_time":"2019-03-17T17:02:20+00:00","article_modified_time":"2019-03-17T17:05:18+00:00","og_image":[{"width":900,"height":506,"url":"https:\/\/www.notibras.com\/site\/wp-content\/uploads\/2019\/03\/stf-\u00e9-uma-vergonha-foto-jos\u00e9-lucena-estadao.jpg","type":"image\/jpeg"}],"author":"Reda\u00e7\u00e3o","twitter_card":"summary_large_image","twitter_creator":"@Notibras","twitter_site":"@Notibras","twitter_misc":{"Escrito por":"Reda\u00e7\u00e3o","Est. tempo de leitura":"1 minuto"},"schema":{"@context":"https:\/\/schema.org","@graph":[{"@type":"Article","@id":"https:\/\/www.notibras.com\/site\/coisa-feia-stf-voces-acabaram-com-a-lava-jato\/#article","isPartOf":{"@id":"https:\/\/www.notibras.com\/site\/coisa-feia-stf-voces-acabaram-com-a-lava-jato\/"},"author":{"name":"Reda\u00e7\u00e3o","@id":"https:\/\/www.notibras.com\/site\/#\/schema\/person\/36ab0979449956132d3e5b517ea76ac8"},"headline":"Coisa feia, STF. Voc\u00eas acabaram com a Lava Jato","datePublished":"2019-03-17T17:02:20+00:00","dateModified":"2019-03-17T17:05:18+00:00","mainEntityOfPage":{"@id":"https:\/\/www.notibras.com\/site\/coisa-feia-stf-voces-acabaram-com-a-lava-jato\/"},"wordCount":248,"publisher":{"@id":"https:\/\/www.notibras.com\/site\/#organization"},"image":{"@id":"https:\/\/www.notibras.com\/site\/coisa-feia-stf-voces-acabaram-com-a-lava-jato\/#primaryimage"},"thumbnailUrl":"https:\/\/www.notibras.com\/site\/wp-content\/uploads\/2019\/03\/stf-\u00e9-uma-vergonha-foto-jos\u00e9-lucena-estadao.jpg","keywords":["capa"],"articleSection":["Brasil"],"inLanguage":"pt-BR"},{"@type":"WebPage","@id":"https:\/\/www.notibras.com\/site\/coisa-feia-stf-voces-acabaram-com-a-lava-jato\/","url":"https:\/\/www.notibras.com\/site\/coisa-feia-stf-voces-acabaram-com-a-lava-jato\/","name":"Coisa feia, STF. Voc\u00eas acabaram com a Lava Jato - Notibras","isPartOf":{"@id":"https:\/\/www.notibras.com\/site\/#website"},"primaryImageOfPage":{"@id":"https:\/\/www.notibras.com\/site\/coisa-feia-stf-voces-acabaram-com-a-lava-jato\/#primaryimage"},"image":{"@id":"https:\/\/www.notibras.com\/site\/coisa-feia-stf-voces-acabaram-com-a-lava-jato\/#primaryimage"},"thumbnailUrl":"https:\/\/www.notibras.com\/site\/wp-content\/uploads\/2019\/03\/stf-\u00e9-uma-vergonha-foto-jos\u00e9-lucena-estadao.jpg","datePublished":"2019-03-17T17:02:20+00:00","dateModified":"2019-03-17T17:05:18+00:00","breadcrumb":{"@id":"https:\/\/www.notibras.com\/site\/coisa-feia-stf-voces-acabaram-com-a-lava-jato\/#breadcrumb"},"inLanguage":"pt-BR","potentialAction":[{"@type":"ReadAction","target":["https:\/\/www.notibras.com\/site\/coisa-feia-stf-voces-acabaram-com-a-lava-jato\/"]}]},{"@type":"ImageObject","inLanguage":"pt-BR","@id":"https:\/\/www.notibras.com\/site\/coisa-feia-stf-voces-acabaram-com-a-lava-jato\/#primaryimage","url":"https:\/\/www.notibras.com\/site\/wp-content\/uploads\/2019\/03\/stf-\u00e9-uma-vergonha-foto-jos\u00e9-lucena-estadao.jpg","contentUrl":"https:\/\/www.notibras.com\/site\/wp-content\/uploads\/2019\/03\/stf-\u00e9-uma-vergonha-foto-jos\u00e9-lucena-estadao.jpg","width":900,"height":506,"caption":"Foto: Jos\u00e9 Lucena\/Estad\u00e3oConte\u00fado"},{"@type":"BreadcrumbList","@id":"https:\/\/www.notibras.com\/site\/coisa-feia-stf-voces-acabaram-com-a-lava-jato\/#breadcrumb","itemListElement":[{"@type":"ListItem","position":1,"name":"In\u00edcio","item":"https:\/\/www.notibras.com\/site\/"},{"@type":"ListItem","position":2,"name":"Coisa feia, STF. Voc\u00eas acabaram com a Lava Jato"}]},{"@type":"WebSite","@id":"https:\/\/www.notibras.com\/site\/#website","url":"https:\/\/www.notibras.com\/site\/","name":"Notibras","description":"Not\u00edcias de Bras\u00edlia, do Brasil e do Mundo","publisher":{"@id":"https:\/\/www.notibras.com\/site\/#organization"},"potentialAction":[{"@type":"SearchAction","target":{"@type":"EntryPoint","urlTemplate":"https:\/\/www.notibras.com\/site\/?s={search_term_string}"},"query-input":{"@type":"PropertyValueSpecification","valueRequired":true,"valueName":"search_term_string"}}],"inLanguage":"pt-BR"},{"@type":"Organization","@id":"https:\/\/www.notibras.com\/site\/#organization","name":"Grupo Notibras de Comunica\u00e7\u00e3o","url":"https:\/\/www.notibras.com\/site\/","logo":{"@type":"ImageObject","inLanguage":"pt-BR","@id":"https:\/\/www.notibras.com\/site\/#\/schema\/logo\/image\/","url":"https:\/\/www.notibras.com\/site\/wp-content\/uploads\/2023\/01\/notibras23.png","contentUrl":"https:\/\/www.notibras.com\/site\/wp-content\/uploads\/2023\/01\/notibras23.png","width":350,"height":87,"caption":"Grupo Notibras de Comunica\u00e7\u00e3o"},"image":{"@id":"https:\/\/www.notibras.com\/site\/#\/schema\/logo\/image\/"},"sameAs":["https:\/\/www.facebook.com\/notibras\/","https:\/\/x.com\/Notibras","https:\/\/www.instagram.com\/notibras\/"]},{"@type":"Person","@id":"https:\/\/www.notibras.com\/site\/#\/schema\/person\/36ab0979449956132d3e5b517ea76ac8","name":"Reda\u00e7\u00e3o","image":{"@type":"ImageObject","inLanguage":"pt-BR","@id":"https:\/\/secure.gravatar.com\/avatar\/e0a867bdedb85fd243eadf09663511f96fc81e0720a4a42581f334ad4303aa6b?s=96&d=mm&r=g","url":"https:\/\/secure.gravatar.com\/avatar\/e0a867bdedb85fd243eadf09663511f96fc81e0720a4a42581f334ad4303aa6b?s=96&d=mm&r=g","contentUrl":"https:\/\/secure.gravatar.com\/avatar\/e0a867bdedb85fd243eadf09663511f96fc81e0720a4a42581f334ad4303aa6b?s=96&d=mm&r=g","caption":"Reda\u00e7\u00e3o"}}]}},"amp_enabled":true,"_links":{"self":[{"href":"https:\/\/www.notibras.com\/site\/wp-json\/wp\/v2\/posts\/204915","targetHints":{"allow":["GET"]}}],"collection":[{"href":"https:\/\/www.notibras.com\/site\/wp-json\/wp\/v2\/posts"}],"about":[{"href":"https:\/\/www.notibras.com\/site\/wp-json\/wp\/v2\/types\/post"}],"author":[{"embeddable":true,"href":"https:\/\/www.notibras.com\/site\/wp-json\/wp\/v2\/users\/2"}],"replies":[{"embeddable":true,"href":"https:\/\/www.notibras.com\/site\/wp-json\/wp\/v2\/comments?post=204915"}],"version-history":[{"count":5,"href":"https:\/\/www.notibras.com\/site\/wp-json\/wp\/v2\/posts\/204915\/revisions"}],"predecessor-version":[{"id":204921,"href":"https:\/\/www.notibras.com\/site\/wp-json\/wp\/v2\/posts\/204915\/revisions\/204921"}],"wp:featuredmedia":[{"embeddable":true,"href":"https:\/\/www.notibras.com\/site\/wp-json\/wp\/v2\/media\/204916"}],"wp:attachment":[{"href":"https:\/\/www.notibras.com\/site\/wp-json\/wp\/v2\/media?parent=204915"}],"wp:term":[{"taxonomy":"category","embeddable":true,"href":"https:\/\/www.notibras.com\/site\/wp-json\/wp\/v2\/categories?post=204915"},{"taxonomy":"post_tag","embeddable":true,"href":"https:\/\/www.notibras.com\/site\/wp-json\/wp\/v2\/tags?post=204915"}],"curies":[{"name":"wp","href":"https:\/\/api.w.org\/{rel}","templated":true}]}}