{"id":20501,"date":"2014-08-23T13:20:33","date_gmt":"2014-08-23T16:20:33","guid":{"rendered":"http:\/\/www.notibras.com\/site\/?p=20501"},"modified":"2014-08-23T13:20:33","modified_gmt":"2014-08-23T16:20:33","slug":"ex-diretor-da-petrobras-gera-clima-de-suspense-com-delacao-premiada","status":"publish","type":"post","link":"https:\/\/www.notibras.com\/site\/ex-diretor-da-petrobras-gera-clima-de-suspense-com-delacao-premiada\/","title":{"rendered":"Ex-diretor da Petrobras gera clima de suspense com dela\u00e7\u00e3o premiada"},"content":{"rendered":"<p>O ex-diretor da Petrobras, Paulo Roberto Costa confirmou que deseja participar da dele\u00e7\u00e3o premiada, ap\u00f3s\u00a0sofrer uma s\u00e9rie de acusa\u00e7\u00f5es como r\u00e9u da Opera\u00e7\u00e3o Lava Jato, que investiga corrup\u00e7\u00e3o em neg\u00f3cios da estatal. Segundo o jornal o Estado de S.Paulo, Costa considera que n\u00e3o tem a menor chance de sair da pris\u00e3o t\u00e3o cedo e deseja preservar a fam\u00edlia que tamb\u00e9m se tornou\u00a0alvo da a\u00e7\u00e3o da Pol\u00edcia Federal.<\/p>\n<p class=\"text\">A Pol\u00edcia Federal do Paran\u00e1 e a Procuradoria da Rep\u00fablica, respons\u00e1veis pelas investiga\u00e7\u00f5es, ainda n\u00e3o fizeram nenhum acordo com o ex-diretor que est\u00e1 preso na sede da Superintend\u00eancia Regional da PF\u00a0em Curitiba, capital do Paran\u00e1. A decis\u00e3o surgiu horas depois da Opera\u00e7\u00e3o Lava Jato chegar a sua quinta fase.<\/p>\n<p class=\"text\">Nela, foram vasculhados endere\u00e7os de 13 empresas de consultoria, gest\u00e3o e assessoria, todas ligadas a uma filha de\u00a0Costa, Ariana Azevedo Costa Bachmann, ao genro, Humberto Sampaio Mesquita, e a um amigo, Marcelo Barboza.<\/p>\n<blockquote>\n<p class=\"text\">Em nota, a advogada de Paulo Roberto Costa, Beatriz Catta Preta \u2013 especialista na condu\u00e7\u00e3o de dela\u00e7\u00f5es premiadas \u2013 afirmou que assumiu o caso na \u00faltima sexta-feira e que o acordo \u00e9 um dos \u201ccaminhos poss\u00edveis\u201d. Ela atuou em outros oito casos similares com sucesso.<\/p>\n<\/blockquote>\n<p class=\"text\">Ao trocar informa\u00e7\u00f5es os acusados ganhavam o perd\u00e3o ou redu\u00e7\u00e3o da pena. O caso mais famoso \u00e9 o do investidor L\u00facio Bolonha Funaro, durante o processo do Mensal\u00e3o. Se falar, o ex-diretor da Petrobras entre 2004 e 2012 pode incriminar at\u00e9 pol\u00edticos, uma vez que teve contato com parlamentares, empreiteiros e com o doleiro Alberto Youssef, mentor da Lava Jato, segundo a PF.<\/p>\n","protected":false},"excerpt":{"rendered":"<p>O ex-diretor da Petrobras, Paulo Roberto Costa confirmou que deseja participar da dele\u00e7\u00e3o premiada, ap\u00f3s\u00a0sofrer uma s\u00e9rie de acusa\u00e7\u00f5es como r\u00e9u da Opera\u00e7\u00e3o Lava Jato, que investiga corrup\u00e7\u00e3o em neg\u00f3cios da estatal. Segundo o jornal o Estado de S.Paulo, Costa considera que n\u00e3o tem a menor chance de sair da pris\u00e3o t\u00e3o cedo e deseja [&hellip;]<\/p>\n","protected":false},"author":2,"featured_media":20502,"comment_status":"open","ping_status":"closed","sticky":false,"template":"","format":"standard","meta":{"_acf_changed":false,"footnotes":""},"categories":[16],"tags":[],"class_list":["post-20501","post","type-post","status-publish","format-standard","has-post-thumbnail","hentry","category-brasil"],"acf":[],"_links":{"self":[{"href":"https:\/\/www.notibras.com\/site\/wp-json\/wp\/v2\/posts\/20501","targetHints":{"allow":["GET"]}}],"collection":[{"href":"https:\/\/www.notibras.com\/site\/wp-json\/wp\/v2\/posts"}],"about":[{"href":"https:\/\/www.notibras.com\/site\/wp-json\/wp\/v2\/types\/post"}],"author":[{"embeddable":true,"href":"https:\/\/www.notibras.com\/site\/wp-json\/wp\/v2\/users\/2"}],"replies":[{"embeddable":true,"href":"https:\/\/www.notibras.com\/site\/wp-json\/wp\/v2\/comments?post=20501"}],"version-history":[{"count":0,"href":"https:\/\/www.notibras.com\/site\/wp-json\/wp\/v2\/posts\/20501\/revisions"}],"wp:featuredmedia":[{"embeddable":true,"href":"https:\/\/www.notibras.com\/site\/wp-json\/wp\/v2\/media\/20502"}],"wp:attachment":[{"href":"https:\/\/www.notibras.com\/site\/wp-json\/wp\/v2\/media?parent=20501"}],"wp:term":[{"taxonomy":"category","embeddable":true,"href":"https:\/\/www.notibras.com\/site\/wp-json\/wp\/v2\/categories?post=20501"},{"taxonomy":"post_tag","embeddable":true,"href":"https:\/\/www.notibras.com\/site\/wp-json\/wp\/v2\/tags?post=20501"}],"curies":[{"name":"wp","href":"https:\/\/api.w.org\/{rel}","templated":true}]}}