{"id":20506,"date":"2014-08-23T19:51:58","date_gmt":"2014-08-23T22:51:58","guid":{"rendered":"http:\/\/www.notibras.com\/site\/?p=20506"},"modified":"2014-08-23T19:51:58","modified_gmt":"2014-08-23T22:51:58","slug":"especulacao-imobiliaria-ameaca-brasilia-uma-capital-vilipendiada","status":"publish","type":"post","link":"https:\/\/www.notibras.com\/site\/especulacao-imobiliaria-ameaca-brasilia-uma-capital-vilipendiada\/","title":{"rendered":"Especula\u00e7\u00e3o imobili\u00e1ria amea\u00e7a Bras\u00edlia, uma capital vilipendiada"},"content":{"rendered":"<p style=\"text-align: left;\">Olhe a foto acima, de Orlando Brito, e responda r\u00e1pido: que cidade \u00e9 essa? S\u00e3o Paulo, Rio de Janeiro, Belo Horizonte? Quem se deixou influenciar com os arranha-c\u00e9us, pensando que \u00e9 de alguma metr\u00f3pole tradicional do Brasil, errou. A foto \u00e9 da cidade projetada por L\u00facio Costa, considerada revolu\u00e7\u00e3o nos padr\u00f5es do urbanismo e da arquitetura mundial, patrim\u00f4nio da humanidade, mas que vem sendo vilipendiada todos os dias pela cobi\u00e7a da especula\u00e7\u00e3o imobili\u00e1ria.<\/p>\n<p style=\"text-align: left;\">A imagem \u00e9 de duas cidades do Distrito Federal: Guar\u00e1, em primeiro plano, e \u00c1guas Claras,em segundo. A primeira foi concebida para ter edif\u00edcios de,\u00a0no m\u00e1ximo, seis andares e, a segunda, oito andares. Hoje, no Guar\u00e1, h\u00e1 pr\u00e9dios de dez andares e de at\u00e9 de 30 andares, em \u00c1guas Claras.<\/p>\n<p style=\"text-align: left;\">Mesmo fen\u00f4meno de hiper-verticaliza\u00e7\u00e3o est\u00e3o vivenciando cidades-sat\u00e9lites como o Gama, Samambaia, Ceil\u00e2ndia e Sobradinho. Espig\u00f5es cortam os c\u00e9us, sem que haja uma preocupa\u00e7\u00e3o como que est\u00e1 na terra: redes de \u00e1guas pluviais, abastecimento de \u00e1gua pot\u00e1vel, capta\u00e7\u00e3o de esgoto, coleta seletiva de lixo, estacionamentos, dimens\u00f5es de ruas e avenidas, falta de transporte coletivo, escolas, centros de sa\u00fade, delegacias.<\/p>\n<p style=\"text-align: left;\">Estreitas\u00a0ruas que atendiam a meia d\u00fazia de casas, s\u00e3o agora obrigadas a receber o tr\u00e2nsito pesado de centenas, quem sabe milhares de carros. As cidades v\u00e3o se imobilizando. Nem a p\u00e9 se consegue andar, pois em muitas delas n\u00e3o sobrou espa\u00e7o para o pedestre. Os muros dos condom\u00ednios v\u00e3o at\u00e9 \u00e0 linha lim\u00edtrofe do meio-fio. Faltam cal\u00e7adas, dispositivos de acessibilidade.<\/p>\n<p>A substitui\u00e7\u00e3o de casas por pr\u00e9dios de apartamentos \u00e9 recomendada por muitos especialistas como uma forma de potencializar o uso da infraestrutura j\u00e1 instalada e evitar que seja necess\u00e1rio transformar \u00e1reas verdes rurais em novas \u00e1reas urbanas, como \u00e9 o caso da \u00e1rea de pesquisa da Embrapa Cerrados -no caminho de Planaltina \u2013 onde o GDF quer fazer um bairro residencial. Hoje, o Distrito Federal j\u00e1 ocupa, praticamente, a metade de seu territ\u00f3rio como \u00e1rea urbana.<\/p>\n<p>Mas \u00e9 excessiva a verticaliza\u00e7\u00e3o que est\u00e1 se fazendo. O volume de novas moradias e estabelecimentos comerciais ir\u00e1 extrapolar a capacidade f\u00edsica da infraestrutura instalada, demandando mais investimento p\u00fablico.<\/p>\n<blockquote><p>Aos poucos, o Plano Piloto vai ficando entrincheirado.\u00a0N\u00e3o bastasse a\u00a0hiper verticaliza\u00e7\u00e3o que se verifica nas cidades j\u00e1 existentes, a garra da especula\u00e7\u00e3o imobili\u00e1ria, aliada \u00e0 falta de a\u00e7\u00e3o \u2013 ou, quem sabe, coniv\u00eancia \u2013 do poder p\u00fablico, se lan\u00e7a sobre enormes \u00e1reas rurais. \u00c9 o caso da chamada Okl\u00e2ndia, projeto do ex-senador cassado e preso Luiz Estev\u00e3o que recebeu sinal verde do GDF de Agnelo Queiroz e que prev\u00ea o surgimento de uma cidade para quase um milh\u00e3o de habitantes na faixa de terras rurais que v\u00e3o de S\u00e3o Sebasti\u00e3o a Santa Maria. Local hoje destinado essencialmente \u00e0 produ\u00e7\u00e3o de hortigranjeiros que abastecem o Distrito Federal e nascentes d\u2019\u00e1gua, tais como o Toror\u00f3 e a cachoeira da Saia Velha.<\/p><\/blockquote>\n<p>O projeto inicial prev\u00ea edif\u00edcios de 15 andares, mas se \u00c1guas Claras come\u00e7ou com oito e chegou a 30 pavimentos, qual ser\u00e1 o limite da Okl\u00e2ndia de Luiz Estev\u00e3o? Outras regi\u00f5es, como o Taquari, na sa\u00edda Norte de Bras\u00edlia, e o N\u00facleo Rural Vargem da Ben\u00e7\u00e3o \u2013 tamb\u00e9m rico em nascente que abastecem o Lago Parano\u00e1 -, pr\u00f3ximo ao Recanto das Emas, est\u00e3o na mira da mesma sanha avassaladora.<\/p>\n<p>Na Vargem da Ben\u00e7\u00e3o h\u00e1 produtores rurais assentados ainda por Juscelino Kubitschek e que est\u00e3o amea\u00e7ados a dar lugar a um setor habitacional para 50 mil moradores num local que \u00e9 classificado como \u00c1rea de Prote\u00e7\u00e3o Ambiental &#8211; APA.<\/p>\n<p>Arniqueiras \u2013 localizada entre o Park Way e \u00c1guas Claras-, que nem teve sua situa\u00e7\u00e3o fundi\u00e1ria resolvida ainda, tamb\u00e9m est\u00e1 na mira das empreiteiras para receber pr\u00e9dios semelhantes aos de \u00c1guas Claras.<\/p>\n<p>Quem poder\u00e1 dar um basta a tudo isso e fazer com que o crescimento de Bras\u00edlia seja ordenado e planejado segundo os interesses de sua popula\u00e7\u00e3o? Ela mesma. S\u00e3o os moradores do Distrito Federal, pelo menos os que s\u00e3o maiores de 16 anos, que poder\u00e3o, no pr\u00f3ximo 5 de outubro dizer que Bras\u00edlia desejam: se uma pauliceia polu\u00edda, engarrafada e sem qualidade de vida, ou a Bras\u00edlia, cidade parque, idealizada por L\u00facio Costa.<\/p>\n<p>Tanto na elei\u00e7\u00e3o ao GDF, quanto \u00e0 C\u00e2mara Distrital existem candidatos que defendem claramente esses dois pontos de vista. Existe a bancada da especula\u00e7\u00e3o imobili\u00e1ria e a bancada do crescimento sustent\u00e1vel. A escolha \u00e9 do eleitor.<\/p>\n<p><strong>Chico Sant&#8217;Anna<\/strong><\/p>\n<p>&nbsp;<\/p>\n<p>&nbsp;<\/p>\n","protected":false},"excerpt":{"rendered":"<p>Olhe a foto acima, de Orlando Brito, e responda r\u00e1pido: que cidade \u00e9 essa? S\u00e3o Paulo, Rio de Janeiro, Belo Horizonte? Quem se deixou influenciar com os arranha-c\u00e9us, pensando que \u00e9 de alguma metr\u00f3pole tradicional do Brasil, errou. A foto \u00e9 da cidade projetada por L\u00facio Costa, considerada revolu\u00e7\u00e3o nos padr\u00f5es do urbanismo e da [&hellip;]<\/p>\n","protected":false},"author":2,"featured_media":20507,"comment_status":"open","ping_status":"closed","sticky":false,"template":"","format":"standard","meta":{"_acf_changed":false,"footnotes":""},"categories":[33],"tags":[],"class_list":["post-20506","post","type-post","status-publish","format-standard","has-post-thumbnail","hentry","category-eleicoes-2014"],"acf":[],"_links":{"self":[{"href":"https:\/\/www.notibras.com\/site\/wp-json\/wp\/v2\/posts\/20506","targetHints":{"allow":["GET"]}}],"collection":[{"href":"https:\/\/www.notibras.com\/site\/wp-json\/wp\/v2\/posts"}],"about":[{"href":"https:\/\/www.notibras.com\/site\/wp-json\/wp\/v2\/types\/post"}],"author":[{"embeddable":true,"href":"https:\/\/www.notibras.com\/site\/wp-json\/wp\/v2\/users\/2"}],"replies":[{"embeddable":true,"href":"https:\/\/www.notibras.com\/site\/wp-json\/wp\/v2\/comments?post=20506"}],"version-history":[{"count":0,"href":"https:\/\/www.notibras.com\/site\/wp-json\/wp\/v2\/posts\/20506\/revisions"}],"wp:featuredmedia":[{"embeddable":true,"href":"https:\/\/www.notibras.com\/site\/wp-json\/wp\/v2\/media\/20507"}],"wp:attachment":[{"href":"https:\/\/www.notibras.com\/site\/wp-json\/wp\/v2\/media?parent=20506"}],"wp:term":[{"taxonomy":"category","embeddable":true,"href":"https:\/\/www.notibras.com\/site\/wp-json\/wp\/v2\/categories?post=20506"},{"taxonomy":"post_tag","embeddable":true,"href":"https:\/\/www.notibras.com\/site\/wp-json\/wp\/v2\/tags?post=20506"}],"curies":[{"name":"wp","href":"https:\/\/api.w.org\/{rel}","templated":true}]}}