{"id":20515,"date":"2014-08-23T22:25:15","date_gmt":"2014-08-24T01:25:15","guid":{"rendered":"http:\/\/www.notibras.com\/site\/?p=20515"},"modified":"2014-08-24T02:27:25","modified_gmt":"2014-08-24T05:27:25","slug":"galo-derrota-o-internacional-e-fica-mais-perto-de-entrar-no-g-4","status":"publish","type":"post","link":"https:\/\/www.notibras.com\/site\/galo-derrota-o-internacional-e-fica-mais-perto-de-entrar-no-g-4\/","title":{"rendered":"Galo derrota o Internacional e fica mais perto de entrar no G-4"},"content":{"rendered":"<p>O Atl\u00e9tico-MG aproveitou as poucas oportunidades que teve em campo, superou o Internacional\u00a0e se aproximou\u00a0do G-4 da S\u00e9rie A, neste s\u00e1bado, no Independ\u00eancia, pela 17\u00aa rodada do Campeonato Brasileiro.<\/p>\n<p>Depois de ver Rafael Moura desperdi\u00e7ar duas claras chances de gol para o clube ga\u00facho, a equipe mineira aproveitou um contra-ataque e matou a partida. Diego Tardelli, rec\u00e9m-convocado para a Sele\u00e7\u00e3o Brasileira, fez o gol da vit\u00f3ria dos donos da casa.<\/p>\n<blockquote>\n<p class=\"text\">Com o resultado, o Atl\u00e9tico-MG assume a sexta posi\u00e7\u00e3o, com 26 pontos, e fica apenas tr\u00eas de dist\u00e2ncia da zona de classifica\u00e7\u00e3o para a Copa Libertadores. J\u00e1 o Inter perde a chance de encostar e pressionar o Cruzeiro na ponta da tabela. Os ga\u00fachos continuam em segundo, com 31 pontos, mas podem cair e terminar a rodada na quarta posi\u00e7\u00e3o.<\/p>\n<\/blockquote>\n<p class=\"text\">O destaque negativo ficou\u00a0por conta do meia Andr\u00e9s D&#8217;Alessandro. Nervoso em campo, o argentino tomou seu terceiro cart\u00e3o amarelo ainda no primeiro tempo e desfalcar\u00e1 o Inter na pr\u00f3xima partida. O meia tamb\u00e9m sentiu dores no vesti\u00e1rio e acabou n\u00e3o voltando para a etapa final, sendo substitu\u00eddo por Alex.<\/p>\n<p class=\"text\">Na pr\u00f3xima rodada, o Internacional visita o Palmeiras, s\u00e1bado (30), no Pacaembu. J\u00e1 o Atl\u00e9tico-MG encara o Coritiba, domingo (31), no Couto Pereira, no Paran\u00e1.<\/p>\n","protected":false},"excerpt":{"rendered":"<p>O Atl\u00e9tico-MG aproveitou as poucas oportunidades que teve em campo, superou o Internacional\u00a0e se aproximou\u00a0do G-4 da S\u00e9rie A, neste s\u00e1bado, no Independ\u00eancia, pela 17\u00aa rodada do Campeonato Brasileiro. Depois de ver Rafael Moura desperdi\u00e7ar duas claras chances de gol para o clube ga\u00facho, a equipe mineira aproveitou um contra-ataque e matou a partida. Diego [&hellip;]<\/p>\n","protected":false},"author":2,"featured_media":20516,"comment_status":"open","ping_status":"closed","sticky":false,"template":"","format":"standard","meta":{"_acf_changed":false,"footnotes":""},"categories":[19,29],"tags":[],"class_list":["post-20515","post","type-post","status-publish","format-standard","has-post-thumbnail","hentry","category-esportes","category-futebol"],"acf":[],"yoast_head":"<!-- This site is optimized with the Yoast SEO plugin v27.2 - https:\/\/yoast.com\/product\/yoast-seo-wordpress\/ -->\n<title>Galo derrota o Internacional e fica mais perto de entrar no G-4 - Notibras<\/title>\n<meta name=\"robots\" content=\"index, follow, max-snippet:-1, max-image-preview:large, max-video-preview:-1\" \/>\n<link rel=\"canonical\" href=\"https:\/\/www.notibras.com\/site\/galo-derrota-o-internacional-e-fica-mais-perto-de-entrar-no-g-4\/\" \/>\n<meta property=\"og:locale\" content=\"pt_BR\" \/>\n<meta property=\"og:type\" content=\"article\" \/>\n<meta property=\"og:title\" content=\"Galo derrota o Internacional e fica mais perto de entrar no G-4 - Notibras\" \/>\n<meta property=\"og:description\" content=\"O Atl\u00e9tico-MG aproveitou as poucas oportunidades que teve em campo, superou o Internacional\u00a0e se aproximou\u00a0do G-4 da S\u00e9rie A, neste s\u00e1bado, no Independ\u00eancia, pela 17\u00aa rodada do Campeonato Brasileiro. Depois de ver Rafael Moura desperdi\u00e7ar duas claras chances de gol para o clube ga\u00facho, a equipe mineira aproveitou um contra-ataque e matou a partida. Diego [&hellip;]\" \/>\n<meta property=\"og:url\" content=\"https:\/\/www.notibras.com\/site\/galo-derrota-o-internacional-e-fica-mais-perto-de-entrar-no-g-4\/\" \/>\n<meta property=\"og:site_name\" content=\"Notibras\" \/>\n<meta property=\"article:publisher\" content=\"https:\/\/www.facebook.com\/notibras\/\" \/>\n<meta property=\"article:published_time\" content=\"2014-08-24T01:25:15+00:00\" \/>\n<meta property=\"article:modified_time\" content=\"2014-08-24T05:27:25+00:00\" \/>\n<meta property=\"og:image\" content=\"https:\/\/www.notibras.com\/site\/wp-content\/uploads\/2014\/08\/galo.jpg\" \/>\n\t<meta property=\"og:image:width\" content=\"460\" \/>\n\t<meta property=\"og:image:height\" content=\"340\" \/>\n\t<meta property=\"og:image:type\" content=\"image\/jpeg\" \/>\n<meta name=\"author\" content=\"Reda\u00e7\u00e3o\" \/>\n<meta name=\"twitter:card\" content=\"summary_large_image\" \/>\n<meta name=\"twitter:creator\" content=\"@Notibras\" \/>\n<meta name=\"twitter:site\" content=\"@Notibras\" \/>\n<meta name=\"twitter:label1\" content=\"Escrito por\" \/>\n\t<meta name=\"twitter:data1\" content=\"Reda\u00e7\u00e3o\" \/>\n\t<meta name=\"twitter:label2\" content=\"Est. tempo de leitura\" \/>\n\t<meta name=\"twitter:data2\" content=\"1 minuto\" \/>\n<script type=\"application\/ld+json\" class=\"yoast-schema-graph\">{\"@context\":\"https:\/\/schema.org\",\"@graph\":[{\"@type\":\"Article\",\"@id\":\"https:\/\/www.notibras.com\/site\/galo-derrota-o-internacional-e-fica-mais-perto-de-entrar-no-g-4\/#article\",\"isPartOf\":{\"@id\":\"https:\/\/www.notibras.com\/site\/galo-derrota-o-internacional-e-fica-mais-perto-de-entrar-no-g-4\/\"},\"author\":{\"name\":\"Reda\u00e7\u00e3o\",\"@id\":\"https:\/\/www.notibras.com\/site\/#\/schema\/person\/36ab0979449956132d3e5b517ea76ac8\"},\"headline\":\"Galo derrota o Internacional e fica mais perto de entrar no G-4\",\"datePublished\":\"2014-08-24T01:25:15+00:00\",\"dateModified\":\"2014-08-24T05:27:25+00:00\",\"mainEntityOfPage\":{\"@id\":\"https:\/\/www.notibras.com\/site\/galo-derrota-o-internacional-e-fica-mais-perto-de-entrar-no-g-4\/\"},\"wordCount\":240,\"commentCount\":0,\"publisher\":{\"@id\":\"https:\/\/www.notibras.com\/site\/#organization\"},\"image\":{\"@id\":\"https:\/\/www.notibras.com\/site\/galo-derrota-o-internacional-e-fica-mais-perto-de-entrar-no-g-4\/#primaryimage\"},\"thumbnailUrl\":\"https:\/\/www.notibras.com\/site\/wp-content\/uploads\/2014\/08\/galo.jpg\",\"articleSection\":[\"Esportes\",\"Futebol\"],\"inLanguage\":\"pt-BR\",\"potentialAction\":[{\"@type\":\"CommentAction\",\"name\":\"Comment\",\"target\":[\"https:\/\/www.notibras.com\/site\/galo-derrota-o-internacional-e-fica-mais-perto-de-entrar-no-g-4\/#respond\"]}]},{\"@type\":\"WebPage\",\"@id\":\"https:\/\/www.notibras.com\/site\/galo-derrota-o-internacional-e-fica-mais-perto-de-entrar-no-g-4\/\",\"url\":\"https:\/\/www.notibras.com\/site\/galo-derrota-o-internacional-e-fica-mais-perto-de-entrar-no-g-4\/\",\"name\":\"Galo derrota o Internacional e fica mais perto de entrar no G-4 - Notibras\",\"isPartOf\":{\"@id\":\"https:\/\/www.notibras.com\/site\/#website\"},\"primaryImageOfPage\":{\"@id\":\"https:\/\/www.notibras.com\/site\/galo-derrota-o-internacional-e-fica-mais-perto-de-entrar-no-g-4\/#primaryimage\"},\"image\":{\"@id\":\"https:\/\/www.notibras.com\/site\/galo-derrota-o-internacional-e-fica-mais-perto-de-entrar-no-g-4\/#primaryimage\"},\"thumbnailUrl\":\"https:\/\/www.notibras.com\/site\/wp-content\/uploads\/2014\/08\/galo.jpg\",\"datePublished\":\"2014-08-24T01:25:15+00:00\",\"dateModified\":\"2014-08-24T05:27:25+00:00\",\"breadcrumb\":{\"@id\":\"https:\/\/www.notibras.com\/site\/galo-derrota-o-internacional-e-fica-mais-perto-de-entrar-no-g-4\/#breadcrumb\"},\"inLanguage\":\"pt-BR\",\"potentialAction\":[{\"@type\":\"ReadAction\",\"target\":[\"https:\/\/www.notibras.com\/site\/galo-derrota-o-internacional-e-fica-mais-perto-de-entrar-no-g-4\/\"]}]},{\"@type\":\"ImageObject\",\"inLanguage\":\"pt-BR\",\"@id\":\"https:\/\/www.notibras.com\/site\/galo-derrota-o-internacional-e-fica-mais-perto-de-entrar-no-g-4\/#primaryimage\",\"url\":\"https:\/\/www.notibras.com\/site\/wp-content\/uploads\/2014\/08\/galo.jpg\",\"contentUrl\":\"https:\/\/www.notibras.com\/site\/wp-content\/uploads\/2014\/08\/galo.jpg\",\"width\":460,\"height\":340},{\"@type\":\"BreadcrumbList\",\"@id\":\"https:\/\/www.notibras.com\/site\/galo-derrota-o-internacional-e-fica-mais-perto-de-entrar-no-g-4\/#breadcrumb\",\"itemListElement\":[{\"@type\":\"ListItem\",\"position\":1,\"name\":\"In\u00edcio\",\"item\":\"https:\/\/www.notibras.com\/site\/\"},{\"@type\":\"ListItem\",\"position\":2,\"name\":\"Galo derrota o Internacional e fica mais perto de entrar no G-4\"}]},{\"@type\":\"WebSite\",\"@id\":\"https:\/\/www.notibras.com\/site\/#website\",\"url\":\"https:\/\/www.notibras.com\/site\/\",\"name\":\"Notibras\",\"description\":\"Not\u00edcias de Bras\u00edlia, do Brasil e do Mundo\",\"publisher\":{\"@id\":\"https:\/\/www.notibras.com\/site\/#organization\"},\"potentialAction\":[{\"@type\":\"SearchAction\",\"target\":{\"@type\":\"EntryPoint\",\"urlTemplate\":\"https:\/\/www.notibras.com\/site\/?s={search_term_string}\"},\"query-input\":{\"@type\":\"PropertyValueSpecification\",\"valueRequired\":true,\"valueName\":\"search_term_string\"}}],\"inLanguage\":\"pt-BR\"},{\"@type\":\"Organization\",\"@id\":\"https:\/\/www.notibras.com\/site\/#organization\",\"name\":\"Grupo Notibras de Comunica\u00e7\u00e3o\",\"url\":\"https:\/\/www.notibras.com\/site\/\",\"logo\":{\"@type\":\"ImageObject\",\"inLanguage\":\"pt-BR\",\"@id\":\"https:\/\/www.notibras.com\/site\/#\/schema\/logo\/image\/\",\"url\":\"https:\/\/www.notibras.com\/site\/wp-content\/uploads\/2023\/01\/notibras23.png\",\"contentUrl\":\"https:\/\/www.notibras.com\/site\/wp-content\/uploads\/2023\/01\/notibras23.png\",\"width\":350,\"height\":87,\"caption\":\"Grupo Notibras de Comunica\u00e7\u00e3o\"},\"image\":{\"@id\":\"https:\/\/www.notibras.com\/site\/#\/schema\/logo\/image\/\"},\"sameAs\":[\"https:\/\/www.facebook.com\/notibras\/\",\"https:\/\/x.com\/Notibras\",\"https:\/\/www.instagram.com\/notibras\/\"]},{\"@type\":\"Person\",\"@id\":\"https:\/\/www.notibras.com\/site\/#\/schema\/person\/36ab0979449956132d3e5b517ea76ac8\",\"name\":\"Reda\u00e7\u00e3o\",\"image\":{\"@type\":\"ImageObject\",\"inLanguage\":\"pt-BR\",\"@id\":\"https:\/\/secure.gravatar.com\/avatar\/e0a867bdedb85fd243eadf09663511f96fc81e0720a4a42581f334ad4303aa6b?s=96&d=mm&r=g\",\"url\":\"https:\/\/secure.gravatar.com\/avatar\/e0a867bdedb85fd243eadf09663511f96fc81e0720a4a42581f334ad4303aa6b?s=96&d=mm&r=g\",\"contentUrl\":\"https:\/\/secure.gravatar.com\/avatar\/e0a867bdedb85fd243eadf09663511f96fc81e0720a4a42581f334ad4303aa6b?s=96&d=mm&r=g\",\"caption\":\"Reda\u00e7\u00e3o\"}}]}<\/script>\n<!-- \/ Yoast SEO plugin. -->","yoast_head_json":{"title":"Galo derrota o Internacional e fica mais perto de entrar no G-4 - Notibras","robots":{"index":"index","follow":"follow","max-snippet":"max-snippet:-1","max-image-preview":"max-image-preview:large","max-video-preview":"max-video-preview:-1"},"canonical":"https:\/\/www.notibras.com\/site\/galo-derrota-o-internacional-e-fica-mais-perto-de-entrar-no-g-4\/","og_locale":"pt_BR","og_type":"article","og_title":"Galo derrota o Internacional e fica mais perto de entrar no G-4 - Notibras","og_description":"O Atl\u00e9tico-MG aproveitou as poucas oportunidades que teve em campo, superou o Internacional\u00a0e se aproximou\u00a0do G-4 da S\u00e9rie A, neste s\u00e1bado, no Independ\u00eancia, pela 17\u00aa rodada do Campeonato Brasileiro. Depois de ver Rafael Moura desperdi\u00e7ar duas claras chances de gol para o clube ga\u00facho, a equipe mineira aproveitou um contra-ataque e matou a partida. Diego [&hellip;]","og_url":"https:\/\/www.notibras.com\/site\/galo-derrota-o-internacional-e-fica-mais-perto-de-entrar-no-g-4\/","og_site_name":"Notibras","article_publisher":"https:\/\/www.facebook.com\/notibras\/","article_published_time":"2014-08-24T01:25:15+00:00","article_modified_time":"2014-08-24T05:27:25+00:00","og_image":[{"width":460,"height":340,"url":"https:\/\/www.notibras.com\/site\/wp-content\/uploads\/2014\/08\/galo.jpg","type":"image\/jpeg"}],"author":"Reda\u00e7\u00e3o","twitter_card":"summary_large_image","twitter_creator":"@Notibras","twitter_site":"@Notibras","twitter_misc":{"Escrito por":"Reda\u00e7\u00e3o","Est. tempo de leitura":"1 minuto"},"schema":{"@context":"https:\/\/schema.org","@graph":[{"@type":"Article","@id":"https:\/\/www.notibras.com\/site\/galo-derrota-o-internacional-e-fica-mais-perto-de-entrar-no-g-4\/#article","isPartOf":{"@id":"https:\/\/www.notibras.com\/site\/galo-derrota-o-internacional-e-fica-mais-perto-de-entrar-no-g-4\/"},"author":{"name":"Reda\u00e7\u00e3o","@id":"https:\/\/www.notibras.com\/site\/#\/schema\/person\/36ab0979449956132d3e5b517ea76ac8"},"headline":"Galo derrota o Internacional e fica mais perto de entrar no G-4","datePublished":"2014-08-24T01:25:15+00:00","dateModified":"2014-08-24T05:27:25+00:00","mainEntityOfPage":{"@id":"https:\/\/www.notibras.com\/site\/galo-derrota-o-internacional-e-fica-mais-perto-de-entrar-no-g-4\/"},"wordCount":240,"commentCount":0,"publisher":{"@id":"https:\/\/www.notibras.com\/site\/#organization"},"image":{"@id":"https:\/\/www.notibras.com\/site\/galo-derrota-o-internacional-e-fica-mais-perto-de-entrar-no-g-4\/#primaryimage"},"thumbnailUrl":"https:\/\/www.notibras.com\/site\/wp-content\/uploads\/2014\/08\/galo.jpg","articleSection":["Esportes","Futebol"],"inLanguage":"pt-BR","potentialAction":[{"@type":"CommentAction","name":"Comment","target":["https:\/\/www.notibras.com\/site\/galo-derrota-o-internacional-e-fica-mais-perto-de-entrar-no-g-4\/#respond"]}]},{"@type":"WebPage","@id":"https:\/\/www.notibras.com\/site\/galo-derrota-o-internacional-e-fica-mais-perto-de-entrar-no-g-4\/","url":"https:\/\/www.notibras.com\/site\/galo-derrota-o-internacional-e-fica-mais-perto-de-entrar-no-g-4\/","name":"Galo derrota o Internacional e fica mais perto de entrar no G-4 - Notibras","isPartOf":{"@id":"https:\/\/www.notibras.com\/site\/#website"},"primaryImageOfPage":{"@id":"https:\/\/www.notibras.com\/site\/galo-derrota-o-internacional-e-fica-mais-perto-de-entrar-no-g-4\/#primaryimage"},"image":{"@id":"https:\/\/www.notibras.com\/site\/galo-derrota-o-internacional-e-fica-mais-perto-de-entrar-no-g-4\/#primaryimage"},"thumbnailUrl":"https:\/\/www.notibras.com\/site\/wp-content\/uploads\/2014\/08\/galo.jpg","datePublished":"2014-08-24T01:25:15+00:00","dateModified":"2014-08-24T05:27:25+00:00","breadcrumb":{"@id":"https:\/\/www.notibras.com\/site\/galo-derrota-o-internacional-e-fica-mais-perto-de-entrar-no-g-4\/#breadcrumb"},"inLanguage":"pt-BR","potentialAction":[{"@type":"ReadAction","target":["https:\/\/www.notibras.com\/site\/galo-derrota-o-internacional-e-fica-mais-perto-de-entrar-no-g-4\/"]}]},{"@type":"ImageObject","inLanguage":"pt-BR","@id":"https:\/\/www.notibras.com\/site\/galo-derrota-o-internacional-e-fica-mais-perto-de-entrar-no-g-4\/#primaryimage","url":"https:\/\/www.notibras.com\/site\/wp-content\/uploads\/2014\/08\/galo.jpg","contentUrl":"https:\/\/www.notibras.com\/site\/wp-content\/uploads\/2014\/08\/galo.jpg","width":460,"height":340},{"@type":"BreadcrumbList","@id":"https:\/\/www.notibras.com\/site\/galo-derrota-o-internacional-e-fica-mais-perto-de-entrar-no-g-4\/#breadcrumb","itemListElement":[{"@type":"ListItem","position":1,"name":"In\u00edcio","item":"https:\/\/www.notibras.com\/site\/"},{"@type":"ListItem","position":2,"name":"Galo derrota o Internacional e fica mais perto de entrar no G-4"}]},{"@type":"WebSite","@id":"https:\/\/www.notibras.com\/site\/#website","url":"https:\/\/www.notibras.com\/site\/","name":"Notibras","description":"Not\u00edcias de Bras\u00edlia, do Brasil e do Mundo","publisher":{"@id":"https:\/\/www.notibras.com\/site\/#organization"},"potentialAction":[{"@type":"SearchAction","target":{"@type":"EntryPoint","urlTemplate":"https:\/\/www.notibras.com\/site\/?s={search_term_string}"},"query-input":{"@type":"PropertyValueSpecification","valueRequired":true,"valueName":"search_term_string"}}],"inLanguage":"pt-BR"},{"@type":"Organization","@id":"https:\/\/www.notibras.com\/site\/#organization","name":"Grupo Notibras de Comunica\u00e7\u00e3o","url":"https:\/\/www.notibras.com\/site\/","logo":{"@type":"ImageObject","inLanguage":"pt-BR","@id":"https:\/\/www.notibras.com\/site\/#\/schema\/logo\/image\/","url":"https:\/\/www.notibras.com\/site\/wp-content\/uploads\/2023\/01\/notibras23.png","contentUrl":"https:\/\/www.notibras.com\/site\/wp-content\/uploads\/2023\/01\/notibras23.png","width":350,"height":87,"caption":"Grupo Notibras de Comunica\u00e7\u00e3o"},"image":{"@id":"https:\/\/www.notibras.com\/site\/#\/schema\/logo\/image\/"},"sameAs":["https:\/\/www.facebook.com\/notibras\/","https:\/\/x.com\/Notibras","https:\/\/www.instagram.com\/notibras\/"]},{"@type":"Person","@id":"https:\/\/www.notibras.com\/site\/#\/schema\/person\/36ab0979449956132d3e5b517ea76ac8","name":"Reda\u00e7\u00e3o","image":{"@type":"ImageObject","inLanguage":"pt-BR","@id":"https:\/\/secure.gravatar.com\/avatar\/e0a867bdedb85fd243eadf09663511f96fc81e0720a4a42581f334ad4303aa6b?s=96&d=mm&r=g","url":"https:\/\/secure.gravatar.com\/avatar\/e0a867bdedb85fd243eadf09663511f96fc81e0720a4a42581f334ad4303aa6b?s=96&d=mm&r=g","contentUrl":"https:\/\/secure.gravatar.com\/avatar\/e0a867bdedb85fd243eadf09663511f96fc81e0720a4a42581f334ad4303aa6b?s=96&d=mm&r=g","caption":"Reda\u00e7\u00e3o"}}]}},"amp_enabled":true,"_links":{"self":[{"href":"https:\/\/www.notibras.com\/site\/wp-json\/wp\/v2\/posts\/20515","targetHints":{"allow":["GET"]}}],"collection":[{"href":"https:\/\/www.notibras.com\/site\/wp-json\/wp\/v2\/posts"}],"about":[{"href":"https:\/\/www.notibras.com\/site\/wp-json\/wp\/v2\/types\/post"}],"author":[{"embeddable":true,"href":"https:\/\/www.notibras.com\/site\/wp-json\/wp\/v2\/users\/2"}],"replies":[{"embeddable":true,"href":"https:\/\/www.notibras.com\/site\/wp-json\/wp\/v2\/comments?post=20515"}],"version-history":[{"count":0,"href":"https:\/\/www.notibras.com\/site\/wp-json\/wp\/v2\/posts\/20515\/revisions"}],"wp:featuredmedia":[{"embeddable":true,"href":"https:\/\/www.notibras.com\/site\/wp-json\/wp\/v2\/media\/20516"}],"wp:attachment":[{"href":"https:\/\/www.notibras.com\/site\/wp-json\/wp\/v2\/media?parent=20515"}],"wp:term":[{"taxonomy":"category","embeddable":true,"href":"https:\/\/www.notibras.com\/site\/wp-json\/wp\/v2\/categories?post=20515"},{"taxonomy":"post_tag","embeddable":true,"href":"https:\/\/www.notibras.com\/site\/wp-json\/wp\/v2\/tags?post=20515"}],"curies":[{"name":"wp","href":"https:\/\/api.w.org\/{rel}","templated":true}]}}