{"id":205263,"date":"2019-03-21T18:08:29","date_gmt":"2019-03-21T21:08:29","guid":{"rendered":"https:\/\/www.notibras.com\/site\/?p=205263"},"modified":"2019-03-21T18:27:44","modified_gmt":"2019-03-21T21:27:44","slug":"rouba-paga-diz-bolsonaro-sobre-prisao-de-temer","status":"publish","type":"post","link":"https:\/\/www.notibras.com\/site\/rouba-paga-diz-bolsonaro-sobre-prisao-de-temer\/","title":{"rendered":"Rouba, paga, diz Bolsonaro sobre pris\u00e3o de Temer"},"content":{"rendered":"<p>Quem errou que pague por seus atos. A Justi\u00e7a serve para todos, desde um ladr\u00e3o de galinha a um corrupto de colarinho branco. Foi assim, enfatizando que &#8216;cada um responde por seus atos&#8217;, que o presidente Jair Bolsonaro comentou a pris\u00e3o do seu antecessor Michel Temer.<\/p>\n<p>Bolsonaro est\u00e1 no Chile, onde participa, at\u00e9 s\u00e1bado, 23, de uma s\u00e9rie de reuni\u00f5es com outros presidentes latinos. Na pauta est\u00e1 a cria\u00e7\u00e3o de um novo \u00f3rg\u00e3o para substituir a Unasul e a crise que atinge a Venezuela.<\/p>\n<p>Ainda sobre o epis\u00f3dio da pris\u00e3o de Temer, o presidente foi enf\u00e1tico: &#8220;Acordos pol\u00edticos dizendo-se em nome da governabilidade&#8221; s\u00f3 podem acabar em pris\u00f5es.<\/p>\n<p>Segundo Bolsonaro, &#8220;governabilidade voc\u00ea n\u00e3o faz com esse tipo de acordo, no meu entender. Voc\u00ea faz indicando pessoas s\u00e9rias, competentes para integrar seu governo. \u00c9 assim que fiz no meu governo, sem acordo pol\u00edtico, respeitando a C\u00e2mara e o Senado&#8221;.<\/p>\n","protected":false},"excerpt":{"rendered":"<p>Quem errou que pague por seus atos. A Justi\u00e7a serve para todos, desde um ladr\u00e3o de galinha a um corrupto de colarinho branco. Foi assim, enfatizando que &#8216;cada um responde por seus atos&#8217;, que o presidente Jair Bolsonaro comentou a pris\u00e3o do seu antecessor Michel Temer. Bolsonaro est\u00e1 no Chile, onde participa, at\u00e9 s\u00e1bado, 23, [&hellip;]<\/p>\n","protected":false},"author":2,"featured_media":202484,"comment_status":"closed","ping_status":"closed","sticky":false,"template":"","format":"standard","meta":{"_acf_changed":false,"footnotes":""},"categories":[16],"tags":[95],"class_list":["post-205263","post","type-post","status-publish","format-standard","has-post-thumbnail","hentry","category-brasil","tag-capa"],"acf":[],"yoast_head":"<!-- This site is optimized with the Yoast SEO plugin v27.2 - https:\/\/yoast.com\/product\/yoast-seo-wordpress\/ -->\n<title>Rouba, paga, diz Bolsonaro sobre pris\u00e3o de Temer - Notibras<\/title>\n<meta name=\"robots\" content=\"index, follow, max-snippet:-1, max-image-preview:large, max-video-preview:-1\" \/>\n<link rel=\"canonical\" href=\"https:\/\/www.notibras.com\/site\/rouba-paga-diz-bolsonaro-sobre-prisao-de-temer\/\" \/>\n<meta property=\"og:locale\" content=\"pt_BR\" \/>\n<meta property=\"og:type\" content=\"article\" \/>\n<meta property=\"og:title\" content=\"Rouba, paga, diz Bolsonaro sobre pris\u00e3o de Temer - Notibras\" \/>\n<meta property=\"og:description\" content=\"Quem errou que pague por seus atos. A Justi\u00e7a serve para todos, desde um ladr\u00e3o de galinha a um corrupto de colarinho branco. Foi assim, enfatizando que &#8216;cada um responde por seus atos&#8217;, que o presidente Jair Bolsonaro comentou a pris\u00e3o do seu antecessor Michel Temer. Bolsonaro est\u00e1 no Chile, onde participa, at\u00e9 s\u00e1bado, 23, [&hellip;]\" \/>\n<meta property=\"og:url\" content=\"https:\/\/www.notibras.com\/site\/rouba-paga-diz-bolsonaro-sobre-prisao-de-temer\/\" \/>\n<meta property=\"og:site_name\" content=\"Notibras\" \/>\n<meta property=\"article:publisher\" content=\"https:\/\/www.facebook.com\/notibras\/\" \/>\n<meta property=\"article:published_time\" content=\"2019-03-21T21:08:29+00:00\" \/>\n<meta property=\"article:modified_time\" content=\"2019-03-21T21:27:44+00:00\" \/>\n<meta property=\"og:image\" content=\"https:\/\/www.notibras.com\/site\/wp-content\/uploads\/2019\/02\/volta-de-bolsonaro.jpg\" \/>\n\t<meta property=\"og:image:width\" content=\"1140\" \/>\n\t<meta property=\"og:image:height\" content=\"760\" \/>\n\t<meta property=\"og:image:type\" content=\"image\/jpeg\" \/>\n<meta name=\"author\" content=\"Reda\u00e7\u00e3o\" \/>\n<meta name=\"twitter:card\" content=\"summary_large_image\" \/>\n<meta name=\"twitter:creator\" content=\"@Notibras\" \/>\n<meta name=\"twitter:site\" content=\"@Notibras\" \/>\n<meta name=\"twitter:label1\" content=\"Escrito por\" \/>\n\t<meta name=\"twitter:data1\" content=\"Reda\u00e7\u00e3o\" \/>\n\t<meta name=\"twitter:label2\" content=\"Est. tempo de leitura\" \/>\n\t<meta name=\"twitter:data2\" content=\"1 minuto\" \/>\n<script type=\"application\/ld+json\" class=\"yoast-schema-graph\">{\"@context\":\"https:\/\/schema.org\",\"@graph\":[{\"@type\":\"Article\",\"@id\":\"https:\/\/www.notibras.com\/site\/rouba-paga-diz-bolsonaro-sobre-prisao-de-temer\/#article\",\"isPartOf\":{\"@id\":\"https:\/\/www.notibras.com\/site\/rouba-paga-diz-bolsonaro-sobre-prisao-de-temer\/\"},\"author\":{\"name\":\"Reda\u00e7\u00e3o\",\"@id\":\"https:\/\/www.notibras.com\/site\/#\/schema\/person\/36ab0979449956132d3e5b517ea76ac8\"},\"headline\":\"Rouba, paga, diz Bolsonaro sobre pris\u00e3o de Temer\",\"datePublished\":\"2019-03-21T21:08:29+00:00\",\"dateModified\":\"2019-03-21T21:27:44+00:00\",\"mainEntityOfPage\":{\"@id\":\"https:\/\/www.notibras.com\/site\/rouba-paga-diz-bolsonaro-sobre-prisao-de-temer\/\"},\"wordCount\":172,\"publisher\":{\"@id\":\"https:\/\/www.notibras.com\/site\/#organization\"},\"image\":{\"@id\":\"https:\/\/www.notibras.com\/site\/rouba-paga-diz-bolsonaro-sobre-prisao-de-temer\/#primaryimage\"},\"thumbnailUrl\":\"https:\/\/www.notibras.com\/site\/wp-content\/uploads\/2019\/02\/volta-de-bolsonaro.jpg\",\"keywords\":[\"capa\"],\"articleSection\":[\"Brasil\"],\"inLanguage\":\"pt-BR\"},{\"@type\":\"WebPage\",\"@id\":\"https:\/\/www.notibras.com\/site\/rouba-paga-diz-bolsonaro-sobre-prisao-de-temer\/\",\"url\":\"https:\/\/www.notibras.com\/site\/rouba-paga-diz-bolsonaro-sobre-prisao-de-temer\/\",\"name\":\"Rouba, paga, diz Bolsonaro sobre pris\u00e3o de Temer - Notibras\",\"isPartOf\":{\"@id\":\"https:\/\/www.notibras.com\/site\/#website\"},\"primaryImageOfPage\":{\"@id\":\"https:\/\/www.notibras.com\/site\/rouba-paga-diz-bolsonaro-sobre-prisao-de-temer\/#primaryimage\"},\"image\":{\"@id\":\"https:\/\/www.notibras.com\/site\/rouba-paga-diz-bolsonaro-sobre-prisao-de-temer\/#primaryimage\"},\"thumbnailUrl\":\"https:\/\/www.notibras.com\/site\/wp-content\/uploads\/2019\/02\/volta-de-bolsonaro.jpg\",\"datePublished\":\"2019-03-21T21:08:29+00:00\",\"dateModified\":\"2019-03-21T21:27:44+00:00\",\"breadcrumb\":{\"@id\":\"https:\/\/www.notibras.com\/site\/rouba-paga-diz-bolsonaro-sobre-prisao-de-temer\/#breadcrumb\"},\"inLanguage\":\"pt-BR\",\"potentialAction\":[{\"@type\":\"ReadAction\",\"target\":[\"https:\/\/www.notibras.com\/site\/rouba-paga-diz-bolsonaro-sobre-prisao-de-temer\/\"]}]},{\"@type\":\"ImageObject\",\"inLanguage\":\"pt-BR\",\"@id\":\"https:\/\/www.notibras.com\/site\/rouba-paga-diz-bolsonaro-sobre-prisao-de-temer\/#primaryimage\",\"url\":\"https:\/\/www.notibras.com\/site\/wp-content\/uploads\/2019\/02\/volta-de-bolsonaro.jpg\",\"contentUrl\":\"https:\/\/www.notibras.com\/site\/wp-content\/uploads\/2019\/02\/volta-de-bolsonaro.jpg\",\"width\":1140,\"height\":760,\"caption\":\"Bolsonaro est\u00e1 no Chile, onde fica at\u00e9 o s\u00e1bado, 23. Foto: Marcos Corr\u00eaa\/PR\"},{\"@type\":\"BreadcrumbList\",\"@id\":\"https:\/\/www.notibras.com\/site\/rouba-paga-diz-bolsonaro-sobre-prisao-de-temer\/#breadcrumb\",\"itemListElement\":[{\"@type\":\"ListItem\",\"position\":1,\"name\":\"In\u00edcio\",\"item\":\"https:\/\/www.notibras.com\/site\/\"},{\"@type\":\"ListItem\",\"position\":2,\"name\":\"Rouba, paga, diz Bolsonaro sobre pris\u00e3o de Temer\"}]},{\"@type\":\"WebSite\",\"@id\":\"https:\/\/www.notibras.com\/site\/#website\",\"url\":\"https:\/\/www.notibras.com\/site\/\",\"name\":\"Notibras\",\"description\":\"Not\u00edcias de Bras\u00edlia, do Brasil e do Mundo\",\"publisher\":{\"@id\":\"https:\/\/www.notibras.com\/site\/#organization\"},\"potentialAction\":[{\"@type\":\"SearchAction\",\"target\":{\"@type\":\"EntryPoint\",\"urlTemplate\":\"https:\/\/www.notibras.com\/site\/?s={search_term_string}\"},\"query-input\":{\"@type\":\"PropertyValueSpecification\",\"valueRequired\":true,\"valueName\":\"search_term_string\"}}],\"inLanguage\":\"pt-BR\"},{\"@type\":\"Organization\",\"@id\":\"https:\/\/www.notibras.com\/site\/#organization\",\"name\":\"Grupo Notibras de Comunica\u00e7\u00e3o\",\"url\":\"https:\/\/www.notibras.com\/site\/\",\"logo\":{\"@type\":\"ImageObject\",\"inLanguage\":\"pt-BR\",\"@id\":\"https:\/\/www.notibras.com\/site\/#\/schema\/logo\/image\/\",\"url\":\"https:\/\/www.notibras.com\/site\/wp-content\/uploads\/2023\/01\/notibras23.png\",\"contentUrl\":\"https:\/\/www.notibras.com\/site\/wp-content\/uploads\/2023\/01\/notibras23.png\",\"width\":350,\"height\":87,\"caption\":\"Grupo Notibras de Comunica\u00e7\u00e3o\"},\"image\":{\"@id\":\"https:\/\/www.notibras.com\/site\/#\/schema\/logo\/image\/\"},\"sameAs\":[\"https:\/\/www.facebook.com\/notibras\/\",\"https:\/\/x.com\/Notibras\",\"https:\/\/www.instagram.com\/notibras\/\"]},{\"@type\":\"Person\",\"@id\":\"https:\/\/www.notibras.com\/site\/#\/schema\/person\/36ab0979449956132d3e5b517ea76ac8\",\"name\":\"Reda\u00e7\u00e3o\",\"image\":{\"@type\":\"ImageObject\",\"inLanguage\":\"pt-BR\",\"@id\":\"https:\/\/secure.gravatar.com\/avatar\/e0a867bdedb85fd243eadf09663511f96fc81e0720a4a42581f334ad4303aa6b?s=96&d=mm&r=g\",\"url\":\"https:\/\/secure.gravatar.com\/avatar\/e0a867bdedb85fd243eadf09663511f96fc81e0720a4a42581f334ad4303aa6b?s=96&d=mm&r=g\",\"contentUrl\":\"https:\/\/secure.gravatar.com\/avatar\/e0a867bdedb85fd243eadf09663511f96fc81e0720a4a42581f334ad4303aa6b?s=96&d=mm&r=g\",\"caption\":\"Reda\u00e7\u00e3o\"}}]}<\/script>\n<!-- \/ Yoast SEO plugin. -->","yoast_head_json":{"title":"Rouba, paga, diz Bolsonaro sobre pris\u00e3o de Temer - Notibras","robots":{"index":"index","follow":"follow","max-snippet":"max-snippet:-1","max-image-preview":"max-image-preview:large","max-video-preview":"max-video-preview:-1"},"canonical":"https:\/\/www.notibras.com\/site\/rouba-paga-diz-bolsonaro-sobre-prisao-de-temer\/","og_locale":"pt_BR","og_type":"article","og_title":"Rouba, paga, diz Bolsonaro sobre pris\u00e3o de Temer - Notibras","og_description":"Quem errou que pague por seus atos. A Justi\u00e7a serve para todos, desde um ladr\u00e3o de galinha a um corrupto de colarinho branco. Foi assim, enfatizando que &#8216;cada um responde por seus atos&#8217;, que o presidente Jair Bolsonaro comentou a pris\u00e3o do seu antecessor Michel Temer. Bolsonaro est\u00e1 no Chile, onde participa, at\u00e9 s\u00e1bado, 23, [&hellip;]","og_url":"https:\/\/www.notibras.com\/site\/rouba-paga-diz-bolsonaro-sobre-prisao-de-temer\/","og_site_name":"Notibras","article_publisher":"https:\/\/www.facebook.com\/notibras\/","article_published_time":"2019-03-21T21:08:29+00:00","article_modified_time":"2019-03-21T21:27:44+00:00","og_image":[{"width":1140,"height":760,"url":"https:\/\/www.notibras.com\/site\/wp-content\/uploads\/2019\/02\/volta-de-bolsonaro.jpg","type":"image\/jpeg"}],"author":"Reda\u00e7\u00e3o","twitter_card":"summary_large_image","twitter_creator":"@Notibras","twitter_site":"@Notibras","twitter_misc":{"Escrito por":"Reda\u00e7\u00e3o","Est. tempo de leitura":"1 minuto"},"schema":{"@context":"https:\/\/schema.org","@graph":[{"@type":"Article","@id":"https:\/\/www.notibras.com\/site\/rouba-paga-diz-bolsonaro-sobre-prisao-de-temer\/#article","isPartOf":{"@id":"https:\/\/www.notibras.com\/site\/rouba-paga-diz-bolsonaro-sobre-prisao-de-temer\/"},"author":{"name":"Reda\u00e7\u00e3o","@id":"https:\/\/www.notibras.com\/site\/#\/schema\/person\/36ab0979449956132d3e5b517ea76ac8"},"headline":"Rouba, paga, diz Bolsonaro sobre pris\u00e3o de Temer","datePublished":"2019-03-21T21:08:29+00:00","dateModified":"2019-03-21T21:27:44+00:00","mainEntityOfPage":{"@id":"https:\/\/www.notibras.com\/site\/rouba-paga-diz-bolsonaro-sobre-prisao-de-temer\/"},"wordCount":172,"publisher":{"@id":"https:\/\/www.notibras.com\/site\/#organization"},"image":{"@id":"https:\/\/www.notibras.com\/site\/rouba-paga-diz-bolsonaro-sobre-prisao-de-temer\/#primaryimage"},"thumbnailUrl":"https:\/\/www.notibras.com\/site\/wp-content\/uploads\/2019\/02\/volta-de-bolsonaro.jpg","keywords":["capa"],"articleSection":["Brasil"],"inLanguage":"pt-BR"},{"@type":"WebPage","@id":"https:\/\/www.notibras.com\/site\/rouba-paga-diz-bolsonaro-sobre-prisao-de-temer\/","url":"https:\/\/www.notibras.com\/site\/rouba-paga-diz-bolsonaro-sobre-prisao-de-temer\/","name":"Rouba, paga, diz Bolsonaro sobre pris\u00e3o de Temer - Notibras","isPartOf":{"@id":"https:\/\/www.notibras.com\/site\/#website"},"primaryImageOfPage":{"@id":"https:\/\/www.notibras.com\/site\/rouba-paga-diz-bolsonaro-sobre-prisao-de-temer\/#primaryimage"},"image":{"@id":"https:\/\/www.notibras.com\/site\/rouba-paga-diz-bolsonaro-sobre-prisao-de-temer\/#primaryimage"},"thumbnailUrl":"https:\/\/www.notibras.com\/site\/wp-content\/uploads\/2019\/02\/volta-de-bolsonaro.jpg","datePublished":"2019-03-21T21:08:29+00:00","dateModified":"2019-03-21T21:27:44+00:00","breadcrumb":{"@id":"https:\/\/www.notibras.com\/site\/rouba-paga-diz-bolsonaro-sobre-prisao-de-temer\/#breadcrumb"},"inLanguage":"pt-BR","potentialAction":[{"@type":"ReadAction","target":["https:\/\/www.notibras.com\/site\/rouba-paga-diz-bolsonaro-sobre-prisao-de-temer\/"]}]},{"@type":"ImageObject","inLanguage":"pt-BR","@id":"https:\/\/www.notibras.com\/site\/rouba-paga-diz-bolsonaro-sobre-prisao-de-temer\/#primaryimage","url":"https:\/\/www.notibras.com\/site\/wp-content\/uploads\/2019\/02\/volta-de-bolsonaro.jpg","contentUrl":"https:\/\/www.notibras.com\/site\/wp-content\/uploads\/2019\/02\/volta-de-bolsonaro.jpg","width":1140,"height":760,"caption":"Bolsonaro est\u00e1 no Chile, onde fica at\u00e9 o s\u00e1bado, 23. Foto: Marcos Corr\u00eaa\/PR"},{"@type":"BreadcrumbList","@id":"https:\/\/www.notibras.com\/site\/rouba-paga-diz-bolsonaro-sobre-prisao-de-temer\/#breadcrumb","itemListElement":[{"@type":"ListItem","position":1,"name":"In\u00edcio","item":"https:\/\/www.notibras.com\/site\/"},{"@type":"ListItem","position":2,"name":"Rouba, paga, diz Bolsonaro sobre pris\u00e3o de Temer"}]},{"@type":"WebSite","@id":"https:\/\/www.notibras.com\/site\/#website","url":"https:\/\/www.notibras.com\/site\/","name":"Notibras","description":"Not\u00edcias de Bras\u00edlia, do Brasil e do Mundo","publisher":{"@id":"https:\/\/www.notibras.com\/site\/#organization"},"potentialAction":[{"@type":"SearchAction","target":{"@type":"EntryPoint","urlTemplate":"https:\/\/www.notibras.com\/site\/?s={search_term_string}"},"query-input":{"@type":"PropertyValueSpecification","valueRequired":true,"valueName":"search_term_string"}}],"inLanguage":"pt-BR"},{"@type":"Organization","@id":"https:\/\/www.notibras.com\/site\/#organization","name":"Grupo Notibras de Comunica\u00e7\u00e3o","url":"https:\/\/www.notibras.com\/site\/","logo":{"@type":"ImageObject","inLanguage":"pt-BR","@id":"https:\/\/www.notibras.com\/site\/#\/schema\/logo\/image\/","url":"https:\/\/www.notibras.com\/site\/wp-content\/uploads\/2023\/01\/notibras23.png","contentUrl":"https:\/\/www.notibras.com\/site\/wp-content\/uploads\/2023\/01\/notibras23.png","width":350,"height":87,"caption":"Grupo Notibras de Comunica\u00e7\u00e3o"},"image":{"@id":"https:\/\/www.notibras.com\/site\/#\/schema\/logo\/image\/"},"sameAs":["https:\/\/www.facebook.com\/notibras\/","https:\/\/x.com\/Notibras","https:\/\/www.instagram.com\/notibras\/"]},{"@type":"Person","@id":"https:\/\/www.notibras.com\/site\/#\/schema\/person\/36ab0979449956132d3e5b517ea76ac8","name":"Reda\u00e7\u00e3o","image":{"@type":"ImageObject","inLanguage":"pt-BR","@id":"https:\/\/secure.gravatar.com\/avatar\/e0a867bdedb85fd243eadf09663511f96fc81e0720a4a42581f334ad4303aa6b?s=96&d=mm&r=g","url":"https:\/\/secure.gravatar.com\/avatar\/e0a867bdedb85fd243eadf09663511f96fc81e0720a4a42581f334ad4303aa6b?s=96&d=mm&r=g","contentUrl":"https:\/\/secure.gravatar.com\/avatar\/e0a867bdedb85fd243eadf09663511f96fc81e0720a4a42581f334ad4303aa6b?s=96&d=mm&r=g","caption":"Reda\u00e7\u00e3o"}}]}},"amp_enabled":true,"_links":{"self":[{"href":"https:\/\/www.notibras.com\/site\/wp-json\/wp\/v2\/posts\/205263","targetHints":{"allow":["GET"]}}],"collection":[{"href":"https:\/\/www.notibras.com\/site\/wp-json\/wp\/v2\/posts"}],"about":[{"href":"https:\/\/www.notibras.com\/site\/wp-json\/wp\/v2\/types\/post"}],"author":[{"embeddable":true,"href":"https:\/\/www.notibras.com\/site\/wp-json\/wp\/v2\/users\/2"}],"replies":[{"embeddable":true,"href":"https:\/\/www.notibras.com\/site\/wp-json\/wp\/v2\/comments?post=205263"}],"version-history":[{"count":1,"href":"https:\/\/www.notibras.com\/site\/wp-json\/wp\/v2\/posts\/205263\/revisions"}],"predecessor-version":[{"id":205264,"href":"https:\/\/www.notibras.com\/site\/wp-json\/wp\/v2\/posts\/205263\/revisions\/205264"}],"wp:featuredmedia":[{"embeddable":true,"href":"https:\/\/www.notibras.com\/site\/wp-json\/wp\/v2\/media\/202484"}],"wp:attachment":[{"href":"https:\/\/www.notibras.com\/site\/wp-json\/wp\/v2\/media?parent=205263"}],"wp:term":[{"taxonomy":"category","embeddable":true,"href":"https:\/\/www.notibras.com\/site\/wp-json\/wp\/v2\/categories?post=205263"},{"taxonomy":"post_tag","embeddable":true,"href":"https:\/\/www.notibras.com\/site\/wp-json\/wp\/v2\/tags?post=205263"}],"curies":[{"name":"wp","href":"https:\/\/api.w.org\/{rel}","templated":true}]}}