{"id":205265,"date":"2019-03-22T06:00:30","date_gmt":"2019-03-22T09:00:30","guid":{"rendered":"https:\/\/www.notibras.com\/site\/?p=205265"},"modified":"2019-03-22T06:03:04","modified_gmt":"2019-03-22T09:03:04","slug":"camara-e-lar-de-corruptos-e-o-stf-o-da-mae-joana","status":"publish","type":"post","link":"https:\/\/www.notibras.com\/site\/camara-e-lar-de-corruptos-e-o-stf-o-da-mae-joana\/","title":{"rendered":"&#8216;C\u00e2mara \u00e9 lar de corruptos e o STF o da M\u00e3e Joana&#8217;"},"content":{"rendered":"<p>Os militares continuam articulados em defesa do que chamam de &#8216;um Brasil sem corrup\u00e7\u00e3o&#8217;. Miram o Congresso Nacional, principalmente na figura do presidente da C\u00e2mara Rodrigo Maia, e o Supremo Tribunal Federal, transformado, nas palavras de representantes das For\u00e7as Armadas, em uma &#8216;Casa da M\u00e3e Joana&#8217;.<\/p>\n<p>Depois que vozes do Ex\u00e9rcito se levantaram contra &#8216;a baderna que reina&#8217; naqueles dois Poderes, foi a vez de um integrante da Aeron\u00e1utica dar um voo rasante e atingir em cheio o Legislativo e o Judici\u00e1rio.<\/p>\n<p>Os ataques s\u00e3o motivados por frases de Maia, que atribui aos militares, quando no governo, terem quebrado o Pa\u00eds, e a Dias Toffoli, que agiria no sentido de melar a lei e deixar corruptos fora da cadeia.<\/p>\n<p>&#8220;Mas a festa (da corrup\u00e7\u00e3o) acabou&#8221;. \u00c9 o que afirma o major-brigadeiro-do-ar Jaime Rodrigues Sanchez. Segundo o militar da Aeron\u00e1utica, agora (com o governo Bolsonaro) &#8220;h\u00e1 porteiros para evitar que o Brasil volte a ser um grande sal\u00e3o de festas onde os corruptos se locupletavam&#8221;.<\/p>\n<p>Em texto que circula em grupos fechados de WhatsApp de militares da ativa e da reserva, Jaime Rodrigues Sanchez diz que a disciplina e a lealdade que norteiam as For\u00e7as Armadas, v\u00e3o combater, em nome do povo brasileiro, &#8220;pol\u00edticos que dan\u00e7am de rosto colado, em atitude prom\u00edscua, com doleiros e empres\u00e1rios corruptos&#8221;.<\/p>\n<p>Esses &#8216;dan\u00e7arinos&#8217;, segundo o militar, est\u00e3o justamente na C\u00e2mara presidida por Rodrigo Maia. No intervalo da orquestra, diz o brigadeiro, os corruptos v\u00e3o para o sarau da &#8216;Suprema Casa da M\u00e3e Joana&#8217;, numa refer\u00eancia ao STF, onde &#8216;garantem suas maracutaias&#8217;.<\/p>\n<p>O sarau, diz o texto do brigadeiro, \u00e9 promovido por gente escolhida a dedo, &#8220;de prefer\u00eancia sem muitos t\u00edtulos e saber jur\u00eddico&#8221;, para que possam ser &#8220;mais facilmente comprados e manipulados, passando a enlamear uma institui\u00e7\u00e3o fundamental para o estado de direito, guardi\u00e3 da Constitui\u00e7\u00e3o Federal, que j\u00e1 contou com os mais ilibados nomes do judici\u00e1rio brasileiro&#8221;.<\/p>\n<p>O brigadeiro enfatiza, na mesma mensagem, que corruptos e &#8216;lacaios de toga&#8217; n\u00e3o far\u00e3o silenciar a Lava Jato &#8220;nem a vontade popular de passar o Brasil a limpo&#8221;.\u00a0 &#8220;O caldo entornou de vez&#8221;, conclui Jaime Rodrigues Sanchez. E as For\u00e7as Armadas, &#8216;atacadas&#8217; por gestos insanos de Rodrigo Maia, v\u00e3o agir como alicerce de todos os que queiram acabar com a corrup\u00e7\u00e3o, resgatando a\u00e7\u00f5es &#8216;e condutas impr\u00f3prias inexplicavelmente estacionadas&#8217; na Procuradoria-Geral da Rep\u00fablica e no Poder Judici\u00e1rio.<\/p>\n","protected":false},"excerpt":{"rendered":"<p>Os militares continuam articulados em defesa do que chamam de &#8216;um Brasil sem corrup\u00e7\u00e3o&#8217;. Miram o Congresso Nacional, principalmente na figura do presidente da C\u00e2mara Rodrigo Maia, e o Supremo Tribunal Federal, transformado, nas palavras de representantes das For\u00e7as Armadas, em uma &#8216;Casa da M\u00e3e Joana&#8217;. Depois que vozes do Ex\u00e9rcito se levantaram contra &#8216;a [&hellip;]<\/p>\n","protected":false},"author":2,"featured_media":205266,"comment_status":"closed","ping_status":"closed","sticky":false,"template":"","format":"standard","meta":{"_acf_changed":false,"footnotes":""},"categories":[16],"tags":[95],"class_list":["post-205265","post","type-post","status-publish","format-standard","has-post-thumbnail","hentry","category-brasil","tag-capa"],"acf":[],"yoast_head":"<!-- This site is optimized with the Yoast SEO plugin v27.2 - https:\/\/yoast.com\/product\/yoast-seo-wordpress\/ -->\n<title>&#039;C\u00e2mara \u00e9 lar de corruptos e o STF o da M\u00e3e Joana&#039; - Notibras<\/title>\n<meta name=\"robots\" content=\"index, follow, max-snippet:-1, max-image-preview:large, max-video-preview:-1\" \/>\n<link rel=\"canonical\" href=\"https:\/\/www.notibras.com\/site\/camara-e-lar-de-corruptos-e-o-stf-o-da-mae-joana\/\" \/>\n<meta property=\"og:locale\" content=\"pt_BR\" \/>\n<meta property=\"og:type\" content=\"article\" \/>\n<meta property=\"og:title\" content=\"&#039;C\u00e2mara \u00e9 lar de corruptos e o STF o da M\u00e3e Joana&#039; - Notibras\" \/>\n<meta property=\"og:description\" content=\"Os militares continuam articulados em defesa do que chamam de &#8216;um Brasil sem corrup\u00e7\u00e3o&#8217;. Miram o Congresso Nacional, principalmente na figura do presidente da C\u00e2mara Rodrigo Maia, e o Supremo Tribunal Federal, transformado, nas palavras de representantes das For\u00e7as Armadas, em uma &#8216;Casa da M\u00e3e Joana&#8217;. Depois que vozes do Ex\u00e9rcito se levantaram contra &#8216;a [&hellip;]\" \/>\n<meta property=\"og:url\" content=\"https:\/\/www.notibras.com\/site\/camara-e-lar-de-corruptos-e-o-stf-o-da-mae-joana\/\" \/>\n<meta property=\"og:site_name\" content=\"Notibras\" \/>\n<meta property=\"article:publisher\" content=\"https:\/\/www.facebook.com\/notibras\/\" \/>\n<meta property=\"article:published_time\" content=\"2019-03-22T09:00:30+00:00\" \/>\n<meta property=\"article:modified_time\" content=\"2019-03-22T09:03:04+00:00\" \/>\n<meta property=\"og:image\" content=\"https:\/\/www.notibras.com\/site\/wp-content\/uploads\/2019\/03\/maia-e-foffoli.jpg\" \/>\n\t<meta property=\"og:image:width\" content=\"1024\" \/>\n\t<meta property=\"og:image:height\" content=\"589\" \/>\n\t<meta property=\"og:image:type\" content=\"image\/jpeg\" \/>\n<meta name=\"author\" content=\"Reda\u00e7\u00e3o\" \/>\n<meta name=\"twitter:card\" content=\"summary_large_image\" \/>\n<meta name=\"twitter:creator\" content=\"@Notibras\" \/>\n<meta name=\"twitter:site\" content=\"@Notibras\" \/>\n<meta name=\"twitter:label1\" content=\"Escrito por\" \/>\n\t<meta name=\"twitter:data1\" content=\"Reda\u00e7\u00e3o\" \/>\n\t<meta name=\"twitter:label2\" content=\"Est. tempo de leitura\" \/>\n\t<meta name=\"twitter:data2\" content=\"2 minutos\" \/>\n<script type=\"application\/ld+json\" class=\"yoast-schema-graph\">{\"@context\":\"https:\/\/schema.org\",\"@graph\":[{\"@type\":\"Article\",\"@id\":\"https:\/\/www.notibras.com\/site\/camara-e-lar-de-corruptos-e-o-stf-o-da-mae-joana\/#article\",\"isPartOf\":{\"@id\":\"https:\/\/www.notibras.com\/site\/camara-e-lar-de-corruptos-e-o-stf-o-da-mae-joana\/\"},\"author\":{\"name\":\"Reda\u00e7\u00e3o\",\"@id\":\"https:\/\/www.notibras.com\/site\/#\/schema\/person\/36ab0979449956132d3e5b517ea76ac8\"},\"headline\":\"&#8216;C\u00e2mara \u00e9 lar de corruptos e o STF o da M\u00e3e Joana&#8217;\",\"datePublished\":\"2019-03-22T09:00:30+00:00\",\"dateModified\":\"2019-03-22T09:03:04+00:00\",\"mainEntityOfPage\":{\"@id\":\"https:\/\/www.notibras.com\/site\/camara-e-lar-de-corruptos-e-o-stf-o-da-mae-joana\/\"},\"wordCount\":439,\"publisher\":{\"@id\":\"https:\/\/www.notibras.com\/site\/#organization\"},\"image\":{\"@id\":\"https:\/\/www.notibras.com\/site\/camara-e-lar-de-corruptos-e-o-stf-o-da-mae-joana\/#primaryimage\"},\"thumbnailUrl\":\"https:\/\/www.notibras.com\/site\/wp-content\/uploads\/2019\/03\/maia-e-foffoli.jpg\",\"keywords\":[\"capa\"],\"articleSection\":[\"Brasil\"],\"inLanguage\":\"pt-BR\"},{\"@type\":\"WebPage\",\"@id\":\"https:\/\/www.notibras.com\/site\/camara-e-lar-de-corruptos-e-o-stf-o-da-mae-joana\/\",\"url\":\"https:\/\/www.notibras.com\/site\/camara-e-lar-de-corruptos-e-o-stf-o-da-mae-joana\/\",\"name\":\"'C\u00e2mara \u00e9 lar de corruptos e o STF o da M\u00e3e Joana' - Notibras\",\"isPartOf\":{\"@id\":\"https:\/\/www.notibras.com\/site\/#website\"},\"primaryImageOfPage\":{\"@id\":\"https:\/\/www.notibras.com\/site\/camara-e-lar-de-corruptos-e-o-stf-o-da-mae-joana\/#primaryimage\"},\"image\":{\"@id\":\"https:\/\/www.notibras.com\/site\/camara-e-lar-de-corruptos-e-o-stf-o-da-mae-joana\/#primaryimage\"},\"thumbnailUrl\":\"https:\/\/www.notibras.com\/site\/wp-content\/uploads\/2019\/03\/maia-e-foffoli.jpg\",\"datePublished\":\"2019-03-22T09:00:30+00:00\",\"dateModified\":\"2019-03-22T09:03:04+00:00\",\"breadcrumb\":{\"@id\":\"https:\/\/www.notibras.com\/site\/camara-e-lar-de-corruptos-e-o-stf-o-da-mae-joana\/#breadcrumb\"},\"inLanguage\":\"pt-BR\",\"potentialAction\":[{\"@type\":\"ReadAction\",\"target\":[\"https:\/\/www.notibras.com\/site\/camara-e-lar-de-corruptos-e-o-stf-o-da-mae-joana\/\"]}]},{\"@type\":\"ImageObject\",\"inLanguage\":\"pt-BR\",\"@id\":\"https:\/\/www.notibras.com\/site\/camara-e-lar-de-corruptos-e-o-stf-o-da-mae-joana\/#primaryimage\",\"url\":\"https:\/\/www.notibras.com\/site\/wp-content\/uploads\/2019\/03\/maia-e-foffoli.jpg\",\"contentUrl\":\"https:\/\/www.notibras.com\/site\/wp-content\/uploads\/2019\/03\/maia-e-foffoli.jpg\",\"width\":1024,\"height\":589,\"caption\":\"Foto\/Arquivo Notibras\"},{\"@type\":\"BreadcrumbList\",\"@id\":\"https:\/\/www.notibras.com\/site\/camara-e-lar-de-corruptos-e-o-stf-o-da-mae-joana\/#breadcrumb\",\"itemListElement\":[{\"@type\":\"ListItem\",\"position\":1,\"name\":\"In\u00edcio\",\"item\":\"https:\/\/www.notibras.com\/site\/\"},{\"@type\":\"ListItem\",\"position\":2,\"name\":\"&#8216;C\u00e2mara \u00e9 lar de corruptos e o STF o da M\u00e3e Joana&#8217;\"}]},{\"@type\":\"WebSite\",\"@id\":\"https:\/\/www.notibras.com\/site\/#website\",\"url\":\"https:\/\/www.notibras.com\/site\/\",\"name\":\"Notibras\",\"description\":\"Not\u00edcias de Bras\u00edlia, do Brasil e do Mundo\",\"publisher\":{\"@id\":\"https:\/\/www.notibras.com\/site\/#organization\"},\"potentialAction\":[{\"@type\":\"SearchAction\",\"target\":{\"@type\":\"EntryPoint\",\"urlTemplate\":\"https:\/\/www.notibras.com\/site\/?s={search_term_string}\"},\"query-input\":{\"@type\":\"PropertyValueSpecification\",\"valueRequired\":true,\"valueName\":\"search_term_string\"}}],\"inLanguage\":\"pt-BR\"},{\"@type\":\"Organization\",\"@id\":\"https:\/\/www.notibras.com\/site\/#organization\",\"name\":\"Grupo Notibras de Comunica\u00e7\u00e3o\",\"url\":\"https:\/\/www.notibras.com\/site\/\",\"logo\":{\"@type\":\"ImageObject\",\"inLanguage\":\"pt-BR\",\"@id\":\"https:\/\/www.notibras.com\/site\/#\/schema\/logo\/image\/\",\"url\":\"https:\/\/www.notibras.com\/site\/wp-content\/uploads\/2023\/01\/notibras23.png\",\"contentUrl\":\"https:\/\/www.notibras.com\/site\/wp-content\/uploads\/2023\/01\/notibras23.png\",\"width\":350,\"height\":87,\"caption\":\"Grupo Notibras de Comunica\u00e7\u00e3o\"},\"image\":{\"@id\":\"https:\/\/www.notibras.com\/site\/#\/schema\/logo\/image\/\"},\"sameAs\":[\"https:\/\/www.facebook.com\/notibras\/\",\"https:\/\/x.com\/Notibras\",\"https:\/\/www.instagram.com\/notibras\/\"]},{\"@type\":\"Person\",\"@id\":\"https:\/\/www.notibras.com\/site\/#\/schema\/person\/36ab0979449956132d3e5b517ea76ac8\",\"name\":\"Reda\u00e7\u00e3o\",\"image\":{\"@type\":\"ImageObject\",\"inLanguage\":\"pt-BR\",\"@id\":\"https:\/\/secure.gravatar.com\/avatar\/e0a867bdedb85fd243eadf09663511f96fc81e0720a4a42581f334ad4303aa6b?s=96&d=mm&r=g\",\"url\":\"https:\/\/secure.gravatar.com\/avatar\/e0a867bdedb85fd243eadf09663511f96fc81e0720a4a42581f334ad4303aa6b?s=96&d=mm&r=g\",\"contentUrl\":\"https:\/\/secure.gravatar.com\/avatar\/e0a867bdedb85fd243eadf09663511f96fc81e0720a4a42581f334ad4303aa6b?s=96&d=mm&r=g\",\"caption\":\"Reda\u00e7\u00e3o\"}}]}<\/script>\n<!-- \/ Yoast SEO plugin. -->","yoast_head_json":{"title":"'C\u00e2mara \u00e9 lar de corruptos e o STF o da M\u00e3e Joana' - Notibras","robots":{"index":"index","follow":"follow","max-snippet":"max-snippet:-1","max-image-preview":"max-image-preview:large","max-video-preview":"max-video-preview:-1"},"canonical":"https:\/\/www.notibras.com\/site\/camara-e-lar-de-corruptos-e-o-stf-o-da-mae-joana\/","og_locale":"pt_BR","og_type":"article","og_title":"'C\u00e2mara \u00e9 lar de corruptos e o STF o da M\u00e3e Joana' - Notibras","og_description":"Os militares continuam articulados em defesa do que chamam de &#8216;um Brasil sem corrup\u00e7\u00e3o&#8217;. Miram o Congresso Nacional, principalmente na figura do presidente da C\u00e2mara Rodrigo Maia, e o Supremo Tribunal Federal, transformado, nas palavras de representantes das For\u00e7as Armadas, em uma &#8216;Casa da M\u00e3e Joana&#8217;. Depois que vozes do Ex\u00e9rcito se levantaram contra &#8216;a [&hellip;]","og_url":"https:\/\/www.notibras.com\/site\/camara-e-lar-de-corruptos-e-o-stf-o-da-mae-joana\/","og_site_name":"Notibras","article_publisher":"https:\/\/www.facebook.com\/notibras\/","article_published_time":"2019-03-22T09:00:30+00:00","article_modified_time":"2019-03-22T09:03:04+00:00","og_image":[{"width":1024,"height":589,"url":"https:\/\/www.notibras.com\/site\/wp-content\/uploads\/2019\/03\/maia-e-foffoli.jpg","type":"image\/jpeg"}],"author":"Reda\u00e7\u00e3o","twitter_card":"summary_large_image","twitter_creator":"@Notibras","twitter_site":"@Notibras","twitter_misc":{"Escrito por":"Reda\u00e7\u00e3o","Est. tempo de leitura":"2 minutos"},"schema":{"@context":"https:\/\/schema.org","@graph":[{"@type":"Article","@id":"https:\/\/www.notibras.com\/site\/camara-e-lar-de-corruptos-e-o-stf-o-da-mae-joana\/#article","isPartOf":{"@id":"https:\/\/www.notibras.com\/site\/camara-e-lar-de-corruptos-e-o-stf-o-da-mae-joana\/"},"author":{"name":"Reda\u00e7\u00e3o","@id":"https:\/\/www.notibras.com\/site\/#\/schema\/person\/36ab0979449956132d3e5b517ea76ac8"},"headline":"&#8216;C\u00e2mara \u00e9 lar de corruptos e o STF o da M\u00e3e Joana&#8217;","datePublished":"2019-03-22T09:00:30+00:00","dateModified":"2019-03-22T09:03:04+00:00","mainEntityOfPage":{"@id":"https:\/\/www.notibras.com\/site\/camara-e-lar-de-corruptos-e-o-stf-o-da-mae-joana\/"},"wordCount":439,"publisher":{"@id":"https:\/\/www.notibras.com\/site\/#organization"},"image":{"@id":"https:\/\/www.notibras.com\/site\/camara-e-lar-de-corruptos-e-o-stf-o-da-mae-joana\/#primaryimage"},"thumbnailUrl":"https:\/\/www.notibras.com\/site\/wp-content\/uploads\/2019\/03\/maia-e-foffoli.jpg","keywords":["capa"],"articleSection":["Brasil"],"inLanguage":"pt-BR"},{"@type":"WebPage","@id":"https:\/\/www.notibras.com\/site\/camara-e-lar-de-corruptos-e-o-stf-o-da-mae-joana\/","url":"https:\/\/www.notibras.com\/site\/camara-e-lar-de-corruptos-e-o-stf-o-da-mae-joana\/","name":"'C\u00e2mara \u00e9 lar de corruptos e o STF o da M\u00e3e Joana' - Notibras","isPartOf":{"@id":"https:\/\/www.notibras.com\/site\/#website"},"primaryImageOfPage":{"@id":"https:\/\/www.notibras.com\/site\/camara-e-lar-de-corruptos-e-o-stf-o-da-mae-joana\/#primaryimage"},"image":{"@id":"https:\/\/www.notibras.com\/site\/camara-e-lar-de-corruptos-e-o-stf-o-da-mae-joana\/#primaryimage"},"thumbnailUrl":"https:\/\/www.notibras.com\/site\/wp-content\/uploads\/2019\/03\/maia-e-foffoli.jpg","datePublished":"2019-03-22T09:00:30+00:00","dateModified":"2019-03-22T09:03:04+00:00","breadcrumb":{"@id":"https:\/\/www.notibras.com\/site\/camara-e-lar-de-corruptos-e-o-stf-o-da-mae-joana\/#breadcrumb"},"inLanguage":"pt-BR","potentialAction":[{"@type":"ReadAction","target":["https:\/\/www.notibras.com\/site\/camara-e-lar-de-corruptos-e-o-stf-o-da-mae-joana\/"]}]},{"@type":"ImageObject","inLanguage":"pt-BR","@id":"https:\/\/www.notibras.com\/site\/camara-e-lar-de-corruptos-e-o-stf-o-da-mae-joana\/#primaryimage","url":"https:\/\/www.notibras.com\/site\/wp-content\/uploads\/2019\/03\/maia-e-foffoli.jpg","contentUrl":"https:\/\/www.notibras.com\/site\/wp-content\/uploads\/2019\/03\/maia-e-foffoli.jpg","width":1024,"height":589,"caption":"Foto\/Arquivo Notibras"},{"@type":"BreadcrumbList","@id":"https:\/\/www.notibras.com\/site\/camara-e-lar-de-corruptos-e-o-stf-o-da-mae-joana\/#breadcrumb","itemListElement":[{"@type":"ListItem","position":1,"name":"In\u00edcio","item":"https:\/\/www.notibras.com\/site\/"},{"@type":"ListItem","position":2,"name":"&#8216;C\u00e2mara \u00e9 lar de corruptos e o STF o da M\u00e3e Joana&#8217;"}]},{"@type":"WebSite","@id":"https:\/\/www.notibras.com\/site\/#website","url":"https:\/\/www.notibras.com\/site\/","name":"Notibras","description":"Not\u00edcias de Bras\u00edlia, do Brasil e do Mundo","publisher":{"@id":"https:\/\/www.notibras.com\/site\/#organization"},"potentialAction":[{"@type":"SearchAction","target":{"@type":"EntryPoint","urlTemplate":"https:\/\/www.notibras.com\/site\/?s={search_term_string}"},"query-input":{"@type":"PropertyValueSpecification","valueRequired":true,"valueName":"search_term_string"}}],"inLanguage":"pt-BR"},{"@type":"Organization","@id":"https:\/\/www.notibras.com\/site\/#organization","name":"Grupo Notibras de Comunica\u00e7\u00e3o","url":"https:\/\/www.notibras.com\/site\/","logo":{"@type":"ImageObject","inLanguage":"pt-BR","@id":"https:\/\/www.notibras.com\/site\/#\/schema\/logo\/image\/","url":"https:\/\/www.notibras.com\/site\/wp-content\/uploads\/2023\/01\/notibras23.png","contentUrl":"https:\/\/www.notibras.com\/site\/wp-content\/uploads\/2023\/01\/notibras23.png","width":350,"height":87,"caption":"Grupo Notibras de Comunica\u00e7\u00e3o"},"image":{"@id":"https:\/\/www.notibras.com\/site\/#\/schema\/logo\/image\/"},"sameAs":["https:\/\/www.facebook.com\/notibras\/","https:\/\/x.com\/Notibras","https:\/\/www.instagram.com\/notibras\/"]},{"@type":"Person","@id":"https:\/\/www.notibras.com\/site\/#\/schema\/person\/36ab0979449956132d3e5b517ea76ac8","name":"Reda\u00e7\u00e3o","image":{"@type":"ImageObject","inLanguage":"pt-BR","@id":"https:\/\/secure.gravatar.com\/avatar\/e0a867bdedb85fd243eadf09663511f96fc81e0720a4a42581f334ad4303aa6b?s=96&d=mm&r=g","url":"https:\/\/secure.gravatar.com\/avatar\/e0a867bdedb85fd243eadf09663511f96fc81e0720a4a42581f334ad4303aa6b?s=96&d=mm&r=g","contentUrl":"https:\/\/secure.gravatar.com\/avatar\/e0a867bdedb85fd243eadf09663511f96fc81e0720a4a42581f334ad4303aa6b?s=96&d=mm&r=g","caption":"Reda\u00e7\u00e3o"}}]}},"amp_enabled":true,"_links":{"self":[{"href":"https:\/\/www.notibras.com\/site\/wp-json\/wp\/v2\/posts\/205265","targetHints":{"allow":["GET"]}}],"collection":[{"href":"https:\/\/www.notibras.com\/site\/wp-json\/wp\/v2\/posts"}],"about":[{"href":"https:\/\/www.notibras.com\/site\/wp-json\/wp\/v2\/types\/post"}],"author":[{"embeddable":true,"href":"https:\/\/www.notibras.com\/site\/wp-json\/wp\/v2\/users\/2"}],"replies":[{"embeddable":true,"href":"https:\/\/www.notibras.com\/site\/wp-json\/wp\/v2\/comments?post=205265"}],"version-history":[{"count":5,"href":"https:\/\/www.notibras.com\/site\/wp-json\/wp\/v2\/posts\/205265\/revisions"}],"predecessor-version":[{"id":205271,"href":"https:\/\/www.notibras.com\/site\/wp-json\/wp\/v2\/posts\/205265\/revisions\/205271"}],"wp:featuredmedia":[{"embeddable":true,"href":"https:\/\/www.notibras.com\/site\/wp-json\/wp\/v2\/media\/205266"}],"wp:attachment":[{"href":"https:\/\/www.notibras.com\/site\/wp-json\/wp\/v2\/media?parent=205265"}],"wp:term":[{"taxonomy":"category","embeddable":true,"href":"https:\/\/www.notibras.com\/site\/wp-json\/wp\/v2\/categories?post=205265"},{"taxonomy":"post_tag","embeddable":true,"href":"https:\/\/www.notibras.com\/site\/wp-json\/wp\/v2\/tags?post=205265"}],"curies":[{"name":"wp","href":"https:\/\/api.w.org\/{rel}","templated":true}]}}