{"id":205300,"date":"2019-03-22T11:25:58","date_gmt":"2019-03-22T14:25:58","guid":{"rendered":"https:\/\/www.notibras.com\/site\/?p=205300"},"modified":"2019-03-22T12:31:56","modified_gmt":"2019-03-22T15:31:56","slug":"brasilia-hospeda-marcola-e-outros-bandidos-do-pcc","status":"publish","type":"post","link":"https:\/\/www.notibras.com\/site\/brasilia-hospeda-marcola-e-outros-bandidos-do-pcc\/","title":{"rendered":"Bras\u00edlia &#8216;hospeda&#8217; Marcola e outros bandidos do PCC"},"content":{"rendered":"<p>Quatro l\u00edderes da fac\u00e7\u00e3o criminosa Primeiro Comando da Capital (PCC) foram transferidos nesta sexta (22), da Penitenci\u00e1ria Federal de Porto Velho, em Rond\u00f4nia, para a Penitenci\u00e1ria Federal de Bras\u00edlia, perto do Pres\u00eddio da Papuda. Al\u00e9m de Marco Willians Herbas Camacho, o Marcola, integram o grupo Cl\u00e1udio Barbar\u00e1 da Silva, Patrik Wellinton Salom\u00e3o, e Pedro Luiz da Silva Moraes, o Chacal.<\/p>\n<p>Inaugurada em outubro de 2018, a Penitenci\u00e1ria Federal de Bras\u00edlia \u00e9 uma das cinco unidades de seguran\u00e7a m\u00e1xima federais destinadas a isolar presos condenados e provis\u00f3rios sujeitos ao Regime Disciplinar Diferenciado (RDD), l\u00edderes de organiza\u00e7\u00f5es criminosas e r\u00e9us colaboradores presos ou delatores premiados que correm risco de vida no sistema estadual.<\/p>\n<p>Os presos foram trazidos de Porto Velho para a capital federal em uma aeronave da For\u00e7a A\u00e9rea Brasileira (FAB). Toda a opera\u00e7\u00e3o foi acompanhada por agentes e viaturas da Pol\u00edcia Federal (PF) e do Departamento Penitenci\u00e1rio Nacional (Depen), al\u00e9m de batedores e helic\u00f3ptero da Pol\u00edcia Rodovi\u00e1ria Federal (PRF).<\/p>\n<p>Segundo o Minist\u00e9rio da Justi\u00e7a e Seguran\u00e7a P\u00fablica, a transfer\u00eancia \u00e9 parte dos protocolos de seguran\u00e7a p\u00fablica que preveem, entre outras medidas, a altern\u00e2ncia de abrigo dos detentos de alta periculosidade ou integrantes de organiza\u00e7\u00f5es criminosas.<\/p>\n<p>Assim como em Porto Velho, policiais da For\u00e7a Nacional de Seguran\u00e7a P\u00fablica refor\u00e7ar\u00e3o a prote\u00e7\u00e3o do per\u00edmetro da penitenci\u00e1ria federal.<\/p>\n<p>Considerado o principal l\u00edder do PCC, Marcola tinha sido levado para Porto Velho no dia 13 de fevereiro, quando 22 presos &#8211; apontados como l\u00edderes da organiza\u00e7\u00e3o criminosa &#8211; foram transferidos do pres\u00eddio de Presidente Venceslau, no interior de S\u00e3o Paulo, para penitenci\u00e1rias federais.<\/p>\n<p>Na ocasi\u00e3o, promotores do Minist\u00e9rio P\u00fablico de S\u00e3o Paulo afirmaram que a organiza\u00e7\u00e3o planejava tentar resgatar Marcola. \u201cOs alvos da a\u00e7\u00e3o j\u00e1 teriam gasto dezenas de milh\u00f5es de d\u00f3lares nesse plano, investindo fortemente em log\u00edstica, compra de ve\u00edculos blindados, aeronaves, material b\u00e9lico, armamento de guerra e treinamento de pessoal\u201d, afirmaram os promotores ao pedir \u00e0 Justi\u00e7a que autorizasse a transfer\u00eancia dos detentos para o sistema federal.<\/p>\n<p>Presidente da Associa\u00e7\u00e3o Nacional dos Delegados de Pol\u00edcia Federal (ADPF), Edvandir Felix de Paiva disse a jornalistas &#8211; logo ap\u00f3s sair de reuni\u00e3o com o ministro da Justi\u00e7a e Seguran\u00e7a P\u00fablica, Sergio Moro, &#8211; que a transfer\u00eancia de l\u00edderes de organiza\u00e7\u00f5es criminosas \u00e9 uma pr\u00e1tica comum, empregada para garantir o isolamento e, assim, tentar quebrar a cadeia de comando das fac\u00e7\u00f5es em todo o pa\u00eds.<\/p>\n<p>\u201cTemos que ter condi\u00e7\u00f5es de isolar os presos e retomar [o controle das] penitenci\u00e1rias. Este \u00e9 um dos caminhos vitais para combatermos as fac\u00e7\u00f5es criminosas e a viol\u00eancia no pa\u00eds\u201d, disse Paiva, destacando que o emprego das for\u00e7as de seguran\u00e7a durante toda a movimenta\u00e7\u00e3o visa a \u201cevitar qualquer sobressalto\u201d.<\/p>\n<p>\u201cA movimenta\u00e7\u00e3o destes l\u00edderes de fac\u00e7\u00f5es criminosas \u00e9 necess\u00e1ria para isol\u00e1-los. Vir para Bras\u00edlia, onde h\u00e1 um pres\u00eddio de seguran\u00e7a m\u00e1xima, \u00e9 absolutamente natural. N\u00e3o vejo nenhum preju\u00edzo para a popula\u00e7\u00e3o do Distrito Federal. O pres\u00eddio \u00e9 novo &#8211; chamaram mais servidores \u2013 e ter\u00e1 condi\u00e7\u00f5es de receber os presos com tranquilidade\u201d, finalizou Paiva.<\/p>\n","protected":false},"excerpt":{"rendered":"<p>Quatro l\u00edderes da fac\u00e7\u00e3o criminosa Primeiro Comando da Capital (PCC) foram transferidos nesta sexta (22), da Penitenci\u00e1ria Federal de Porto Velho, em Rond\u00f4nia, para a Penitenci\u00e1ria Federal de Bras\u00edlia, perto do Pres\u00eddio da Papuda. Al\u00e9m de Marco Willians Herbas Camacho, o Marcola, integram o grupo Cl\u00e1udio Barbar\u00e1 da Silva, Patrik Wellinton Salom\u00e3o, e Pedro Luiz [&hellip;]<\/p>\n","protected":false},"author":2,"featured_media":205301,"comment_status":"closed","ping_status":"closed","sticky":false,"template":"","format":"standard","meta":{"_acf_changed":false,"footnotes":""},"categories":[1],"tags":[95],"class_list":["post-205300","post","type-post","status-publish","format-standard","has-post-thumbnail","hentry","category-brasilia","tag-capa"],"acf":[],"yoast_head":"<!-- This site is optimized with the Yoast SEO plugin v27.2 - https:\/\/yoast.com\/product\/yoast-seo-wordpress\/ -->\n<title>Bras\u00edlia &#039;hospeda&#039; Marcola e outros bandidos do PCC - Notibras<\/title>\n<meta name=\"robots\" content=\"index, follow, max-snippet:-1, max-image-preview:large, max-video-preview:-1\" \/>\n<link rel=\"canonical\" href=\"https:\/\/www.notibras.com\/site\/brasilia-hospeda-marcola-e-outros-bandidos-do-pcc\/\" \/>\n<meta property=\"og:locale\" content=\"pt_BR\" \/>\n<meta property=\"og:type\" content=\"article\" \/>\n<meta property=\"og:title\" content=\"Bras\u00edlia &#039;hospeda&#039; Marcola e outros bandidos do PCC - Notibras\" \/>\n<meta property=\"og:description\" content=\"Quatro l\u00edderes da fac\u00e7\u00e3o criminosa Primeiro Comando da Capital (PCC) foram transferidos nesta sexta (22), da Penitenci\u00e1ria Federal de Porto Velho, em Rond\u00f4nia, para a Penitenci\u00e1ria Federal de Bras\u00edlia, perto do Pres\u00eddio da Papuda. Al\u00e9m de Marco Willians Herbas Camacho, o Marcola, integram o grupo Cl\u00e1udio Barbar\u00e1 da Silva, Patrik Wellinton Salom\u00e3o, e Pedro Luiz [&hellip;]\" \/>\n<meta property=\"og:url\" content=\"https:\/\/www.notibras.com\/site\/brasilia-hospeda-marcola-e-outros-bandidos-do-pcc\/\" \/>\n<meta property=\"og:site_name\" content=\"Notibras\" \/>\n<meta property=\"article:publisher\" content=\"https:\/\/www.facebook.com\/notibras\/\" \/>\n<meta property=\"article:published_time\" content=\"2019-03-22T14:25:58+00:00\" \/>\n<meta property=\"article:modified_time\" content=\"2019-03-22T15:31:56+00:00\" \/>\n<meta property=\"og:image\" content=\"https:\/\/www.notibras.com\/site\/wp-content\/uploads\/2019\/03\/papuda-22.jpg\" \/>\n\t<meta property=\"og:image:width\" content=\"1140\" \/>\n\t<meta property=\"og:image:height\" content=\"760\" \/>\n\t<meta property=\"og:image:type\" content=\"image\/jpeg\" \/>\n<meta name=\"author\" content=\"Reda\u00e7\u00e3o\" \/>\n<meta name=\"twitter:card\" content=\"summary_large_image\" \/>\n<meta name=\"twitter:creator\" content=\"@Notibras\" \/>\n<meta name=\"twitter:site\" content=\"@Notibras\" \/>\n<meta name=\"twitter:label1\" content=\"Escrito por\" \/>\n\t<meta name=\"twitter:data1\" content=\"Reda\u00e7\u00e3o\" \/>\n\t<meta name=\"twitter:label2\" content=\"Est. tempo de leitura\" \/>\n\t<meta name=\"twitter:data2\" content=\"3 minutos\" \/>\n<script type=\"application\/ld+json\" class=\"yoast-schema-graph\">{\"@context\":\"https:\/\/schema.org\",\"@graph\":[{\"@type\":\"Article\",\"@id\":\"https:\/\/www.notibras.com\/site\/brasilia-hospeda-marcola-e-outros-bandidos-do-pcc\/#article\",\"isPartOf\":{\"@id\":\"https:\/\/www.notibras.com\/site\/brasilia-hospeda-marcola-e-outros-bandidos-do-pcc\/\"},\"author\":{\"name\":\"Reda\u00e7\u00e3o\",\"@id\":\"https:\/\/www.notibras.com\/site\/#\/schema\/person\/36ab0979449956132d3e5b517ea76ac8\"},\"headline\":\"Bras\u00edlia &#8216;hospeda&#8217; Marcola e outros bandidos do PCC\",\"datePublished\":\"2019-03-22T14:25:58+00:00\",\"dateModified\":\"2019-03-22T15:31:56+00:00\",\"mainEntityOfPage\":{\"@id\":\"https:\/\/www.notibras.com\/site\/brasilia-hospeda-marcola-e-outros-bandidos-do-pcc\/\"},\"wordCount\":587,\"publisher\":{\"@id\":\"https:\/\/www.notibras.com\/site\/#organization\"},\"image\":{\"@id\":\"https:\/\/www.notibras.com\/site\/brasilia-hospeda-marcola-e-outros-bandidos-do-pcc\/#primaryimage\"},\"thumbnailUrl\":\"https:\/\/www.notibras.com\/site\/wp-content\/uploads\/2019\/03\/papuda-22.jpg\",\"keywords\":[\"capa\"],\"articleSection\":[\"Bras\u00edlia\"],\"inLanguage\":\"pt-BR\"},{\"@type\":\"WebPage\",\"@id\":\"https:\/\/www.notibras.com\/site\/brasilia-hospeda-marcola-e-outros-bandidos-do-pcc\/\",\"url\":\"https:\/\/www.notibras.com\/site\/brasilia-hospeda-marcola-e-outros-bandidos-do-pcc\/\",\"name\":\"Bras\u00edlia 'hospeda' Marcola e outros bandidos do PCC - Notibras\",\"isPartOf\":{\"@id\":\"https:\/\/www.notibras.com\/site\/#website\"},\"primaryImageOfPage\":{\"@id\":\"https:\/\/www.notibras.com\/site\/brasilia-hospeda-marcola-e-outros-bandidos-do-pcc\/#primaryimage\"},\"image\":{\"@id\":\"https:\/\/www.notibras.com\/site\/brasilia-hospeda-marcola-e-outros-bandidos-do-pcc\/#primaryimage\"},\"thumbnailUrl\":\"https:\/\/www.notibras.com\/site\/wp-content\/uploads\/2019\/03\/papuda-22.jpg\",\"datePublished\":\"2019-03-22T14:25:58+00:00\",\"dateModified\":\"2019-03-22T15:31:56+00:00\",\"breadcrumb\":{\"@id\":\"https:\/\/www.notibras.com\/site\/brasilia-hospeda-marcola-e-outros-bandidos-do-pcc\/#breadcrumb\"},\"inLanguage\":\"pt-BR\",\"potentialAction\":[{\"@type\":\"ReadAction\",\"target\":[\"https:\/\/www.notibras.com\/site\/brasilia-hospeda-marcola-e-outros-bandidos-do-pcc\/\"]}]},{\"@type\":\"ImageObject\",\"inLanguage\":\"pt-BR\",\"@id\":\"https:\/\/www.notibras.com\/site\/brasilia-hospeda-marcola-e-outros-bandidos-do-pcc\/#primaryimage\",\"url\":\"https:\/\/www.notibras.com\/site\/wp-content\/uploads\/2019\/03\/papuda-22.jpg\",\"contentUrl\":\"https:\/\/www.notibras.com\/site\/wp-content\/uploads\/2019\/03\/papuda-22.jpg\",\"width\":1140,\"height\":760,\"caption\":\"Foto: Valter Campanato\/ABr\"},{\"@type\":\"BreadcrumbList\",\"@id\":\"https:\/\/www.notibras.com\/site\/brasilia-hospeda-marcola-e-outros-bandidos-do-pcc\/#breadcrumb\",\"itemListElement\":[{\"@type\":\"ListItem\",\"position\":1,\"name\":\"In\u00edcio\",\"item\":\"https:\/\/www.notibras.com\/site\/\"},{\"@type\":\"ListItem\",\"position\":2,\"name\":\"Bras\u00edlia &#8216;hospeda&#8217; Marcola e outros bandidos do PCC\"}]},{\"@type\":\"WebSite\",\"@id\":\"https:\/\/www.notibras.com\/site\/#website\",\"url\":\"https:\/\/www.notibras.com\/site\/\",\"name\":\"Notibras\",\"description\":\"Not\u00edcias de Bras\u00edlia, do Brasil e do Mundo\",\"publisher\":{\"@id\":\"https:\/\/www.notibras.com\/site\/#organization\"},\"potentialAction\":[{\"@type\":\"SearchAction\",\"target\":{\"@type\":\"EntryPoint\",\"urlTemplate\":\"https:\/\/www.notibras.com\/site\/?s={search_term_string}\"},\"query-input\":{\"@type\":\"PropertyValueSpecification\",\"valueRequired\":true,\"valueName\":\"search_term_string\"}}],\"inLanguage\":\"pt-BR\"},{\"@type\":\"Organization\",\"@id\":\"https:\/\/www.notibras.com\/site\/#organization\",\"name\":\"Grupo Notibras de Comunica\u00e7\u00e3o\",\"url\":\"https:\/\/www.notibras.com\/site\/\",\"logo\":{\"@type\":\"ImageObject\",\"inLanguage\":\"pt-BR\",\"@id\":\"https:\/\/www.notibras.com\/site\/#\/schema\/logo\/image\/\",\"url\":\"https:\/\/www.notibras.com\/site\/wp-content\/uploads\/2023\/01\/notibras23.png\",\"contentUrl\":\"https:\/\/www.notibras.com\/site\/wp-content\/uploads\/2023\/01\/notibras23.png\",\"width\":350,\"height\":87,\"caption\":\"Grupo Notibras de Comunica\u00e7\u00e3o\"},\"image\":{\"@id\":\"https:\/\/www.notibras.com\/site\/#\/schema\/logo\/image\/\"},\"sameAs\":[\"https:\/\/www.facebook.com\/notibras\/\",\"https:\/\/x.com\/Notibras\",\"https:\/\/www.instagram.com\/notibras\/\"]},{\"@type\":\"Person\",\"@id\":\"https:\/\/www.notibras.com\/site\/#\/schema\/person\/36ab0979449956132d3e5b517ea76ac8\",\"name\":\"Reda\u00e7\u00e3o\",\"image\":{\"@type\":\"ImageObject\",\"inLanguage\":\"pt-BR\",\"@id\":\"https:\/\/secure.gravatar.com\/avatar\/e0a867bdedb85fd243eadf09663511f96fc81e0720a4a42581f334ad4303aa6b?s=96&d=mm&r=g\",\"url\":\"https:\/\/secure.gravatar.com\/avatar\/e0a867bdedb85fd243eadf09663511f96fc81e0720a4a42581f334ad4303aa6b?s=96&d=mm&r=g\",\"contentUrl\":\"https:\/\/secure.gravatar.com\/avatar\/e0a867bdedb85fd243eadf09663511f96fc81e0720a4a42581f334ad4303aa6b?s=96&d=mm&r=g\",\"caption\":\"Reda\u00e7\u00e3o\"}}]}<\/script>\n<!-- \/ Yoast SEO plugin. -->","yoast_head_json":{"title":"Bras\u00edlia 'hospeda' Marcola e outros bandidos do PCC - Notibras","robots":{"index":"index","follow":"follow","max-snippet":"max-snippet:-1","max-image-preview":"max-image-preview:large","max-video-preview":"max-video-preview:-1"},"canonical":"https:\/\/www.notibras.com\/site\/brasilia-hospeda-marcola-e-outros-bandidos-do-pcc\/","og_locale":"pt_BR","og_type":"article","og_title":"Bras\u00edlia 'hospeda' Marcola e outros bandidos do PCC - Notibras","og_description":"Quatro l\u00edderes da fac\u00e7\u00e3o criminosa Primeiro Comando da Capital (PCC) foram transferidos nesta sexta (22), da Penitenci\u00e1ria Federal de Porto Velho, em Rond\u00f4nia, para a Penitenci\u00e1ria Federal de Bras\u00edlia, perto do Pres\u00eddio da Papuda. Al\u00e9m de Marco Willians Herbas Camacho, o Marcola, integram o grupo Cl\u00e1udio Barbar\u00e1 da Silva, Patrik Wellinton Salom\u00e3o, e Pedro Luiz [&hellip;]","og_url":"https:\/\/www.notibras.com\/site\/brasilia-hospeda-marcola-e-outros-bandidos-do-pcc\/","og_site_name":"Notibras","article_publisher":"https:\/\/www.facebook.com\/notibras\/","article_published_time":"2019-03-22T14:25:58+00:00","article_modified_time":"2019-03-22T15:31:56+00:00","og_image":[{"width":1140,"height":760,"url":"https:\/\/www.notibras.com\/site\/wp-content\/uploads\/2019\/03\/papuda-22.jpg","type":"image\/jpeg"}],"author":"Reda\u00e7\u00e3o","twitter_card":"summary_large_image","twitter_creator":"@Notibras","twitter_site":"@Notibras","twitter_misc":{"Escrito por":"Reda\u00e7\u00e3o","Est. tempo de leitura":"3 minutos"},"schema":{"@context":"https:\/\/schema.org","@graph":[{"@type":"Article","@id":"https:\/\/www.notibras.com\/site\/brasilia-hospeda-marcola-e-outros-bandidos-do-pcc\/#article","isPartOf":{"@id":"https:\/\/www.notibras.com\/site\/brasilia-hospeda-marcola-e-outros-bandidos-do-pcc\/"},"author":{"name":"Reda\u00e7\u00e3o","@id":"https:\/\/www.notibras.com\/site\/#\/schema\/person\/36ab0979449956132d3e5b517ea76ac8"},"headline":"Bras\u00edlia &#8216;hospeda&#8217; Marcola e outros bandidos do PCC","datePublished":"2019-03-22T14:25:58+00:00","dateModified":"2019-03-22T15:31:56+00:00","mainEntityOfPage":{"@id":"https:\/\/www.notibras.com\/site\/brasilia-hospeda-marcola-e-outros-bandidos-do-pcc\/"},"wordCount":587,"publisher":{"@id":"https:\/\/www.notibras.com\/site\/#organization"},"image":{"@id":"https:\/\/www.notibras.com\/site\/brasilia-hospeda-marcola-e-outros-bandidos-do-pcc\/#primaryimage"},"thumbnailUrl":"https:\/\/www.notibras.com\/site\/wp-content\/uploads\/2019\/03\/papuda-22.jpg","keywords":["capa"],"articleSection":["Bras\u00edlia"],"inLanguage":"pt-BR"},{"@type":"WebPage","@id":"https:\/\/www.notibras.com\/site\/brasilia-hospeda-marcola-e-outros-bandidos-do-pcc\/","url":"https:\/\/www.notibras.com\/site\/brasilia-hospeda-marcola-e-outros-bandidos-do-pcc\/","name":"Bras\u00edlia 'hospeda' Marcola e outros bandidos do PCC - Notibras","isPartOf":{"@id":"https:\/\/www.notibras.com\/site\/#website"},"primaryImageOfPage":{"@id":"https:\/\/www.notibras.com\/site\/brasilia-hospeda-marcola-e-outros-bandidos-do-pcc\/#primaryimage"},"image":{"@id":"https:\/\/www.notibras.com\/site\/brasilia-hospeda-marcola-e-outros-bandidos-do-pcc\/#primaryimage"},"thumbnailUrl":"https:\/\/www.notibras.com\/site\/wp-content\/uploads\/2019\/03\/papuda-22.jpg","datePublished":"2019-03-22T14:25:58+00:00","dateModified":"2019-03-22T15:31:56+00:00","breadcrumb":{"@id":"https:\/\/www.notibras.com\/site\/brasilia-hospeda-marcola-e-outros-bandidos-do-pcc\/#breadcrumb"},"inLanguage":"pt-BR","potentialAction":[{"@type":"ReadAction","target":["https:\/\/www.notibras.com\/site\/brasilia-hospeda-marcola-e-outros-bandidos-do-pcc\/"]}]},{"@type":"ImageObject","inLanguage":"pt-BR","@id":"https:\/\/www.notibras.com\/site\/brasilia-hospeda-marcola-e-outros-bandidos-do-pcc\/#primaryimage","url":"https:\/\/www.notibras.com\/site\/wp-content\/uploads\/2019\/03\/papuda-22.jpg","contentUrl":"https:\/\/www.notibras.com\/site\/wp-content\/uploads\/2019\/03\/papuda-22.jpg","width":1140,"height":760,"caption":"Foto: Valter Campanato\/ABr"},{"@type":"BreadcrumbList","@id":"https:\/\/www.notibras.com\/site\/brasilia-hospeda-marcola-e-outros-bandidos-do-pcc\/#breadcrumb","itemListElement":[{"@type":"ListItem","position":1,"name":"In\u00edcio","item":"https:\/\/www.notibras.com\/site\/"},{"@type":"ListItem","position":2,"name":"Bras\u00edlia &#8216;hospeda&#8217; Marcola e outros bandidos do PCC"}]},{"@type":"WebSite","@id":"https:\/\/www.notibras.com\/site\/#website","url":"https:\/\/www.notibras.com\/site\/","name":"Notibras","description":"Not\u00edcias de Bras\u00edlia, do Brasil e do Mundo","publisher":{"@id":"https:\/\/www.notibras.com\/site\/#organization"},"potentialAction":[{"@type":"SearchAction","target":{"@type":"EntryPoint","urlTemplate":"https:\/\/www.notibras.com\/site\/?s={search_term_string}"},"query-input":{"@type":"PropertyValueSpecification","valueRequired":true,"valueName":"search_term_string"}}],"inLanguage":"pt-BR"},{"@type":"Organization","@id":"https:\/\/www.notibras.com\/site\/#organization","name":"Grupo Notibras de Comunica\u00e7\u00e3o","url":"https:\/\/www.notibras.com\/site\/","logo":{"@type":"ImageObject","inLanguage":"pt-BR","@id":"https:\/\/www.notibras.com\/site\/#\/schema\/logo\/image\/","url":"https:\/\/www.notibras.com\/site\/wp-content\/uploads\/2023\/01\/notibras23.png","contentUrl":"https:\/\/www.notibras.com\/site\/wp-content\/uploads\/2023\/01\/notibras23.png","width":350,"height":87,"caption":"Grupo Notibras de Comunica\u00e7\u00e3o"},"image":{"@id":"https:\/\/www.notibras.com\/site\/#\/schema\/logo\/image\/"},"sameAs":["https:\/\/www.facebook.com\/notibras\/","https:\/\/x.com\/Notibras","https:\/\/www.instagram.com\/notibras\/"]},{"@type":"Person","@id":"https:\/\/www.notibras.com\/site\/#\/schema\/person\/36ab0979449956132d3e5b517ea76ac8","name":"Reda\u00e7\u00e3o","image":{"@type":"ImageObject","inLanguage":"pt-BR","@id":"https:\/\/secure.gravatar.com\/avatar\/e0a867bdedb85fd243eadf09663511f96fc81e0720a4a42581f334ad4303aa6b?s=96&d=mm&r=g","url":"https:\/\/secure.gravatar.com\/avatar\/e0a867bdedb85fd243eadf09663511f96fc81e0720a4a42581f334ad4303aa6b?s=96&d=mm&r=g","contentUrl":"https:\/\/secure.gravatar.com\/avatar\/e0a867bdedb85fd243eadf09663511f96fc81e0720a4a42581f334ad4303aa6b?s=96&d=mm&r=g","caption":"Reda\u00e7\u00e3o"}}]}},"amp_enabled":true,"_links":{"self":[{"href":"https:\/\/www.notibras.com\/site\/wp-json\/wp\/v2\/posts\/205300","targetHints":{"allow":["GET"]}}],"collection":[{"href":"https:\/\/www.notibras.com\/site\/wp-json\/wp\/v2\/posts"}],"about":[{"href":"https:\/\/www.notibras.com\/site\/wp-json\/wp\/v2\/types\/post"}],"author":[{"embeddable":true,"href":"https:\/\/www.notibras.com\/site\/wp-json\/wp\/v2\/users\/2"}],"replies":[{"embeddable":true,"href":"https:\/\/www.notibras.com\/site\/wp-json\/wp\/v2\/comments?post=205300"}],"version-history":[{"count":1,"href":"https:\/\/www.notibras.com\/site\/wp-json\/wp\/v2\/posts\/205300\/revisions"}],"predecessor-version":[{"id":205302,"href":"https:\/\/www.notibras.com\/site\/wp-json\/wp\/v2\/posts\/205300\/revisions\/205302"}],"wp:featuredmedia":[{"embeddable":true,"href":"https:\/\/www.notibras.com\/site\/wp-json\/wp\/v2\/media\/205301"}],"wp:attachment":[{"href":"https:\/\/www.notibras.com\/site\/wp-json\/wp\/v2\/media?parent=205300"}],"wp:term":[{"taxonomy":"category","embeddable":true,"href":"https:\/\/www.notibras.com\/site\/wp-json\/wp\/v2\/categories?post=205300"},{"taxonomy":"post_tag","embeddable":true,"href":"https:\/\/www.notibras.com\/site\/wp-json\/wp\/v2\/tags?post=205300"}],"curies":[{"name":"wp","href":"https:\/\/api.w.org\/{rel}","templated":true}]}}