{"id":205316,"date":"2019-03-22T19:48:36","date_gmt":"2019-03-22T22:48:36","guid":{"rendered":"https:\/\/www.notibras.com\/site\/?p=205316"},"modified":"2019-03-22T19:48:36","modified_gmt":"2019-03-22T22:48:36","slug":"temer-ficara-na-cadeia-ao-menos-por-uma-semana","status":"publish","type":"post","link":"https:\/\/www.notibras.com\/site\/temer-ficara-na-cadeia-ao-menos-por-uma-semana\/","title":{"rendered":"Temer ficar\u00e1 na cadeia ao menos por uma semana"},"content":{"rendered":"<p>O ex-presidente da Rep\u00fablica Michel Temer, o ex-ministro Wellington Moreira Franco e os demais presos na Opera\u00e7\u00e3o Descontamina\u00e7\u00e3o devem ficar presos por mais algum tempo, no Rio de Janeiro. Os pedidos de habeas corpus impetrados por eles s\u00f3 ser\u00e3o definidos na pr\u00f3xima semana. Inicialmente, a expectativa era que os recursos fossem julgados nesta sexta-feira (22).<\/p>\n<p>Em decis\u00e3o tomada no in\u00edcio da tarde o desembargador Antonio Ivan Athi\u00e9 determinou que a an\u00e1lise dos pedidos ocorra na pr\u00f3xima reuni\u00e3o colegiada da 1\u00aa inst\u00e2ncia do Tribunal Regional Federal da 2\u00aa Regi\u00e3o (TRF-2).<\/p>\n<p>Na mesma decis\u00e3o, o desembargador pediu que o juiz Marcelo Bretas informe, em 24 horas, se mant\u00e9m a decis\u00e3o que determinou as pris\u00f5es.<\/p>\n<p>Al\u00e9m de Athi\u00ea, fazem parte do colegiado que analisar\u00e1 os habeas corpus, o desembargador Abel Gomes e o juiz federal convocado Vlamir Costa Magalh\u00e3es.<\/p>\n<p>Na Opera\u00e7\u00e3o Descontamina\u00e7\u00e3o foram presos Temer, Moreira Franco, Vanderlei de Natale, Carlos Alberto Costa, Jo\u00e3o Baptista Lima Filho, o coronel Lima e a mulher dele, arquiteta Maria Rita Fratezi.<\/p>\n<p>Todos foram detidos por determina\u00e7\u00e3o do juiz federal Marcelo Bretas, titular da 7\u00aa Vara Federal Criminal do Rio, respons\u00e1vel pelas a\u00e7\u00f5es de desdobramento da Opera\u00e7\u00e3o Lava Jato.<\/p>\n<p>A Opera\u00e7\u00e3o Descontamina\u00e7\u00e3o investiga desvios na Eletronuclear. Ao todo, foram expedidos oito mandados de pris\u00e3o preventiva, dois de pris\u00e3o tempor\u00e1ria e 24 de busca e apreens\u00e3o no Rio de Janeiro, em S\u00e3o Paulo, no Paran\u00e1 e Distrito Federal.<\/p>\n","protected":false},"excerpt":{"rendered":"<p>O ex-presidente da Rep\u00fablica Michel Temer, o ex-ministro Wellington Moreira Franco e os demais presos na Opera\u00e7\u00e3o Descontamina\u00e7\u00e3o devem ficar presos por mais algum tempo, no Rio de Janeiro. Os pedidos de habeas corpus impetrados por eles s\u00f3 ser\u00e3o definidos na pr\u00f3xima semana. Inicialmente, a expectativa era que os recursos fossem julgados nesta sexta-feira (22). [&hellip;]<\/p>\n","protected":false},"author":2,"featured_media":198278,"comment_status":"closed","ping_status":"closed","sticky":false,"template":"","format":"standard","meta":{"_acf_changed":false,"footnotes":""},"categories":[16],"tags":[95],"class_list":["post-205316","post","type-post","status-publish","format-standard","has-post-thumbnail","hentry","category-brasil","tag-capa"],"acf":[],"yoast_head":"<!-- This site is optimized with the Yoast SEO plugin v27.2 - https:\/\/yoast.com\/product\/yoast-seo-wordpress\/ -->\n<title>Temer ficar\u00e1 na cadeia ao menos por uma semana - Notibras<\/title>\n<meta name=\"robots\" content=\"index, follow, max-snippet:-1, max-image-preview:large, max-video-preview:-1\" \/>\n<link rel=\"canonical\" href=\"https:\/\/www.notibras.com\/site\/temer-ficara-na-cadeia-ao-menos-por-uma-semana\/\" \/>\n<meta property=\"og:locale\" content=\"pt_BR\" \/>\n<meta property=\"og:type\" content=\"article\" \/>\n<meta property=\"og:title\" content=\"Temer ficar\u00e1 na cadeia ao menos por uma semana - Notibras\" \/>\n<meta property=\"og:description\" content=\"O ex-presidente da Rep\u00fablica Michel Temer, o ex-ministro Wellington Moreira Franco e os demais presos na Opera\u00e7\u00e3o Descontamina\u00e7\u00e3o devem ficar presos por mais algum tempo, no Rio de Janeiro. Os pedidos de habeas corpus impetrados por eles s\u00f3 ser\u00e3o definidos na pr\u00f3xima semana. Inicialmente, a expectativa era que os recursos fossem julgados nesta sexta-feira (22). [&hellip;]\" \/>\n<meta property=\"og:url\" content=\"https:\/\/www.notibras.com\/site\/temer-ficara-na-cadeia-ao-menos-por-uma-semana\/\" \/>\n<meta property=\"og:site_name\" content=\"Notibras\" \/>\n<meta property=\"article:publisher\" content=\"https:\/\/www.facebook.com\/notibras\/\" \/>\n<meta property=\"article:published_time\" content=\"2019-03-22T22:48:36+00:00\" \/>\n<meta property=\"og:image\" content=\"https:\/\/www.notibras.com\/site\/wp-content\/uploads\/2018\/12\/temer-foto-dida-sampaio.jpg\" \/>\n\t<meta property=\"og:image:width\" content=\"932\" \/>\n\t<meta property=\"og:image:height\" content=\"622\" \/>\n\t<meta property=\"og:image:type\" content=\"image\/jpeg\" \/>\n<meta name=\"author\" content=\"Reda\u00e7\u00e3o\" \/>\n<meta name=\"twitter:card\" content=\"summary_large_image\" \/>\n<meta name=\"twitter:creator\" content=\"@Notibras\" \/>\n<meta name=\"twitter:site\" content=\"@Notibras\" \/>\n<meta name=\"twitter:label1\" content=\"Escrito por\" \/>\n\t<meta name=\"twitter:data1\" content=\"Reda\u00e7\u00e3o\" \/>\n\t<meta name=\"twitter:label2\" content=\"Est. tempo de leitura\" \/>\n\t<meta name=\"twitter:data2\" content=\"1 minuto\" \/>\n<script type=\"application\/ld+json\" class=\"yoast-schema-graph\">{\"@context\":\"https:\/\/schema.org\",\"@graph\":[{\"@type\":\"Article\",\"@id\":\"https:\/\/www.notibras.com\/site\/temer-ficara-na-cadeia-ao-menos-por-uma-semana\/#article\",\"isPartOf\":{\"@id\":\"https:\/\/www.notibras.com\/site\/temer-ficara-na-cadeia-ao-menos-por-uma-semana\/\"},\"author\":{\"name\":\"Reda\u00e7\u00e3o\",\"@id\":\"https:\/\/www.notibras.com\/site\/#\/schema\/person\/36ab0979449956132d3e5b517ea76ac8\"},\"headline\":\"Temer ficar\u00e1 na cadeia ao menos por uma semana\",\"datePublished\":\"2019-03-22T22:48:36+00:00\",\"mainEntityOfPage\":{\"@id\":\"https:\/\/www.notibras.com\/site\/temer-ficara-na-cadeia-ao-menos-por-uma-semana\/\"},\"wordCount\":265,\"publisher\":{\"@id\":\"https:\/\/www.notibras.com\/site\/#organization\"},\"image\":{\"@id\":\"https:\/\/www.notibras.com\/site\/temer-ficara-na-cadeia-ao-menos-por-uma-semana\/#primaryimage\"},\"thumbnailUrl\":\"https:\/\/www.notibras.com\/site\/wp-content\/uploads\/2018\/12\/temer-foto-dida-sampaio.jpg\",\"keywords\":[\"capa\"],\"articleSection\":[\"Brasil\"],\"inLanguage\":\"pt-BR\"},{\"@type\":\"WebPage\",\"@id\":\"https:\/\/www.notibras.com\/site\/temer-ficara-na-cadeia-ao-menos-por-uma-semana\/\",\"url\":\"https:\/\/www.notibras.com\/site\/temer-ficara-na-cadeia-ao-menos-por-uma-semana\/\",\"name\":\"Temer ficar\u00e1 na cadeia ao menos por uma semana - Notibras\",\"isPartOf\":{\"@id\":\"https:\/\/www.notibras.com\/site\/#website\"},\"primaryImageOfPage\":{\"@id\":\"https:\/\/www.notibras.com\/site\/temer-ficara-na-cadeia-ao-menos-por-uma-semana\/#primaryimage\"},\"image\":{\"@id\":\"https:\/\/www.notibras.com\/site\/temer-ficara-na-cadeia-ao-menos-por-uma-semana\/#primaryimage\"},\"thumbnailUrl\":\"https:\/\/www.notibras.com\/site\/wp-content\/uploads\/2018\/12\/temer-foto-dida-sampaio.jpg\",\"datePublished\":\"2019-03-22T22:48:36+00:00\",\"breadcrumb\":{\"@id\":\"https:\/\/www.notibras.com\/site\/temer-ficara-na-cadeia-ao-menos-por-uma-semana\/#breadcrumb\"},\"inLanguage\":\"pt-BR\",\"potentialAction\":[{\"@type\":\"ReadAction\",\"target\":[\"https:\/\/www.notibras.com\/site\/temer-ficara-na-cadeia-ao-menos-por-uma-semana\/\"]}]},{\"@type\":\"ImageObject\",\"inLanguage\":\"pt-BR\",\"@id\":\"https:\/\/www.notibras.com\/site\/temer-ficara-na-cadeia-ao-menos-por-uma-semana\/#primaryimage\",\"url\":\"https:\/\/www.notibras.com\/site\/wp-content\/uploads\/2018\/12\/temer-foto-dida-sampaio.jpg\",\"contentUrl\":\"https:\/\/www.notibras.com\/site\/wp-content\/uploads\/2018\/12\/temer-foto-dida-sampaio.jpg\",\"width\":932,\"height\":622},{\"@type\":\"BreadcrumbList\",\"@id\":\"https:\/\/www.notibras.com\/site\/temer-ficara-na-cadeia-ao-menos-por-uma-semana\/#breadcrumb\",\"itemListElement\":[{\"@type\":\"ListItem\",\"position\":1,\"name\":\"In\u00edcio\",\"item\":\"https:\/\/www.notibras.com\/site\/\"},{\"@type\":\"ListItem\",\"position\":2,\"name\":\"Temer ficar\u00e1 na cadeia ao menos por uma semana\"}]},{\"@type\":\"WebSite\",\"@id\":\"https:\/\/www.notibras.com\/site\/#website\",\"url\":\"https:\/\/www.notibras.com\/site\/\",\"name\":\"Notibras\",\"description\":\"Not\u00edcias de Bras\u00edlia, do Brasil e do Mundo\",\"publisher\":{\"@id\":\"https:\/\/www.notibras.com\/site\/#organization\"},\"potentialAction\":[{\"@type\":\"SearchAction\",\"target\":{\"@type\":\"EntryPoint\",\"urlTemplate\":\"https:\/\/www.notibras.com\/site\/?s={search_term_string}\"},\"query-input\":{\"@type\":\"PropertyValueSpecification\",\"valueRequired\":true,\"valueName\":\"search_term_string\"}}],\"inLanguage\":\"pt-BR\"},{\"@type\":\"Organization\",\"@id\":\"https:\/\/www.notibras.com\/site\/#organization\",\"name\":\"Grupo Notibras de Comunica\u00e7\u00e3o\",\"url\":\"https:\/\/www.notibras.com\/site\/\",\"logo\":{\"@type\":\"ImageObject\",\"inLanguage\":\"pt-BR\",\"@id\":\"https:\/\/www.notibras.com\/site\/#\/schema\/logo\/image\/\",\"url\":\"https:\/\/www.notibras.com\/site\/wp-content\/uploads\/2023\/01\/notibras23.png\",\"contentUrl\":\"https:\/\/www.notibras.com\/site\/wp-content\/uploads\/2023\/01\/notibras23.png\",\"width\":350,\"height\":87,\"caption\":\"Grupo Notibras de Comunica\u00e7\u00e3o\"},\"image\":{\"@id\":\"https:\/\/www.notibras.com\/site\/#\/schema\/logo\/image\/\"},\"sameAs\":[\"https:\/\/www.facebook.com\/notibras\/\",\"https:\/\/x.com\/Notibras\",\"https:\/\/www.instagram.com\/notibras\/\"]},{\"@type\":\"Person\",\"@id\":\"https:\/\/www.notibras.com\/site\/#\/schema\/person\/36ab0979449956132d3e5b517ea76ac8\",\"name\":\"Reda\u00e7\u00e3o\",\"image\":{\"@type\":\"ImageObject\",\"inLanguage\":\"pt-BR\",\"@id\":\"https:\/\/secure.gravatar.com\/avatar\/e0a867bdedb85fd243eadf09663511f96fc81e0720a4a42581f334ad4303aa6b?s=96&d=mm&r=g\",\"url\":\"https:\/\/secure.gravatar.com\/avatar\/e0a867bdedb85fd243eadf09663511f96fc81e0720a4a42581f334ad4303aa6b?s=96&d=mm&r=g\",\"contentUrl\":\"https:\/\/secure.gravatar.com\/avatar\/e0a867bdedb85fd243eadf09663511f96fc81e0720a4a42581f334ad4303aa6b?s=96&d=mm&r=g\",\"caption\":\"Reda\u00e7\u00e3o\"}}]}<\/script>\n<!-- \/ Yoast SEO plugin. -->","yoast_head_json":{"title":"Temer ficar\u00e1 na cadeia ao menos por uma semana - Notibras","robots":{"index":"index","follow":"follow","max-snippet":"max-snippet:-1","max-image-preview":"max-image-preview:large","max-video-preview":"max-video-preview:-1"},"canonical":"https:\/\/www.notibras.com\/site\/temer-ficara-na-cadeia-ao-menos-por-uma-semana\/","og_locale":"pt_BR","og_type":"article","og_title":"Temer ficar\u00e1 na cadeia ao menos por uma semana - Notibras","og_description":"O ex-presidente da Rep\u00fablica Michel Temer, o ex-ministro Wellington Moreira Franco e os demais presos na Opera\u00e7\u00e3o Descontamina\u00e7\u00e3o devem ficar presos por mais algum tempo, no Rio de Janeiro. Os pedidos de habeas corpus impetrados por eles s\u00f3 ser\u00e3o definidos na pr\u00f3xima semana. Inicialmente, a expectativa era que os recursos fossem julgados nesta sexta-feira (22). [&hellip;]","og_url":"https:\/\/www.notibras.com\/site\/temer-ficara-na-cadeia-ao-menos-por-uma-semana\/","og_site_name":"Notibras","article_publisher":"https:\/\/www.facebook.com\/notibras\/","article_published_time":"2019-03-22T22:48:36+00:00","og_image":[{"width":932,"height":622,"url":"https:\/\/www.notibras.com\/site\/wp-content\/uploads\/2018\/12\/temer-foto-dida-sampaio.jpg","type":"image\/jpeg"}],"author":"Reda\u00e7\u00e3o","twitter_card":"summary_large_image","twitter_creator":"@Notibras","twitter_site":"@Notibras","twitter_misc":{"Escrito por":"Reda\u00e7\u00e3o","Est. tempo de leitura":"1 minuto"},"schema":{"@context":"https:\/\/schema.org","@graph":[{"@type":"Article","@id":"https:\/\/www.notibras.com\/site\/temer-ficara-na-cadeia-ao-menos-por-uma-semana\/#article","isPartOf":{"@id":"https:\/\/www.notibras.com\/site\/temer-ficara-na-cadeia-ao-menos-por-uma-semana\/"},"author":{"name":"Reda\u00e7\u00e3o","@id":"https:\/\/www.notibras.com\/site\/#\/schema\/person\/36ab0979449956132d3e5b517ea76ac8"},"headline":"Temer ficar\u00e1 na cadeia ao menos por uma semana","datePublished":"2019-03-22T22:48:36+00:00","mainEntityOfPage":{"@id":"https:\/\/www.notibras.com\/site\/temer-ficara-na-cadeia-ao-menos-por-uma-semana\/"},"wordCount":265,"publisher":{"@id":"https:\/\/www.notibras.com\/site\/#organization"},"image":{"@id":"https:\/\/www.notibras.com\/site\/temer-ficara-na-cadeia-ao-menos-por-uma-semana\/#primaryimage"},"thumbnailUrl":"https:\/\/www.notibras.com\/site\/wp-content\/uploads\/2018\/12\/temer-foto-dida-sampaio.jpg","keywords":["capa"],"articleSection":["Brasil"],"inLanguage":"pt-BR"},{"@type":"WebPage","@id":"https:\/\/www.notibras.com\/site\/temer-ficara-na-cadeia-ao-menos-por-uma-semana\/","url":"https:\/\/www.notibras.com\/site\/temer-ficara-na-cadeia-ao-menos-por-uma-semana\/","name":"Temer ficar\u00e1 na cadeia ao menos por uma semana - Notibras","isPartOf":{"@id":"https:\/\/www.notibras.com\/site\/#website"},"primaryImageOfPage":{"@id":"https:\/\/www.notibras.com\/site\/temer-ficara-na-cadeia-ao-menos-por-uma-semana\/#primaryimage"},"image":{"@id":"https:\/\/www.notibras.com\/site\/temer-ficara-na-cadeia-ao-menos-por-uma-semana\/#primaryimage"},"thumbnailUrl":"https:\/\/www.notibras.com\/site\/wp-content\/uploads\/2018\/12\/temer-foto-dida-sampaio.jpg","datePublished":"2019-03-22T22:48:36+00:00","breadcrumb":{"@id":"https:\/\/www.notibras.com\/site\/temer-ficara-na-cadeia-ao-menos-por-uma-semana\/#breadcrumb"},"inLanguage":"pt-BR","potentialAction":[{"@type":"ReadAction","target":["https:\/\/www.notibras.com\/site\/temer-ficara-na-cadeia-ao-menos-por-uma-semana\/"]}]},{"@type":"ImageObject","inLanguage":"pt-BR","@id":"https:\/\/www.notibras.com\/site\/temer-ficara-na-cadeia-ao-menos-por-uma-semana\/#primaryimage","url":"https:\/\/www.notibras.com\/site\/wp-content\/uploads\/2018\/12\/temer-foto-dida-sampaio.jpg","contentUrl":"https:\/\/www.notibras.com\/site\/wp-content\/uploads\/2018\/12\/temer-foto-dida-sampaio.jpg","width":932,"height":622},{"@type":"BreadcrumbList","@id":"https:\/\/www.notibras.com\/site\/temer-ficara-na-cadeia-ao-menos-por-uma-semana\/#breadcrumb","itemListElement":[{"@type":"ListItem","position":1,"name":"In\u00edcio","item":"https:\/\/www.notibras.com\/site\/"},{"@type":"ListItem","position":2,"name":"Temer ficar\u00e1 na cadeia ao menos por uma semana"}]},{"@type":"WebSite","@id":"https:\/\/www.notibras.com\/site\/#website","url":"https:\/\/www.notibras.com\/site\/","name":"Notibras","description":"Not\u00edcias de Bras\u00edlia, do Brasil e do Mundo","publisher":{"@id":"https:\/\/www.notibras.com\/site\/#organization"},"potentialAction":[{"@type":"SearchAction","target":{"@type":"EntryPoint","urlTemplate":"https:\/\/www.notibras.com\/site\/?s={search_term_string}"},"query-input":{"@type":"PropertyValueSpecification","valueRequired":true,"valueName":"search_term_string"}}],"inLanguage":"pt-BR"},{"@type":"Organization","@id":"https:\/\/www.notibras.com\/site\/#organization","name":"Grupo Notibras de Comunica\u00e7\u00e3o","url":"https:\/\/www.notibras.com\/site\/","logo":{"@type":"ImageObject","inLanguage":"pt-BR","@id":"https:\/\/www.notibras.com\/site\/#\/schema\/logo\/image\/","url":"https:\/\/www.notibras.com\/site\/wp-content\/uploads\/2023\/01\/notibras23.png","contentUrl":"https:\/\/www.notibras.com\/site\/wp-content\/uploads\/2023\/01\/notibras23.png","width":350,"height":87,"caption":"Grupo Notibras de Comunica\u00e7\u00e3o"},"image":{"@id":"https:\/\/www.notibras.com\/site\/#\/schema\/logo\/image\/"},"sameAs":["https:\/\/www.facebook.com\/notibras\/","https:\/\/x.com\/Notibras","https:\/\/www.instagram.com\/notibras\/"]},{"@type":"Person","@id":"https:\/\/www.notibras.com\/site\/#\/schema\/person\/36ab0979449956132d3e5b517ea76ac8","name":"Reda\u00e7\u00e3o","image":{"@type":"ImageObject","inLanguage":"pt-BR","@id":"https:\/\/secure.gravatar.com\/avatar\/e0a867bdedb85fd243eadf09663511f96fc81e0720a4a42581f334ad4303aa6b?s=96&d=mm&r=g","url":"https:\/\/secure.gravatar.com\/avatar\/e0a867bdedb85fd243eadf09663511f96fc81e0720a4a42581f334ad4303aa6b?s=96&d=mm&r=g","contentUrl":"https:\/\/secure.gravatar.com\/avatar\/e0a867bdedb85fd243eadf09663511f96fc81e0720a4a42581f334ad4303aa6b?s=96&d=mm&r=g","caption":"Reda\u00e7\u00e3o"}}]}},"amp_enabled":true,"_links":{"self":[{"href":"https:\/\/www.notibras.com\/site\/wp-json\/wp\/v2\/posts\/205316","targetHints":{"allow":["GET"]}}],"collection":[{"href":"https:\/\/www.notibras.com\/site\/wp-json\/wp\/v2\/posts"}],"about":[{"href":"https:\/\/www.notibras.com\/site\/wp-json\/wp\/v2\/types\/post"}],"author":[{"embeddable":true,"href":"https:\/\/www.notibras.com\/site\/wp-json\/wp\/v2\/users\/2"}],"replies":[{"embeddable":true,"href":"https:\/\/www.notibras.com\/site\/wp-json\/wp\/v2\/comments?post=205316"}],"version-history":[{"count":1,"href":"https:\/\/www.notibras.com\/site\/wp-json\/wp\/v2\/posts\/205316\/revisions"}],"predecessor-version":[{"id":205317,"href":"https:\/\/www.notibras.com\/site\/wp-json\/wp\/v2\/posts\/205316\/revisions\/205317"}],"wp:featuredmedia":[{"embeddable":true,"href":"https:\/\/www.notibras.com\/site\/wp-json\/wp\/v2\/media\/198278"}],"wp:attachment":[{"href":"https:\/\/www.notibras.com\/site\/wp-json\/wp\/v2\/media?parent=205316"}],"wp:term":[{"taxonomy":"category","embeddable":true,"href":"https:\/\/www.notibras.com\/site\/wp-json\/wp\/v2\/categories?post=205316"},{"taxonomy":"post_tag","embeddable":true,"href":"https:\/\/www.notibras.com\/site\/wp-json\/wp\/v2\/tags?post=205316"}],"curies":[{"name":"wp","href":"https:\/\/api.w.org\/{rel}","templated":true}]}}