{"id":205328,"date":"2019-03-22T20:17:43","date_gmt":"2019-03-22T23:17:43","guid":{"rendered":"https:\/\/www.notibras.com\/site\/?p=205328"},"modified":"2019-03-22T20:18:58","modified_gmt":"2019-03-22T23:18:58","slug":"justica-promete-enquadrar-puxa-saco-de-lula","status":"publish","type":"post","link":"https:\/\/www.notibras.com\/site\/justica-promete-enquadrar-puxa-saco-de-lula\/","title":{"rendered":"Justi\u00e7a promete enquadrar &#8216;puxa-saco&#8217; de Lula"},"content":{"rendered":"<p>Magistrados n\u00e3o podem tomar partido. E os que s\u00e3o adeptos do ex-presidente Luiz In\u00e1cio Lula da Silva, &#8216;bajulando&#8217; Lula com mensagens carinhosas, ser\u00e3o investigados pelo Conselho Nacional de Justi\u00e7a. A decis\u00e3o foi anunciada nesta sexta, 22, pelo corregedor-geral, ministro Humberto Martins.<\/p>\n<p>O ministro mandou investigar, para um devido enquadramento, os ju\u00edzes que participaram do ato \u201cBoa noite, presidente Lula\u201d, na noite da quinta-feira, 21, na sede da Pol\u00edcia Federal, em Curitiba.<\/p>\n<p>Desde que foi preso em uma Sala Especial na sede da PF em Curitiba, o ex-presidente tem sido saudado com gritos de \u2018boa noite\u2019 por seus adeptos que comparecem ao entorno do pr\u00e9dio da corpora\u00e7\u00e3o.<\/p>\n<p>Segundo o ministro, a Corregedoria Nacional de Justi\u00e7a est\u00e1 alerta aos acontecimentos de Curitiba e adotar\u00e1 as provid\u00eancias necess\u00e1rias com rela\u00e7\u00e3o aos magistrados que, ao participarem do ato, transgrediram a Lei Org\u00e2nica da Magistratura Nacional (Loman) e o C\u00f3digo de \u00c9tica da Magistratura.<\/p>\n<p>\u201cA Corregedoria Nacional est\u00e1 levantando informa\u00e7\u00f5es sobre o ato p\u00fablico e a participa\u00e7\u00e3o dos magistrados no evento. Vamos verificar se houve transgress\u00e3o ao previsto na Loman e no C\u00f3digo de \u00c9tica da Magistratura para, posteriormente, instaurar os pedidos de provid\u00eancias\u201d, afirmou Humberto Martins.<\/p>\n<p>De acordo com CNJ, o \u2018corregedor nacional recebeu um programa do ato p\u00fablico em que constam nomes de magistrados\u2019. \u201cA partir do documento, o ministro solicitou informa\u00e7\u00f5es para verificar quais s\u00e3o os magistrados que se fizeram presentes ao ato p\u00fablico, pois podem ter tanto ju\u00edzes ativos quanto aposentados\u201d.<\/p>\n<p>\u201c\u00c9 necess\u00e1rio fazer essa distin\u00e7\u00e3o, uma vez que os magistrados inativos n\u00e3o se submetem ao Conselho Nacional de Justi\u00e7a\u201d, destacou Martins.<\/p>\n","protected":false},"excerpt":{"rendered":"<p>Magistrados n\u00e3o podem tomar partido. E os que s\u00e3o adeptos do ex-presidente Luiz In\u00e1cio Lula da Silva, &#8216;bajulando&#8217; Lula com mensagens carinhosas, ser\u00e3o investigados pelo Conselho Nacional de Justi\u00e7a. A decis\u00e3o foi anunciada nesta sexta, 22, pelo corregedor-geral, ministro Humberto Martins. O ministro mandou investigar, para um devido enquadramento, os ju\u00edzes que participaram do ato [&hellip;]<\/p>\n","protected":false},"author":2,"featured_media":174257,"comment_status":"closed","ping_status":"closed","sticky":false,"template":"","format":"standard","meta":{"_acf_changed":false,"footnotes":""},"categories":[16],"tags":[95],"class_list":["post-205328","post","type-post","status-publish","format-standard","has-post-thumbnail","hentry","category-brasil","tag-capa"],"acf":[],"yoast_head":"<!-- This site is optimized with the Yoast SEO plugin v27.2 - https:\/\/yoast.com\/product\/yoast-seo-wordpress\/ -->\n<title>Justi\u00e7a promete enquadrar &#039;puxa-saco&#039; de Lula - Notibras<\/title>\n<meta name=\"robots\" content=\"index, follow, max-snippet:-1, max-image-preview:large, max-video-preview:-1\" \/>\n<link rel=\"canonical\" href=\"https:\/\/www.notibras.com\/site\/justica-promete-enquadrar-puxa-saco-de-lula\/\" \/>\n<meta property=\"og:locale\" content=\"pt_BR\" \/>\n<meta property=\"og:type\" content=\"article\" \/>\n<meta property=\"og:title\" content=\"Justi\u00e7a promete enquadrar &#039;puxa-saco&#039; de Lula - Notibras\" \/>\n<meta property=\"og:description\" content=\"Magistrados n\u00e3o podem tomar partido. E os que s\u00e3o adeptos do ex-presidente Luiz In\u00e1cio Lula da Silva, &#8216;bajulando&#8217; Lula com mensagens carinhosas, ser\u00e3o investigados pelo Conselho Nacional de Justi\u00e7a. A decis\u00e3o foi anunciada nesta sexta, 22, pelo corregedor-geral, ministro Humberto Martins. O ministro mandou investigar, para um devido enquadramento, os ju\u00edzes que participaram do ato [&hellip;]\" \/>\n<meta property=\"og:url\" content=\"https:\/\/www.notibras.com\/site\/justica-promete-enquadrar-puxa-saco-de-lula\/\" \/>\n<meta property=\"og:site_name\" content=\"Notibras\" \/>\n<meta property=\"article:publisher\" content=\"https:\/\/www.facebook.com\/notibras\/\" \/>\n<meta property=\"article:published_time\" content=\"2019-03-22T23:17:43+00:00\" \/>\n<meta property=\"article:modified_time\" content=\"2019-03-22T23:18:58+00:00\" \/>\n<meta property=\"og:image\" content=\"https:\/\/www.notibras.com\/site\/wp-content\/uploads\/2018\/03\/lula.png\" \/>\n\t<meta property=\"og:image:width\" content=\"920\" \/>\n\t<meta property=\"og:image:height\" content=\"578\" \/>\n\t<meta property=\"og:image:type\" content=\"image\/png\" \/>\n<meta name=\"author\" content=\"Reda\u00e7\u00e3o\" \/>\n<meta name=\"twitter:card\" content=\"summary_large_image\" \/>\n<meta name=\"twitter:creator\" content=\"@Notibras\" \/>\n<meta name=\"twitter:site\" content=\"@Notibras\" \/>\n<meta name=\"twitter:label1\" content=\"Escrito por\" \/>\n\t<meta name=\"twitter:data1\" content=\"Reda\u00e7\u00e3o\" \/>\n\t<meta name=\"twitter:label2\" content=\"Est. tempo de leitura\" \/>\n\t<meta name=\"twitter:data2\" content=\"1 minuto\" \/>\n<script type=\"application\/ld+json\" class=\"yoast-schema-graph\">{\"@context\":\"https:\/\/schema.org\",\"@graph\":[{\"@type\":\"Article\",\"@id\":\"https:\/\/www.notibras.com\/site\/justica-promete-enquadrar-puxa-saco-de-lula\/#article\",\"isPartOf\":{\"@id\":\"https:\/\/www.notibras.com\/site\/justica-promete-enquadrar-puxa-saco-de-lula\/\"},\"author\":{\"name\":\"Reda\u00e7\u00e3o\",\"@id\":\"https:\/\/www.notibras.com\/site\/#\/schema\/person\/36ab0979449956132d3e5b517ea76ac8\"},\"headline\":\"Justi\u00e7a promete enquadrar &#8216;puxa-saco&#8217; de Lula\",\"datePublished\":\"2019-03-22T23:17:43+00:00\",\"dateModified\":\"2019-03-22T23:18:58+00:00\",\"mainEntityOfPage\":{\"@id\":\"https:\/\/www.notibras.com\/site\/justica-promete-enquadrar-puxa-saco-de-lula\/\"},\"wordCount\":296,\"publisher\":{\"@id\":\"https:\/\/www.notibras.com\/site\/#organization\"},\"image\":{\"@id\":\"https:\/\/www.notibras.com\/site\/justica-promete-enquadrar-puxa-saco-de-lula\/#primaryimage\"},\"thumbnailUrl\":\"https:\/\/www.notibras.com\/site\/wp-content\/uploads\/2018\/03\/lula.png\",\"keywords\":[\"capa\"],\"articleSection\":[\"Brasil\"],\"inLanguage\":\"pt-BR\"},{\"@type\":\"WebPage\",\"@id\":\"https:\/\/www.notibras.com\/site\/justica-promete-enquadrar-puxa-saco-de-lula\/\",\"url\":\"https:\/\/www.notibras.com\/site\/justica-promete-enquadrar-puxa-saco-de-lula\/\",\"name\":\"Justi\u00e7a promete enquadrar 'puxa-saco' de Lula - Notibras\",\"isPartOf\":{\"@id\":\"https:\/\/www.notibras.com\/site\/#website\"},\"primaryImageOfPage\":{\"@id\":\"https:\/\/www.notibras.com\/site\/justica-promete-enquadrar-puxa-saco-de-lula\/#primaryimage\"},\"image\":{\"@id\":\"https:\/\/www.notibras.com\/site\/justica-promete-enquadrar-puxa-saco-de-lula\/#primaryimage\"},\"thumbnailUrl\":\"https:\/\/www.notibras.com\/site\/wp-content\/uploads\/2018\/03\/lula.png\",\"datePublished\":\"2019-03-22T23:17:43+00:00\",\"dateModified\":\"2019-03-22T23:18:58+00:00\",\"breadcrumb\":{\"@id\":\"https:\/\/www.notibras.com\/site\/justica-promete-enquadrar-puxa-saco-de-lula\/#breadcrumb\"},\"inLanguage\":\"pt-BR\",\"potentialAction\":[{\"@type\":\"ReadAction\",\"target\":[\"https:\/\/www.notibras.com\/site\/justica-promete-enquadrar-puxa-saco-de-lula\/\"]}]},{\"@type\":\"ImageObject\",\"inLanguage\":\"pt-BR\",\"@id\":\"https:\/\/www.notibras.com\/site\/justica-promete-enquadrar-puxa-saco-de-lula\/#primaryimage\",\"url\":\"https:\/\/www.notibras.com\/site\/wp-content\/uploads\/2018\/03\/lula.png\",\"contentUrl\":\"https:\/\/www.notibras.com\/site\/wp-content\/uploads\/2018\/03\/lula.png\",\"width\":920,\"height\":578,\"caption\":\"Foto:Divulga\u00e7\u00e3o - Ricardo Stuckert\"},{\"@type\":\"BreadcrumbList\",\"@id\":\"https:\/\/www.notibras.com\/site\/justica-promete-enquadrar-puxa-saco-de-lula\/#breadcrumb\",\"itemListElement\":[{\"@type\":\"ListItem\",\"position\":1,\"name\":\"In\u00edcio\",\"item\":\"https:\/\/www.notibras.com\/site\/\"},{\"@type\":\"ListItem\",\"position\":2,\"name\":\"Justi\u00e7a promete enquadrar &#8216;puxa-saco&#8217; de Lula\"}]},{\"@type\":\"WebSite\",\"@id\":\"https:\/\/www.notibras.com\/site\/#website\",\"url\":\"https:\/\/www.notibras.com\/site\/\",\"name\":\"Notibras\",\"description\":\"Not\u00edcias de Bras\u00edlia, do Brasil e do Mundo\",\"publisher\":{\"@id\":\"https:\/\/www.notibras.com\/site\/#organization\"},\"potentialAction\":[{\"@type\":\"SearchAction\",\"target\":{\"@type\":\"EntryPoint\",\"urlTemplate\":\"https:\/\/www.notibras.com\/site\/?s={search_term_string}\"},\"query-input\":{\"@type\":\"PropertyValueSpecification\",\"valueRequired\":true,\"valueName\":\"search_term_string\"}}],\"inLanguage\":\"pt-BR\"},{\"@type\":\"Organization\",\"@id\":\"https:\/\/www.notibras.com\/site\/#organization\",\"name\":\"Grupo Notibras de Comunica\u00e7\u00e3o\",\"url\":\"https:\/\/www.notibras.com\/site\/\",\"logo\":{\"@type\":\"ImageObject\",\"inLanguage\":\"pt-BR\",\"@id\":\"https:\/\/www.notibras.com\/site\/#\/schema\/logo\/image\/\",\"url\":\"https:\/\/www.notibras.com\/site\/wp-content\/uploads\/2023\/01\/notibras23.png\",\"contentUrl\":\"https:\/\/www.notibras.com\/site\/wp-content\/uploads\/2023\/01\/notibras23.png\",\"width\":350,\"height\":87,\"caption\":\"Grupo Notibras de Comunica\u00e7\u00e3o\"},\"image\":{\"@id\":\"https:\/\/www.notibras.com\/site\/#\/schema\/logo\/image\/\"},\"sameAs\":[\"https:\/\/www.facebook.com\/notibras\/\",\"https:\/\/x.com\/Notibras\",\"https:\/\/www.instagram.com\/notibras\/\"]},{\"@type\":\"Person\",\"@id\":\"https:\/\/www.notibras.com\/site\/#\/schema\/person\/36ab0979449956132d3e5b517ea76ac8\",\"name\":\"Reda\u00e7\u00e3o\",\"image\":{\"@type\":\"ImageObject\",\"inLanguage\":\"pt-BR\",\"@id\":\"https:\/\/secure.gravatar.com\/avatar\/e0a867bdedb85fd243eadf09663511f96fc81e0720a4a42581f334ad4303aa6b?s=96&d=mm&r=g\",\"url\":\"https:\/\/secure.gravatar.com\/avatar\/e0a867bdedb85fd243eadf09663511f96fc81e0720a4a42581f334ad4303aa6b?s=96&d=mm&r=g\",\"contentUrl\":\"https:\/\/secure.gravatar.com\/avatar\/e0a867bdedb85fd243eadf09663511f96fc81e0720a4a42581f334ad4303aa6b?s=96&d=mm&r=g\",\"caption\":\"Reda\u00e7\u00e3o\"}}]}<\/script>\n<!-- \/ Yoast SEO plugin. -->","yoast_head_json":{"title":"Justi\u00e7a promete enquadrar 'puxa-saco' de Lula - Notibras","robots":{"index":"index","follow":"follow","max-snippet":"max-snippet:-1","max-image-preview":"max-image-preview:large","max-video-preview":"max-video-preview:-1"},"canonical":"https:\/\/www.notibras.com\/site\/justica-promete-enquadrar-puxa-saco-de-lula\/","og_locale":"pt_BR","og_type":"article","og_title":"Justi\u00e7a promete enquadrar 'puxa-saco' de Lula - Notibras","og_description":"Magistrados n\u00e3o podem tomar partido. E os que s\u00e3o adeptos do ex-presidente Luiz In\u00e1cio Lula da Silva, &#8216;bajulando&#8217; Lula com mensagens carinhosas, ser\u00e3o investigados pelo Conselho Nacional de Justi\u00e7a. A decis\u00e3o foi anunciada nesta sexta, 22, pelo corregedor-geral, ministro Humberto Martins. O ministro mandou investigar, para um devido enquadramento, os ju\u00edzes que participaram do ato [&hellip;]","og_url":"https:\/\/www.notibras.com\/site\/justica-promete-enquadrar-puxa-saco-de-lula\/","og_site_name":"Notibras","article_publisher":"https:\/\/www.facebook.com\/notibras\/","article_published_time":"2019-03-22T23:17:43+00:00","article_modified_time":"2019-03-22T23:18:58+00:00","og_image":[{"width":920,"height":578,"url":"https:\/\/www.notibras.com\/site\/wp-content\/uploads\/2018\/03\/lula.png","type":"image\/png"}],"author":"Reda\u00e7\u00e3o","twitter_card":"summary_large_image","twitter_creator":"@Notibras","twitter_site":"@Notibras","twitter_misc":{"Escrito por":"Reda\u00e7\u00e3o","Est. tempo de leitura":"1 minuto"},"schema":{"@context":"https:\/\/schema.org","@graph":[{"@type":"Article","@id":"https:\/\/www.notibras.com\/site\/justica-promete-enquadrar-puxa-saco-de-lula\/#article","isPartOf":{"@id":"https:\/\/www.notibras.com\/site\/justica-promete-enquadrar-puxa-saco-de-lula\/"},"author":{"name":"Reda\u00e7\u00e3o","@id":"https:\/\/www.notibras.com\/site\/#\/schema\/person\/36ab0979449956132d3e5b517ea76ac8"},"headline":"Justi\u00e7a promete enquadrar &#8216;puxa-saco&#8217; de Lula","datePublished":"2019-03-22T23:17:43+00:00","dateModified":"2019-03-22T23:18:58+00:00","mainEntityOfPage":{"@id":"https:\/\/www.notibras.com\/site\/justica-promete-enquadrar-puxa-saco-de-lula\/"},"wordCount":296,"publisher":{"@id":"https:\/\/www.notibras.com\/site\/#organization"},"image":{"@id":"https:\/\/www.notibras.com\/site\/justica-promete-enquadrar-puxa-saco-de-lula\/#primaryimage"},"thumbnailUrl":"https:\/\/www.notibras.com\/site\/wp-content\/uploads\/2018\/03\/lula.png","keywords":["capa"],"articleSection":["Brasil"],"inLanguage":"pt-BR"},{"@type":"WebPage","@id":"https:\/\/www.notibras.com\/site\/justica-promete-enquadrar-puxa-saco-de-lula\/","url":"https:\/\/www.notibras.com\/site\/justica-promete-enquadrar-puxa-saco-de-lula\/","name":"Justi\u00e7a promete enquadrar 'puxa-saco' de Lula - Notibras","isPartOf":{"@id":"https:\/\/www.notibras.com\/site\/#website"},"primaryImageOfPage":{"@id":"https:\/\/www.notibras.com\/site\/justica-promete-enquadrar-puxa-saco-de-lula\/#primaryimage"},"image":{"@id":"https:\/\/www.notibras.com\/site\/justica-promete-enquadrar-puxa-saco-de-lula\/#primaryimage"},"thumbnailUrl":"https:\/\/www.notibras.com\/site\/wp-content\/uploads\/2018\/03\/lula.png","datePublished":"2019-03-22T23:17:43+00:00","dateModified":"2019-03-22T23:18:58+00:00","breadcrumb":{"@id":"https:\/\/www.notibras.com\/site\/justica-promete-enquadrar-puxa-saco-de-lula\/#breadcrumb"},"inLanguage":"pt-BR","potentialAction":[{"@type":"ReadAction","target":["https:\/\/www.notibras.com\/site\/justica-promete-enquadrar-puxa-saco-de-lula\/"]}]},{"@type":"ImageObject","inLanguage":"pt-BR","@id":"https:\/\/www.notibras.com\/site\/justica-promete-enquadrar-puxa-saco-de-lula\/#primaryimage","url":"https:\/\/www.notibras.com\/site\/wp-content\/uploads\/2018\/03\/lula.png","contentUrl":"https:\/\/www.notibras.com\/site\/wp-content\/uploads\/2018\/03\/lula.png","width":920,"height":578,"caption":"Foto:Divulga\u00e7\u00e3o - Ricardo Stuckert"},{"@type":"BreadcrumbList","@id":"https:\/\/www.notibras.com\/site\/justica-promete-enquadrar-puxa-saco-de-lula\/#breadcrumb","itemListElement":[{"@type":"ListItem","position":1,"name":"In\u00edcio","item":"https:\/\/www.notibras.com\/site\/"},{"@type":"ListItem","position":2,"name":"Justi\u00e7a promete enquadrar &#8216;puxa-saco&#8217; de Lula"}]},{"@type":"WebSite","@id":"https:\/\/www.notibras.com\/site\/#website","url":"https:\/\/www.notibras.com\/site\/","name":"Notibras","description":"Not\u00edcias de Bras\u00edlia, do Brasil e do Mundo","publisher":{"@id":"https:\/\/www.notibras.com\/site\/#organization"},"potentialAction":[{"@type":"SearchAction","target":{"@type":"EntryPoint","urlTemplate":"https:\/\/www.notibras.com\/site\/?s={search_term_string}"},"query-input":{"@type":"PropertyValueSpecification","valueRequired":true,"valueName":"search_term_string"}}],"inLanguage":"pt-BR"},{"@type":"Organization","@id":"https:\/\/www.notibras.com\/site\/#organization","name":"Grupo Notibras de Comunica\u00e7\u00e3o","url":"https:\/\/www.notibras.com\/site\/","logo":{"@type":"ImageObject","inLanguage":"pt-BR","@id":"https:\/\/www.notibras.com\/site\/#\/schema\/logo\/image\/","url":"https:\/\/www.notibras.com\/site\/wp-content\/uploads\/2023\/01\/notibras23.png","contentUrl":"https:\/\/www.notibras.com\/site\/wp-content\/uploads\/2023\/01\/notibras23.png","width":350,"height":87,"caption":"Grupo Notibras de Comunica\u00e7\u00e3o"},"image":{"@id":"https:\/\/www.notibras.com\/site\/#\/schema\/logo\/image\/"},"sameAs":["https:\/\/www.facebook.com\/notibras\/","https:\/\/x.com\/Notibras","https:\/\/www.instagram.com\/notibras\/"]},{"@type":"Person","@id":"https:\/\/www.notibras.com\/site\/#\/schema\/person\/36ab0979449956132d3e5b517ea76ac8","name":"Reda\u00e7\u00e3o","image":{"@type":"ImageObject","inLanguage":"pt-BR","@id":"https:\/\/secure.gravatar.com\/avatar\/e0a867bdedb85fd243eadf09663511f96fc81e0720a4a42581f334ad4303aa6b?s=96&d=mm&r=g","url":"https:\/\/secure.gravatar.com\/avatar\/e0a867bdedb85fd243eadf09663511f96fc81e0720a4a42581f334ad4303aa6b?s=96&d=mm&r=g","contentUrl":"https:\/\/secure.gravatar.com\/avatar\/e0a867bdedb85fd243eadf09663511f96fc81e0720a4a42581f334ad4303aa6b?s=96&d=mm&r=g","caption":"Reda\u00e7\u00e3o"}}]}},"amp_enabled":true,"_links":{"self":[{"href":"https:\/\/www.notibras.com\/site\/wp-json\/wp\/v2\/posts\/205328","targetHints":{"allow":["GET"]}}],"collection":[{"href":"https:\/\/www.notibras.com\/site\/wp-json\/wp\/v2\/posts"}],"about":[{"href":"https:\/\/www.notibras.com\/site\/wp-json\/wp\/v2\/types\/post"}],"author":[{"embeddable":true,"href":"https:\/\/www.notibras.com\/site\/wp-json\/wp\/v2\/users\/2"}],"replies":[{"embeddable":true,"href":"https:\/\/www.notibras.com\/site\/wp-json\/wp\/v2\/comments?post=205328"}],"version-history":[{"count":2,"href":"https:\/\/www.notibras.com\/site\/wp-json\/wp\/v2\/posts\/205328\/revisions"}],"predecessor-version":[{"id":205330,"href":"https:\/\/www.notibras.com\/site\/wp-json\/wp\/v2\/posts\/205328\/revisions\/205330"}],"wp:featuredmedia":[{"embeddable":true,"href":"https:\/\/www.notibras.com\/site\/wp-json\/wp\/v2\/media\/174257"}],"wp:attachment":[{"href":"https:\/\/www.notibras.com\/site\/wp-json\/wp\/v2\/media?parent=205328"}],"wp:term":[{"taxonomy":"category","embeddable":true,"href":"https:\/\/www.notibras.com\/site\/wp-json\/wp\/v2\/categories?post=205328"},{"taxonomy":"post_tag","embeddable":true,"href":"https:\/\/www.notibras.com\/site\/wp-json\/wp\/v2\/tags?post=205328"}],"curies":[{"name":"wp","href":"https:\/\/api.w.org\/{rel}","templated":true}]}}