{"id":205339,"date":"2019-03-23T09:22:12","date_gmt":"2019-03-23T12:22:12","guid":{"rendered":"https:\/\/www.notibras.com\/site\/?p=205339"},"modified":"2019-03-23T09:25:00","modified_gmt":"2019-03-23T12:25:00","slug":"bolsonaro-manda-general-segurar-os-caminhoneiros","status":"publish","type":"post","link":"https:\/\/www.notibras.com\/site\/bolsonaro-manda-general-segurar-os-caminhoneiros\/","title":{"rendered":"Bolsonaro manda general segurar os caminhoneiros"},"content":{"rendered":"<p>O presidente Jair Bolsonaro, que desembarca em Bras\u00edlia no fim da tarde deste s\u00e1bado, 23, ap\u00f3s viagem ao Chile, deve ter uma conversa neste fim de semana com os generais Santos Cruz (ministro-chefe da Secretaria de Governo) e Augusto Heleno (do Gabinete de Seguran\u00e7a Institucional) sobre uma eventual greve dos caminhoneiros, programada para o s\u00e1bado, 30. O Planalto descarta uma paralisa\u00e7\u00e3o massiva, mas admite preocupa\u00e7\u00e3o com manifesta\u00e7\u00f5es pontuais capazes de fortalecer o movimento.<\/p>\n<p>Os caminhoneiros t\u00eam mandado recados ao governo sobre a quebra de acordos firmados ap\u00f3s a greve que paralisou o Pa\u00eds no ano passado. Eles se queixam dos aumentos quase que di\u00e1rios no pre\u00e7o do \u00f3leo diesel e o descumprimento da tabela de fretes. A troca de mensagens da categoria no WhatsAap tem se intensificado nos \u00faltimos dias.<\/p>\n<p>O pr\u00f3prio Bolsonaro, que estar\u00e1 embarcando para mais uma viagem internacional (desta feita a Israel) no mesmo dia em que as paralisa\u00e7\u00f5es est\u00e3o programadas, admite conversar com representantes dos caminhoneiros. O presidente deve acenar com novas propostas, mas vai cobrar reciprocidade. Enquanto se discute o assunto, nada de greve. Essa \u00e9 a posi\u00e7\u00e3o do Planalto.<\/p>\n<p>Relat\u00f3rios reservados do GSI indicam que o movimento n\u00e3o tem a mesma for\u00e7a percebida no ano passado. Mesmo assim, h\u00e1 o temor de que os caminhoneiros possam se fortalecer a ponto de provocarem o caos do ano passado. A orienta\u00e7\u00e3o de Bolsonaro \u00e9 no sentido de o governo atuar com agilidade e n\u00e3o permitir que a situa\u00e7\u00e3o saia de controle.<\/p>\n","protected":false},"excerpt":{"rendered":"<p>O presidente Jair Bolsonaro, que desembarca em Bras\u00edlia no fim da tarde deste s\u00e1bado, 23, ap\u00f3s viagem ao Chile, deve ter uma conversa neste fim de semana com os generais Santos Cruz (ministro-chefe da Secretaria de Governo) e Augusto Heleno (do Gabinete de Seguran\u00e7a Institucional) sobre uma eventual greve dos caminhoneiros, programada para o s\u00e1bado, [&hellip;]<\/p>\n","protected":false},"author":2,"featured_media":189840,"comment_status":"closed","ping_status":"closed","sticky":false,"template":"","format":"standard","meta":{"_acf_changed":false,"footnotes":""},"categories":[16],"tags":[95],"class_list":["post-205339","post","type-post","status-publish","format-standard","has-post-thumbnail","hentry","category-brasil","tag-capa"],"acf":[],"yoast_head":"<!-- This site is optimized with the Yoast SEO plugin v27.2 - https:\/\/yoast.com\/product\/yoast-seo-wordpress\/ -->\n<title>Bolsonaro manda general segurar os caminhoneiros - Notibras<\/title>\n<meta name=\"robots\" content=\"index, follow, max-snippet:-1, max-image-preview:large, max-video-preview:-1\" \/>\n<link rel=\"canonical\" href=\"https:\/\/www.notibras.com\/site\/bolsonaro-manda-general-segurar-os-caminhoneiros\/\" \/>\n<meta property=\"og:locale\" content=\"pt_BR\" \/>\n<meta property=\"og:type\" content=\"article\" \/>\n<meta property=\"og:title\" content=\"Bolsonaro manda general segurar os caminhoneiros - Notibras\" \/>\n<meta property=\"og:description\" content=\"O presidente Jair Bolsonaro, que desembarca em Bras\u00edlia no fim da tarde deste s\u00e1bado, 23, ap\u00f3s viagem ao Chile, deve ter uma conversa neste fim de semana com os generais Santos Cruz (ministro-chefe da Secretaria de Governo) e Augusto Heleno (do Gabinete de Seguran\u00e7a Institucional) sobre uma eventual greve dos caminhoneiros, programada para o s\u00e1bado, [&hellip;]\" \/>\n<meta property=\"og:url\" content=\"https:\/\/www.notibras.com\/site\/bolsonaro-manda-general-segurar-os-caminhoneiros\/\" \/>\n<meta property=\"og:site_name\" content=\"Notibras\" \/>\n<meta property=\"article:publisher\" content=\"https:\/\/www.facebook.com\/notibras\/\" \/>\n<meta property=\"article:published_time\" content=\"2019-03-23T12:22:12+00:00\" \/>\n<meta property=\"article:modified_time\" content=\"2019-03-23T12:25:00+00:00\" \/>\n<meta property=\"og:image\" content=\"https:\/\/www.notibras.com\/site\/wp-content\/uploads\/2018\/09\/caminhoneiros-greve-2.jpg\" \/>\n\t<meta property=\"og:image:width\" content=\"1024\" \/>\n\t<meta property=\"og:image:height\" content=\"694\" \/>\n\t<meta property=\"og:image:type\" content=\"image\/jpeg\" \/>\n<meta name=\"author\" content=\"Reda\u00e7\u00e3o\" \/>\n<meta name=\"twitter:card\" content=\"summary_large_image\" \/>\n<meta name=\"twitter:creator\" content=\"@Notibras\" \/>\n<meta name=\"twitter:site\" content=\"@Notibras\" \/>\n<meta name=\"twitter:label1\" content=\"Escrito por\" \/>\n\t<meta name=\"twitter:data1\" content=\"Reda\u00e7\u00e3o\" \/>\n\t<meta name=\"twitter:label2\" content=\"Est. tempo de leitura\" \/>\n\t<meta name=\"twitter:data2\" content=\"1 minuto\" \/>\n<script type=\"application\/ld+json\" class=\"yoast-schema-graph\">{\"@context\":\"https:\/\/schema.org\",\"@graph\":[{\"@type\":\"Article\",\"@id\":\"https:\/\/www.notibras.com\/site\/bolsonaro-manda-general-segurar-os-caminhoneiros\/#article\",\"isPartOf\":{\"@id\":\"https:\/\/www.notibras.com\/site\/bolsonaro-manda-general-segurar-os-caminhoneiros\/\"},\"author\":{\"name\":\"Reda\u00e7\u00e3o\",\"@id\":\"https:\/\/www.notibras.com\/site\/#\/schema\/person\/36ab0979449956132d3e5b517ea76ac8\"},\"headline\":\"Bolsonaro manda general segurar os caminhoneiros\",\"datePublished\":\"2019-03-23T12:22:12+00:00\",\"dateModified\":\"2019-03-23T12:25:00+00:00\",\"mainEntityOfPage\":{\"@id\":\"https:\/\/www.notibras.com\/site\/bolsonaro-manda-general-segurar-os-caminhoneiros\/\"},\"wordCount\":270,\"publisher\":{\"@id\":\"https:\/\/www.notibras.com\/site\/#organization\"},\"image\":{\"@id\":\"https:\/\/www.notibras.com\/site\/bolsonaro-manda-general-segurar-os-caminhoneiros\/#primaryimage\"},\"thumbnailUrl\":\"https:\/\/www.notibras.com\/site\/wp-content\/uploads\/2018\/09\/caminhoneiros-greve-2.jpg\",\"keywords\":[\"capa\"],\"articleSection\":[\"Brasil\"],\"inLanguage\":\"pt-BR\"},{\"@type\":\"WebPage\",\"@id\":\"https:\/\/www.notibras.com\/site\/bolsonaro-manda-general-segurar-os-caminhoneiros\/\",\"url\":\"https:\/\/www.notibras.com\/site\/bolsonaro-manda-general-segurar-os-caminhoneiros\/\",\"name\":\"Bolsonaro manda general segurar os caminhoneiros - Notibras\",\"isPartOf\":{\"@id\":\"https:\/\/www.notibras.com\/site\/#website\"},\"primaryImageOfPage\":{\"@id\":\"https:\/\/www.notibras.com\/site\/bolsonaro-manda-general-segurar-os-caminhoneiros\/#primaryimage\"},\"image\":{\"@id\":\"https:\/\/www.notibras.com\/site\/bolsonaro-manda-general-segurar-os-caminhoneiros\/#primaryimage\"},\"thumbnailUrl\":\"https:\/\/www.notibras.com\/site\/wp-content\/uploads\/2018\/09\/caminhoneiros-greve-2.jpg\",\"datePublished\":\"2019-03-23T12:22:12+00:00\",\"dateModified\":\"2019-03-23T12:25:00+00:00\",\"breadcrumb\":{\"@id\":\"https:\/\/www.notibras.com\/site\/bolsonaro-manda-general-segurar-os-caminhoneiros\/#breadcrumb\"},\"inLanguage\":\"pt-BR\",\"potentialAction\":[{\"@type\":\"ReadAction\",\"target\":[\"https:\/\/www.notibras.com\/site\/bolsonaro-manda-general-segurar-os-caminhoneiros\/\"]}]},{\"@type\":\"ImageObject\",\"inLanguage\":\"pt-BR\",\"@id\":\"https:\/\/www.notibras.com\/site\/bolsonaro-manda-general-segurar-os-caminhoneiros\/#primaryimage\",\"url\":\"https:\/\/www.notibras.com\/site\/wp-content\/uploads\/2018\/09\/caminhoneiros-greve-2.jpg\",\"contentUrl\":\"https:\/\/www.notibras.com\/site\/wp-content\/uploads\/2018\/09\/caminhoneiros-greve-2.jpg\",\"width\":1024,\"height\":694},{\"@type\":\"BreadcrumbList\",\"@id\":\"https:\/\/www.notibras.com\/site\/bolsonaro-manda-general-segurar-os-caminhoneiros\/#breadcrumb\",\"itemListElement\":[{\"@type\":\"ListItem\",\"position\":1,\"name\":\"In\u00edcio\",\"item\":\"https:\/\/www.notibras.com\/site\/\"},{\"@type\":\"ListItem\",\"position\":2,\"name\":\"Bolsonaro manda general segurar os caminhoneiros\"}]},{\"@type\":\"WebSite\",\"@id\":\"https:\/\/www.notibras.com\/site\/#website\",\"url\":\"https:\/\/www.notibras.com\/site\/\",\"name\":\"Notibras\",\"description\":\"Not\u00edcias de Bras\u00edlia, do Brasil e do Mundo\",\"publisher\":{\"@id\":\"https:\/\/www.notibras.com\/site\/#organization\"},\"potentialAction\":[{\"@type\":\"SearchAction\",\"target\":{\"@type\":\"EntryPoint\",\"urlTemplate\":\"https:\/\/www.notibras.com\/site\/?s={search_term_string}\"},\"query-input\":{\"@type\":\"PropertyValueSpecification\",\"valueRequired\":true,\"valueName\":\"search_term_string\"}}],\"inLanguage\":\"pt-BR\"},{\"@type\":\"Organization\",\"@id\":\"https:\/\/www.notibras.com\/site\/#organization\",\"name\":\"Grupo Notibras de Comunica\u00e7\u00e3o\",\"url\":\"https:\/\/www.notibras.com\/site\/\",\"logo\":{\"@type\":\"ImageObject\",\"inLanguage\":\"pt-BR\",\"@id\":\"https:\/\/www.notibras.com\/site\/#\/schema\/logo\/image\/\",\"url\":\"https:\/\/www.notibras.com\/site\/wp-content\/uploads\/2023\/01\/notibras23.png\",\"contentUrl\":\"https:\/\/www.notibras.com\/site\/wp-content\/uploads\/2023\/01\/notibras23.png\",\"width\":350,\"height\":87,\"caption\":\"Grupo Notibras de Comunica\u00e7\u00e3o\"},\"image\":{\"@id\":\"https:\/\/www.notibras.com\/site\/#\/schema\/logo\/image\/\"},\"sameAs\":[\"https:\/\/www.facebook.com\/notibras\/\",\"https:\/\/x.com\/Notibras\",\"https:\/\/www.instagram.com\/notibras\/\"]},{\"@type\":\"Person\",\"@id\":\"https:\/\/www.notibras.com\/site\/#\/schema\/person\/36ab0979449956132d3e5b517ea76ac8\",\"name\":\"Reda\u00e7\u00e3o\",\"image\":{\"@type\":\"ImageObject\",\"inLanguage\":\"pt-BR\",\"@id\":\"https:\/\/secure.gravatar.com\/avatar\/e0a867bdedb85fd243eadf09663511f96fc81e0720a4a42581f334ad4303aa6b?s=96&d=mm&r=g\",\"url\":\"https:\/\/secure.gravatar.com\/avatar\/e0a867bdedb85fd243eadf09663511f96fc81e0720a4a42581f334ad4303aa6b?s=96&d=mm&r=g\",\"contentUrl\":\"https:\/\/secure.gravatar.com\/avatar\/e0a867bdedb85fd243eadf09663511f96fc81e0720a4a42581f334ad4303aa6b?s=96&d=mm&r=g\",\"caption\":\"Reda\u00e7\u00e3o\"}}]}<\/script>\n<!-- \/ Yoast SEO plugin. -->","yoast_head_json":{"title":"Bolsonaro manda general segurar os caminhoneiros - Notibras","robots":{"index":"index","follow":"follow","max-snippet":"max-snippet:-1","max-image-preview":"max-image-preview:large","max-video-preview":"max-video-preview:-1"},"canonical":"https:\/\/www.notibras.com\/site\/bolsonaro-manda-general-segurar-os-caminhoneiros\/","og_locale":"pt_BR","og_type":"article","og_title":"Bolsonaro manda general segurar os caminhoneiros - Notibras","og_description":"O presidente Jair Bolsonaro, que desembarca em Bras\u00edlia no fim da tarde deste s\u00e1bado, 23, ap\u00f3s viagem ao Chile, deve ter uma conversa neste fim de semana com os generais Santos Cruz (ministro-chefe da Secretaria de Governo) e Augusto Heleno (do Gabinete de Seguran\u00e7a Institucional) sobre uma eventual greve dos caminhoneiros, programada para o s\u00e1bado, [&hellip;]","og_url":"https:\/\/www.notibras.com\/site\/bolsonaro-manda-general-segurar-os-caminhoneiros\/","og_site_name":"Notibras","article_publisher":"https:\/\/www.facebook.com\/notibras\/","article_published_time":"2019-03-23T12:22:12+00:00","article_modified_time":"2019-03-23T12:25:00+00:00","og_image":[{"width":1024,"height":694,"url":"https:\/\/www.notibras.com\/site\/wp-content\/uploads\/2018\/09\/caminhoneiros-greve-2.jpg","type":"image\/jpeg"}],"author":"Reda\u00e7\u00e3o","twitter_card":"summary_large_image","twitter_creator":"@Notibras","twitter_site":"@Notibras","twitter_misc":{"Escrito por":"Reda\u00e7\u00e3o","Est. tempo de leitura":"1 minuto"},"schema":{"@context":"https:\/\/schema.org","@graph":[{"@type":"Article","@id":"https:\/\/www.notibras.com\/site\/bolsonaro-manda-general-segurar-os-caminhoneiros\/#article","isPartOf":{"@id":"https:\/\/www.notibras.com\/site\/bolsonaro-manda-general-segurar-os-caminhoneiros\/"},"author":{"name":"Reda\u00e7\u00e3o","@id":"https:\/\/www.notibras.com\/site\/#\/schema\/person\/36ab0979449956132d3e5b517ea76ac8"},"headline":"Bolsonaro manda general segurar os caminhoneiros","datePublished":"2019-03-23T12:22:12+00:00","dateModified":"2019-03-23T12:25:00+00:00","mainEntityOfPage":{"@id":"https:\/\/www.notibras.com\/site\/bolsonaro-manda-general-segurar-os-caminhoneiros\/"},"wordCount":270,"publisher":{"@id":"https:\/\/www.notibras.com\/site\/#organization"},"image":{"@id":"https:\/\/www.notibras.com\/site\/bolsonaro-manda-general-segurar-os-caminhoneiros\/#primaryimage"},"thumbnailUrl":"https:\/\/www.notibras.com\/site\/wp-content\/uploads\/2018\/09\/caminhoneiros-greve-2.jpg","keywords":["capa"],"articleSection":["Brasil"],"inLanguage":"pt-BR"},{"@type":"WebPage","@id":"https:\/\/www.notibras.com\/site\/bolsonaro-manda-general-segurar-os-caminhoneiros\/","url":"https:\/\/www.notibras.com\/site\/bolsonaro-manda-general-segurar-os-caminhoneiros\/","name":"Bolsonaro manda general segurar os caminhoneiros - Notibras","isPartOf":{"@id":"https:\/\/www.notibras.com\/site\/#website"},"primaryImageOfPage":{"@id":"https:\/\/www.notibras.com\/site\/bolsonaro-manda-general-segurar-os-caminhoneiros\/#primaryimage"},"image":{"@id":"https:\/\/www.notibras.com\/site\/bolsonaro-manda-general-segurar-os-caminhoneiros\/#primaryimage"},"thumbnailUrl":"https:\/\/www.notibras.com\/site\/wp-content\/uploads\/2018\/09\/caminhoneiros-greve-2.jpg","datePublished":"2019-03-23T12:22:12+00:00","dateModified":"2019-03-23T12:25:00+00:00","breadcrumb":{"@id":"https:\/\/www.notibras.com\/site\/bolsonaro-manda-general-segurar-os-caminhoneiros\/#breadcrumb"},"inLanguage":"pt-BR","potentialAction":[{"@type":"ReadAction","target":["https:\/\/www.notibras.com\/site\/bolsonaro-manda-general-segurar-os-caminhoneiros\/"]}]},{"@type":"ImageObject","inLanguage":"pt-BR","@id":"https:\/\/www.notibras.com\/site\/bolsonaro-manda-general-segurar-os-caminhoneiros\/#primaryimage","url":"https:\/\/www.notibras.com\/site\/wp-content\/uploads\/2018\/09\/caminhoneiros-greve-2.jpg","contentUrl":"https:\/\/www.notibras.com\/site\/wp-content\/uploads\/2018\/09\/caminhoneiros-greve-2.jpg","width":1024,"height":694},{"@type":"BreadcrumbList","@id":"https:\/\/www.notibras.com\/site\/bolsonaro-manda-general-segurar-os-caminhoneiros\/#breadcrumb","itemListElement":[{"@type":"ListItem","position":1,"name":"In\u00edcio","item":"https:\/\/www.notibras.com\/site\/"},{"@type":"ListItem","position":2,"name":"Bolsonaro manda general segurar os caminhoneiros"}]},{"@type":"WebSite","@id":"https:\/\/www.notibras.com\/site\/#website","url":"https:\/\/www.notibras.com\/site\/","name":"Notibras","description":"Not\u00edcias de Bras\u00edlia, do Brasil e do Mundo","publisher":{"@id":"https:\/\/www.notibras.com\/site\/#organization"},"potentialAction":[{"@type":"SearchAction","target":{"@type":"EntryPoint","urlTemplate":"https:\/\/www.notibras.com\/site\/?s={search_term_string}"},"query-input":{"@type":"PropertyValueSpecification","valueRequired":true,"valueName":"search_term_string"}}],"inLanguage":"pt-BR"},{"@type":"Organization","@id":"https:\/\/www.notibras.com\/site\/#organization","name":"Grupo Notibras de Comunica\u00e7\u00e3o","url":"https:\/\/www.notibras.com\/site\/","logo":{"@type":"ImageObject","inLanguage":"pt-BR","@id":"https:\/\/www.notibras.com\/site\/#\/schema\/logo\/image\/","url":"https:\/\/www.notibras.com\/site\/wp-content\/uploads\/2023\/01\/notibras23.png","contentUrl":"https:\/\/www.notibras.com\/site\/wp-content\/uploads\/2023\/01\/notibras23.png","width":350,"height":87,"caption":"Grupo Notibras de Comunica\u00e7\u00e3o"},"image":{"@id":"https:\/\/www.notibras.com\/site\/#\/schema\/logo\/image\/"},"sameAs":["https:\/\/www.facebook.com\/notibras\/","https:\/\/x.com\/Notibras","https:\/\/www.instagram.com\/notibras\/"]},{"@type":"Person","@id":"https:\/\/www.notibras.com\/site\/#\/schema\/person\/36ab0979449956132d3e5b517ea76ac8","name":"Reda\u00e7\u00e3o","image":{"@type":"ImageObject","inLanguage":"pt-BR","@id":"https:\/\/secure.gravatar.com\/avatar\/e0a867bdedb85fd243eadf09663511f96fc81e0720a4a42581f334ad4303aa6b?s=96&d=mm&r=g","url":"https:\/\/secure.gravatar.com\/avatar\/e0a867bdedb85fd243eadf09663511f96fc81e0720a4a42581f334ad4303aa6b?s=96&d=mm&r=g","contentUrl":"https:\/\/secure.gravatar.com\/avatar\/e0a867bdedb85fd243eadf09663511f96fc81e0720a4a42581f334ad4303aa6b?s=96&d=mm&r=g","caption":"Reda\u00e7\u00e3o"}}]}},"amp_enabled":true,"_links":{"self":[{"href":"https:\/\/www.notibras.com\/site\/wp-json\/wp\/v2\/posts\/205339","targetHints":{"allow":["GET"]}}],"collection":[{"href":"https:\/\/www.notibras.com\/site\/wp-json\/wp\/v2\/posts"}],"about":[{"href":"https:\/\/www.notibras.com\/site\/wp-json\/wp\/v2\/types\/post"}],"author":[{"embeddable":true,"href":"https:\/\/www.notibras.com\/site\/wp-json\/wp\/v2\/users\/2"}],"replies":[{"embeddable":true,"href":"https:\/\/www.notibras.com\/site\/wp-json\/wp\/v2\/comments?post=205339"}],"version-history":[{"count":2,"href":"https:\/\/www.notibras.com\/site\/wp-json\/wp\/v2\/posts\/205339\/revisions"}],"predecessor-version":[{"id":205341,"href":"https:\/\/www.notibras.com\/site\/wp-json\/wp\/v2\/posts\/205339\/revisions\/205341"}],"wp:featuredmedia":[{"embeddable":true,"href":"https:\/\/www.notibras.com\/site\/wp-json\/wp\/v2\/media\/189840"}],"wp:attachment":[{"href":"https:\/\/www.notibras.com\/site\/wp-json\/wp\/v2\/media?parent=205339"}],"wp:term":[{"taxonomy":"category","embeddable":true,"href":"https:\/\/www.notibras.com\/site\/wp-json\/wp\/v2\/categories?post=205339"},{"taxonomy":"post_tag","embeddable":true,"href":"https:\/\/www.notibras.com\/site\/wp-json\/wp\/v2\/tags?post=205339"}],"curies":[{"name":"wp","href":"https:\/\/api.w.org\/{rel}","templated":true}]}}