{"id":205359,"date":"2019-03-23T12:06:29","date_gmt":"2019-03-23T15:06:29","guid":{"rendered":"https:\/\/www.notibras.com\/site\/?p=205359"},"modified":"2019-03-23T13:25:55","modified_gmt":"2019-03-23T16:25:55","slug":"ibaneis-ataca-moro-e-cobra-de-bolsonaro-ato-contra-marcola","status":"publish","type":"post","link":"https:\/\/www.notibras.com\/site\/ibaneis-ataca-moro-e-cobra-de-bolsonaro-ato-contra-marcola\/","title":{"rendered":"Ibaneis ataca Moro e cobra de Bolsonaro ato contra Marcola"},"content":{"rendered":"<p>O governador Ibaneis Rocha (MDB), que viu seu pr\u00f3prio partido definhando nos \u00faltimos dias, apontou sua metralhadora verbal neste s\u00e1bado, 23, para S\u00e9rio Moro. &#8220;Decididamente, o ministro da Justi\u00e7a n\u00e3o entende nada de seguran\u00e7a&#8221;&#8216;, afirmou Ibaneis, irritado, segundo indicou, com a transfer\u00eancia para Bras\u00edlia de Marco Camacho, o Marcola, l\u00edder do PCC.<\/p>\n<p>&#8220;Vou ao presidente Jair Bolsonaro. N\u00e3o posso admitir uma insensatez dessas. Bras\u00edlia n\u00e3o foi criada para abrigar criminosos do n\u00edvel de Marcola&#8221;, desabafou Ibaneis. O &#8216;comandante&#8217; do PCC foi transferido para Bras\u00edlia na sexta, 22.<\/p>\n<p>Enfatizando que a chegada de Marcola a um pres\u00eddio da capital da Rep\u00fablica &#8220;\u00e9 um absurdo&#8221;, Ibaneis revelou sua disposi\u00e7\u00e3o para atuar em todos os n\u00b4veis no sentido de ver Marcola longe de Bras\u00edlia.<\/p>\n<p>\u201cJ\u00e1 pedi \u00e0 procuradoria para preparar uma a\u00e7\u00e3o judicial, com base na lei de seguran\u00e7a nacional. Essa atitude do ministro Moro demonstra que ele n\u00e3o conhece nada de seguran\u00e7a, realmente\u201d, insistiu o governador.<\/p>\n<p>Segundo Ibaneis Rocha, o ministro da Justi\u00e7a n\u00e3o poderia ter mandado &#8220;um criminoso desse quilate, um criminoso que arrasta com ele todo crime organizado&#8221;, para a mesma cidade onde est\u00e3o os tr\u00eas poderes da Rep\u00fablica.<\/p>\n<p>&#8220;(&#8230;) Trazer um criminoso como esse pra c\u00e1, a seis quil\u00f4metros do Pal\u00e1cio do Planalto? N\u00f3s temos mais de 180 embaixadas de representa\u00e7\u00f5es internacionais. N\u00f3s temos os principais tribunais da Rep\u00fablica, grandes autoridades circulam por aqui. Como \u00e9 que voc\u00ea traz isso para dentro da capital da Rep\u00fablica? Isso \u00e9 o maior absurdo do ponto de vista da seguran\u00e7a que j\u00e1 ouvi falar na minha vida\u201d, afirmou.<\/p>\n<p>O governador tamb\u00e9m atacou a exist\u00eancia de um pres\u00eddio federal em Bras\u00edlia (inaugurado no ano passado). &#8220;Isso \u00e9 uma jabuticaba que s\u00f3 existe no DF. Em lugar nenhum do mundo voc\u00ea tem um pres\u00eddio federal dentro da capital da Rep\u00fablica. Eu vou acionar a justi\u00e7a, vou procurar todas as autoridades, vou levar ao presidente Bolsonaro o absurdo desse preso estar aqui. Simplesmente voc\u00ea v\u00ea um l\u00edder do PCC a seis quil\u00f4metros do presidente da Rep\u00fablica. Isso certamente n\u00e3o vai dar certo.\u201d<\/p>\n<p>O governador\u00a0 sublinhou que \u201cn\u00e3o adianta dizer que existe medida de seguran\u00e7a para afastar, porque o crime organizado anda junto\u201d e j\u00e1 est\u00e1 na regi\u00e3o. \u201cEles sabiam dessa vinda para c\u00e1 e todos eles j\u00e1 estavam aqui. N\u00f3s, atrav\u00e9s de nosso monitoramento pela Pol\u00edcia Civil, conseguimos prender uma parte dessa quadrilha. Agora, com certeza, a presen\u00e7a de Marcola aqui no Distrito Federal vai fazer com que o crime organizado proceda aqui e na regi\u00e3o metropolitana, que n\u00e3o tem policiamento.\u201d<\/p>\n","protected":false},"excerpt":{"rendered":"<p>O governador Ibaneis Rocha (MDB), que viu seu pr\u00f3prio partido definhando nos \u00faltimos dias, apontou sua metralhadora verbal neste s\u00e1bado, 23, para S\u00e9rio Moro. &#8220;Decididamente, o ministro da Justi\u00e7a n\u00e3o entende nada de seguran\u00e7a&#8221;&#8216;, afirmou Ibaneis, irritado, segundo indicou, com a transfer\u00eancia para Bras\u00edlia de Marco Camacho, o Marcola, l\u00edder do PCC. &#8220;Vou ao presidente [&hellip;]<\/p>\n","protected":false},"author":2,"featured_media":205360,"comment_status":"closed","ping_status":"closed","sticky":false,"template":"","format":"standard","meta":{"_acf_changed":false,"footnotes":""},"categories":[1],"tags":[95],"class_list":["post-205359","post","type-post","status-publish","format-standard","has-post-thumbnail","hentry","category-brasilia","tag-capa"],"acf":[],"yoast_head":"<!-- This site is optimized with the Yoast SEO plugin v27.2 - https:\/\/yoast.com\/product\/yoast-seo-wordpress\/ -->\n<title>Ibaneis ataca Moro e cobra de Bolsonaro ato contra Marcola - Notibras<\/title>\n<meta name=\"robots\" content=\"index, follow, max-snippet:-1, max-image-preview:large, max-video-preview:-1\" \/>\n<link rel=\"canonical\" href=\"https:\/\/www.notibras.com\/site\/ibaneis-ataca-moro-e-cobra-de-bolsonaro-ato-contra-marcola\/\" \/>\n<meta property=\"og:locale\" content=\"pt_BR\" \/>\n<meta property=\"og:type\" content=\"article\" \/>\n<meta property=\"og:title\" content=\"Ibaneis ataca Moro e cobra de Bolsonaro ato contra Marcola - Notibras\" \/>\n<meta property=\"og:description\" content=\"O governador Ibaneis Rocha (MDB), que viu seu pr\u00f3prio partido definhando nos \u00faltimos dias, apontou sua metralhadora verbal neste s\u00e1bado, 23, para S\u00e9rio Moro. &#8220;Decididamente, o ministro da Justi\u00e7a n\u00e3o entende nada de seguran\u00e7a&#8221;&#8216;, afirmou Ibaneis, irritado, segundo indicou, com a transfer\u00eancia para Bras\u00edlia de Marco Camacho, o Marcola, l\u00edder do PCC. &#8220;Vou ao presidente [&hellip;]\" \/>\n<meta property=\"og:url\" content=\"https:\/\/www.notibras.com\/site\/ibaneis-ataca-moro-e-cobra-de-bolsonaro-ato-contra-marcola\/\" \/>\n<meta property=\"og:site_name\" content=\"Notibras\" \/>\n<meta property=\"article:publisher\" content=\"https:\/\/www.facebook.com\/notibras\/\" \/>\n<meta property=\"article:published_time\" content=\"2019-03-23T15:06:29+00:00\" \/>\n<meta property=\"article:modified_time\" content=\"2019-03-23T16:25:55+00:00\" \/>\n<meta property=\"og:image\" content=\"https:\/\/www.notibras.com\/site\/wp-content\/uploads\/2019\/03\/ibaneis-23.jpg\" \/>\n\t<meta property=\"og:image:width\" content=\"1140\" \/>\n\t<meta property=\"og:image:height\" content=\"760\" \/>\n\t<meta property=\"og:image:type\" content=\"image\/jpeg\" \/>\n<meta name=\"author\" content=\"Reda\u00e7\u00e3o\" \/>\n<meta name=\"twitter:card\" content=\"summary_large_image\" \/>\n<meta name=\"twitter:creator\" content=\"@Notibras\" \/>\n<meta name=\"twitter:site\" content=\"@Notibras\" \/>\n<meta name=\"twitter:label1\" content=\"Escrito por\" \/>\n\t<meta name=\"twitter:data1\" content=\"Reda\u00e7\u00e3o\" \/>\n\t<meta name=\"twitter:label2\" content=\"Est. tempo de leitura\" \/>\n\t<meta name=\"twitter:data2\" content=\"2 minutos\" \/>\n<script type=\"application\/ld+json\" class=\"yoast-schema-graph\">{\"@context\":\"https:\/\/schema.org\",\"@graph\":[{\"@type\":\"Article\",\"@id\":\"https:\/\/www.notibras.com\/site\/ibaneis-ataca-moro-e-cobra-de-bolsonaro-ato-contra-marcola\/#article\",\"isPartOf\":{\"@id\":\"https:\/\/www.notibras.com\/site\/ibaneis-ataca-moro-e-cobra-de-bolsonaro-ato-contra-marcola\/\"},\"author\":{\"name\":\"Reda\u00e7\u00e3o\",\"@id\":\"https:\/\/www.notibras.com\/site\/#\/schema\/person\/36ab0979449956132d3e5b517ea76ac8\"},\"headline\":\"Ibaneis ataca Moro e cobra de Bolsonaro ato contra Marcola\",\"datePublished\":\"2019-03-23T15:06:29+00:00\",\"dateModified\":\"2019-03-23T16:25:55+00:00\",\"mainEntityOfPage\":{\"@id\":\"https:\/\/www.notibras.com\/site\/ibaneis-ataca-moro-e-cobra-de-bolsonaro-ato-contra-marcola\/\"},\"wordCount\":474,\"publisher\":{\"@id\":\"https:\/\/www.notibras.com\/site\/#organization\"},\"image\":{\"@id\":\"https:\/\/www.notibras.com\/site\/ibaneis-ataca-moro-e-cobra-de-bolsonaro-ato-contra-marcola\/#primaryimage\"},\"thumbnailUrl\":\"https:\/\/www.notibras.com\/site\/wp-content\/uploads\/2019\/03\/ibaneis-23.jpg\",\"keywords\":[\"capa\"],\"articleSection\":[\"Bras\u00edlia\"],\"inLanguage\":\"pt-BR\"},{\"@type\":\"WebPage\",\"@id\":\"https:\/\/www.notibras.com\/site\/ibaneis-ataca-moro-e-cobra-de-bolsonaro-ato-contra-marcola\/\",\"url\":\"https:\/\/www.notibras.com\/site\/ibaneis-ataca-moro-e-cobra-de-bolsonaro-ato-contra-marcola\/\",\"name\":\"Ibaneis ataca Moro e cobra de Bolsonaro ato contra Marcola - Notibras\",\"isPartOf\":{\"@id\":\"https:\/\/www.notibras.com\/site\/#website\"},\"primaryImageOfPage\":{\"@id\":\"https:\/\/www.notibras.com\/site\/ibaneis-ataca-moro-e-cobra-de-bolsonaro-ato-contra-marcola\/#primaryimage\"},\"image\":{\"@id\":\"https:\/\/www.notibras.com\/site\/ibaneis-ataca-moro-e-cobra-de-bolsonaro-ato-contra-marcola\/#primaryimage\"},\"thumbnailUrl\":\"https:\/\/www.notibras.com\/site\/wp-content\/uploads\/2019\/03\/ibaneis-23.jpg\",\"datePublished\":\"2019-03-23T15:06:29+00:00\",\"dateModified\":\"2019-03-23T16:25:55+00:00\",\"breadcrumb\":{\"@id\":\"https:\/\/www.notibras.com\/site\/ibaneis-ataca-moro-e-cobra-de-bolsonaro-ato-contra-marcola\/#breadcrumb\"},\"inLanguage\":\"pt-BR\",\"potentialAction\":[{\"@type\":\"ReadAction\",\"target\":[\"https:\/\/www.notibras.com\/site\/ibaneis-ataca-moro-e-cobra-de-bolsonaro-ato-contra-marcola\/\"]}]},{\"@type\":\"ImageObject\",\"inLanguage\":\"pt-BR\",\"@id\":\"https:\/\/www.notibras.com\/site\/ibaneis-ataca-moro-e-cobra-de-bolsonaro-ato-contra-marcola\/#primaryimage\",\"url\":\"https:\/\/www.notibras.com\/site\/wp-content\/uploads\/2019\/03\/ibaneis-23.jpg\",\"contentUrl\":\"https:\/\/www.notibras.com\/site\/wp-content\/uploads\/2019\/03\/ibaneis-23.jpg\",\"width\":1140,\"height\":760},{\"@type\":\"BreadcrumbList\",\"@id\":\"https:\/\/www.notibras.com\/site\/ibaneis-ataca-moro-e-cobra-de-bolsonaro-ato-contra-marcola\/#breadcrumb\",\"itemListElement\":[{\"@type\":\"ListItem\",\"position\":1,\"name\":\"In\u00edcio\",\"item\":\"https:\/\/www.notibras.com\/site\/\"},{\"@type\":\"ListItem\",\"position\":2,\"name\":\"Ibaneis ataca Moro e cobra de Bolsonaro ato contra Marcola\"}]},{\"@type\":\"WebSite\",\"@id\":\"https:\/\/www.notibras.com\/site\/#website\",\"url\":\"https:\/\/www.notibras.com\/site\/\",\"name\":\"Notibras\",\"description\":\"Not\u00edcias de Bras\u00edlia, do Brasil e do Mundo\",\"publisher\":{\"@id\":\"https:\/\/www.notibras.com\/site\/#organization\"},\"potentialAction\":[{\"@type\":\"SearchAction\",\"target\":{\"@type\":\"EntryPoint\",\"urlTemplate\":\"https:\/\/www.notibras.com\/site\/?s={search_term_string}\"},\"query-input\":{\"@type\":\"PropertyValueSpecification\",\"valueRequired\":true,\"valueName\":\"search_term_string\"}}],\"inLanguage\":\"pt-BR\"},{\"@type\":\"Organization\",\"@id\":\"https:\/\/www.notibras.com\/site\/#organization\",\"name\":\"Grupo Notibras de Comunica\u00e7\u00e3o\",\"url\":\"https:\/\/www.notibras.com\/site\/\",\"logo\":{\"@type\":\"ImageObject\",\"inLanguage\":\"pt-BR\",\"@id\":\"https:\/\/www.notibras.com\/site\/#\/schema\/logo\/image\/\",\"url\":\"https:\/\/www.notibras.com\/site\/wp-content\/uploads\/2023\/01\/notibras23.png\",\"contentUrl\":\"https:\/\/www.notibras.com\/site\/wp-content\/uploads\/2023\/01\/notibras23.png\",\"width\":350,\"height\":87,\"caption\":\"Grupo Notibras de Comunica\u00e7\u00e3o\"},\"image\":{\"@id\":\"https:\/\/www.notibras.com\/site\/#\/schema\/logo\/image\/\"},\"sameAs\":[\"https:\/\/www.facebook.com\/notibras\/\",\"https:\/\/x.com\/Notibras\",\"https:\/\/www.instagram.com\/notibras\/\"]},{\"@type\":\"Person\",\"@id\":\"https:\/\/www.notibras.com\/site\/#\/schema\/person\/36ab0979449956132d3e5b517ea76ac8\",\"name\":\"Reda\u00e7\u00e3o\",\"image\":{\"@type\":\"ImageObject\",\"inLanguage\":\"pt-BR\",\"@id\":\"https:\/\/secure.gravatar.com\/avatar\/e0a867bdedb85fd243eadf09663511f96fc81e0720a4a42581f334ad4303aa6b?s=96&d=mm&r=g\",\"url\":\"https:\/\/secure.gravatar.com\/avatar\/e0a867bdedb85fd243eadf09663511f96fc81e0720a4a42581f334ad4303aa6b?s=96&d=mm&r=g\",\"contentUrl\":\"https:\/\/secure.gravatar.com\/avatar\/e0a867bdedb85fd243eadf09663511f96fc81e0720a4a42581f334ad4303aa6b?s=96&d=mm&r=g\",\"caption\":\"Reda\u00e7\u00e3o\"}}]}<\/script>\n<!-- \/ Yoast SEO plugin. -->","yoast_head_json":{"title":"Ibaneis ataca Moro e cobra de Bolsonaro ato contra Marcola - Notibras","robots":{"index":"index","follow":"follow","max-snippet":"max-snippet:-1","max-image-preview":"max-image-preview:large","max-video-preview":"max-video-preview:-1"},"canonical":"https:\/\/www.notibras.com\/site\/ibaneis-ataca-moro-e-cobra-de-bolsonaro-ato-contra-marcola\/","og_locale":"pt_BR","og_type":"article","og_title":"Ibaneis ataca Moro e cobra de Bolsonaro ato contra Marcola - Notibras","og_description":"O governador Ibaneis Rocha (MDB), que viu seu pr\u00f3prio partido definhando nos \u00faltimos dias, apontou sua metralhadora verbal neste s\u00e1bado, 23, para S\u00e9rio Moro. &#8220;Decididamente, o ministro da Justi\u00e7a n\u00e3o entende nada de seguran\u00e7a&#8221;&#8216;, afirmou Ibaneis, irritado, segundo indicou, com a transfer\u00eancia para Bras\u00edlia de Marco Camacho, o Marcola, l\u00edder do PCC. &#8220;Vou ao presidente [&hellip;]","og_url":"https:\/\/www.notibras.com\/site\/ibaneis-ataca-moro-e-cobra-de-bolsonaro-ato-contra-marcola\/","og_site_name":"Notibras","article_publisher":"https:\/\/www.facebook.com\/notibras\/","article_published_time":"2019-03-23T15:06:29+00:00","article_modified_time":"2019-03-23T16:25:55+00:00","og_image":[{"width":1140,"height":760,"url":"https:\/\/www.notibras.com\/site\/wp-content\/uploads\/2019\/03\/ibaneis-23.jpg","type":"image\/jpeg"}],"author":"Reda\u00e7\u00e3o","twitter_card":"summary_large_image","twitter_creator":"@Notibras","twitter_site":"@Notibras","twitter_misc":{"Escrito por":"Reda\u00e7\u00e3o","Est. tempo de leitura":"2 minutos"},"schema":{"@context":"https:\/\/schema.org","@graph":[{"@type":"Article","@id":"https:\/\/www.notibras.com\/site\/ibaneis-ataca-moro-e-cobra-de-bolsonaro-ato-contra-marcola\/#article","isPartOf":{"@id":"https:\/\/www.notibras.com\/site\/ibaneis-ataca-moro-e-cobra-de-bolsonaro-ato-contra-marcola\/"},"author":{"name":"Reda\u00e7\u00e3o","@id":"https:\/\/www.notibras.com\/site\/#\/schema\/person\/36ab0979449956132d3e5b517ea76ac8"},"headline":"Ibaneis ataca Moro e cobra de Bolsonaro ato contra Marcola","datePublished":"2019-03-23T15:06:29+00:00","dateModified":"2019-03-23T16:25:55+00:00","mainEntityOfPage":{"@id":"https:\/\/www.notibras.com\/site\/ibaneis-ataca-moro-e-cobra-de-bolsonaro-ato-contra-marcola\/"},"wordCount":474,"publisher":{"@id":"https:\/\/www.notibras.com\/site\/#organization"},"image":{"@id":"https:\/\/www.notibras.com\/site\/ibaneis-ataca-moro-e-cobra-de-bolsonaro-ato-contra-marcola\/#primaryimage"},"thumbnailUrl":"https:\/\/www.notibras.com\/site\/wp-content\/uploads\/2019\/03\/ibaneis-23.jpg","keywords":["capa"],"articleSection":["Bras\u00edlia"],"inLanguage":"pt-BR"},{"@type":"WebPage","@id":"https:\/\/www.notibras.com\/site\/ibaneis-ataca-moro-e-cobra-de-bolsonaro-ato-contra-marcola\/","url":"https:\/\/www.notibras.com\/site\/ibaneis-ataca-moro-e-cobra-de-bolsonaro-ato-contra-marcola\/","name":"Ibaneis ataca Moro e cobra de Bolsonaro ato contra Marcola - Notibras","isPartOf":{"@id":"https:\/\/www.notibras.com\/site\/#website"},"primaryImageOfPage":{"@id":"https:\/\/www.notibras.com\/site\/ibaneis-ataca-moro-e-cobra-de-bolsonaro-ato-contra-marcola\/#primaryimage"},"image":{"@id":"https:\/\/www.notibras.com\/site\/ibaneis-ataca-moro-e-cobra-de-bolsonaro-ato-contra-marcola\/#primaryimage"},"thumbnailUrl":"https:\/\/www.notibras.com\/site\/wp-content\/uploads\/2019\/03\/ibaneis-23.jpg","datePublished":"2019-03-23T15:06:29+00:00","dateModified":"2019-03-23T16:25:55+00:00","breadcrumb":{"@id":"https:\/\/www.notibras.com\/site\/ibaneis-ataca-moro-e-cobra-de-bolsonaro-ato-contra-marcola\/#breadcrumb"},"inLanguage":"pt-BR","potentialAction":[{"@type":"ReadAction","target":["https:\/\/www.notibras.com\/site\/ibaneis-ataca-moro-e-cobra-de-bolsonaro-ato-contra-marcola\/"]}]},{"@type":"ImageObject","inLanguage":"pt-BR","@id":"https:\/\/www.notibras.com\/site\/ibaneis-ataca-moro-e-cobra-de-bolsonaro-ato-contra-marcola\/#primaryimage","url":"https:\/\/www.notibras.com\/site\/wp-content\/uploads\/2019\/03\/ibaneis-23.jpg","contentUrl":"https:\/\/www.notibras.com\/site\/wp-content\/uploads\/2019\/03\/ibaneis-23.jpg","width":1140,"height":760},{"@type":"BreadcrumbList","@id":"https:\/\/www.notibras.com\/site\/ibaneis-ataca-moro-e-cobra-de-bolsonaro-ato-contra-marcola\/#breadcrumb","itemListElement":[{"@type":"ListItem","position":1,"name":"In\u00edcio","item":"https:\/\/www.notibras.com\/site\/"},{"@type":"ListItem","position":2,"name":"Ibaneis ataca Moro e cobra de Bolsonaro ato contra Marcola"}]},{"@type":"WebSite","@id":"https:\/\/www.notibras.com\/site\/#website","url":"https:\/\/www.notibras.com\/site\/","name":"Notibras","description":"Not\u00edcias de Bras\u00edlia, do Brasil e do Mundo","publisher":{"@id":"https:\/\/www.notibras.com\/site\/#organization"},"potentialAction":[{"@type":"SearchAction","target":{"@type":"EntryPoint","urlTemplate":"https:\/\/www.notibras.com\/site\/?s={search_term_string}"},"query-input":{"@type":"PropertyValueSpecification","valueRequired":true,"valueName":"search_term_string"}}],"inLanguage":"pt-BR"},{"@type":"Organization","@id":"https:\/\/www.notibras.com\/site\/#organization","name":"Grupo Notibras de Comunica\u00e7\u00e3o","url":"https:\/\/www.notibras.com\/site\/","logo":{"@type":"ImageObject","inLanguage":"pt-BR","@id":"https:\/\/www.notibras.com\/site\/#\/schema\/logo\/image\/","url":"https:\/\/www.notibras.com\/site\/wp-content\/uploads\/2023\/01\/notibras23.png","contentUrl":"https:\/\/www.notibras.com\/site\/wp-content\/uploads\/2023\/01\/notibras23.png","width":350,"height":87,"caption":"Grupo Notibras de Comunica\u00e7\u00e3o"},"image":{"@id":"https:\/\/www.notibras.com\/site\/#\/schema\/logo\/image\/"},"sameAs":["https:\/\/www.facebook.com\/notibras\/","https:\/\/x.com\/Notibras","https:\/\/www.instagram.com\/notibras\/"]},{"@type":"Person","@id":"https:\/\/www.notibras.com\/site\/#\/schema\/person\/36ab0979449956132d3e5b517ea76ac8","name":"Reda\u00e7\u00e3o","image":{"@type":"ImageObject","inLanguage":"pt-BR","@id":"https:\/\/secure.gravatar.com\/avatar\/e0a867bdedb85fd243eadf09663511f96fc81e0720a4a42581f334ad4303aa6b?s=96&d=mm&r=g","url":"https:\/\/secure.gravatar.com\/avatar\/e0a867bdedb85fd243eadf09663511f96fc81e0720a4a42581f334ad4303aa6b?s=96&d=mm&r=g","contentUrl":"https:\/\/secure.gravatar.com\/avatar\/e0a867bdedb85fd243eadf09663511f96fc81e0720a4a42581f334ad4303aa6b?s=96&d=mm&r=g","caption":"Reda\u00e7\u00e3o"}}]}},"amp_enabled":true,"_links":{"self":[{"href":"https:\/\/www.notibras.com\/site\/wp-json\/wp\/v2\/posts\/205359","targetHints":{"allow":["GET"]}}],"collection":[{"href":"https:\/\/www.notibras.com\/site\/wp-json\/wp\/v2\/posts"}],"about":[{"href":"https:\/\/www.notibras.com\/site\/wp-json\/wp\/v2\/types\/post"}],"author":[{"embeddable":true,"href":"https:\/\/www.notibras.com\/site\/wp-json\/wp\/v2\/users\/2"}],"replies":[{"embeddable":true,"href":"https:\/\/www.notibras.com\/site\/wp-json\/wp\/v2\/comments?post=205359"}],"version-history":[{"count":3,"href":"https:\/\/www.notibras.com\/site\/wp-json\/wp\/v2\/posts\/205359\/revisions"}],"predecessor-version":[{"id":205363,"href":"https:\/\/www.notibras.com\/site\/wp-json\/wp\/v2\/posts\/205359\/revisions\/205363"}],"wp:featuredmedia":[{"embeddable":true,"href":"https:\/\/www.notibras.com\/site\/wp-json\/wp\/v2\/media\/205360"}],"wp:attachment":[{"href":"https:\/\/www.notibras.com\/site\/wp-json\/wp\/v2\/media?parent=205359"}],"wp:term":[{"taxonomy":"category","embeddable":true,"href":"https:\/\/www.notibras.com\/site\/wp-json\/wp\/v2\/categories?post=205359"},{"taxonomy":"post_tag","embeddable":true,"href":"https:\/\/www.notibras.com\/site\/wp-json\/wp\/v2\/tags?post=205359"}],"curies":[{"name":"wp","href":"https:\/\/api.w.org\/{rel}","templated":true}]}}