{"id":205364,"date":"2019-03-23T15:39:49","date_gmt":"2019-03-23T18:39:49","guid":{"rendered":"https:\/\/www.notibras.com\/site\/?p=205364"},"modified":"2019-03-23T15:39:49","modified_gmt":"2019-03-23T18:39:49","slug":"planalto-da-sinais-de-impaciencia-com-o-congresso","status":"publish","type":"post","link":"https:\/\/www.notibras.com\/site\/planalto-da-sinais-de-impaciencia-com-o-congresso\/","title":{"rendered":"Planalto d\u00e1 sinais de impaci\u00eancia com o Congresso"},"content":{"rendered":"<p>O presidente Jair Bolsonaro est\u00e1 disposto a ir para a queda-de-bra\u00e7o com o Congresso Nacional para aprovar a reforma da Previd\u00eancia Social. Se as mudan\u00e7as n\u00e3o forem concretizadas, o Brasil quebra, diz ele. E se isso acontecer, a culpa ser\u00e1 exclusiva dos parlamentares, que insistem, nas palavras do presidente, com a pr\u00e1tica da velha pol\u00edtica.<\/p>\n<p>Velha pol\u00edtica, no jarg\u00e3o dos novatos que chegaram \u00e0 C\u00e2mara e Senado no turbilh\u00e3o de votos que varreu muita gente do cen\u00e1rio, \u00e9 sempre associada \u00e0 tese de S\u00e3o Francisco de Assis, de que \u00e9 dando que se recebe. Ou seja, o famoso toma-l\u00e1-d\u00e1-c\u00e1, uma moeda que sempre existiu nos acordos entre o Executivo e o Legislativo, que Bolsonaro repudia.<\/p>\n<p>Se h\u00e1 atritos entre o Pal\u00e1cio do Planalto e o Congresso Nacional, disse o presidente no Chile, neste s\u00e1bado, \u00e9 porque muita gente n\u00e3o quer largar a &#8220;velha pol\u00edtica&#8221;. Ele ponderou que \u201c responsabilidade no momento est\u00e1 com Parlamento brasileiro e eu confio na maioria dos parlamentares que est\u00e1 n\u00e3o \u00e9 uma quest\u00e3o de governo Jair Bolsonaro, mas sim uma quest\u00e3o de Estado. \u00c9 uma quest\u00e3o no Brasil de n\u00f3s n\u00e3o enfrentarmos situa\u00e7\u00f5es que outros pa\u00edses enfrentaram como, por exemplo, alguns da Europa\u201d, disse.<\/p>\n<p>&#8220;Os atritos acontecem mesmo eu estando calado, fora do Brasil. E acontecem na pol\u00edtica l\u00e1 dentro (do Congresso) porque alguns, n\u00e3o s\u00e3o todos, n\u00e3o querem largar a velha pol\u00edtica&#8221;, enfatizou Bolsonaro.<\/p>\n<p>Em seu desabafo, o presidente, embora n\u00e3o tenha citado nomes, lembrou ter recebido o governo em uma crise &#8220;\u00e9tica, moral e econ\u00f4mica&#8221;, sin\u00f4nimo de um Brasil &#8220;campe\u00e3o da corrup\u00e7\u00e3o&#8221;. O &#8216;buraco&#8217;, segundo Bolsonaro, \u00e9 profundo, mas h\u00e1 &#8220;grande chance de sair dele, desde que o Pa\u00eds aprove as reformas, principalmente a da Previd\u00eancia.&#8221;<\/p>\n<p>&#8220;Como n\u00f3s chegamos sem apoios pol\u00edticos partid\u00e1rios escolhemos um minist\u00e9rio, com pessoas que queriam participar do governo por patriotismo. Montamos nosso minist\u00e9rio desagradando os pol\u00edticos tradicionais&#8221;, pontuou Bolsonaro.<\/p>\n<p>Entretanto, de acordo com o entendimento do presidente, apesar de os pol\u00edticos tradicionais continuarem ocupando espa\u00e7o, reagindo \u00e0s mudan\u00e7as que o Brasil necessita, &#8220;h\u00e1 uma parte n\u00e3o contaminada que tem compromissos com o Brasil&#8221;.<\/p>\n<p>\u00c9 justamente com esse grupo de &#8216;patriotas&#8217; que o presidente pretende levar adiante as reformas. E na hora da queda-de-bra\u00e7o, ele espera sair vitorioso. Para isso, conta, inclusive, com o respaldo popular.<\/p>\n","protected":false},"excerpt":{"rendered":"<p>O presidente Jair Bolsonaro est\u00e1 disposto a ir para a queda-de-bra\u00e7o com o Congresso Nacional para aprovar a reforma da Previd\u00eancia Social. Se as mudan\u00e7as n\u00e3o forem concretizadas, o Brasil quebra, diz ele. E se isso acontecer, a culpa ser\u00e1 exclusiva dos parlamentares, que insistem, nas palavras do presidente, com a pr\u00e1tica da velha pol\u00edtica. [&hellip;]<\/p>\n","protected":false},"author":2,"featured_media":205365,"comment_status":"closed","ping_status":"closed","sticky":false,"template":"","format":"standard","meta":{"_acf_changed":false,"footnotes":""},"categories":[16],"tags":[95],"class_list":["post-205364","post","type-post","status-publish","format-standard","has-post-thumbnail","hentry","category-brasil","tag-capa"],"acf":[],"yoast_head":"<!-- This site is optimized with the Yoast SEO plugin v27.2 - https:\/\/yoast.com\/product\/yoast-seo-wordpress\/ -->\n<title>Planalto d\u00e1 sinais de impaci\u00eancia com o Congresso - Notibras<\/title>\n<meta name=\"robots\" content=\"index, follow, max-snippet:-1, max-image-preview:large, max-video-preview:-1\" \/>\n<link rel=\"canonical\" href=\"https:\/\/www.notibras.com\/site\/planalto-da-sinais-de-impaciencia-com-o-congresso\/\" \/>\n<meta property=\"og:locale\" content=\"pt_BR\" \/>\n<meta property=\"og:type\" content=\"article\" \/>\n<meta property=\"og:title\" content=\"Planalto d\u00e1 sinais de impaci\u00eancia com o Congresso - Notibras\" \/>\n<meta property=\"og:description\" content=\"O presidente Jair Bolsonaro est\u00e1 disposto a ir para a queda-de-bra\u00e7o com o Congresso Nacional para aprovar a reforma da Previd\u00eancia Social. Se as mudan\u00e7as n\u00e3o forem concretizadas, o Brasil quebra, diz ele. E se isso acontecer, a culpa ser\u00e1 exclusiva dos parlamentares, que insistem, nas palavras do presidente, com a pr\u00e1tica da velha pol\u00edtica. [&hellip;]\" \/>\n<meta property=\"og:url\" content=\"https:\/\/www.notibras.com\/site\/planalto-da-sinais-de-impaciencia-com-o-congresso\/\" \/>\n<meta property=\"og:site_name\" content=\"Notibras\" \/>\n<meta property=\"article:publisher\" content=\"https:\/\/www.facebook.com\/notibras\/\" \/>\n<meta property=\"article:published_time\" content=\"2019-03-23T18:39:49+00:00\" \/>\n<meta property=\"og:image\" content=\"https:\/\/www.notibras.com\/site\/wp-content\/uploads\/2019\/03\/bolsonaro-chile-23.jpg\" \/>\n\t<meta property=\"og:image:width\" content=\"1140\" \/>\n\t<meta property=\"og:image:height\" content=\"760\" \/>\n\t<meta property=\"og:image:type\" content=\"image\/jpeg\" \/>\n<meta name=\"author\" content=\"Reda\u00e7\u00e3o\" \/>\n<meta name=\"twitter:card\" content=\"summary_large_image\" \/>\n<meta name=\"twitter:creator\" content=\"@Notibras\" \/>\n<meta name=\"twitter:site\" content=\"@Notibras\" \/>\n<meta name=\"twitter:label1\" content=\"Escrito por\" \/>\n\t<meta name=\"twitter:data1\" content=\"Reda\u00e7\u00e3o\" \/>\n\t<meta name=\"twitter:label2\" content=\"Est. tempo de leitura\" \/>\n\t<meta name=\"twitter:data2\" content=\"2 minutos\" \/>\n<script type=\"application\/ld+json\" class=\"yoast-schema-graph\">{\"@context\":\"https:\/\/schema.org\",\"@graph\":[{\"@type\":\"Article\",\"@id\":\"https:\/\/www.notibras.com\/site\/planalto-da-sinais-de-impaciencia-com-o-congresso\/#article\",\"isPartOf\":{\"@id\":\"https:\/\/www.notibras.com\/site\/planalto-da-sinais-de-impaciencia-com-o-congresso\/\"},\"author\":{\"name\":\"Reda\u00e7\u00e3o\",\"@id\":\"https:\/\/www.notibras.com\/site\/#\/schema\/person\/36ab0979449956132d3e5b517ea76ac8\"},\"headline\":\"Planalto d\u00e1 sinais de impaci\u00eancia com o Congresso\",\"datePublished\":\"2019-03-23T18:39:49+00:00\",\"mainEntityOfPage\":{\"@id\":\"https:\/\/www.notibras.com\/site\/planalto-da-sinais-de-impaciencia-com-o-congresso\/\"},\"wordCount\":425,\"publisher\":{\"@id\":\"https:\/\/www.notibras.com\/site\/#organization\"},\"image\":{\"@id\":\"https:\/\/www.notibras.com\/site\/planalto-da-sinais-de-impaciencia-com-o-congresso\/#primaryimage\"},\"thumbnailUrl\":\"https:\/\/www.notibras.com\/site\/wp-content\/uploads\/2019\/03\/bolsonaro-chile-23.jpg\",\"keywords\":[\"capa\"],\"articleSection\":[\"Brasil\"],\"inLanguage\":\"pt-BR\"},{\"@type\":\"WebPage\",\"@id\":\"https:\/\/www.notibras.com\/site\/planalto-da-sinais-de-impaciencia-com-o-congresso\/\",\"url\":\"https:\/\/www.notibras.com\/site\/planalto-da-sinais-de-impaciencia-com-o-congresso\/\",\"name\":\"Planalto d\u00e1 sinais de impaci\u00eancia com o Congresso - Notibras\",\"isPartOf\":{\"@id\":\"https:\/\/www.notibras.com\/site\/#website\"},\"primaryImageOfPage\":{\"@id\":\"https:\/\/www.notibras.com\/site\/planalto-da-sinais-de-impaciencia-com-o-congresso\/#primaryimage\"},\"image\":{\"@id\":\"https:\/\/www.notibras.com\/site\/planalto-da-sinais-de-impaciencia-com-o-congresso\/#primaryimage\"},\"thumbnailUrl\":\"https:\/\/www.notibras.com\/site\/wp-content\/uploads\/2019\/03\/bolsonaro-chile-23.jpg\",\"datePublished\":\"2019-03-23T18:39:49+00:00\",\"breadcrumb\":{\"@id\":\"https:\/\/www.notibras.com\/site\/planalto-da-sinais-de-impaciencia-com-o-congresso\/#breadcrumb\"},\"inLanguage\":\"pt-BR\",\"potentialAction\":[{\"@type\":\"ReadAction\",\"target\":[\"https:\/\/www.notibras.com\/site\/planalto-da-sinais-de-impaciencia-com-o-congresso\/\"]}]},{\"@type\":\"ImageObject\",\"inLanguage\":\"pt-BR\",\"@id\":\"https:\/\/www.notibras.com\/site\/planalto-da-sinais-de-impaciencia-com-o-congresso\/#primaryimage\",\"url\":\"https:\/\/www.notibras.com\/site\/wp-content\/uploads\/2019\/03\/bolsonaro-chile-23.jpg\",\"contentUrl\":\"https:\/\/www.notibras.com\/site\/wp-content\/uploads\/2019\/03\/bolsonaro-chile-23.jpg\",\"width\":1140,\"height\":760,\"caption\":\"Foto: Marcos Corr\u00eaa\/PR\"},{\"@type\":\"BreadcrumbList\",\"@id\":\"https:\/\/www.notibras.com\/site\/planalto-da-sinais-de-impaciencia-com-o-congresso\/#breadcrumb\",\"itemListElement\":[{\"@type\":\"ListItem\",\"position\":1,\"name\":\"In\u00edcio\",\"item\":\"https:\/\/www.notibras.com\/site\/\"},{\"@type\":\"ListItem\",\"position\":2,\"name\":\"Planalto d\u00e1 sinais de impaci\u00eancia com o Congresso\"}]},{\"@type\":\"WebSite\",\"@id\":\"https:\/\/www.notibras.com\/site\/#website\",\"url\":\"https:\/\/www.notibras.com\/site\/\",\"name\":\"Notibras\",\"description\":\"Not\u00edcias de Bras\u00edlia, do Brasil e do Mundo\",\"publisher\":{\"@id\":\"https:\/\/www.notibras.com\/site\/#organization\"},\"potentialAction\":[{\"@type\":\"SearchAction\",\"target\":{\"@type\":\"EntryPoint\",\"urlTemplate\":\"https:\/\/www.notibras.com\/site\/?s={search_term_string}\"},\"query-input\":{\"@type\":\"PropertyValueSpecification\",\"valueRequired\":true,\"valueName\":\"search_term_string\"}}],\"inLanguage\":\"pt-BR\"},{\"@type\":\"Organization\",\"@id\":\"https:\/\/www.notibras.com\/site\/#organization\",\"name\":\"Grupo Notibras de Comunica\u00e7\u00e3o\",\"url\":\"https:\/\/www.notibras.com\/site\/\",\"logo\":{\"@type\":\"ImageObject\",\"inLanguage\":\"pt-BR\",\"@id\":\"https:\/\/www.notibras.com\/site\/#\/schema\/logo\/image\/\",\"url\":\"https:\/\/www.notibras.com\/site\/wp-content\/uploads\/2023\/01\/notibras23.png\",\"contentUrl\":\"https:\/\/www.notibras.com\/site\/wp-content\/uploads\/2023\/01\/notibras23.png\",\"width\":350,\"height\":87,\"caption\":\"Grupo Notibras de Comunica\u00e7\u00e3o\"},\"image\":{\"@id\":\"https:\/\/www.notibras.com\/site\/#\/schema\/logo\/image\/\"},\"sameAs\":[\"https:\/\/www.facebook.com\/notibras\/\",\"https:\/\/x.com\/Notibras\",\"https:\/\/www.instagram.com\/notibras\/\"]},{\"@type\":\"Person\",\"@id\":\"https:\/\/www.notibras.com\/site\/#\/schema\/person\/36ab0979449956132d3e5b517ea76ac8\",\"name\":\"Reda\u00e7\u00e3o\",\"image\":{\"@type\":\"ImageObject\",\"inLanguage\":\"pt-BR\",\"@id\":\"https:\/\/secure.gravatar.com\/avatar\/e0a867bdedb85fd243eadf09663511f96fc81e0720a4a42581f334ad4303aa6b?s=96&d=mm&r=g\",\"url\":\"https:\/\/secure.gravatar.com\/avatar\/e0a867bdedb85fd243eadf09663511f96fc81e0720a4a42581f334ad4303aa6b?s=96&d=mm&r=g\",\"contentUrl\":\"https:\/\/secure.gravatar.com\/avatar\/e0a867bdedb85fd243eadf09663511f96fc81e0720a4a42581f334ad4303aa6b?s=96&d=mm&r=g\",\"caption\":\"Reda\u00e7\u00e3o\"}}]}<\/script>\n<!-- \/ Yoast SEO plugin. -->","yoast_head_json":{"title":"Planalto d\u00e1 sinais de impaci\u00eancia com o Congresso - Notibras","robots":{"index":"index","follow":"follow","max-snippet":"max-snippet:-1","max-image-preview":"max-image-preview:large","max-video-preview":"max-video-preview:-1"},"canonical":"https:\/\/www.notibras.com\/site\/planalto-da-sinais-de-impaciencia-com-o-congresso\/","og_locale":"pt_BR","og_type":"article","og_title":"Planalto d\u00e1 sinais de impaci\u00eancia com o Congresso - Notibras","og_description":"O presidente Jair Bolsonaro est\u00e1 disposto a ir para a queda-de-bra\u00e7o com o Congresso Nacional para aprovar a reforma da Previd\u00eancia Social. Se as mudan\u00e7as n\u00e3o forem concretizadas, o Brasil quebra, diz ele. E se isso acontecer, a culpa ser\u00e1 exclusiva dos parlamentares, que insistem, nas palavras do presidente, com a pr\u00e1tica da velha pol\u00edtica. [&hellip;]","og_url":"https:\/\/www.notibras.com\/site\/planalto-da-sinais-de-impaciencia-com-o-congresso\/","og_site_name":"Notibras","article_publisher":"https:\/\/www.facebook.com\/notibras\/","article_published_time":"2019-03-23T18:39:49+00:00","og_image":[{"width":1140,"height":760,"url":"https:\/\/www.notibras.com\/site\/wp-content\/uploads\/2019\/03\/bolsonaro-chile-23.jpg","type":"image\/jpeg"}],"author":"Reda\u00e7\u00e3o","twitter_card":"summary_large_image","twitter_creator":"@Notibras","twitter_site":"@Notibras","twitter_misc":{"Escrito por":"Reda\u00e7\u00e3o","Est. tempo de leitura":"2 minutos"},"schema":{"@context":"https:\/\/schema.org","@graph":[{"@type":"Article","@id":"https:\/\/www.notibras.com\/site\/planalto-da-sinais-de-impaciencia-com-o-congresso\/#article","isPartOf":{"@id":"https:\/\/www.notibras.com\/site\/planalto-da-sinais-de-impaciencia-com-o-congresso\/"},"author":{"name":"Reda\u00e7\u00e3o","@id":"https:\/\/www.notibras.com\/site\/#\/schema\/person\/36ab0979449956132d3e5b517ea76ac8"},"headline":"Planalto d\u00e1 sinais de impaci\u00eancia com o Congresso","datePublished":"2019-03-23T18:39:49+00:00","mainEntityOfPage":{"@id":"https:\/\/www.notibras.com\/site\/planalto-da-sinais-de-impaciencia-com-o-congresso\/"},"wordCount":425,"publisher":{"@id":"https:\/\/www.notibras.com\/site\/#organization"},"image":{"@id":"https:\/\/www.notibras.com\/site\/planalto-da-sinais-de-impaciencia-com-o-congresso\/#primaryimage"},"thumbnailUrl":"https:\/\/www.notibras.com\/site\/wp-content\/uploads\/2019\/03\/bolsonaro-chile-23.jpg","keywords":["capa"],"articleSection":["Brasil"],"inLanguage":"pt-BR"},{"@type":"WebPage","@id":"https:\/\/www.notibras.com\/site\/planalto-da-sinais-de-impaciencia-com-o-congresso\/","url":"https:\/\/www.notibras.com\/site\/planalto-da-sinais-de-impaciencia-com-o-congresso\/","name":"Planalto d\u00e1 sinais de impaci\u00eancia com o Congresso - Notibras","isPartOf":{"@id":"https:\/\/www.notibras.com\/site\/#website"},"primaryImageOfPage":{"@id":"https:\/\/www.notibras.com\/site\/planalto-da-sinais-de-impaciencia-com-o-congresso\/#primaryimage"},"image":{"@id":"https:\/\/www.notibras.com\/site\/planalto-da-sinais-de-impaciencia-com-o-congresso\/#primaryimage"},"thumbnailUrl":"https:\/\/www.notibras.com\/site\/wp-content\/uploads\/2019\/03\/bolsonaro-chile-23.jpg","datePublished":"2019-03-23T18:39:49+00:00","breadcrumb":{"@id":"https:\/\/www.notibras.com\/site\/planalto-da-sinais-de-impaciencia-com-o-congresso\/#breadcrumb"},"inLanguage":"pt-BR","potentialAction":[{"@type":"ReadAction","target":["https:\/\/www.notibras.com\/site\/planalto-da-sinais-de-impaciencia-com-o-congresso\/"]}]},{"@type":"ImageObject","inLanguage":"pt-BR","@id":"https:\/\/www.notibras.com\/site\/planalto-da-sinais-de-impaciencia-com-o-congresso\/#primaryimage","url":"https:\/\/www.notibras.com\/site\/wp-content\/uploads\/2019\/03\/bolsonaro-chile-23.jpg","contentUrl":"https:\/\/www.notibras.com\/site\/wp-content\/uploads\/2019\/03\/bolsonaro-chile-23.jpg","width":1140,"height":760,"caption":"Foto: Marcos Corr\u00eaa\/PR"},{"@type":"BreadcrumbList","@id":"https:\/\/www.notibras.com\/site\/planalto-da-sinais-de-impaciencia-com-o-congresso\/#breadcrumb","itemListElement":[{"@type":"ListItem","position":1,"name":"In\u00edcio","item":"https:\/\/www.notibras.com\/site\/"},{"@type":"ListItem","position":2,"name":"Planalto d\u00e1 sinais de impaci\u00eancia com o Congresso"}]},{"@type":"WebSite","@id":"https:\/\/www.notibras.com\/site\/#website","url":"https:\/\/www.notibras.com\/site\/","name":"Notibras","description":"Not\u00edcias de Bras\u00edlia, do Brasil e do Mundo","publisher":{"@id":"https:\/\/www.notibras.com\/site\/#organization"},"potentialAction":[{"@type":"SearchAction","target":{"@type":"EntryPoint","urlTemplate":"https:\/\/www.notibras.com\/site\/?s={search_term_string}"},"query-input":{"@type":"PropertyValueSpecification","valueRequired":true,"valueName":"search_term_string"}}],"inLanguage":"pt-BR"},{"@type":"Organization","@id":"https:\/\/www.notibras.com\/site\/#organization","name":"Grupo Notibras de Comunica\u00e7\u00e3o","url":"https:\/\/www.notibras.com\/site\/","logo":{"@type":"ImageObject","inLanguage":"pt-BR","@id":"https:\/\/www.notibras.com\/site\/#\/schema\/logo\/image\/","url":"https:\/\/www.notibras.com\/site\/wp-content\/uploads\/2023\/01\/notibras23.png","contentUrl":"https:\/\/www.notibras.com\/site\/wp-content\/uploads\/2023\/01\/notibras23.png","width":350,"height":87,"caption":"Grupo Notibras de Comunica\u00e7\u00e3o"},"image":{"@id":"https:\/\/www.notibras.com\/site\/#\/schema\/logo\/image\/"},"sameAs":["https:\/\/www.facebook.com\/notibras\/","https:\/\/x.com\/Notibras","https:\/\/www.instagram.com\/notibras\/"]},{"@type":"Person","@id":"https:\/\/www.notibras.com\/site\/#\/schema\/person\/36ab0979449956132d3e5b517ea76ac8","name":"Reda\u00e7\u00e3o","image":{"@type":"ImageObject","inLanguage":"pt-BR","@id":"https:\/\/secure.gravatar.com\/avatar\/e0a867bdedb85fd243eadf09663511f96fc81e0720a4a42581f334ad4303aa6b?s=96&d=mm&r=g","url":"https:\/\/secure.gravatar.com\/avatar\/e0a867bdedb85fd243eadf09663511f96fc81e0720a4a42581f334ad4303aa6b?s=96&d=mm&r=g","contentUrl":"https:\/\/secure.gravatar.com\/avatar\/e0a867bdedb85fd243eadf09663511f96fc81e0720a4a42581f334ad4303aa6b?s=96&d=mm&r=g","caption":"Reda\u00e7\u00e3o"}}]}},"amp_enabled":true,"_links":{"self":[{"href":"https:\/\/www.notibras.com\/site\/wp-json\/wp\/v2\/posts\/205364","targetHints":{"allow":["GET"]}}],"collection":[{"href":"https:\/\/www.notibras.com\/site\/wp-json\/wp\/v2\/posts"}],"about":[{"href":"https:\/\/www.notibras.com\/site\/wp-json\/wp\/v2\/types\/post"}],"author":[{"embeddable":true,"href":"https:\/\/www.notibras.com\/site\/wp-json\/wp\/v2\/users\/2"}],"replies":[{"embeddable":true,"href":"https:\/\/www.notibras.com\/site\/wp-json\/wp\/v2\/comments?post=205364"}],"version-history":[{"count":1,"href":"https:\/\/www.notibras.com\/site\/wp-json\/wp\/v2\/posts\/205364\/revisions"}],"predecessor-version":[{"id":205366,"href":"https:\/\/www.notibras.com\/site\/wp-json\/wp\/v2\/posts\/205364\/revisions\/205366"}],"wp:featuredmedia":[{"embeddable":true,"href":"https:\/\/www.notibras.com\/site\/wp-json\/wp\/v2\/media\/205365"}],"wp:attachment":[{"href":"https:\/\/www.notibras.com\/site\/wp-json\/wp\/v2\/media?parent=205364"}],"wp:term":[{"taxonomy":"category","embeddable":true,"href":"https:\/\/www.notibras.com\/site\/wp-json\/wp\/v2\/categories?post=205364"},{"taxonomy":"post_tag","embeddable":true,"href":"https:\/\/www.notibras.com\/site\/wp-json\/wp\/v2\/tags?post=205364"}],"curies":[{"name":"wp","href":"https:\/\/api.w.org\/{rel}","templated":true}]}}