{"id":205367,"date":"2019-03-23T16:01:00","date_gmt":"2019-03-23T19:01:00","guid":{"rendered":"https:\/\/www.notibras.com\/site\/?p=205367"},"modified":"2019-03-23T16:10:31","modified_gmt":"2019-03-23T19:10:31","slug":"perdeu-o-jogo-perdeu-nada-foi-pelada-de-varzea","status":"publish","type":"post","link":"https:\/\/www.notibras.com\/site\/perdeu-o-jogo-perdeu-nada-foi-pelada-de-varzea\/","title":{"rendered":"Perdeu o jogo? Perdeu nada. Foi pelada de v\u00e1rzea"},"content":{"rendered":"<p>Parecia uma pelada de v\u00e1rzea, com 11 jogadores tirados em sorteio, na base do par ou \u00edmpar, sem nenhum entrosamento. Foi isso o que se viu nesta s\u00e1bado na cidade do Porto, em Portugal, no amistoso do Brasil contra o Panam\u00e1, empatado em 1 a 1.<\/p>\n<p>Foi o primeiro amistoso da Sele\u00e7\u00e3o Brasileira em 2019. Havia certa expectativa com caras novas, proximidade da lista de convocados para a Copa Am\u00e9rica, mas dentro de campo o time n\u00e3o deixou boas impress\u00f5es. Coube a Lucas Paquet\u00e1 marcar para o Brasil. Adolfo Machado empatou para os panamenhos.<\/p>\n<p>O Brasil volta a campo na pr\u00f3xima ter\u00e7a-feira, onde enfrenta a Rep\u00fablica Tcheca, em Praga, no segundo amistoso desta data-Fifa e no \u00faltimo compromisso antes de o t\u00e9cnico Tite divulgar a lista de convocados para a Copa Am\u00e9rica. A tend\u00eancia \u00e9 que nomes experientes como Alisson, Danilo, Marquinhos, Thiago Silva e Alex Sandro estejam em campo nesta partida.<\/p>\n","protected":false},"excerpt":{"rendered":"<p>Parecia uma pelada de v\u00e1rzea, com 11 jogadores tirados em sorteio, na base do par ou \u00edmpar, sem nenhum entrosamento. Foi isso o que se viu nesta s\u00e1bado na cidade do Porto, em Portugal, no amistoso do Brasil contra o Panam\u00e1, empatado em 1 a 1. Foi o primeiro amistoso da Sele\u00e7\u00e3o Brasileira em 2019. [&hellip;]<\/p>\n","protected":false},"author":2,"featured_media":205368,"comment_status":"closed","ping_status":"closed","sticky":false,"template":"","format":"standard","meta":{"_acf_changed":false,"footnotes":""},"categories":[19],"tags":[95],"class_list":["post-205367","post","type-post","status-publish","format-standard","has-post-thumbnail","hentry","category-esportes","tag-capa"],"acf":[],"yoast_head":"<!-- This site is optimized with the Yoast SEO plugin v27.2 - https:\/\/yoast.com\/product\/yoast-seo-wordpress\/ -->\n<title>Perdeu o jogo? Perdeu nada. Foi pelada de v\u00e1rzea - Notibras<\/title>\n<meta name=\"robots\" content=\"index, follow, max-snippet:-1, max-image-preview:large, max-video-preview:-1\" \/>\n<link rel=\"canonical\" href=\"https:\/\/www.notibras.com\/site\/perdeu-o-jogo-perdeu-nada-foi-pelada-de-varzea\/\" \/>\n<meta property=\"og:locale\" content=\"pt_BR\" \/>\n<meta property=\"og:type\" content=\"article\" \/>\n<meta property=\"og:title\" content=\"Perdeu o jogo? Perdeu nada. Foi pelada de v\u00e1rzea - Notibras\" \/>\n<meta property=\"og:description\" content=\"Parecia uma pelada de v\u00e1rzea, com 11 jogadores tirados em sorteio, na base do par ou \u00edmpar, sem nenhum entrosamento. Foi isso o que se viu nesta s\u00e1bado na cidade do Porto, em Portugal, no amistoso do Brasil contra o Panam\u00e1, empatado em 1 a 1. Foi o primeiro amistoso da Sele\u00e7\u00e3o Brasileira em 2019. [&hellip;]\" \/>\n<meta property=\"og:url\" content=\"https:\/\/www.notibras.com\/site\/perdeu-o-jogo-perdeu-nada-foi-pelada-de-varzea\/\" \/>\n<meta property=\"og:site_name\" content=\"Notibras\" \/>\n<meta property=\"article:publisher\" content=\"https:\/\/www.facebook.com\/notibras\/\" \/>\n<meta property=\"article:published_time\" content=\"2019-03-23T19:01:00+00:00\" \/>\n<meta property=\"article:modified_time\" content=\"2019-03-23T19:10:31+00:00\" \/>\n<meta property=\"og:image\" content=\"https:\/\/www.notibras.com\/site\/wp-content\/uploads\/2019\/03\/brasil-e-panam\u00e1.jpeg\" \/>\n\t<meta property=\"og:image:width\" content=\"940\" \/>\n\t<meta property=\"og:image:height\" content=\"628\" \/>\n\t<meta property=\"og:image:type\" content=\"image\/jpeg\" \/>\n<meta name=\"author\" content=\"Reda\u00e7\u00e3o\" \/>\n<meta name=\"twitter:card\" content=\"summary_large_image\" \/>\n<meta name=\"twitter:creator\" content=\"@Notibras\" \/>\n<meta name=\"twitter:site\" content=\"@Notibras\" \/>\n<meta name=\"twitter:label1\" content=\"Escrito por\" \/>\n\t<meta name=\"twitter:data1\" content=\"Reda\u00e7\u00e3o\" \/>\n\t<meta name=\"twitter:label2\" content=\"Est. tempo de leitura\" \/>\n\t<meta name=\"twitter:data2\" content=\"1 minuto\" \/>\n<script type=\"application\/ld+json\" class=\"yoast-schema-graph\">{\"@context\":\"https:\/\/schema.org\",\"@graph\":[{\"@type\":\"Article\",\"@id\":\"https:\/\/www.notibras.com\/site\/perdeu-o-jogo-perdeu-nada-foi-pelada-de-varzea\/#article\",\"isPartOf\":{\"@id\":\"https:\/\/www.notibras.com\/site\/perdeu-o-jogo-perdeu-nada-foi-pelada-de-varzea\/\"},\"author\":{\"name\":\"Reda\u00e7\u00e3o\",\"@id\":\"https:\/\/www.notibras.com\/site\/#\/schema\/person\/36ab0979449956132d3e5b517ea76ac8\"},\"headline\":\"Perdeu o jogo? Perdeu nada. Foi pelada de v\u00e1rzea\",\"datePublished\":\"2019-03-23T19:01:00+00:00\",\"dateModified\":\"2019-03-23T19:10:31+00:00\",\"mainEntityOfPage\":{\"@id\":\"https:\/\/www.notibras.com\/site\/perdeu-o-jogo-perdeu-nada-foi-pelada-de-varzea\/\"},\"wordCount\":169,\"publisher\":{\"@id\":\"https:\/\/www.notibras.com\/site\/#organization\"},\"image\":{\"@id\":\"https:\/\/www.notibras.com\/site\/perdeu-o-jogo-perdeu-nada-foi-pelada-de-varzea\/#primaryimage\"},\"thumbnailUrl\":\"https:\/\/www.notibras.com\/site\/wp-content\/uploads\/2019\/03\/brasil-e-panam\u00e1.jpeg\",\"keywords\":[\"capa\"],\"articleSection\":[\"Esportes\"],\"inLanguage\":\"pt-BR\"},{\"@type\":\"WebPage\",\"@id\":\"https:\/\/www.notibras.com\/site\/perdeu-o-jogo-perdeu-nada-foi-pelada-de-varzea\/\",\"url\":\"https:\/\/www.notibras.com\/site\/perdeu-o-jogo-perdeu-nada-foi-pelada-de-varzea\/\",\"name\":\"Perdeu o jogo? Perdeu nada. Foi pelada de v\u00e1rzea - Notibras\",\"isPartOf\":{\"@id\":\"https:\/\/www.notibras.com\/site\/#website\"},\"primaryImageOfPage\":{\"@id\":\"https:\/\/www.notibras.com\/site\/perdeu-o-jogo-perdeu-nada-foi-pelada-de-varzea\/#primaryimage\"},\"image\":{\"@id\":\"https:\/\/www.notibras.com\/site\/perdeu-o-jogo-perdeu-nada-foi-pelada-de-varzea\/#primaryimage\"},\"thumbnailUrl\":\"https:\/\/www.notibras.com\/site\/wp-content\/uploads\/2019\/03\/brasil-e-panam\u00e1.jpeg\",\"datePublished\":\"2019-03-23T19:01:00+00:00\",\"dateModified\":\"2019-03-23T19:10:31+00:00\",\"breadcrumb\":{\"@id\":\"https:\/\/www.notibras.com\/site\/perdeu-o-jogo-perdeu-nada-foi-pelada-de-varzea\/#breadcrumb\"},\"inLanguage\":\"pt-BR\",\"potentialAction\":[{\"@type\":\"ReadAction\",\"target\":[\"https:\/\/www.notibras.com\/site\/perdeu-o-jogo-perdeu-nada-foi-pelada-de-varzea\/\"]}]},{\"@type\":\"ImageObject\",\"inLanguage\":\"pt-BR\",\"@id\":\"https:\/\/www.notibras.com\/site\/perdeu-o-jogo-perdeu-nada-foi-pelada-de-varzea\/#primaryimage\",\"url\":\"https:\/\/www.notibras.com\/site\/wp-content\/uploads\/2019\/03\/brasil-e-panam\u00e1.jpeg\",\"contentUrl\":\"https:\/\/www.notibras.com\/site\/wp-content\/uploads\/2019\/03\/brasil-e-panam\u00e1.jpeg\",\"width\":940,\"height\":628,\"caption\":\"Foto\/Reprodu\u00e7\u00e3o - TV Globo\"},{\"@type\":\"BreadcrumbList\",\"@id\":\"https:\/\/www.notibras.com\/site\/perdeu-o-jogo-perdeu-nada-foi-pelada-de-varzea\/#breadcrumb\",\"itemListElement\":[{\"@type\":\"ListItem\",\"position\":1,\"name\":\"In\u00edcio\",\"item\":\"https:\/\/www.notibras.com\/site\/\"},{\"@type\":\"ListItem\",\"position\":2,\"name\":\"Perdeu o jogo? Perdeu nada. Foi pelada de v\u00e1rzea\"}]},{\"@type\":\"WebSite\",\"@id\":\"https:\/\/www.notibras.com\/site\/#website\",\"url\":\"https:\/\/www.notibras.com\/site\/\",\"name\":\"Notibras\",\"description\":\"Not\u00edcias de Bras\u00edlia, do Brasil e do Mundo\",\"publisher\":{\"@id\":\"https:\/\/www.notibras.com\/site\/#organization\"},\"potentialAction\":[{\"@type\":\"SearchAction\",\"target\":{\"@type\":\"EntryPoint\",\"urlTemplate\":\"https:\/\/www.notibras.com\/site\/?s={search_term_string}\"},\"query-input\":{\"@type\":\"PropertyValueSpecification\",\"valueRequired\":true,\"valueName\":\"search_term_string\"}}],\"inLanguage\":\"pt-BR\"},{\"@type\":\"Organization\",\"@id\":\"https:\/\/www.notibras.com\/site\/#organization\",\"name\":\"Grupo Notibras de Comunica\u00e7\u00e3o\",\"url\":\"https:\/\/www.notibras.com\/site\/\",\"logo\":{\"@type\":\"ImageObject\",\"inLanguage\":\"pt-BR\",\"@id\":\"https:\/\/www.notibras.com\/site\/#\/schema\/logo\/image\/\",\"url\":\"https:\/\/www.notibras.com\/site\/wp-content\/uploads\/2023\/01\/notibras23.png\",\"contentUrl\":\"https:\/\/www.notibras.com\/site\/wp-content\/uploads\/2023\/01\/notibras23.png\",\"width\":350,\"height\":87,\"caption\":\"Grupo Notibras de Comunica\u00e7\u00e3o\"},\"image\":{\"@id\":\"https:\/\/www.notibras.com\/site\/#\/schema\/logo\/image\/\"},\"sameAs\":[\"https:\/\/www.facebook.com\/notibras\/\",\"https:\/\/x.com\/Notibras\",\"https:\/\/www.instagram.com\/notibras\/\"]},{\"@type\":\"Person\",\"@id\":\"https:\/\/www.notibras.com\/site\/#\/schema\/person\/36ab0979449956132d3e5b517ea76ac8\",\"name\":\"Reda\u00e7\u00e3o\",\"image\":{\"@type\":\"ImageObject\",\"inLanguage\":\"pt-BR\",\"@id\":\"https:\/\/secure.gravatar.com\/avatar\/e0a867bdedb85fd243eadf09663511f96fc81e0720a4a42581f334ad4303aa6b?s=96&d=mm&r=g\",\"url\":\"https:\/\/secure.gravatar.com\/avatar\/e0a867bdedb85fd243eadf09663511f96fc81e0720a4a42581f334ad4303aa6b?s=96&d=mm&r=g\",\"contentUrl\":\"https:\/\/secure.gravatar.com\/avatar\/e0a867bdedb85fd243eadf09663511f96fc81e0720a4a42581f334ad4303aa6b?s=96&d=mm&r=g\",\"caption\":\"Reda\u00e7\u00e3o\"}}]}<\/script>\n<!-- \/ Yoast SEO plugin. -->","yoast_head_json":{"title":"Perdeu o jogo? Perdeu nada. Foi pelada de v\u00e1rzea - Notibras","robots":{"index":"index","follow":"follow","max-snippet":"max-snippet:-1","max-image-preview":"max-image-preview:large","max-video-preview":"max-video-preview:-1"},"canonical":"https:\/\/www.notibras.com\/site\/perdeu-o-jogo-perdeu-nada-foi-pelada-de-varzea\/","og_locale":"pt_BR","og_type":"article","og_title":"Perdeu o jogo? Perdeu nada. Foi pelada de v\u00e1rzea - Notibras","og_description":"Parecia uma pelada de v\u00e1rzea, com 11 jogadores tirados em sorteio, na base do par ou \u00edmpar, sem nenhum entrosamento. Foi isso o que se viu nesta s\u00e1bado na cidade do Porto, em Portugal, no amistoso do Brasil contra o Panam\u00e1, empatado em 1 a 1. Foi o primeiro amistoso da Sele\u00e7\u00e3o Brasileira em 2019. [&hellip;]","og_url":"https:\/\/www.notibras.com\/site\/perdeu-o-jogo-perdeu-nada-foi-pelada-de-varzea\/","og_site_name":"Notibras","article_publisher":"https:\/\/www.facebook.com\/notibras\/","article_published_time":"2019-03-23T19:01:00+00:00","article_modified_time":"2019-03-23T19:10:31+00:00","og_image":[{"width":940,"height":628,"url":"https:\/\/www.notibras.com\/site\/wp-content\/uploads\/2019\/03\/brasil-e-panam\u00e1.jpeg","type":"image\/jpeg"}],"author":"Reda\u00e7\u00e3o","twitter_card":"summary_large_image","twitter_creator":"@Notibras","twitter_site":"@Notibras","twitter_misc":{"Escrito por":"Reda\u00e7\u00e3o","Est. tempo de leitura":"1 minuto"},"schema":{"@context":"https:\/\/schema.org","@graph":[{"@type":"Article","@id":"https:\/\/www.notibras.com\/site\/perdeu-o-jogo-perdeu-nada-foi-pelada-de-varzea\/#article","isPartOf":{"@id":"https:\/\/www.notibras.com\/site\/perdeu-o-jogo-perdeu-nada-foi-pelada-de-varzea\/"},"author":{"name":"Reda\u00e7\u00e3o","@id":"https:\/\/www.notibras.com\/site\/#\/schema\/person\/36ab0979449956132d3e5b517ea76ac8"},"headline":"Perdeu o jogo? Perdeu nada. Foi pelada de v\u00e1rzea","datePublished":"2019-03-23T19:01:00+00:00","dateModified":"2019-03-23T19:10:31+00:00","mainEntityOfPage":{"@id":"https:\/\/www.notibras.com\/site\/perdeu-o-jogo-perdeu-nada-foi-pelada-de-varzea\/"},"wordCount":169,"publisher":{"@id":"https:\/\/www.notibras.com\/site\/#organization"},"image":{"@id":"https:\/\/www.notibras.com\/site\/perdeu-o-jogo-perdeu-nada-foi-pelada-de-varzea\/#primaryimage"},"thumbnailUrl":"https:\/\/www.notibras.com\/site\/wp-content\/uploads\/2019\/03\/brasil-e-panam\u00e1.jpeg","keywords":["capa"],"articleSection":["Esportes"],"inLanguage":"pt-BR"},{"@type":"WebPage","@id":"https:\/\/www.notibras.com\/site\/perdeu-o-jogo-perdeu-nada-foi-pelada-de-varzea\/","url":"https:\/\/www.notibras.com\/site\/perdeu-o-jogo-perdeu-nada-foi-pelada-de-varzea\/","name":"Perdeu o jogo? Perdeu nada. Foi pelada de v\u00e1rzea - Notibras","isPartOf":{"@id":"https:\/\/www.notibras.com\/site\/#website"},"primaryImageOfPage":{"@id":"https:\/\/www.notibras.com\/site\/perdeu-o-jogo-perdeu-nada-foi-pelada-de-varzea\/#primaryimage"},"image":{"@id":"https:\/\/www.notibras.com\/site\/perdeu-o-jogo-perdeu-nada-foi-pelada-de-varzea\/#primaryimage"},"thumbnailUrl":"https:\/\/www.notibras.com\/site\/wp-content\/uploads\/2019\/03\/brasil-e-panam\u00e1.jpeg","datePublished":"2019-03-23T19:01:00+00:00","dateModified":"2019-03-23T19:10:31+00:00","breadcrumb":{"@id":"https:\/\/www.notibras.com\/site\/perdeu-o-jogo-perdeu-nada-foi-pelada-de-varzea\/#breadcrumb"},"inLanguage":"pt-BR","potentialAction":[{"@type":"ReadAction","target":["https:\/\/www.notibras.com\/site\/perdeu-o-jogo-perdeu-nada-foi-pelada-de-varzea\/"]}]},{"@type":"ImageObject","inLanguage":"pt-BR","@id":"https:\/\/www.notibras.com\/site\/perdeu-o-jogo-perdeu-nada-foi-pelada-de-varzea\/#primaryimage","url":"https:\/\/www.notibras.com\/site\/wp-content\/uploads\/2019\/03\/brasil-e-panam\u00e1.jpeg","contentUrl":"https:\/\/www.notibras.com\/site\/wp-content\/uploads\/2019\/03\/brasil-e-panam\u00e1.jpeg","width":940,"height":628,"caption":"Foto\/Reprodu\u00e7\u00e3o - TV Globo"},{"@type":"BreadcrumbList","@id":"https:\/\/www.notibras.com\/site\/perdeu-o-jogo-perdeu-nada-foi-pelada-de-varzea\/#breadcrumb","itemListElement":[{"@type":"ListItem","position":1,"name":"In\u00edcio","item":"https:\/\/www.notibras.com\/site\/"},{"@type":"ListItem","position":2,"name":"Perdeu o jogo? Perdeu nada. Foi pelada de v\u00e1rzea"}]},{"@type":"WebSite","@id":"https:\/\/www.notibras.com\/site\/#website","url":"https:\/\/www.notibras.com\/site\/","name":"Notibras","description":"Not\u00edcias de Bras\u00edlia, do Brasil e do Mundo","publisher":{"@id":"https:\/\/www.notibras.com\/site\/#organization"},"potentialAction":[{"@type":"SearchAction","target":{"@type":"EntryPoint","urlTemplate":"https:\/\/www.notibras.com\/site\/?s={search_term_string}"},"query-input":{"@type":"PropertyValueSpecification","valueRequired":true,"valueName":"search_term_string"}}],"inLanguage":"pt-BR"},{"@type":"Organization","@id":"https:\/\/www.notibras.com\/site\/#organization","name":"Grupo Notibras de Comunica\u00e7\u00e3o","url":"https:\/\/www.notibras.com\/site\/","logo":{"@type":"ImageObject","inLanguage":"pt-BR","@id":"https:\/\/www.notibras.com\/site\/#\/schema\/logo\/image\/","url":"https:\/\/www.notibras.com\/site\/wp-content\/uploads\/2023\/01\/notibras23.png","contentUrl":"https:\/\/www.notibras.com\/site\/wp-content\/uploads\/2023\/01\/notibras23.png","width":350,"height":87,"caption":"Grupo Notibras de Comunica\u00e7\u00e3o"},"image":{"@id":"https:\/\/www.notibras.com\/site\/#\/schema\/logo\/image\/"},"sameAs":["https:\/\/www.facebook.com\/notibras\/","https:\/\/x.com\/Notibras","https:\/\/www.instagram.com\/notibras\/"]},{"@type":"Person","@id":"https:\/\/www.notibras.com\/site\/#\/schema\/person\/36ab0979449956132d3e5b517ea76ac8","name":"Reda\u00e7\u00e3o","image":{"@type":"ImageObject","inLanguage":"pt-BR","@id":"https:\/\/secure.gravatar.com\/avatar\/e0a867bdedb85fd243eadf09663511f96fc81e0720a4a42581f334ad4303aa6b?s=96&d=mm&r=g","url":"https:\/\/secure.gravatar.com\/avatar\/e0a867bdedb85fd243eadf09663511f96fc81e0720a4a42581f334ad4303aa6b?s=96&d=mm&r=g","contentUrl":"https:\/\/secure.gravatar.com\/avatar\/e0a867bdedb85fd243eadf09663511f96fc81e0720a4a42581f334ad4303aa6b?s=96&d=mm&r=g","caption":"Reda\u00e7\u00e3o"}}]}},"amp_enabled":true,"_links":{"self":[{"href":"https:\/\/www.notibras.com\/site\/wp-json\/wp\/v2\/posts\/205367","targetHints":{"allow":["GET"]}}],"collection":[{"href":"https:\/\/www.notibras.com\/site\/wp-json\/wp\/v2\/posts"}],"about":[{"href":"https:\/\/www.notibras.com\/site\/wp-json\/wp\/v2\/types\/post"}],"author":[{"embeddable":true,"href":"https:\/\/www.notibras.com\/site\/wp-json\/wp\/v2\/users\/2"}],"replies":[{"embeddable":true,"href":"https:\/\/www.notibras.com\/site\/wp-json\/wp\/v2\/comments?post=205367"}],"version-history":[{"count":2,"href":"https:\/\/www.notibras.com\/site\/wp-json\/wp\/v2\/posts\/205367\/revisions"}],"predecessor-version":[{"id":205370,"href":"https:\/\/www.notibras.com\/site\/wp-json\/wp\/v2\/posts\/205367\/revisions\/205370"}],"wp:featuredmedia":[{"embeddable":true,"href":"https:\/\/www.notibras.com\/site\/wp-json\/wp\/v2\/media\/205368"}],"wp:attachment":[{"href":"https:\/\/www.notibras.com\/site\/wp-json\/wp\/v2\/media?parent=205367"}],"wp:term":[{"taxonomy":"category","embeddable":true,"href":"https:\/\/www.notibras.com\/site\/wp-json\/wp\/v2\/categories?post=205367"},{"taxonomy":"post_tag","embeddable":true,"href":"https:\/\/www.notibras.com\/site\/wp-json\/wp\/v2\/tags?post=205367"}],"curies":[{"name":"wp","href":"https:\/\/api.w.org\/{rel}","templated":true}]}}