{"id":20561,"date":"2014-08-24T08:53:58","date_gmt":"2014-08-24T11:53:58","guid":{"rendered":"http:\/\/www.notibras.com\/site\/?p=20561"},"modified":"2014-08-24T08:53:58","modified_gmt":"2014-08-24T11:53:58","slug":"marina-o-vice-beto-e-a-quase-certeza-de-um-segundo-turno","status":"publish","type":"post","link":"https:\/\/www.notibras.com\/site\/marina-o-vice-beto-e-a-quase-certeza-de-um-segundo-turno\/","title":{"rendered":"Marina, o vice Beto e a quase certeza de um segundo turno"},"content":{"rendered":"<p>A ex-senadora, ex-ministra do Meio Ambiente e ex-petista Marina Silva foi escolhida pelo PSB e partidos coligados como candidata \u00e0 Presid\u00eancia\u00a0 da Rep\u00fablica, em substitui\u00e7\u00e3o \u00e0 Eduardo Campos, do qual ela era companheira de chapa como vice. Para\u00a0 vice de Marina foi indicado o deputado federal gaucho Beto Albuquerque, l\u00edder do PSB na C\u00e2mara dos Deputados.<\/p>\n<p>A oficializa\u00e7\u00e3o da indica\u00e7\u00e3o de Marina foi precedida por uma s\u00e9rie de exig\u00eancias impostas pelos partidos liderados pelo PSB. Ela assumiu o compromisso de respeitar todos acordos regionais costurados\u00a0 por\u00a0\u00a0 Eduardo Campos, inclusive aqueles que a desagradaram e ela se posicionou contrariamente. Entre esses acertos\u00a0 destaque para o ocorrido em S\u00e3o Paulo, com a indica\u00e7\u00e3o do deputado M\u00e1rcio Fran\u00e7a, presidente do Diret\u00f3rio Regional do PSB paulista, como candidato \u00e0 vice do governador Geraldo Alckmin.<\/p>\n<p>Outro entendimento que Marina dever\u00e1 respeitar \u00e9 o acertado por Eduardo Campos com candidatos e setores do agroneg\u00f3cio, do qual Marina \u00e9 considerada advers\u00e1ria.\u00a0\u00a0 Marina respeitar\u00e1 outros pontos caros \u00e0 mem\u00f3ria de Eduardo Campos, como o planejamento do estado, a \u00e9tica na pol\u00edtica, a meritocracia na m\u00e1quina p\u00fablica, as reformas tribut\u00e1ria e pol\u00edtica, a autonomia do Banco Central e um di\u00e1logo mais qualificado com os setores produtivos, incluindo o agroneg\u00f3cio.<\/p>\n<p>A ex-senadora ter\u00e1 de abandonar, pelo menos por enquanto,\u00a0 a ideia de transformar em realidade o partido Rede Sustentabilidade. Agora, enquanto candidata, ter\u00e1 de \u201cabra\u00e7ar o PSB\u201d.<\/p>\n<p>Por seu lado, Marina fez tamb\u00e9m algumas exig\u00eancias. Ela s\u00f3 subir\u00e1 nos, palanques estaduais que apoiava antes da morte de Eduardo Campos, transferindo para o candidato \u00e0 vice, Beto Albuquerque, a tarefa de pedir votos nos locais em que ela n\u00e3o se sinta confort\u00e1vel. Vetou tamb\u00e9m doa\u00e7\u00f5es de empresas de armas, fumo, agrot\u00f3xicos e bebidas. Marina emplacou dois de seus mais pr\u00f3ximos aliados \u2013 Walter Feldmann e Bazileu Morgado \u2013 em postos-chaves da campanha (coordena\u00e7\u00e3o \u2013 geral e consultor financeiro).<\/p>\n<blockquote><p>Com a morte de Eduardo Campos, o cen\u00e1rio pol\u00edtico nacional j\u00e1 come\u00e7ou a passar por um realinhamento, por uma mudan\u00e7a\u00a0 de rumos das estrat\u00e9gias eleitorais dos v\u00e1rios candidatos e partidos.<\/p><\/blockquote>\n<p>O PT e PSDB j\u00e1 trabalham com a certeza de que haver\u00e1 segundo turno na corrida presidencial.<br \/>\nCom Marina em cena, a disputa por doa\u00e7\u00f5es ficar\u00e1 mais renhida. Ser\u00e3o maiores as dificuldades\u00a0 para a obten\u00e7\u00e3o\u00a0 de recursos junto \u00e0s empresas para fazer frente aos altos custos das campanhas.<\/p>\n<p>Assim que foi sepultado o ex \u2013governador pernambucano, em Recife, no fim da tarde de domingo \u00faltimo, o Instituto Datafolha divulgou pesquisa em que Marina Silva aparece com 21% das inten\u00e7\u00f5es de votos, em segundo lugar, atr\u00e1s de Dilma Rousseff (36%), e na frente de A\u00e9cio Neves (20%).<\/p>\n<p>Os cientistas pol\u00edticos reconhecem que, nesse primeiro momento, qualquer an\u00e1lise estar\u00e1 emba\u00e7ada pelo impacto das circunst\u00e2ncias em que ocorreu a morte de Eduardo Campos. A pesquisa Datafolha\u00a0 mostra que Marina retomou os 20 milh\u00f5es de votos que obteve nas elei\u00e7\u00f5es de 2010, e que for\u00e7ou a realiza\u00e7\u00e3o do 2\u00b0 turno, no qual Dilma se elegeu presidenta, derrotando Jos\u00e9 Serra. A pesquisa revela tamb\u00e9m que o crescimento de Marina foi em cima dos votos em branco e nulos.<\/p>\n<p>O desafio que Marina ter\u00e1 pela frente \u00e9 levar sua mensagem ao eleitor em t\u00e3o pouco espa\u00e7o de tempo ( 2 minutos e tr\u00eas segundos) no hor\u00e1rio gratuito de tev\u00ea e r\u00e1dio.<\/p>\n<p>A campanha de Marina ter\u00e1 como slogan a frase de Eduardo Campos: \u2018\u2019N\u00e3o vamos desistir do Brasil\u2019\u2019.<br \/>\nO deputado federal Luis Roberto de Albuquerque vinha exercendo a lideran\u00e7a do PSB na C\u00e2mara dos Deputados, onde est\u00e1 em seu quarto mandato. Era candidato a senador pelo Rio Grande do Sul, mas sem nenhuma chance de ser aleito. Nasceu em Passo Fundo, tem 51 anos de idade e est\u00e1 filiado h\u00e1 28 anos ao PSB. Tinha uma rela\u00e7\u00e3o bem pr\u00f3xima com Marina Silva. Foi o relator do projeto que regulamentou a gest\u00e3o de florestas p\u00fablicas para a produ\u00e7\u00e3o sustent\u00e1vel, aprovado em Julho de 2005. O projeto foi uma resposta da C\u00e2mara e do governo contra o desmatamento crescente \u00e0 \u00e9poca, e era caro a Marina Silva, ent\u00e3o ministra do Meio Ambiente.<\/p>\n<p>Albuquerque foi escolhido em uma lista que inclu\u00eda ainda os nomes dos deputados Julio Delgado (MG) e Luiza Erundina (SP), e alguns nomes de pol\u00edticos de Pernambuco.<\/p>\n<p>A vi\u00fava de Eduardo Campos, Renata, descartou o convite para ser a companheira de chapa de Marina. Seu nome tinha apoio un\u00e2nime dentro do PSB.\u00a0 Ela deu aval \u00e0 candidatura de Beto Albuquerque Renata afirmou que vai se dedicar \u00e0 campanha de Paulo C\u00e2mara, indicado pelo seu marido Eduardo para disputar o governo de Pernambuco.<\/p>\n<p><strong>Cl\u00e1udio Coletti<\/strong><\/p>\n","protected":false},"excerpt":{"rendered":"<p>A ex-senadora, ex-ministra do Meio Ambiente e ex-petista Marina Silva foi escolhida pelo PSB e partidos coligados como candidata \u00e0 Presid\u00eancia\u00a0 da Rep\u00fablica, em substitui\u00e7\u00e3o \u00e0 Eduardo Campos, do qual ela era companheira de chapa como vice. Para\u00a0 vice de Marina foi indicado o deputado federal gaucho Beto Albuquerque, l\u00edder do PSB na C\u00e2mara dos [&hellip;]<\/p>\n","protected":false},"author":2,"featured_media":20562,"comment_status":"open","ping_status":"closed","sticky":false,"template":"","format":"standard","meta":{"_acf_changed":false,"footnotes":""},"categories":[25],"tags":[],"class_list":["post-20561","post","type-post","status-publish","format-standard","has-post-thumbnail","hentry","category-opina-ai"],"acf":[],"yoast_head":"<!-- This site is optimized with the Yoast SEO plugin v27.5 - https:\/\/yoast.com\/product\/yoast-seo-wordpress\/ -->\n<title>Marina, o vice Beto e a quase certeza de um segundo turno - Notibras<\/title>\n<meta name=\"robots\" content=\"index, follow, max-snippet:-1, max-image-preview:large, max-video-preview:-1\" \/>\n<link rel=\"canonical\" href=\"https:\/\/www.notibras.com\/site\/marina-o-vice-beto-e-a-quase-certeza-de-um-segundo-turno\/\" \/>\n<meta property=\"og:locale\" content=\"pt_BR\" \/>\n<meta property=\"og:type\" content=\"article\" \/>\n<meta property=\"og:title\" content=\"Marina, o vice Beto e a quase certeza de um segundo turno - Notibras\" \/>\n<meta property=\"og:description\" content=\"A ex-senadora, ex-ministra do Meio Ambiente e ex-petista Marina Silva foi escolhida pelo PSB e partidos coligados como candidata \u00e0 Presid\u00eancia\u00a0 da Rep\u00fablica, em substitui\u00e7\u00e3o \u00e0 Eduardo Campos, do qual ela era companheira de chapa como vice. Para\u00a0 vice de Marina foi indicado o deputado federal gaucho Beto Albuquerque, l\u00edder do PSB na C\u00e2mara dos [&hellip;]\" \/>\n<meta property=\"og:url\" content=\"https:\/\/www.notibras.com\/site\/marina-o-vice-beto-e-a-quase-certeza-de-um-segundo-turno\/\" \/>\n<meta property=\"og:site_name\" content=\"Notibras\" \/>\n<meta property=\"article:publisher\" content=\"https:\/\/www.facebook.com\/notibras\/\" \/>\n<meta property=\"article:published_time\" content=\"2014-08-24T11:53:58+00:00\" \/>\n<meta property=\"og:image\" content=\"https:\/\/www.notibras.com\/site\/wp-content\/uploads\/2014\/08\/2014-744137314-2014082007064.jpg_20140820.jpg\" \/>\n\t<meta property=\"og:image:width\" content=\"699\" \/>\n\t<meta property=\"og:image:height\" content=\"420\" \/>\n\t<meta property=\"og:image:type\" content=\"image\/jpeg\" \/>\n<meta name=\"author\" content=\"Reda\u00e7\u00e3o\" \/>\n<meta name=\"twitter:card\" content=\"summary_large_image\" \/>\n<meta name=\"twitter:creator\" content=\"@Notibras\" \/>\n<meta name=\"twitter:site\" content=\"@Notibras\" \/>\n<meta name=\"twitter:label1\" content=\"Escrito por\" \/>\n\t<meta name=\"twitter:data1\" content=\"Reda\u00e7\u00e3o\" \/>\n\t<meta name=\"twitter:label2\" content=\"Est. tempo de leitura\" \/>\n\t<meta name=\"twitter:data2\" content=\"4 minutos\" \/>\n<script type=\"application\/ld+json\" class=\"yoast-schema-graph\">{\"@context\":\"https:\\\/\\\/schema.org\",\"@graph\":[{\"@type\":\"Article\",\"@id\":\"https:\\\/\\\/www.notibras.com\\\/site\\\/marina-o-vice-beto-e-a-quase-certeza-de-um-segundo-turno\\\/#article\",\"isPartOf\":{\"@id\":\"https:\\\/\\\/www.notibras.com\\\/site\\\/marina-o-vice-beto-e-a-quase-certeza-de-um-segundo-turno\\\/\"},\"author\":{\"name\":\"Reda\u00e7\u00e3o\",\"@id\":\"https:\\\/\\\/www.notibras.com\\\/site\\\/#\\\/schema\\\/person\\\/36ab0979449956132d3e5b517ea76ac8\"},\"headline\":\"Marina, o vice Beto e a quase certeza de um segundo turno\",\"datePublished\":\"2014-08-24T11:53:58+00:00\",\"mainEntityOfPage\":{\"@id\":\"https:\\\/\\\/www.notibras.com\\\/site\\\/marina-o-vice-beto-e-a-quase-certeza-de-um-segundo-turno\\\/\"},\"wordCount\":819,\"commentCount\":0,\"publisher\":{\"@id\":\"https:\\\/\\\/www.notibras.com\\\/site\\\/#organization\"},\"image\":{\"@id\":\"https:\\\/\\\/www.notibras.com\\\/site\\\/marina-o-vice-beto-e-a-quase-certeza-de-um-segundo-turno\\\/#primaryimage\"},\"thumbnailUrl\":\"https:\\\/\\\/www.notibras.com\\\/site\\\/wp-content\\\/uploads\\\/2014\\\/08\\\/2014-744137314-2014082007064.jpg_20140820.jpg\",\"articleSection\":[\"Opina a\u00ed\"],\"inLanguage\":\"pt-BR\",\"potentialAction\":[{\"@type\":\"CommentAction\",\"name\":\"Comment\",\"target\":[\"https:\\\/\\\/www.notibras.com\\\/site\\\/marina-o-vice-beto-e-a-quase-certeza-de-um-segundo-turno\\\/#respond\"]}]},{\"@type\":\"WebPage\",\"@id\":\"https:\\\/\\\/www.notibras.com\\\/site\\\/marina-o-vice-beto-e-a-quase-certeza-de-um-segundo-turno\\\/\",\"url\":\"https:\\\/\\\/www.notibras.com\\\/site\\\/marina-o-vice-beto-e-a-quase-certeza-de-um-segundo-turno\\\/\",\"name\":\"Marina, o vice Beto e a quase certeza de um segundo turno - Notibras\",\"isPartOf\":{\"@id\":\"https:\\\/\\\/www.notibras.com\\\/site\\\/#website\"},\"primaryImageOfPage\":{\"@id\":\"https:\\\/\\\/www.notibras.com\\\/site\\\/marina-o-vice-beto-e-a-quase-certeza-de-um-segundo-turno\\\/#primaryimage\"},\"image\":{\"@id\":\"https:\\\/\\\/www.notibras.com\\\/site\\\/marina-o-vice-beto-e-a-quase-certeza-de-um-segundo-turno\\\/#primaryimage\"},\"thumbnailUrl\":\"https:\\\/\\\/www.notibras.com\\\/site\\\/wp-content\\\/uploads\\\/2014\\\/08\\\/2014-744137314-2014082007064.jpg_20140820.jpg\",\"datePublished\":\"2014-08-24T11:53:58+00:00\",\"breadcrumb\":{\"@id\":\"https:\\\/\\\/www.notibras.com\\\/site\\\/marina-o-vice-beto-e-a-quase-certeza-de-um-segundo-turno\\\/#breadcrumb\"},\"inLanguage\":\"pt-BR\",\"potentialAction\":[{\"@type\":\"ReadAction\",\"target\":[\"https:\\\/\\\/www.notibras.com\\\/site\\\/marina-o-vice-beto-e-a-quase-certeza-de-um-segundo-turno\\\/\"]}]},{\"@type\":\"ImageObject\",\"inLanguage\":\"pt-BR\",\"@id\":\"https:\\\/\\\/www.notibras.com\\\/site\\\/marina-o-vice-beto-e-a-quase-certeza-de-um-segundo-turno\\\/#primaryimage\",\"url\":\"https:\\\/\\\/www.notibras.com\\\/site\\\/wp-content\\\/uploads\\\/2014\\\/08\\\/2014-744137314-2014082007064.jpg_20140820.jpg\",\"contentUrl\":\"https:\\\/\\\/www.notibras.com\\\/site\\\/wp-content\\\/uploads\\\/2014\\\/08\\\/2014-744137314-2014082007064.jpg_20140820.jpg\",\"width\":699,\"height\":420},{\"@type\":\"BreadcrumbList\",\"@id\":\"https:\\\/\\\/www.notibras.com\\\/site\\\/marina-o-vice-beto-e-a-quase-certeza-de-um-segundo-turno\\\/#breadcrumb\",\"itemListElement\":[{\"@type\":\"ListItem\",\"position\":1,\"name\":\"In\u00edcio\",\"item\":\"https:\\\/\\\/www.notibras.com\\\/site\\\/\"},{\"@type\":\"ListItem\",\"position\":2,\"name\":\"Marina, o vice Beto e a quase certeza de um segundo turno\"}]},{\"@type\":\"WebSite\",\"@id\":\"https:\\\/\\\/www.notibras.com\\\/site\\\/#website\",\"url\":\"https:\\\/\\\/www.notibras.com\\\/site\\\/\",\"name\":\"Notibras\",\"description\":\"Not\u00edcias de Bras\u00edlia, do Brasil e do Mundo\",\"publisher\":{\"@id\":\"https:\\\/\\\/www.notibras.com\\\/site\\\/#organization\"},\"potentialAction\":[{\"@type\":\"SearchAction\",\"target\":{\"@type\":\"EntryPoint\",\"urlTemplate\":\"https:\\\/\\\/www.notibras.com\\\/site\\\/?s={search_term_string}\"},\"query-input\":{\"@type\":\"PropertyValueSpecification\",\"valueRequired\":true,\"valueName\":\"search_term_string\"}}],\"inLanguage\":\"pt-BR\"},{\"@type\":\"Organization\",\"@id\":\"https:\\\/\\\/www.notibras.com\\\/site\\\/#organization\",\"name\":\"Grupo Notibras de Comunica\u00e7\u00e3o\",\"url\":\"https:\\\/\\\/www.notibras.com\\\/site\\\/\",\"logo\":{\"@type\":\"ImageObject\",\"inLanguage\":\"pt-BR\",\"@id\":\"https:\\\/\\\/www.notibras.com\\\/site\\\/#\\\/schema\\\/logo\\\/image\\\/\",\"url\":\"https:\\\/\\\/www.notibras.com\\\/site\\\/wp-content\\\/uploads\\\/2023\\\/01\\\/notibras23.png\",\"contentUrl\":\"https:\\\/\\\/www.notibras.com\\\/site\\\/wp-content\\\/uploads\\\/2023\\\/01\\\/notibras23.png\",\"width\":350,\"height\":87,\"caption\":\"Grupo Notibras de Comunica\u00e7\u00e3o\"},\"image\":{\"@id\":\"https:\\\/\\\/www.notibras.com\\\/site\\\/#\\\/schema\\\/logo\\\/image\\\/\"},\"sameAs\":[\"https:\\\/\\\/www.facebook.com\\\/notibras\\\/\",\"https:\\\/\\\/x.com\\\/Notibras\",\"https:\\\/\\\/www.instagram.com\\\/notibras\\\/\"]},{\"@type\":\"Person\",\"@id\":\"https:\\\/\\\/www.notibras.com\\\/site\\\/#\\\/schema\\\/person\\\/36ab0979449956132d3e5b517ea76ac8\",\"name\":\"Reda\u00e7\u00e3o\",\"image\":{\"@type\":\"ImageObject\",\"inLanguage\":\"pt-BR\",\"@id\":\"https:\\\/\\\/secure.gravatar.com\\\/avatar\\\/e0a867bdedb85fd243eadf09663511f96fc81e0720a4a42581f334ad4303aa6b?s=96&d=mm&r=g\",\"url\":\"https:\\\/\\\/secure.gravatar.com\\\/avatar\\\/e0a867bdedb85fd243eadf09663511f96fc81e0720a4a42581f334ad4303aa6b?s=96&d=mm&r=g\",\"contentUrl\":\"https:\\\/\\\/secure.gravatar.com\\\/avatar\\\/e0a867bdedb85fd243eadf09663511f96fc81e0720a4a42581f334ad4303aa6b?s=96&d=mm&r=g\",\"caption\":\"Reda\u00e7\u00e3o\"}}]}<\/script>\n<!-- \/ Yoast SEO plugin. -->","yoast_head_json":{"title":"Marina, o vice Beto e a quase certeza de um segundo turno - Notibras","robots":{"index":"index","follow":"follow","max-snippet":"max-snippet:-1","max-image-preview":"max-image-preview:large","max-video-preview":"max-video-preview:-1"},"canonical":"https:\/\/www.notibras.com\/site\/marina-o-vice-beto-e-a-quase-certeza-de-um-segundo-turno\/","og_locale":"pt_BR","og_type":"article","og_title":"Marina, o vice Beto e a quase certeza de um segundo turno - Notibras","og_description":"A ex-senadora, ex-ministra do Meio Ambiente e ex-petista Marina Silva foi escolhida pelo PSB e partidos coligados como candidata \u00e0 Presid\u00eancia\u00a0 da Rep\u00fablica, em substitui\u00e7\u00e3o \u00e0 Eduardo Campos, do qual ela era companheira de chapa como vice. Para\u00a0 vice de Marina foi indicado o deputado federal gaucho Beto Albuquerque, l\u00edder do PSB na C\u00e2mara dos [&hellip;]","og_url":"https:\/\/www.notibras.com\/site\/marina-o-vice-beto-e-a-quase-certeza-de-um-segundo-turno\/","og_site_name":"Notibras","article_publisher":"https:\/\/www.facebook.com\/notibras\/","article_published_time":"2014-08-24T11:53:58+00:00","og_image":[{"width":699,"height":420,"url":"https:\/\/www.notibras.com\/site\/wp-content\/uploads\/2014\/08\/2014-744137314-2014082007064.jpg_20140820.jpg","type":"image\/jpeg"}],"author":"Reda\u00e7\u00e3o","twitter_card":"summary_large_image","twitter_creator":"@Notibras","twitter_site":"@Notibras","twitter_misc":{"Escrito por":"Reda\u00e7\u00e3o","Est. tempo de leitura":"4 minutos"},"schema":{"@context":"https:\/\/schema.org","@graph":[{"@type":"Article","@id":"https:\/\/www.notibras.com\/site\/marina-o-vice-beto-e-a-quase-certeza-de-um-segundo-turno\/#article","isPartOf":{"@id":"https:\/\/www.notibras.com\/site\/marina-o-vice-beto-e-a-quase-certeza-de-um-segundo-turno\/"},"author":{"name":"Reda\u00e7\u00e3o","@id":"https:\/\/www.notibras.com\/site\/#\/schema\/person\/36ab0979449956132d3e5b517ea76ac8"},"headline":"Marina, o vice Beto e a quase certeza de um segundo turno","datePublished":"2014-08-24T11:53:58+00:00","mainEntityOfPage":{"@id":"https:\/\/www.notibras.com\/site\/marina-o-vice-beto-e-a-quase-certeza-de-um-segundo-turno\/"},"wordCount":819,"commentCount":0,"publisher":{"@id":"https:\/\/www.notibras.com\/site\/#organization"},"image":{"@id":"https:\/\/www.notibras.com\/site\/marina-o-vice-beto-e-a-quase-certeza-de-um-segundo-turno\/#primaryimage"},"thumbnailUrl":"https:\/\/www.notibras.com\/site\/wp-content\/uploads\/2014\/08\/2014-744137314-2014082007064.jpg_20140820.jpg","articleSection":["Opina a\u00ed"],"inLanguage":"pt-BR","potentialAction":[{"@type":"CommentAction","name":"Comment","target":["https:\/\/www.notibras.com\/site\/marina-o-vice-beto-e-a-quase-certeza-de-um-segundo-turno\/#respond"]}]},{"@type":"WebPage","@id":"https:\/\/www.notibras.com\/site\/marina-o-vice-beto-e-a-quase-certeza-de-um-segundo-turno\/","url":"https:\/\/www.notibras.com\/site\/marina-o-vice-beto-e-a-quase-certeza-de-um-segundo-turno\/","name":"Marina, o vice Beto e a quase certeza de um segundo turno - Notibras","isPartOf":{"@id":"https:\/\/www.notibras.com\/site\/#website"},"primaryImageOfPage":{"@id":"https:\/\/www.notibras.com\/site\/marina-o-vice-beto-e-a-quase-certeza-de-um-segundo-turno\/#primaryimage"},"image":{"@id":"https:\/\/www.notibras.com\/site\/marina-o-vice-beto-e-a-quase-certeza-de-um-segundo-turno\/#primaryimage"},"thumbnailUrl":"https:\/\/www.notibras.com\/site\/wp-content\/uploads\/2014\/08\/2014-744137314-2014082007064.jpg_20140820.jpg","datePublished":"2014-08-24T11:53:58+00:00","breadcrumb":{"@id":"https:\/\/www.notibras.com\/site\/marina-o-vice-beto-e-a-quase-certeza-de-um-segundo-turno\/#breadcrumb"},"inLanguage":"pt-BR","potentialAction":[{"@type":"ReadAction","target":["https:\/\/www.notibras.com\/site\/marina-o-vice-beto-e-a-quase-certeza-de-um-segundo-turno\/"]}]},{"@type":"ImageObject","inLanguage":"pt-BR","@id":"https:\/\/www.notibras.com\/site\/marina-o-vice-beto-e-a-quase-certeza-de-um-segundo-turno\/#primaryimage","url":"https:\/\/www.notibras.com\/site\/wp-content\/uploads\/2014\/08\/2014-744137314-2014082007064.jpg_20140820.jpg","contentUrl":"https:\/\/www.notibras.com\/site\/wp-content\/uploads\/2014\/08\/2014-744137314-2014082007064.jpg_20140820.jpg","width":699,"height":420},{"@type":"BreadcrumbList","@id":"https:\/\/www.notibras.com\/site\/marina-o-vice-beto-e-a-quase-certeza-de-um-segundo-turno\/#breadcrumb","itemListElement":[{"@type":"ListItem","position":1,"name":"In\u00edcio","item":"https:\/\/www.notibras.com\/site\/"},{"@type":"ListItem","position":2,"name":"Marina, o vice Beto e a quase certeza de um segundo turno"}]},{"@type":"WebSite","@id":"https:\/\/www.notibras.com\/site\/#website","url":"https:\/\/www.notibras.com\/site\/","name":"Notibras","description":"Not\u00edcias de Bras\u00edlia, do Brasil e do Mundo","publisher":{"@id":"https:\/\/www.notibras.com\/site\/#organization"},"potentialAction":[{"@type":"SearchAction","target":{"@type":"EntryPoint","urlTemplate":"https:\/\/www.notibras.com\/site\/?s={search_term_string}"},"query-input":{"@type":"PropertyValueSpecification","valueRequired":true,"valueName":"search_term_string"}}],"inLanguage":"pt-BR"},{"@type":"Organization","@id":"https:\/\/www.notibras.com\/site\/#organization","name":"Grupo Notibras de Comunica\u00e7\u00e3o","url":"https:\/\/www.notibras.com\/site\/","logo":{"@type":"ImageObject","inLanguage":"pt-BR","@id":"https:\/\/www.notibras.com\/site\/#\/schema\/logo\/image\/","url":"https:\/\/www.notibras.com\/site\/wp-content\/uploads\/2023\/01\/notibras23.png","contentUrl":"https:\/\/www.notibras.com\/site\/wp-content\/uploads\/2023\/01\/notibras23.png","width":350,"height":87,"caption":"Grupo Notibras de Comunica\u00e7\u00e3o"},"image":{"@id":"https:\/\/www.notibras.com\/site\/#\/schema\/logo\/image\/"},"sameAs":["https:\/\/www.facebook.com\/notibras\/","https:\/\/x.com\/Notibras","https:\/\/www.instagram.com\/notibras\/"]},{"@type":"Person","@id":"https:\/\/www.notibras.com\/site\/#\/schema\/person\/36ab0979449956132d3e5b517ea76ac8","name":"Reda\u00e7\u00e3o","image":{"@type":"ImageObject","inLanguage":"pt-BR","@id":"https:\/\/secure.gravatar.com\/avatar\/e0a867bdedb85fd243eadf09663511f96fc81e0720a4a42581f334ad4303aa6b?s=96&d=mm&r=g","url":"https:\/\/secure.gravatar.com\/avatar\/e0a867bdedb85fd243eadf09663511f96fc81e0720a4a42581f334ad4303aa6b?s=96&d=mm&r=g","contentUrl":"https:\/\/secure.gravatar.com\/avatar\/e0a867bdedb85fd243eadf09663511f96fc81e0720a4a42581f334ad4303aa6b?s=96&d=mm&r=g","caption":"Reda\u00e7\u00e3o"}}]}},"amp_enabled":true,"_links":{"self":[{"href":"https:\/\/www.notibras.com\/site\/wp-json\/wp\/v2\/posts\/20561","targetHints":{"allow":["GET"]}}],"collection":[{"href":"https:\/\/www.notibras.com\/site\/wp-json\/wp\/v2\/posts"}],"about":[{"href":"https:\/\/www.notibras.com\/site\/wp-json\/wp\/v2\/types\/post"}],"author":[{"embeddable":true,"href":"https:\/\/www.notibras.com\/site\/wp-json\/wp\/v2\/users\/2"}],"replies":[{"embeddable":true,"href":"https:\/\/www.notibras.com\/site\/wp-json\/wp\/v2\/comments?post=20561"}],"version-history":[{"count":0,"href":"https:\/\/www.notibras.com\/site\/wp-json\/wp\/v2\/posts\/20561\/revisions"}],"wp:featuredmedia":[{"embeddable":true,"href":"https:\/\/www.notibras.com\/site\/wp-json\/wp\/v2\/media\/20562"}],"wp:attachment":[{"href":"https:\/\/www.notibras.com\/site\/wp-json\/wp\/v2\/media?parent=20561"}],"wp:term":[{"taxonomy":"category","embeddable":true,"href":"https:\/\/www.notibras.com\/site\/wp-json\/wp\/v2\/categories?post=20561"},{"taxonomy":"post_tag","embeddable":true,"href":"https:\/\/www.notibras.com\/site\/wp-json\/wp\/v2\/tags?post=20561"}],"curies":[{"name":"wp","href":"https:\/\/api.w.org\/{rel}","templated":true}]}}