{"id":20589,"date":"2014-08-24T18:06:10","date_gmt":"2014-08-24T21:06:10","guid":{"rendered":"http:\/\/www.notibras.com\/site\/?p=20589"},"modified":"2014-08-25T09:43:09","modified_gmt":"2014-08-25T12:43:09","slug":"sao-paulo-reage-a-empate-do-santos-e-vira-vice-lider-com-gol-de-pato","status":"publish","type":"post","link":"https:\/\/www.notibras.com\/site\/sao-paulo-reage-a-empate-do-santos-e-vira-vice-lider-com-gol-de-pato\/","title":{"rendered":"S\u00e3o Paulo reage a empate do Santos e \u00e9 o vice l\u00edder"},"content":{"rendered":"<p>O S\u00e3o Paulo \u00e9 o novo vice-l\u00edder do Campeonato Brasileiro. Com gols de Ganso e Pato, o time de Muricy Ramalho superou um gol de p\u00eanalti de Gabigol, no fim do jogo e venceu o Santos por 2 a 1, no Morumbi.<\/p>\n<p>O triunfo coloca o S\u00e3o Paulo de vez na lista de desafiantes do l\u00edder Cruzeiro. Agora o clube tricolor tem 32 pontos, contra 31 de Inter e Corinthians, que trope\u00e7aram na rodada. A equipe mineira, que ainda entrar\u00e1 em campo neste domingo, tem 36.<\/p>\n<blockquote><p>Mais que a posi\u00e7\u00e3o, por\u00e9m, serve ao S\u00e3o Paulo a certeza do bom momento, corroborado pela quarta vit\u00f3ria seguida no torneio. Antes inconsistente e irregular, o time de Muricy Ramalho, aos poucos, evolui. Hoje, o ataque com Ganso, Pato e Kak\u00e1 vai se consolidando, embora a defesa ainda vacile acima do normal.<\/p><\/blockquote>\n<p>Foi uma bobeira dessas, aos 40 minutos do segundo tempo, que quase p\u00f4s tudo em risco. O Santos de Gabigol, por\u00e9m, n\u00e3o teve for\u00e7ar para segurar o S\u00e3o Paulo e saiu derrotado. Com 23 pontos, segue longe do G4 e em busca de um melhor futebol.<\/p>\n<p>O S\u00e3o Paulo ganhou com autoridade, embora tenha levado um susto enorme no fim do jogo. O ponto alto da equipe, como j\u00e1 vem acontecendo h\u00e1 tempos no Morumbi, foi o setor ofensivo, liderado por Paulo Henrique Ganso.<\/p>\n<p>As associa\u00e7\u00f5es entre o camisa 10, Kak\u00e1 e Pato produziram os melhores lances do jogo. O S\u00e3o Paulo soube se movimentar, aproveitou-se das falhas individuais da defesa do Santos e levou perigo v\u00e1rias vezes ao gol de Aranha.<\/p>\n<p>Ganso, de costas para o gol, aos 24 minutos do primeiro tempo, marcou um gola\u00e7o e definiu a hist\u00f3ria do jogo, que j\u00e1 era favor\u00e1vel ao time da casa. Se o S\u00e3o Paulo n\u00e3o marcou mais \u00e9 porque n\u00e3o teve muito esmero na hora de finalizar. Kardec, apagado e err\u00e1tico, tamb\u00e9m n\u00e3o colaborou.<\/p>\n<p>Na defesa, por outro lado, a equipe tricolor n\u00e3o passou seguran\u00e7a. Paulo Miranda deu muito espa\u00e7o a quem marcava, n\u00e3o importa quem fosse, e o time perdeu muitas bolas pelo alto. Sorte do S\u00e3o Paulo que o Santos, com Lucas Lima ineficiente, n\u00e3o jogou para aproveitar esses espa\u00e7os.<\/p>\n<p>Quem deu a melhor chance ao Santos foi \u00c1lvaro Pereira, que cometeu p\u00eanalti bobo a cinco minutos do apito final. Com personalidade Gabigol deslocou Rog\u00e9rio e provocou a torcida no Morumbi. Nos minutos seguintes, por\u00e9m, Pato marcou na base da press\u00e3o e deu a vit\u00f3ria ao S\u00e3o Paulo.<\/p>\n<p>O melhor: Ganso. O camisa 10 j\u00e1 vem se destacando nos \u00faltimos jogos, mas bater o ex-clube, de onde saiu brigado, certamente tem um gosto especial. No S\u00e3o Paulo de hoje, Ganso ajuda na marca\u00e7\u00e3o, volta para sair jogando e interage bem com Kak\u00e1 e Pato. Quando teve a chance de definir, o fez de forma genial.<\/p>\n<p>O pior: Ataque do Santos. Gabigol, de volta ao time, ficou isolado na ponta direita. Thiago Ribeiro, livre na esquerda, mal pegou na bola porque todos os passes em sua dire\u00e7\u00e3o sa\u00edam de forma equivocada. Arouca, Alison e Lucas Lima, que deveriam dar volume ao time, foram anulados pelos rivais e abusaram da paci\u00eancia ao for\u00e7ar o jogo pelo meio quando o caminho claramente era pelas laterais.<\/p>\n<p>Toque dos t\u00e9cnicos: Oswaldo viu seu time ser dominado no primeiro tempo e tentou colocar Gabriel no jogo, trocando Dami\u00e3o por Rildo. O melhor dos santistas j\u00e1 tinha tentado trocar de lado, mas n\u00e3o era muito acionado. Na vaga de Dami\u00e3o, Gabigol p\u00f4de recuar pelo meio e participar mais do jogo. O time melhorou, mas n\u00e3o o bastante para complicar o S\u00e3o Paulo.<\/p>\n","protected":false},"excerpt":{"rendered":"<p>O S\u00e3o Paulo \u00e9 o novo vice-l\u00edder do Campeonato Brasileiro. Com gols de Ganso e Pato, o time de Muricy Ramalho superou um gol de p\u00eanalti de Gabigol, no fim do jogo e venceu o Santos por 2 a 1, no Morumbi. O triunfo coloca o S\u00e3o Paulo de vez na lista de desafiantes do [&hellip;]<\/p>\n","protected":false},"author":2,"featured_media":20590,"comment_status":"open","ping_status":"closed","sticky":false,"template":"","format":"standard","meta":{"_acf_changed":false,"footnotes":""},"categories":[19,29],"tags":[],"class_list":["post-20589","post","type-post","status-publish","format-standard","has-post-thumbnail","hentry","category-esportes","category-futebol"],"acf":[],"yoast_head":"<!-- This site is optimized with the Yoast SEO plugin v27.2 - https:\/\/yoast.com\/product\/yoast-seo-wordpress\/ -->\n<title>S\u00e3o Paulo reage a empate do Santos e \u00e9 o vice l\u00edder - Notibras<\/title>\n<meta name=\"robots\" content=\"index, follow, max-snippet:-1, max-image-preview:large, max-video-preview:-1\" \/>\n<link rel=\"canonical\" href=\"https:\/\/www.notibras.com\/site\/sao-paulo-reage-a-empate-do-santos-e-vira-vice-lider-com-gol-de-pato\/\" \/>\n<meta property=\"og:locale\" content=\"pt_BR\" \/>\n<meta property=\"og:type\" content=\"article\" \/>\n<meta property=\"og:title\" content=\"S\u00e3o Paulo reage a empate do Santos e \u00e9 o vice l\u00edder - Notibras\" \/>\n<meta property=\"og:description\" content=\"O S\u00e3o Paulo \u00e9 o novo vice-l\u00edder do Campeonato Brasileiro. Com gols de Ganso e Pato, o time de Muricy Ramalho superou um gol de p\u00eanalti de Gabigol, no fim do jogo e venceu o Santos por 2 a 1, no Morumbi. O triunfo coloca o S\u00e3o Paulo de vez na lista de desafiantes do [&hellip;]\" \/>\n<meta property=\"og:url\" content=\"https:\/\/www.notibras.com\/site\/sao-paulo-reage-a-empate-do-santos-e-vira-vice-lider-com-gol-de-pato\/\" \/>\n<meta property=\"og:site_name\" content=\"Notibras\" \/>\n<meta property=\"article:publisher\" content=\"https:\/\/www.facebook.com\/notibras\/\" \/>\n<meta property=\"article:published_time\" content=\"2014-08-24T21:06:10+00:00\" \/>\n<meta property=\"article:modified_time\" content=\"2014-08-25T12:43:09+00:00\" \/>\n<meta property=\"og:image\" content=\"https:\/\/www.notibras.com\/site\/wp-content\/uploads\/2014\/08\/es.jpg\" \/>\n\t<meta property=\"og:image:width\" content=\"775\" \/>\n\t<meta property=\"og:image:height\" content=\"500\" \/>\n\t<meta property=\"og:image:type\" content=\"image\/jpeg\" \/>\n<meta name=\"author\" content=\"Reda\u00e7\u00e3o\" \/>\n<meta name=\"twitter:card\" content=\"summary_large_image\" \/>\n<meta name=\"twitter:creator\" content=\"@Notibras\" \/>\n<meta name=\"twitter:site\" content=\"@Notibras\" \/>\n<meta name=\"twitter:label1\" content=\"Escrito por\" \/>\n\t<meta name=\"twitter:data1\" content=\"Reda\u00e7\u00e3o\" \/>\n\t<meta name=\"twitter:label2\" content=\"Est. tempo de leitura\" \/>\n\t<meta name=\"twitter:data2\" content=\"3 minutos\" \/>\n<script type=\"application\/ld+json\" class=\"yoast-schema-graph\">{\"@context\":\"https:\/\/schema.org\",\"@graph\":[{\"@type\":\"Article\",\"@id\":\"https:\/\/www.notibras.com\/site\/sao-paulo-reage-a-empate-do-santos-e-vira-vice-lider-com-gol-de-pato\/#article\",\"isPartOf\":{\"@id\":\"https:\/\/www.notibras.com\/site\/sao-paulo-reage-a-empate-do-santos-e-vira-vice-lider-com-gol-de-pato\/\"},\"author\":{\"name\":\"Reda\u00e7\u00e3o\",\"@id\":\"https:\/\/www.notibras.com\/site\/#\/schema\/person\/36ab0979449956132d3e5b517ea76ac8\"},\"headline\":\"S\u00e3o Paulo reage a empate do Santos e \u00e9 o vice l\u00edder\",\"datePublished\":\"2014-08-24T21:06:10+00:00\",\"dateModified\":\"2014-08-25T12:43:09+00:00\",\"mainEntityOfPage\":{\"@id\":\"https:\/\/www.notibras.com\/site\/sao-paulo-reage-a-empate-do-santos-e-vira-vice-lider-com-gol-de-pato\/\"},\"wordCount\":651,\"commentCount\":0,\"publisher\":{\"@id\":\"https:\/\/www.notibras.com\/site\/#organization\"},\"image\":{\"@id\":\"https:\/\/www.notibras.com\/site\/sao-paulo-reage-a-empate-do-santos-e-vira-vice-lider-com-gol-de-pato\/#primaryimage\"},\"thumbnailUrl\":\"https:\/\/www.notibras.com\/site\/wp-content\/uploads\/2014\/08\/es.jpg\",\"articleSection\":[\"Esportes\",\"Futebol\"],\"inLanguage\":\"pt-BR\",\"potentialAction\":[{\"@type\":\"CommentAction\",\"name\":\"Comment\",\"target\":[\"https:\/\/www.notibras.com\/site\/sao-paulo-reage-a-empate-do-santos-e-vira-vice-lider-com-gol-de-pato\/#respond\"]}]},{\"@type\":\"WebPage\",\"@id\":\"https:\/\/www.notibras.com\/site\/sao-paulo-reage-a-empate-do-santos-e-vira-vice-lider-com-gol-de-pato\/\",\"url\":\"https:\/\/www.notibras.com\/site\/sao-paulo-reage-a-empate-do-santos-e-vira-vice-lider-com-gol-de-pato\/\",\"name\":\"S\u00e3o Paulo reage a empate do Santos e \u00e9 o vice l\u00edder - Notibras\",\"isPartOf\":{\"@id\":\"https:\/\/www.notibras.com\/site\/#website\"},\"primaryImageOfPage\":{\"@id\":\"https:\/\/www.notibras.com\/site\/sao-paulo-reage-a-empate-do-santos-e-vira-vice-lider-com-gol-de-pato\/#primaryimage\"},\"image\":{\"@id\":\"https:\/\/www.notibras.com\/site\/sao-paulo-reage-a-empate-do-santos-e-vira-vice-lider-com-gol-de-pato\/#primaryimage\"},\"thumbnailUrl\":\"https:\/\/www.notibras.com\/site\/wp-content\/uploads\/2014\/08\/es.jpg\",\"datePublished\":\"2014-08-24T21:06:10+00:00\",\"dateModified\":\"2014-08-25T12:43:09+00:00\",\"breadcrumb\":{\"@id\":\"https:\/\/www.notibras.com\/site\/sao-paulo-reage-a-empate-do-santos-e-vira-vice-lider-com-gol-de-pato\/#breadcrumb\"},\"inLanguage\":\"pt-BR\",\"potentialAction\":[{\"@type\":\"ReadAction\",\"target\":[\"https:\/\/www.notibras.com\/site\/sao-paulo-reage-a-empate-do-santos-e-vira-vice-lider-com-gol-de-pato\/\"]}]},{\"@type\":\"ImageObject\",\"inLanguage\":\"pt-BR\",\"@id\":\"https:\/\/www.notibras.com\/site\/sao-paulo-reage-a-empate-do-santos-e-vira-vice-lider-com-gol-de-pato\/#primaryimage\",\"url\":\"https:\/\/www.notibras.com\/site\/wp-content\/uploads\/2014\/08\/es.jpg\",\"contentUrl\":\"https:\/\/www.notibras.com\/site\/wp-content\/uploads\/2014\/08\/es.jpg\",\"width\":775,\"height\":500},{\"@type\":\"BreadcrumbList\",\"@id\":\"https:\/\/www.notibras.com\/site\/sao-paulo-reage-a-empate-do-santos-e-vira-vice-lider-com-gol-de-pato\/#breadcrumb\",\"itemListElement\":[{\"@type\":\"ListItem\",\"position\":1,\"name\":\"In\u00edcio\",\"item\":\"https:\/\/www.notibras.com\/site\/\"},{\"@type\":\"ListItem\",\"position\":2,\"name\":\"S\u00e3o Paulo reage a empate do Santos e \u00e9 o vice l\u00edder\"}]},{\"@type\":\"WebSite\",\"@id\":\"https:\/\/www.notibras.com\/site\/#website\",\"url\":\"https:\/\/www.notibras.com\/site\/\",\"name\":\"Notibras\",\"description\":\"Not\u00edcias de Bras\u00edlia, do Brasil e do Mundo\",\"publisher\":{\"@id\":\"https:\/\/www.notibras.com\/site\/#organization\"},\"potentialAction\":[{\"@type\":\"SearchAction\",\"target\":{\"@type\":\"EntryPoint\",\"urlTemplate\":\"https:\/\/www.notibras.com\/site\/?s={search_term_string}\"},\"query-input\":{\"@type\":\"PropertyValueSpecification\",\"valueRequired\":true,\"valueName\":\"search_term_string\"}}],\"inLanguage\":\"pt-BR\"},{\"@type\":\"Organization\",\"@id\":\"https:\/\/www.notibras.com\/site\/#organization\",\"name\":\"Grupo Notibras de Comunica\u00e7\u00e3o\",\"url\":\"https:\/\/www.notibras.com\/site\/\",\"logo\":{\"@type\":\"ImageObject\",\"inLanguage\":\"pt-BR\",\"@id\":\"https:\/\/www.notibras.com\/site\/#\/schema\/logo\/image\/\",\"url\":\"https:\/\/www.notibras.com\/site\/wp-content\/uploads\/2023\/01\/notibras23.png\",\"contentUrl\":\"https:\/\/www.notibras.com\/site\/wp-content\/uploads\/2023\/01\/notibras23.png\",\"width\":350,\"height\":87,\"caption\":\"Grupo Notibras de Comunica\u00e7\u00e3o\"},\"image\":{\"@id\":\"https:\/\/www.notibras.com\/site\/#\/schema\/logo\/image\/\"},\"sameAs\":[\"https:\/\/www.facebook.com\/notibras\/\",\"https:\/\/x.com\/Notibras\",\"https:\/\/www.instagram.com\/notibras\/\"]},{\"@type\":\"Person\",\"@id\":\"https:\/\/www.notibras.com\/site\/#\/schema\/person\/36ab0979449956132d3e5b517ea76ac8\",\"name\":\"Reda\u00e7\u00e3o\",\"image\":{\"@type\":\"ImageObject\",\"inLanguage\":\"pt-BR\",\"@id\":\"https:\/\/secure.gravatar.com\/avatar\/e0a867bdedb85fd243eadf09663511f96fc81e0720a4a42581f334ad4303aa6b?s=96&d=mm&r=g\",\"url\":\"https:\/\/secure.gravatar.com\/avatar\/e0a867bdedb85fd243eadf09663511f96fc81e0720a4a42581f334ad4303aa6b?s=96&d=mm&r=g\",\"contentUrl\":\"https:\/\/secure.gravatar.com\/avatar\/e0a867bdedb85fd243eadf09663511f96fc81e0720a4a42581f334ad4303aa6b?s=96&d=mm&r=g\",\"caption\":\"Reda\u00e7\u00e3o\"}}]}<\/script>\n<!-- \/ Yoast SEO plugin. -->","yoast_head_json":{"title":"S\u00e3o Paulo reage a empate do Santos e \u00e9 o vice l\u00edder - Notibras","robots":{"index":"index","follow":"follow","max-snippet":"max-snippet:-1","max-image-preview":"max-image-preview:large","max-video-preview":"max-video-preview:-1"},"canonical":"https:\/\/www.notibras.com\/site\/sao-paulo-reage-a-empate-do-santos-e-vira-vice-lider-com-gol-de-pato\/","og_locale":"pt_BR","og_type":"article","og_title":"S\u00e3o Paulo reage a empate do Santos e \u00e9 o vice l\u00edder - Notibras","og_description":"O S\u00e3o Paulo \u00e9 o novo vice-l\u00edder do Campeonato Brasileiro. Com gols de Ganso e Pato, o time de Muricy Ramalho superou um gol de p\u00eanalti de Gabigol, no fim do jogo e venceu o Santos por 2 a 1, no Morumbi. O triunfo coloca o S\u00e3o Paulo de vez na lista de desafiantes do [&hellip;]","og_url":"https:\/\/www.notibras.com\/site\/sao-paulo-reage-a-empate-do-santos-e-vira-vice-lider-com-gol-de-pato\/","og_site_name":"Notibras","article_publisher":"https:\/\/www.facebook.com\/notibras\/","article_published_time":"2014-08-24T21:06:10+00:00","article_modified_time":"2014-08-25T12:43:09+00:00","og_image":[{"width":775,"height":500,"url":"https:\/\/www.notibras.com\/site\/wp-content\/uploads\/2014\/08\/es.jpg","type":"image\/jpeg"}],"author":"Reda\u00e7\u00e3o","twitter_card":"summary_large_image","twitter_creator":"@Notibras","twitter_site":"@Notibras","twitter_misc":{"Escrito por":"Reda\u00e7\u00e3o","Est. tempo de leitura":"3 minutos"},"schema":{"@context":"https:\/\/schema.org","@graph":[{"@type":"Article","@id":"https:\/\/www.notibras.com\/site\/sao-paulo-reage-a-empate-do-santos-e-vira-vice-lider-com-gol-de-pato\/#article","isPartOf":{"@id":"https:\/\/www.notibras.com\/site\/sao-paulo-reage-a-empate-do-santos-e-vira-vice-lider-com-gol-de-pato\/"},"author":{"name":"Reda\u00e7\u00e3o","@id":"https:\/\/www.notibras.com\/site\/#\/schema\/person\/36ab0979449956132d3e5b517ea76ac8"},"headline":"S\u00e3o Paulo reage a empate do Santos e \u00e9 o vice l\u00edder","datePublished":"2014-08-24T21:06:10+00:00","dateModified":"2014-08-25T12:43:09+00:00","mainEntityOfPage":{"@id":"https:\/\/www.notibras.com\/site\/sao-paulo-reage-a-empate-do-santos-e-vira-vice-lider-com-gol-de-pato\/"},"wordCount":651,"commentCount":0,"publisher":{"@id":"https:\/\/www.notibras.com\/site\/#organization"},"image":{"@id":"https:\/\/www.notibras.com\/site\/sao-paulo-reage-a-empate-do-santos-e-vira-vice-lider-com-gol-de-pato\/#primaryimage"},"thumbnailUrl":"https:\/\/www.notibras.com\/site\/wp-content\/uploads\/2014\/08\/es.jpg","articleSection":["Esportes","Futebol"],"inLanguage":"pt-BR","potentialAction":[{"@type":"CommentAction","name":"Comment","target":["https:\/\/www.notibras.com\/site\/sao-paulo-reage-a-empate-do-santos-e-vira-vice-lider-com-gol-de-pato\/#respond"]}]},{"@type":"WebPage","@id":"https:\/\/www.notibras.com\/site\/sao-paulo-reage-a-empate-do-santos-e-vira-vice-lider-com-gol-de-pato\/","url":"https:\/\/www.notibras.com\/site\/sao-paulo-reage-a-empate-do-santos-e-vira-vice-lider-com-gol-de-pato\/","name":"S\u00e3o Paulo reage a empate do Santos e \u00e9 o vice l\u00edder - Notibras","isPartOf":{"@id":"https:\/\/www.notibras.com\/site\/#website"},"primaryImageOfPage":{"@id":"https:\/\/www.notibras.com\/site\/sao-paulo-reage-a-empate-do-santos-e-vira-vice-lider-com-gol-de-pato\/#primaryimage"},"image":{"@id":"https:\/\/www.notibras.com\/site\/sao-paulo-reage-a-empate-do-santos-e-vira-vice-lider-com-gol-de-pato\/#primaryimage"},"thumbnailUrl":"https:\/\/www.notibras.com\/site\/wp-content\/uploads\/2014\/08\/es.jpg","datePublished":"2014-08-24T21:06:10+00:00","dateModified":"2014-08-25T12:43:09+00:00","breadcrumb":{"@id":"https:\/\/www.notibras.com\/site\/sao-paulo-reage-a-empate-do-santos-e-vira-vice-lider-com-gol-de-pato\/#breadcrumb"},"inLanguage":"pt-BR","potentialAction":[{"@type":"ReadAction","target":["https:\/\/www.notibras.com\/site\/sao-paulo-reage-a-empate-do-santos-e-vira-vice-lider-com-gol-de-pato\/"]}]},{"@type":"ImageObject","inLanguage":"pt-BR","@id":"https:\/\/www.notibras.com\/site\/sao-paulo-reage-a-empate-do-santos-e-vira-vice-lider-com-gol-de-pato\/#primaryimage","url":"https:\/\/www.notibras.com\/site\/wp-content\/uploads\/2014\/08\/es.jpg","contentUrl":"https:\/\/www.notibras.com\/site\/wp-content\/uploads\/2014\/08\/es.jpg","width":775,"height":500},{"@type":"BreadcrumbList","@id":"https:\/\/www.notibras.com\/site\/sao-paulo-reage-a-empate-do-santos-e-vira-vice-lider-com-gol-de-pato\/#breadcrumb","itemListElement":[{"@type":"ListItem","position":1,"name":"In\u00edcio","item":"https:\/\/www.notibras.com\/site\/"},{"@type":"ListItem","position":2,"name":"S\u00e3o Paulo reage a empate do Santos e \u00e9 o vice l\u00edder"}]},{"@type":"WebSite","@id":"https:\/\/www.notibras.com\/site\/#website","url":"https:\/\/www.notibras.com\/site\/","name":"Notibras","description":"Not\u00edcias de Bras\u00edlia, do Brasil e do Mundo","publisher":{"@id":"https:\/\/www.notibras.com\/site\/#organization"},"potentialAction":[{"@type":"SearchAction","target":{"@type":"EntryPoint","urlTemplate":"https:\/\/www.notibras.com\/site\/?s={search_term_string}"},"query-input":{"@type":"PropertyValueSpecification","valueRequired":true,"valueName":"search_term_string"}}],"inLanguage":"pt-BR"},{"@type":"Organization","@id":"https:\/\/www.notibras.com\/site\/#organization","name":"Grupo Notibras de Comunica\u00e7\u00e3o","url":"https:\/\/www.notibras.com\/site\/","logo":{"@type":"ImageObject","inLanguage":"pt-BR","@id":"https:\/\/www.notibras.com\/site\/#\/schema\/logo\/image\/","url":"https:\/\/www.notibras.com\/site\/wp-content\/uploads\/2023\/01\/notibras23.png","contentUrl":"https:\/\/www.notibras.com\/site\/wp-content\/uploads\/2023\/01\/notibras23.png","width":350,"height":87,"caption":"Grupo Notibras de Comunica\u00e7\u00e3o"},"image":{"@id":"https:\/\/www.notibras.com\/site\/#\/schema\/logo\/image\/"},"sameAs":["https:\/\/www.facebook.com\/notibras\/","https:\/\/x.com\/Notibras","https:\/\/www.instagram.com\/notibras\/"]},{"@type":"Person","@id":"https:\/\/www.notibras.com\/site\/#\/schema\/person\/36ab0979449956132d3e5b517ea76ac8","name":"Reda\u00e7\u00e3o","image":{"@type":"ImageObject","inLanguage":"pt-BR","@id":"https:\/\/secure.gravatar.com\/avatar\/e0a867bdedb85fd243eadf09663511f96fc81e0720a4a42581f334ad4303aa6b?s=96&d=mm&r=g","url":"https:\/\/secure.gravatar.com\/avatar\/e0a867bdedb85fd243eadf09663511f96fc81e0720a4a42581f334ad4303aa6b?s=96&d=mm&r=g","contentUrl":"https:\/\/secure.gravatar.com\/avatar\/e0a867bdedb85fd243eadf09663511f96fc81e0720a4a42581f334ad4303aa6b?s=96&d=mm&r=g","caption":"Reda\u00e7\u00e3o"}}]}},"amp_enabled":true,"_links":{"self":[{"href":"https:\/\/www.notibras.com\/site\/wp-json\/wp\/v2\/posts\/20589","targetHints":{"allow":["GET"]}}],"collection":[{"href":"https:\/\/www.notibras.com\/site\/wp-json\/wp\/v2\/posts"}],"about":[{"href":"https:\/\/www.notibras.com\/site\/wp-json\/wp\/v2\/types\/post"}],"author":[{"embeddable":true,"href":"https:\/\/www.notibras.com\/site\/wp-json\/wp\/v2\/users\/2"}],"replies":[{"embeddable":true,"href":"https:\/\/www.notibras.com\/site\/wp-json\/wp\/v2\/comments?post=20589"}],"version-history":[{"count":0,"href":"https:\/\/www.notibras.com\/site\/wp-json\/wp\/v2\/posts\/20589\/revisions"}],"wp:featuredmedia":[{"embeddable":true,"href":"https:\/\/www.notibras.com\/site\/wp-json\/wp\/v2\/media\/20590"}],"wp:attachment":[{"href":"https:\/\/www.notibras.com\/site\/wp-json\/wp\/v2\/media?parent=20589"}],"wp:term":[{"taxonomy":"category","embeddable":true,"href":"https:\/\/www.notibras.com\/site\/wp-json\/wp\/v2\/categories?post=20589"},{"taxonomy":"post_tag","embeddable":true,"href":"https:\/\/www.notibras.com\/site\/wp-json\/wp\/v2\/tags?post=20589"}],"curies":[{"name":"wp","href":"https:\/\/api.w.org\/{rel}","templated":true}]}}