{"id":20593,"date":"2014-08-24T18:12:31","date_gmt":"2014-08-24T21:12:31","guid":{"rendered":"http:\/\/www.notibras.com\/site\/?p=20593"},"modified":"2014-08-24T18:12:31","modified_gmt":"2014-08-24T21:12:31","slug":"flu-goleia-sport-com-dois-de-fred-e-faz-as-pazes-com-a-torcida","status":"publish","type":"post","link":"https:\/\/www.notibras.com\/site\/flu-goleia-sport-com-dois-de-fred-e-faz-as-pazes-com-a-torcida\/","title":{"rendered":"Flu goleia Sport com dois de Fred e faz as pazes com a torcida"},"content":{"rendered":"<p>Ap\u00f3s tr\u00eas derrotas seguidas, uma elimina\u00e7\u00e3o na Copa do Brasil e at\u00e9 protesto violento da torcida nos \u00faltimos dias, o cen\u00e1rio no Fluminense ganhou um pouco de tranquilidade neste domingo. E justamente pelos p\u00e9s daquele que vinha sendo apontado como um dos principais respons\u00e1veis pela falta de resultados. Fred fez dois gol, deu boa assist\u00eancia para outro \u2013 marcado por C\u00edcero \u2013 e comandou a goleada do tricolor carioca sobre o Sport por 4 a 0 no Maracan\u00e3. Conca, com gol em cobran\u00e7a de falta, fechou o placar.<\/p>\n<p>O resultado encerrou a s\u00e9rie negativa no Campeonato Brasileiro e amenizou a crise que rondava as Laranjeiras. Com 29 pontos, o Fluminense ainda se aproximou novamente do G-4 da competi\u00e7\u00e3o. J\u00e1 o Sport ficou estacionado nos 25 pontos e desperdi\u00e7ou a chance de subir na tabela para colar nos primeiros colocados.<\/p>\n<blockquote><p>Com relativa tranquilidade no Brasileiro, o Tricolor agora volta suas aten\u00e7\u00f5es para a Copa Sul-Americana: o time encara o Goi\u00e1s na pr\u00f3xima quinta-feira, novamente no Maracan\u00e3. Pela mesma competi\u00e7\u00e3o, a equipe pernambucana encara o Vit\u00f3ria-BA na quarta, na Ilha do Retiro.<\/p><\/blockquote>\n<p>Pressionado pela crise nos \u00faltimos dias, o Fluminense demorou a se encontrar em campo no in\u00edcio da partida e viu o Sport come\u00e7ar melhor o jogo. Aos poucos, no entanto, o Tricolor acerto o seu meio de campo e passou a controlar as a\u00e7\u00f5es. A boa atua\u00e7\u00e3o de Fred, com um gol e uma assist\u00eancia para C\u00edcero, definiu a vantagem por 2 a 0 ao final do primeiro tempo<\/p>\n<p>Na volta do intervalo, o Fluminense nem deu tempo para que o Sport pensasse em uma rea\u00e7\u00e3o. Logo aos 5 minutos, Conca fez bonito gol em cobran\u00e7a de falta pela extrema direita do campo e praticamente resolveu o jogo. Mas os donos da casa queriam mais. E o &#8220;dono&#8221; do jogo tratou de dar status de goleada \u00e0 vit\u00f3ria tricolor. Fred aproveitou cruzamento de Bruno pela direita e testou firme para o fundo da rede, fechando o placar no Maracan\u00e3.<\/p>\n","protected":false},"excerpt":{"rendered":"<p>Ap\u00f3s tr\u00eas derrotas seguidas, uma elimina\u00e7\u00e3o na Copa do Brasil e at\u00e9 protesto violento da torcida nos \u00faltimos dias, o cen\u00e1rio no Fluminense ganhou um pouco de tranquilidade neste domingo. E justamente pelos p\u00e9s daquele que vinha sendo apontado como um dos principais respons\u00e1veis pela falta de resultados. Fred fez dois gol, deu boa assist\u00eancia [&hellip;]<\/p>\n","protected":false},"author":2,"featured_media":20594,"comment_status":"open","ping_status":"closed","sticky":false,"template":"","format":"standard","meta":{"_acf_changed":false,"footnotes":""},"categories":[19,29],"tags":[],"class_list":["post-20593","post","type-post","status-publish","format-standard","has-post-thumbnail","hentry","category-esportes","category-futebol"],"acf":[],"yoast_head":"<!-- This site is optimized with the Yoast SEO plugin v27.2 - https:\/\/yoast.com\/product\/yoast-seo-wordpress\/ -->\n<title>Flu goleia Sport com dois de Fred e faz as pazes com a torcida - Notibras<\/title>\n<meta name=\"robots\" content=\"index, follow, max-snippet:-1, max-image-preview:large, max-video-preview:-1\" \/>\n<link rel=\"canonical\" href=\"https:\/\/www.notibras.com\/site\/flu-goleia-sport-com-dois-de-fred-e-faz-as-pazes-com-a-torcida\/\" \/>\n<meta property=\"og:locale\" content=\"pt_BR\" \/>\n<meta property=\"og:type\" content=\"article\" \/>\n<meta property=\"og:title\" content=\"Flu goleia Sport com dois de Fred e faz as pazes com a torcida - Notibras\" \/>\n<meta property=\"og:description\" content=\"Ap\u00f3s tr\u00eas derrotas seguidas, uma elimina\u00e7\u00e3o na Copa do Brasil e at\u00e9 protesto violento da torcida nos \u00faltimos dias, o cen\u00e1rio no Fluminense ganhou um pouco de tranquilidade neste domingo. E justamente pelos p\u00e9s daquele que vinha sendo apontado como um dos principais respons\u00e1veis pela falta de resultados. Fred fez dois gol, deu boa assist\u00eancia [&hellip;]\" \/>\n<meta property=\"og:url\" content=\"https:\/\/www.notibras.com\/site\/flu-goleia-sport-com-dois-de-fred-e-faz-as-pazes-com-a-torcida\/\" \/>\n<meta property=\"og:site_name\" content=\"Notibras\" \/>\n<meta property=\"article:publisher\" content=\"https:\/\/www.facebook.com\/notibras\/\" \/>\n<meta property=\"article:published_time\" content=\"2014-08-24T21:12:31+00:00\" \/>\n<meta property=\"og:image\" content=\"https:\/\/www.notibras.com\/site\/wp-content\/uploads\/2014\/08\/es1.jpg\" \/>\n\t<meta property=\"og:image:width\" content=\"460\" \/>\n\t<meta property=\"og:image:height\" content=\"340\" \/>\n\t<meta property=\"og:image:type\" content=\"image\/jpeg\" \/>\n<meta name=\"author\" content=\"Reda\u00e7\u00e3o\" \/>\n<meta name=\"twitter:card\" content=\"summary_large_image\" \/>\n<meta name=\"twitter:creator\" content=\"@Notibras\" \/>\n<meta name=\"twitter:site\" content=\"@Notibras\" \/>\n<meta name=\"twitter:label1\" content=\"Escrito por\" \/>\n\t<meta name=\"twitter:data1\" content=\"Reda\u00e7\u00e3o\" \/>\n\t<meta name=\"twitter:label2\" content=\"Est. tempo de leitura\" \/>\n\t<meta name=\"twitter:data2\" content=\"2 minutos\" \/>\n<script type=\"application\/ld+json\" class=\"yoast-schema-graph\">{\"@context\":\"https:\/\/schema.org\",\"@graph\":[{\"@type\":\"Article\",\"@id\":\"https:\/\/www.notibras.com\/site\/flu-goleia-sport-com-dois-de-fred-e-faz-as-pazes-com-a-torcida\/#article\",\"isPartOf\":{\"@id\":\"https:\/\/www.notibras.com\/site\/flu-goleia-sport-com-dois-de-fred-e-faz-as-pazes-com-a-torcida\/\"},\"author\":{\"name\":\"Reda\u00e7\u00e3o\",\"@id\":\"https:\/\/www.notibras.com\/site\/#\/schema\/person\/36ab0979449956132d3e5b517ea76ac8\"},\"headline\":\"Flu goleia Sport com dois de Fred e faz as pazes com a torcida\",\"datePublished\":\"2014-08-24T21:12:31+00:00\",\"mainEntityOfPage\":{\"@id\":\"https:\/\/www.notibras.com\/site\/flu-goleia-sport-com-dois-de-fred-e-faz-as-pazes-com-a-torcida\/\"},\"wordCount\":359,\"commentCount\":0,\"publisher\":{\"@id\":\"https:\/\/www.notibras.com\/site\/#organization\"},\"image\":{\"@id\":\"https:\/\/www.notibras.com\/site\/flu-goleia-sport-com-dois-de-fred-e-faz-as-pazes-com-a-torcida\/#primaryimage\"},\"thumbnailUrl\":\"https:\/\/www.notibras.com\/site\/wp-content\/uploads\/2014\/08\/es1.jpg\",\"articleSection\":[\"Esportes\",\"Futebol\"],\"inLanguage\":\"pt-BR\",\"potentialAction\":[{\"@type\":\"CommentAction\",\"name\":\"Comment\",\"target\":[\"https:\/\/www.notibras.com\/site\/flu-goleia-sport-com-dois-de-fred-e-faz-as-pazes-com-a-torcida\/#respond\"]}]},{\"@type\":\"WebPage\",\"@id\":\"https:\/\/www.notibras.com\/site\/flu-goleia-sport-com-dois-de-fred-e-faz-as-pazes-com-a-torcida\/\",\"url\":\"https:\/\/www.notibras.com\/site\/flu-goleia-sport-com-dois-de-fred-e-faz-as-pazes-com-a-torcida\/\",\"name\":\"Flu goleia Sport com dois de Fred e faz as pazes com a torcida - Notibras\",\"isPartOf\":{\"@id\":\"https:\/\/www.notibras.com\/site\/#website\"},\"primaryImageOfPage\":{\"@id\":\"https:\/\/www.notibras.com\/site\/flu-goleia-sport-com-dois-de-fred-e-faz-as-pazes-com-a-torcida\/#primaryimage\"},\"image\":{\"@id\":\"https:\/\/www.notibras.com\/site\/flu-goleia-sport-com-dois-de-fred-e-faz-as-pazes-com-a-torcida\/#primaryimage\"},\"thumbnailUrl\":\"https:\/\/www.notibras.com\/site\/wp-content\/uploads\/2014\/08\/es1.jpg\",\"datePublished\":\"2014-08-24T21:12:31+00:00\",\"breadcrumb\":{\"@id\":\"https:\/\/www.notibras.com\/site\/flu-goleia-sport-com-dois-de-fred-e-faz-as-pazes-com-a-torcida\/#breadcrumb\"},\"inLanguage\":\"pt-BR\",\"potentialAction\":[{\"@type\":\"ReadAction\",\"target\":[\"https:\/\/www.notibras.com\/site\/flu-goleia-sport-com-dois-de-fred-e-faz-as-pazes-com-a-torcida\/\"]}]},{\"@type\":\"ImageObject\",\"inLanguage\":\"pt-BR\",\"@id\":\"https:\/\/www.notibras.com\/site\/flu-goleia-sport-com-dois-de-fred-e-faz-as-pazes-com-a-torcida\/#primaryimage\",\"url\":\"https:\/\/www.notibras.com\/site\/wp-content\/uploads\/2014\/08\/es1.jpg\",\"contentUrl\":\"https:\/\/www.notibras.com\/site\/wp-content\/uploads\/2014\/08\/es1.jpg\",\"width\":460,\"height\":340},{\"@type\":\"BreadcrumbList\",\"@id\":\"https:\/\/www.notibras.com\/site\/flu-goleia-sport-com-dois-de-fred-e-faz-as-pazes-com-a-torcida\/#breadcrumb\",\"itemListElement\":[{\"@type\":\"ListItem\",\"position\":1,\"name\":\"In\u00edcio\",\"item\":\"https:\/\/www.notibras.com\/site\/\"},{\"@type\":\"ListItem\",\"position\":2,\"name\":\"Flu goleia Sport com dois de Fred e faz as pazes com a torcida\"}]},{\"@type\":\"WebSite\",\"@id\":\"https:\/\/www.notibras.com\/site\/#website\",\"url\":\"https:\/\/www.notibras.com\/site\/\",\"name\":\"Notibras\",\"description\":\"Not\u00edcias de Bras\u00edlia, do Brasil e do Mundo\",\"publisher\":{\"@id\":\"https:\/\/www.notibras.com\/site\/#organization\"},\"potentialAction\":[{\"@type\":\"SearchAction\",\"target\":{\"@type\":\"EntryPoint\",\"urlTemplate\":\"https:\/\/www.notibras.com\/site\/?s={search_term_string}\"},\"query-input\":{\"@type\":\"PropertyValueSpecification\",\"valueRequired\":true,\"valueName\":\"search_term_string\"}}],\"inLanguage\":\"pt-BR\"},{\"@type\":\"Organization\",\"@id\":\"https:\/\/www.notibras.com\/site\/#organization\",\"name\":\"Grupo Notibras de Comunica\u00e7\u00e3o\",\"url\":\"https:\/\/www.notibras.com\/site\/\",\"logo\":{\"@type\":\"ImageObject\",\"inLanguage\":\"pt-BR\",\"@id\":\"https:\/\/www.notibras.com\/site\/#\/schema\/logo\/image\/\",\"url\":\"https:\/\/www.notibras.com\/site\/wp-content\/uploads\/2023\/01\/notibras23.png\",\"contentUrl\":\"https:\/\/www.notibras.com\/site\/wp-content\/uploads\/2023\/01\/notibras23.png\",\"width\":350,\"height\":87,\"caption\":\"Grupo Notibras de Comunica\u00e7\u00e3o\"},\"image\":{\"@id\":\"https:\/\/www.notibras.com\/site\/#\/schema\/logo\/image\/\"},\"sameAs\":[\"https:\/\/www.facebook.com\/notibras\/\",\"https:\/\/x.com\/Notibras\",\"https:\/\/www.instagram.com\/notibras\/\"]},{\"@type\":\"Person\",\"@id\":\"https:\/\/www.notibras.com\/site\/#\/schema\/person\/36ab0979449956132d3e5b517ea76ac8\",\"name\":\"Reda\u00e7\u00e3o\",\"image\":{\"@type\":\"ImageObject\",\"inLanguage\":\"pt-BR\",\"@id\":\"https:\/\/secure.gravatar.com\/avatar\/e0a867bdedb85fd243eadf09663511f96fc81e0720a4a42581f334ad4303aa6b?s=96&d=mm&r=g\",\"url\":\"https:\/\/secure.gravatar.com\/avatar\/e0a867bdedb85fd243eadf09663511f96fc81e0720a4a42581f334ad4303aa6b?s=96&d=mm&r=g\",\"contentUrl\":\"https:\/\/secure.gravatar.com\/avatar\/e0a867bdedb85fd243eadf09663511f96fc81e0720a4a42581f334ad4303aa6b?s=96&d=mm&r=g\",\"caption\":\"Reda\u00e7\u00e3o\"}}]}<\/script>\n<!-- \/ Yoast SEO plugin. -->","yoast_head_json":{"title":"Flu goleia Sport com dois de Fred e faz as pazes com a torcida - Notibras","robots":{"index":"index","follow":"follow","max-snippet":"max-snippet:-1","max-image-preview":"max-image-preview:large","max-video-preview":"max-video-preview:-1"},"canonical":"https:\/\/www.notibras.com\/site\/flu-goleia-sport-com-dois-de-fred-e-faz-as-pazes-com-a-torcida\/","og_locale":"pt_BR","og_type":"article","og_title":"Flu goleia Sport com dois de Fred e faz as pazes com a torcida - Notibras","og_description":"Ap\u00f3s tr\u00eas derrotas seguidas, uma elimina\u00e7\u00e3o na Copa do Brasil e at\u00e9 protesto violento da torcida nos \u00faltimos dias, o cen\u00e1rio no Fluminense ganhou um pouco de tranquilidade neste domingo. E justamente pelos p\u00e9s daquele que vinha sendo apontado como um dos principais respons\u00e1veis pela falta de resultados. Fred fez dois gol, deu boa assist\u00eancia [&hellip;]","og_url":"https:\/\/www.notibras.com\/site\/flu-goleia-sport-com-dois-de-fred-e-faz-as-pazes-com-a-torcida\/","og_site_name":"Notibras","article_publisher":"https:\/\/www.facebook.com\/notibras\/","article_published_time":"2014-08-24T21:12:31+00:00","og_image":[{"width":460,"height":340,"url":"https:\/\/www.notibras.com\/site\/wp-content\/uploads\/2014\/08\/es1.jpg","type":"image\/jpeg"}],"author":"Reda\u00e7\u00e3o","twitter_card":"summary_large_image","twitter_creator":"@Notibras","twitter_site":"@Notibras","twitter_misc":{"Escrito por":"Reda\u00e7\u00e3o","Est. tempo de leitura":"2 minutos"},"schema":{"@context":"https:\/\/schema.org","@graph":[{"@type":"Article","@id":"https:\/\/www.notibras.com\/site\/flu-goleia-sport-com-dois-de-fred-e-faz-as-pazes-com-a-torcida\/#article","isPartOf":{"@id":"https:\/\/www.notibras.com\/site\/flu-goleia-sport-com-dois-de-fred-e-faz-as-pazes-com-a-torcida\/"},"author":{"name":"Reda\u00e7\u00e3o","@id":"https:\/\/www.notibras.com\/site\/#\/schema\/person\/36ab0979449956132d3e5b517ea76ac8"},"headline":"Flu goleia Sport com dois de Fred e faz as pazes com a torcida","datePublished":"2014-08-24T21:12:31+00:00","mainEntityOfPage":{"@id":"https:\/\/www.notibras.com\/site\/flu-goleia-sport-com-dois-de-fred-e-faz-as-pazes-com-a-torcida\/"},"wordCount":359,"commentCount":0,"publisher":{"@id":"https:\/\/www.notibras.com\/site\/#organization"},"image":{"@id":"https:\/\/www.notibras.com\/site\/flu-goleia-sport-com-dois-de-fred-e-faz-as-pazes-com-a-torcida\/#primaryimage"},"thumbnailUrl":"https:\/\/www.notibras.com\/site\/wp-content\/uploads\/2014\/08\/es1.jpg","articleSection":["Esportes","Futebol"],"inLanguage":"pt-BR","potentialAction":[{"@type":"CommentAction","name":"Comment","target":["https:\/\/www.notibras.com\/site\/flu-goleia-sport-com-dois-de-fred-e-faz-as-pazes-com-a-torcida\/#respond"]}]},{"@type":"WebPage","@id":"https:\/\/www.notibras.com\/site\/flu-goleia-sport-com-dois-de-fred-e-faz-as-pazes-com-a-torcida\/","url":"https:\/\/www.notibras.com\/site\/flu-goleia-sport-com-dois-de-fred-e-faz-as-pazes-com-a-torcida\/","name":"Flu goleia Sport com dois de Fred e faz as pazes com a torcida - Notibras","isPartOf":{"@id":"https:\/\/www.notibras.com\/site\/#website"},"primaryImageOfPage":{"@id":"https:\/\/www.notibras.com\/site\/flu-goleia-sport-com-dois-de-fred-e-faz-as-pazes-com-a-torcida\/#primaryimage"},"image":{"@id":"https:\/\/www.notibras.com\/site\/flu-goleia-sport-com-dois-de-fred-e-faz-as-pazes-com-a-torcida\/#primaryimage"},"thumbnailUrl":"https:\/\/www.notibras.com\/site\/wp-content\/uploads\/2014\/08\/es1.jpg","datePublished":"2014-08-24T21:12:31+00:00","breadcrumb":{"@id":"https:\/\/www.notibras.com\/site\/flu-goleia-sport-com-dois-de-fred-e-faz-as-pazes-com-a-torcida\/#breadcrumb"},"inLanguage":"pt-BR","potentialAction":[{"@type":"ReadAction","target":["https:\/\/www.notibras.com\/site\/flu-goleia-sport-com-dois-de-fred-e-faz-as-pazes-com-a-torcida\/"]}]},{"@type":"ImageObject","inLanguage":"pt-BR","@id":"https:\/\/www.notibras.com\/site\/flu-goleia-sport-com-dois-de-fred-e-faz-as-pazes-com-a-torcida\/#primaryimage","url":"https:\/\/www.notibras.com\/site\/wp-content\/uploads\/2014\/08\/es1.jpg","contentUrl":"https:\/\/www.notibras.com\/site\/wp-content\/uploads\/2014\/08\/es1.jpg","width":460,"height":340},{"@type":"BreadcrumbList","@id":"https:\/\/www.notibras.com\/site\/flu-goleia-sport-com-dois-de-fred-e-faz-as-pazes-com-a-torcida\/#breadcrumb","itemListElement":[{"@type":"ListItem","position":1,"name":"In\u00edcio","item":"https:\/\/www.notibras.com\/site\/"},{"@type":"ListItem","position":2,"name":"Flu goleia Sport com dois de Fred e faz as pazes com a torcida"}]},{"@type":"WebSite","@id":"https:\/\/www.notibras.com\/site\/#website","url":"https:\/\/www.notibras.com\/site\/","name":"Notibras","description":"Not\u00edcias de Bras\u00edlia, do Brasil e do Mundo","publisher":{"@id":"https:\/\/www.notibras.com\/site\/#organization"},"potentialAction":[{"@type":"SearchAction","target":{"@type":"EntryPoint","urlTemplate":"https:\/\/www.notibras.com\/site\/?s={search_term_string}"},"query-input":{"@type":"PropertyValueSpecification","valueRequired":true,"valueName":"search_term_string"}}],"inLanguage":"pt-BR"},{"@type":"Organization","@id":"https:\/\/www.notibras.com\/site\/#organization","name":"Grupo Notibras de Comunica\u00e7\u00e3o","url":"https:\/\/www.notibras.com\/site\/","logo":{"@type":"ImageObject","inLanguage":"pt-BR","@id":"https:\/\/www.notibras.com\/site\/#\/schema\/logo\/image\/","url":"https:\/\/www.notibras.com\/site\/wp-content\/uploads\/2023\/01\/notibras23.png","contentUrl":"https:\/\/www.notibras.com\/site\/wp-content\/uploads\/2023\/01\/notibras23.png","width":350,"height":87,"caption":"Grupo Notibras de Comunica\u00e7\u00e3o"},"image":{"@id":"https:\/\/www.notibras.com\/site\/#\/schema\/logo\/image\/"},"sameAs":["https:\/\/www.facebook.com\/notibras\/","https:\/\/x.com\/Notibras","https:\/\/www.instagram.com\/notibras\/"]},{"@type":"Person","@id":"https:\/\/www.notibras.com\/site\/#\/schema\/person\/36ab0979449956132d3e5b517ea76ac8","name":"Reda\u00e7\u00e3o","image":{"@type":"ImageObject","inLanguage":"pt-BR","@id":"https:\/\/secure.gravatar.com\/avatar\/e0a867bdedb85fd243eadf09663511f96fc81e0720a4a42581f334ad4303aa6b?s=96&d=mm&r=g","url":"https:\/\/secure.gravatar.com\/avatar\/e0a867bdedb85fd243eadf09663511f96fc81e0720a4a42581f334ad4303aa6b?s=96&d=mm&r=g","contentUrl":"https:\/\/secure.gravatar.com\/avatar\/e0a867bdedb85fd243eadf09663511f96fc81e0720a4a42581f334ad4303aa6b?s=96&d=mm&r=g","caption":"Reda\u00e7\u00e3o"}}]}},"amp_enabled":true,"_links":{"self":[{"href":"https:\/\/www.notibras.com\/site\/wp-json\/wp\/v2\/posts\/20593","targetHints":{"allow":["GET"]}}],"collection":[{"href":"https:\/\/www.notibras.com\/site\/wp-json\/wp\/v2\/posts"}],"about":[{"href":"https:\/\/www.notibras.com\/site\/wp-json\/wp\/v2\/types\/post"}],"author":[{"embeddable":true,"href":"https:\/\/www.notibras.com\/site\/wp-json\/wp\/v2\/users\/2"}],"replies":[{"embeddable":true,"href":"https:\/\/www.notibras.com\/site\/wp-json\/wp\/v2\/comments?post=20593"}],"version-history":[{"count":0,"href":"https:\/\/www.notibras.com\/site\/wp-json\/wp\/v2\/posts\/20593\/revisions"}],"wp:featuredmedia":[{"embeddable":true,"href":"https:\/\/www.notibras.com\/site\/wp-json\/wp\/v2\/media\/20594"}],"wp:attachment":[{"href":"https:\/\/www.notibras.com\/site\/wp-json\/wp\/v2\/media?parent=20593"}],"wp:term":[{"taxonomy":"category","embeddable":true,"href":"https:\/\/www.notibras.com\/site\/wp-json\/wp\/v2\/categories?post=20593"},{"taxonomy":"post_tag","embeddable":true,"href":"https:\/\/www.notibras.com\/site\/wp-json\/wp\/v2\/tags?post=20593"}],"curies":[{"name":"wp","href":"https:\/\/api.w.org\/{rel}","templated":true}]}}