{"id":20605,"date":"2014-08-24T18:30:18","date_gmt":"2014-08-24T21:30:18","guid":{"rendered":"http:\/\/www.notibras.com\/site\/?p=20605"},"modified":"2014-08-25T08:11:46","modified_gmt":"2014-08-25T11:11:46","slug":"beto-puixa-orelhas-e-manda-que-federais-trabalhem-mais-e-falem-menos","status":"publish","type":"post","link":"https:\/\/www.notibras.com\/site\/beto-puixa-orelhas-e-manda-que-federais-trabalhem-mais-e-falem-menos\/","title":{"rendered":"Beto puxa as orelhas e sugere \u00e0 PF trabalhar mais e falar menos"},"content":{"rendered":"<p>&#8220;Pol\u00edcia Federal n\u00e3o tem que falar; tem que investigar&#8221;. A frase foi dita neste domingo (24) pelo candidato a vice na chapa encabe\u00e7ada por Marina Silva \u00e0 Presid\u00eancia da Rep\u00fablica pelo PSB Beto Albuquerque. As informa\u00e7\u00f5es s\u00e3o do Estad\u00e3o.<\/p>\n<p>Ele acompanhava a presidenci\u00e1vel em uma visita ao Centro de Tradi\u00e7\u00f5es Nordestinas (CTN) quando os jornalistas perguntaram a Marina como estava vendo not\u00edcias informando que, segundo a Pol\u00edcia Federal, a prov\u00e1vel compra do jatinho que Eduardo Campos viajava poderia ter sido feita com recursos de caixa dois de campanha.<\/p>\n<blockquote><p>Beto Albuquerque tomou a palavra antes de Marina falar e disse que sobre esta quest\u00e3o ele que responderia. &#8220;N\u00e3o sei o que a Pol\u00edcia Federal est\u00e1 falando. Mas se ela est\u00e1 falando, deveria apurar antes. Pol\u00edcia Federal n\u00e3o tem que falar; tem que investigar e quando decidir falar tem que estar com a coisa conclu\u00edda&#8221; provocou o deputado.<\/p><\/blockquote>\n<p>Ao final Albuquerque reiterou que o PSB vai prestar todas as informa\u00e7\u00f5es \u00e0 imprensa e ao Brasil sobre as condi\u00e7\u00f5es do contrato de compra do avi\u00e3o que Eduardo Campos e sua equipe viajava. Mais cedo, antes de Marina Chegar ao evento, o candidato a vice-presidente j\u00e1 havia avisado que o presidente do PSB, Roberto Amaral, deveria prestar esses esclarecimento amanh\u00e3 25.<\/p>\n","protected":false},"excerpt":{"rendered":"<p>&#8220;Pol\u00edcia Federal n\u00e3o tem que falar; tem que investigar&#8221;. A frase foi dita neste domingo (24) pelo candidato a vice na chapa encabe\u00e7ada por Marina Silva \u00e0 Presid\u00eancia da Rep\u00fablica pelo PSB Beto Albuquerque. As informa\u00e7\u00f5es s\u00e3o do Estad\u00e3o. Ele acompanhava a presidenci\u00e1vel em uma visita ao Centro de Tradi\u00e7\u00f5es Nordestinas (CTN) quando os jornalistas [&hellip;]<\/p>\n","protected":false},"author":2,"featured_media":20606,"comment_status":"open","ping_status":"closed","sticky":false,"template":"","format":"standard","meta":{"_acf_changed":false,"footnotes":""},"categories":[33],"tags":[],"class_list":["post-20605","post","type-post","status-publish","format-standard","has-post-thumbnail","hentry","category-eleicoes-2014"],"acf":[],"_links":{"self":[{"href":"https:\/\/www.notibras.com\/site\/wp-json\/wp\/v2\/posts\/20605","targetHints":{"allow":["GET"]}}],"collection":[{"href":"https:\/\/www.notibras.com\/site\/wp-json\/wp\/v2\/posts"}],"about":[{"href":"https:\/\/www.notibras.com\/site\/wp-json\/wp\/v2\/types\/post"}],"author":[{"embeddable":true,"href":"https:\/\/www.notibras.com\/site\/wp-json\/wp\/v2\/users\/2"}],"replies":[{"embeddable":true,"href":"https:\/\/www.notibras.com\/site\/wp-json\/wp\/v2\/comments?post=20605"}],"version-history":[{"count":0,"href":"https:\/\/www.notibras.com\/site\/wp-json\/wp\/v2\/posts\/20605\/revisions"}],"wp:featuredmedia":[{"embeddable":true,"href":"https:\/\/www.notibras.com\/site\/wp-json\/wp\/v2\/media\/20606"}],"wp:attachment":[{"href":"https:\/\/www.notibras.com\/site\/wp-json\/wp\/v2\/media?parent=20605"}],"wp:term":[{"taxonomy":"category","embeddable":true,"href":"https:\/\/www.notibras.com\/site\/wp-json\/wp\/v2\/categories?post=20605"},{"taxonomy":"post_tag","embeddable":true,"href":"https:\/\/www.notibras.com\/site\/wp-json\/wp\/v2\/tags?post=20605"}],"curies":[{"name":"wp","href":"https:\/\/api.w.org\/{rel}","templated":true}]}}