{"id":20623,"date":"2014-08-24T18:57:49","date_gmt":"2014-08-24T21:57:49","guid":{"rendered":"http:\/\/www.notibras.com\/site\/?p=20623"},"modified":"2014-08-24T18:59:08","modified_gmt":"2014-08-24T21:59:08","slug":"pt-de-ex-operarios-agora-faz-aliancas-com-patroes-em-outras-frentes","status":"publish","type":"post","link":"https:\/\/www.notibras.com\/site\/pt-de-ex-operarios-agora-faz-aliancas-com-patroes-em-outras-frentes\/","title":{"rendered":"PT, de ex-oper\u00e1rios, agora se alia com patr\u00f5es de outras frentes"},"content":{"rendered":"<p>Em sete dos dez Estados em que o PT n\u00e3o encabe\u00e7a a candidatura ao cargo de governador, o partido apoia candidatos representantes da classe empresarial brasileira. As informa\u00e7\u00f5es s\u00e3o do Uol.<\/p>\n<p>O partido, fundado em 1980, tem sua origem atrelada ao movimento sindical e a grupos intelectuais de esquerda, e costuma se colocar nas elei\u00e7\u00f5es em que participa como representante da classe trabalhadora, em disputa pelo poder contra a classe patronal e a elite econ\u00f4mica brasileira.<\/p>\n<p>Apesar disso, sete dos dez candidatos a governador das coliga\u00e7\u00f5es integradas pelo PT s\u00e3o pol\u00edticos representantes de entidades ligadas ao agroneg\u00f3cio, sindicatos patronais ou institui\u00e7\u00f5es representantes do empresariado nacional.<\/p>\n<p>Uma das exce\u00e7\u00f5es \u00e9 o Estado de Sergipe. L\u00e1, o PT apoia o candidato do PMDB (Partido da Mobiliza\u00e7\u00e3o Democr\u00e1tica Brasileira), Jackson Barreto, servidor da Receita Federal, ex-militante clandestino do PCB (Partido Comunista Brasileiro) e atual governador do Estado. Barreto era vice-governador de Marcelo D\u00e9da (PT), que morreu no ano passado.<\/p>\n<p>J\u00e1 no Estado do Amap\u00e1, quem recebe o apoio do PT \u00e9 o atual governador e candidato \u00e0 reelei\u00e7\u00e3o, Camilo Capiberibe (PSB), membro de um partido que n\u00e3o faz parte da coliga\u00e7\u00e3o que apoia a candidatura presidencial de Dilma Rousseff.<\/p>\n<p>O pessebista vem de uma fam\u00edlia de classe m\u00e9dia. Seus pais eram militantes de esquerda e mudaram para o Chile durante a ditadura militar brasileira (1964-1990). Por causa disso, Capiberibe nasceu no pa\u00eds vizinho, mas cresceu no Brasil, onde deu in\u00edcio \u00e0 sua carreira pol\u00edtica no j\u00e1 movimento estudantil.<\/p>\n<p>Finalmente, no Estado da Para\u00edba, o PT apoia Ricardo Coutinho (PSB), filho de um agricultor e de uma costureira, formado em Farm\u00e1cia, funcion\u00e1rio p\u00fablico de carreira da UFPB (Universidade Federal da Para\u00edba) e ex-dirigente da CUT (Central \u00danica dos Trabalhadores).<\/p>\n<p>Veja agora a lista dos patr\u00f5es que t\u00eam o apoio dos petistas:<\/p>\n<blockquote><p>Armando Monteiro, nascido em 24 de fevereiro de 1952, \u00e9 formado em administra\u00e7\u00e3o e direito. Pertencente a uma fam\u00edlia de industriais, dona de sider\u00fargicas e usinas de \u00e1lcool e a\u00e7\u00facar, come\u00e7ou a vida p\u00fablica em 1986, no Sindicato das Ind\u00fastrias Metal\u00fargicas, Mec\u00e2nicas e de Material El\u00e9trico de Pernambuco. Foi diretor e depois presidente da entidade at\u00e9 1992, quando assumiu a presid\u00eancia da Fiepe (Federa\u00e7\u00e3o das Ind\u00fastrias do Estado de Pernambuco), cargo que ocupou por quatro mandatos consecutivos. Depois, entre 2002 e 2010, foi presidente da CNI (Confedera\u00e7\u00e3o Nacional da Ind\u00fastria). Ingressou na vida pol\u00edtico-partid\u00e1ria em 1990, quando se filiou ao PSDB. Ficou no partido at\u00e9 1997, quando mudou para o PMDB. Em 2003, filou-se ao PTB, onde permanece at\u00e9 hoje. Foi deputado federal por Pernambuco por tr\u00eas legislaturas (1999-2011). Em 2010, candidatou-se e foi eleito senador de Pernambuco pelo PTB.<\/p>\n<p>Renan Filho, nascido em 8 de outubro de 1979, pertence a uma tradicional fam\u00edlia pol\u00edtica de Alagoas. Seu pai \u00e9 o senador Renan Calheiros (PMDB\/AL), que ocupa cargos p\u00fablicos desde 1978 e atualmente \u00e9 presidente do Senado. Em 2007, Calheiros renunciou ao mandato para evitar uma cassa\u00e7\u00e3o em virtude de den\u00fancias de corrup\u00e7\u00e3o. S\u00f3cio de quatro empresas de comunica\u00e7\u00e3o no Estado (segundo sua declara\u00e7\u00e3o de bens \u00e0 Justi\u00e7a eleitoral), o peemedebista Renan Filho foi eleito prefeito do munic\u00edpio de Mucuri em 2004, quando tinha apenas 24 anos. Foi reeleito para o cargo em 2008, mas abandou o posto em 2011, quando assumiu uma cadeira na C\u00e2mara dos Deputados, ap\u00f3s ser eleito em 2010. Tamb\u00e9m em Alagoas, nas elei\u00e7\u00f5es para o Senado, o PT comp\u00f5e a chapa que apoia o ex-presidente Fernando Collor de Mello (PTB).<\/p>\n<p>H\u00e9lder Barbalho, herdeiro de um grupo de comunica\u00e7\u00e3o que re\u00fane oito emissoras de r\u00e1dio, quatro retransmissoras de televis\u00e3o e um jornal di\u00e1rio, Helder Barbalho, filho do senador Jader Barbalho (PMDB-PA), tem 35 anos e um patrim\u00f4nio declarado de R$ 2,34 milh\u00f5es. A maior parte de suas posses correspondem a participa\u00e7\u00f5es acion\u00e1rias em dez empresas de sua fam\u00edlia. Com o apoio do grupo pol\u00edtico comandado por seu pai, Helder Barbalho foi eleito prefeito de Ananindeua (regi\u00e3o metropolitana de Bel\u00e9m) em 2004 quando tinha apenas 25 anos, tornando-se, segundo ele mesmo afirma, o prefeito mais jovem da hist\u00f3ria do Estado. Em 2006 e 2010, o PT lan\u00e7ou candidatura pr\u00f3pria no Estado do Par\u00e1, da banc\u00e1ria do Banco do Brasil Ana J\u00falia Carepa, que iniciou sua carreira no movimento estudantil e era ligada a grupos de defesa dos direitos das mulheres. Neste ano, o partido decidiu apoiar Helder Barbalho dentro de um arranjo que garantiu a manuten\u00e7\u00e3o da alian\u00e7a nacional com o PMDB.<\/p>\n<p>Eduardo Braga, dono de uma fortuna declarada de R$ 27,3 milh\u00f5es, o peemedebista \u00e9 propriet\u00e1rio de uma rede de concession\u00e1rias e assumiu seu primeiro cargo p\u00fablico em 1982, ap\u00f3s ter sido eleitor vereador de Manaus pelo PDS (Partido Democrata Social, hoje chamado PP, Partido Progressista), partido que apoiava o regime militar brasileiro e era origin\u00e1rio da Arena (Alian\u00e7a Renovadora Nacional). O empres\u00e1rio, que tamb\u00e9m investe no agroneg\u00f3cio (letras de cr\u00e9dito e cabe\u00e7as de gado), j\u00e1 passou por seis partidos pol\u00edticos. Al\u00e9m de vereador pelo PDS, foi\u00a0deputado estadual pelo PMDB (1987-1991) e federal pelo PDC (1991-1992). Foi vice-prefeito e prefeito da capital amazonense pelo PDC (1993-1996) e governou o Amazonas duas vezes, pelo PPS (2003-2007) e pelo PMDB (2007-2011). J\u00e1 teve passagens pelo PSL\u00a0 e pelo PPL. Atualmente, \u00e9 senador pelo PMDB. O candidato tem contra si um inqu\u00e9rito no STF (Supremo Tribunal Federal) por crime eleitoral e mais dez processos no Tribunal de Justi\u00e7a do Amazonas, sendo quatro deles por suspeita de improbidade administrativa.<\/p>\n<p>Marcelo Miranda, nascido em Goi\u00e2nia em 10 de outubro de 1961, Miranda \u00e9 membro de uma tradicional fam\u00edlia de pol\u00edticos e agropecuaristas de Goi\u00e1s e Tocantins. Estrou na pol\u00edtica em 1990, quando foi eleito deputado pelo PFL (Partido da Frente Liberal, atuam DEM, Democratas) para ocupar um cargo na Assembleia Legislativa goiana. Foi reeleito ao cargo mais duas vezes. Em 2002, ainda no PFL, foi eleito governador do Tocantins, sendo reeleito em 2006, j\u00e1 pelo PMDB. Em 2009, por\u00e9m, teve seu mandato cassado por unanimidade pelo TSE (Tribunal Superior Eleitoral), que apontou os crimes de abuso do poder, compra de votos e uso indevido dos meios de comunica\u00e7\u00e3o social nas Elei\u00e7\u00f5es de 2006. Em 2010, foi eleito senador, mas foi impedido pela Justi\u00e7a de assumir o mandato por entender que ele se encontra ineleg\u00edvel em virtude da condena\u00e7\u00e3o de 2009. Al\u00e9m do processo em que foi cassado do governo, Miranda figura em mais de 500 processos nas diversas esferas e tribunais do Poder Judici\u00e1rio. Para o Senado, representando o povo de Tocantins, o PT apoia a reelei\u00e7\u00e3o da l\u00edder da bancada ruralista, K\u00e1tia Abreu (PMDB).<\/p>\n<p>Lob\u00e3o Filho, nascido em 17 de setembro de 1964, o empres\u00e1rio peemedebista \u00e9 um dos donos do Sistema Difusora de Comunica\u00e7\u00e3o, emissora de TV afiliada do SBT no Estado do Maranh\u00e3o e tamb\u00e9m de uma rede de distribuidora de bebidas. Antes de filiar-se ao PMDB (2010), foi membro do PFL (depois renomeado para Democratas) por oito anos, desde 2002. Seu patrim\u00f4nio declarado \u00e0 Justi\u00e7a eleitoral neste ano \u00e9 de R$ 9.881.256,03, valor 284% maior do que o que foi declarado em 2010 (R$ 2.570.010,32), quando se elegeu suplente de senador. \u00c9 filho e herdeiro pol\u00edtico do senador e atual ministro das Minas e Energia, Edison Lob\u00e3o, eleito deputado federal pela Arena em 1978 e pelo PDS em 1982. De 1991 a 1994, foi governador do Maranh\u00e3o pelo PFL. Passou a integrar a base aliada do governo em 2007, quando ingressou no PMDB. Em janeiro do ano seguinte, foi nomeado ministro das Minas e Energia pelo ent\u00e3o presidente Luiz In\u00e1cio Lula da Silva.<\/p>\n<p>Robson Faria, nascido em 12 de abril de 1959, \u00e9 membro de uma fam\u00edlia propriet\u00e1ria de usinas de sal no Estado do Rio Grande do Norte. Deu in\u00edcio \u00e0 sua carreira pol\u00edtica em 1986, quando foi eleito deputado estadual pelo PFL (atual Democratas). Depois disso, cumpriu mais cinco mandatos na casa legislativa potiguar. Em 2010, foi eleito vice-governador de seu Estado na chapa da governadora Rosalba Ciarlini (DEM). Em 2011, por\u00e9m, rompeu com o governo e passou a integrar o bloco de oposi\u00e7\u00e3o a Rosalba. No mesmo ano, deixou seu ent\u00e3o partido, o PMN (Partido da Mobiliza\u00e7\u00e3o Nacional), para filiar-se e ajudar a fundar o PSD no Rio Grande do Norte. Antes de se dedicar \u00e0 pol\u00edtica, Robinson Faria trabalhava nas empresas do pai, o industrial Osmundo Faria. Juntos, em 1970, eles deram in\u00edcio \u00e0s atividades da salina Amarra Negra, ent\u00e3o a maior do Brasil. Em 1974, Osmundo tinha o apoio do ent\u00e3o ministro do Ex\u00e9rcito, general Dale Coutinho, para assumir o cargo de governador do Rio Grande do Norte em 1975. O general, no entanto, morreu meses ap\u00f3s manifestar seu apoio ao industrial. No ano seguinte, ent\u00e3o, o governo militar optou por designar Tarc\u00edsio Maia, pai do senador Agripino Maia (DEM), para o cargo.<\/p><\/blockquote>\n","protected":false},"excerpt":{"rendered":"<p>Em sete dos dez Estados em que o PT n\u00e3o encabe\u00e7a a candidatura ao cargo de governador, o partido apoia candidatos representantes da classe empresarial brasileira. As informa\u00e7\u00f5es s\u00e3o do Uol. O partido, fundado em 1980, tem sua origem atrelada ao movimento sindical e a grupos intelectuais de esquerda, e costuma se colocar nas elei\u00e7\u00f5es [&hellip;]<\/p>\n","protected":false},"author":2,"featured_media":20624,"comment_status":"open","ping_status":"closed","sticky":false,"template":"","format":"standard","meta":{"_acf_changed":false,"footnotes":""},"categories":[33],"tags":[],"class_list":["post-20623","post","type-post","status-publish","format-standard","has-post-thumbnail","hentry","category-eleicoes-2014"],"acf":[],"_links":{"self":[{"href":"https:\/\/www.notibras.com\/site\/wp-json\/wp\/v2\/posts\/20623","targetHints":{"allow":["GET"]}}],"collection":[{"href":"https:\/\/www.notibras.com\/site\/wp-json\/wp\/v2\/posts"}],"about":[{"href":"https:\/\/www.notibras.com\/site\/wp-json\/wp\/v2\/types\/post"}],"author":[{"embeddable":true,"href":"https:\/\/www.notibras.com\/site\/wp-json\/wp\/v2\/users\/2"}],"replies":[{"embeddable":true,"href":"https:\/\/www.notibras.com\/site\/wp-json\/wp\/v2\/comments?post=20623"}],"version-history":[{"count":0,"href":"https:\/\/www.notibras.com\/site\/wp-json\/wp\/v2\/posts\/20623\/revisions"}],"wp:featuredmedia":[{"embeddable":true,"href":"https:\/\/www.notibras.com\/site\/wp-json\/wp\/v2\/media\/20624"}],"wp:attachment":[{"href":"https:\/\/www.notibras.com\/site\/wp-json\/wp\/v2\/media?parent=20623"}],"wp:term":[{"taxonomy":"category","embeddable":true,"href":"https:\/\/www.notibras.com\/site\/wp-json\/wp\/v2\/categories?post=20623"},{"taxonomy":"post_tag","embeddable":true,"href":"https:\/\/www.notibras.com\/site\/wp-json\/wp\/v2\/tags?post=20623"}],"curies":[{"name":"wp","href":"https:\/\/api.w.org\/{rel}","templated":true}]}}