{"id":20631,"date":"2014-08-24T21:05:36","date_gmt":"2014-08-25T00:05:36","guid":{"rendered":"http:\/\/www.notibras.com\/site\/?p=20631"},"modified":"2014-08-24T21:06:33","modified_gmt":"2014-08-25T00:06:33","slug":"dois-presos-sao-decapitados-durante-rebeliao-em-presidio-do-parana","status":"publish","type":"post","link":"https:\/\/www.notibras.com\/site\/dois-presos-sao-decapitados-durante-rebeliao-em-presidio-do-parana\/","title":{"rendered":"Presos s\u00e3o decapitados durante rebeli\u00e3o em pres\u00eddio do Paran\u00e1"},"content":{"rendered":"<p>Dois presos foram decapitados durante rebeli\u00e3o na Penitenci\u00e1ria Estadual de Cascavel, no oeste do Paran\u00e1, informou o Departamento Penitenci\u00e1rio do Paran\u00e1 (Depen). Quatro presos est\u00e3o feridos, sendo que tr\u00eas foram encaminhados para o hospital.<\/p>\n<p class=\"text\">A rebeli\u00e3o teve in\u00edcio da manh\u00e3 deste domingo, com dois agentes penitenci\u00e1rios e seis presos feitos ref\u00e9ns. A Pol\u00edcia Militar cercou o pres\u00eddio e est\u00e1 negociando com participa\u00e7\u00e3o de representantes do governo do estado e da Vara de Execu\u00e7\u00e3o Penal.<\/p>\n<p class=\"text\">Entre os presos mortos pode estar um ex-policial civil preso na delegacia de Cascavel, suspeito de furtar pe\u00e7as de ve\u00edculos apreendidos e vender. De acordo com o Depen, o ex-policial estava entre os ref\u00e9ns, mas ainda n\u00e3o foi confirmado se ele foi um dos decapitados.<\/p>\n<p class=\"text\">O Depen ainda est\u00e1 tentando descobrir o motivo da rebeli\u00e3o. Uma suspeita \u00e9 briga entre fac\u00e7\u00f5es, mas os presos tamb\u00e9m fazem reclama\u00e7\u00f5es sobre visitas, alimenta\u00e7\u00e3o e rela\u00e7\u00e3o com a dire\u00e7\u00e3o do pres\u00eddio.<\/p>\n<p class=\"text\">De acordo com o Depen, o pres\u00eddio foi depredado e houve queima de colch\u00f5es, mas ainda n\u00e3o \u00e9 poss\u00edvel avaliar a extens\u00e3o dos estragos. Ainda segundo o Depen, o pres\u00eddio tem capacidade para 1.182 presos e abriga 1.040.<\/p>\n","protected":false},"excerpt":{"rendered":"<p>Dois presos foram decapitados durante rebeli\u00e3o na Penitenci\u00e1ria Estadual de Cascavel, no oeste do Paran\u00e1, informou o Departamento Penitenci\u00e1rio do Paran\u00e1 (Depen). Quatro presos est\u00e3o feridos, sendo que tr\u00eas foram encaminhados para o hospital. A rebeli\u00e3o teve in\u00edcio da manh\u00e3 deste domingo, com dois agentes penitenci\u00e1rios e seis presos feitos ref\u00e9ns. A Pol\u00edcia Militar cercou [&hellip;]<\/p>\n","protected":false},"author":2,"featured_media":20632,"comment_status":"open","ping_status":"closed","sticky":false,"template":"","format":"standard","meta":{"_acf_changed":false,"footnotes":""},"categories":[16],"tags":[],"class_list":["post-20631","post","type-post","status-publish","format-standard","has-post-thumbnail","hentry","category-brasil"],"acf":[],"_links":{"self":[{"href":"https:\/\/www.notibras.com\/site\/wp-json\/wp\/v2\/posts\/20631","targetHints":{"allow":["GET"]}}],"collection":[{"href":"https:\/\/www.notibras.com\/site\/wp-json\/wp\/v2\/posts"}],"about":[{"href":"https:\/\/www.notibras.com\/site\/wp-json\/wp\/v2\/types\/post"}],"author":[{"embeddable":true,"href":"https:\/\/www.notibras.com\/site\/wp-json\/wp\/v2\/users\/2"}],"replies":[{"embeddable":true,"href":"https:\/\/www.notibras.com\/site\/wp-json\/wp\/v2\/comments?post=20631"}],"version-history":[{"count":0,"href":"https:\/\/www.notibras.com\/site\/wp-json\/wp\/v2\/posts\/20631\/revisions"}],"wp:featuredmedia":[{"embeddable":true,"href":"https:\/\/www.notibras.com\/site\/wp-json\/wp\/v2\/media\/20632"}],"wp:attachment":[{"href":"https:\/\/www.notibras.com\/site\/wp-json\/wp\/v2\/media?parent=20631"}],"wp:term":[{"taxonomy":"category","embeddable":true,"href":"https:\/\/www.notibras.com\/site\/wp-json\/wp\/v2\/categories?post=20631"},{"taxonomy":"post_tag","embeddable":true,"href":"https:\/\/www.notibras.com\/site\/wp-json\/wp\/v2\/tags?post=20631"}],"curies":[{"name":"wp","href":"https:\/\/api.w.org\/{rel}","templated":true}]}}