{"id":20635,"date":"2014-08-24T20:14:21","date_gmt":"2014-08-24T23:14:21","guid":{"rendered":"http:\/\/www.notibras.com\/site\/?p=20635"},"modified":"2014-08-24T21:17:10","modified_gmt":"2014-08-25T00:17:10","slug":"getulio-vargas-o-suicidio-do-presidente-sessenta-anos-depois","status":"publish","type":"post","link":"https:\/\/www.notibras.com\/site\/getulio-vargas-o-suicidio-do-presidente-sessenta-anos-depois\/","title":{"rendered":"Get\u00falio Vargas, o suic\u00eddio do presidente 60 anos depois"},"content":{"rendered":"<p>\u201cSerenamente dou o primeiro passo no caminho da eternidade e saio da vida para entrar na Hist\u00f3ria\u201d. A frase, uma das mais c\u00e9lebres passagens da hist\u00f3ria pol\u00edtica brasileira, encerra a carta-testamento deixada por Get\u00falio Vargas. H\u00e1 60 anos, no dia 24 de agosto de 1954, o ent\u00e3o presidente tirou a pr\u00f3pria vida em meio \u00e0 pior crise enfrentada em seus anos de atua\u00e7\u00e3o pol\u00edtica.<\/p>\n<p>Uma reuni\u00e3o com os ministros no Pal\u00e1cio do Catete varou a madrugada e decidiu que Get\u00falio se afastaria do governo por tr\u00eas meses para dar lugar ao vice, Caf\u00e9 Filho. Ap\u00f3s o fim da discuss\u00e3o, j\u00e1 com o dia claro, o pol\u00edtico se recolheu ao seu aposento. Por volta das 8h35, o barulho de um tiro ecoou pelo pal\u00e1cio. Seu filho Lutero correu para o quarto, seguido pela esposa de Vargas, Darcy, e a filha Alzira.<\/p>\n<blockquote><p>&#8220;Get\u00falio estava deitado, com meio corpo para fora da cama. No pijama listrado, em um buraco chamuscado de p\u00f3lvora um pouco abaixo e \u00e0 direita do monograma GV, bem \u00e0 altura do cora\u00e7\u00e3o, borbulhava uma mancha vermelha de sangue. O rev\u00f3lver Colt calibre 32, com cabo de madrep\u00e9rola, estava ca\u00eddo pr\u00f3ximo \u00e0 sua m\u00e3o direita&#8221;. \u00a0\u00c9 assim que o bi\u00f3grafo Lira Neto descreve o cen\u00e1rio da morte de Vargas no terceiro volume da s\u00e9rie Get\u00falio.<\/p><\/blockquote>\n<p>A carta-testamento de Get\u00falio Vargas, que seria lida durante aquele dia pelas r\u00e1dios em todo o territ\u00f3rio nacional, foi encontrada em um envelope, encostada ao abajur da mesinha da cabeceira da cama do ent\u00e3o presidente. Nos apontamentos do bi\u00f3grafo, o texto, originalmente esbo\u00e7ado por Get\u00falio, teve sua vers\u00e3o final passada na m\u00e1quina de escrever pelas m\u00e3os de um amigo, Jos\u00e9 Soares Maciel Filho, j\u00e1 que o ex-presidente n\u00e3o sabia datilografar. O rascunho da carta havia sido encontrado no dia 13 de agosto pelo major-aviador Hernani Fittipaldi, um dos ajudantes de ordem de Get\u00falio, enquanto arrumava a mesa do presidente.<\/p>\n<p>Assustado com o conte\u00fado do manuscrito, ele entregou o papel \u00e0 Alzira, que questionou o pai. \u201cN\u00e3o \u00e9 o que est\u00e1s pensando, minha filha. N\u00e3o te preocupes, foi um desabafo\u201d, se esquivou Vargas. Essa por\u00e9m n\u00e3o foi a primeira vez que Get\u00falio fez men\u00e7\u00e3o ao suic\u00eddio. Em suas anota\u00e7\u00f5es pessoais, ele j\u00e1 havia cogitado tirar a vida em outros momentos de sua jornada pol\u00edtica.<\/p>\n<p>A primeira delas foi quando chegou ao poder em 1930. Naquela data, enquanto se encaminhava para a sede do governo, se disse disposto a n\u00e3o retornar com vida ao Rio Grande do Sul caso n\u00e3o obtivesse sucesso na empreitada. Era a primeira anota\u00e7\u00e3o pessoal que fazia no di\u00e1rio que carregou para o resto da vida. Lira Neto considera que a diferen\u00e7a em 1954 \u00e9 que Get\u00falio se viu encurralado e n\u00e3o conseguiu contornar a crise, como das outras vezes.<\/p>\n<p>Depois de chegar ao poder na lideran\u00e7a do movimento que ficou conhecido como Revolu\u00e7\u00e3o de 1930, o pol\u00edtico ga\u00facho Get\u00falio Dornelles Vargas exerceu o governo no pa\u00eds de forma ininterrupta at\u00e9 1945. De 1930 a 1934 ele foi chefe do governo provis\u00f3rio. Em 1934 foi eleito presidente da Rep\u00fablica pela Assembleia Nacional Constituinte e exerceu o Governo Constitucional at\u00e9 1937, quando, por meio de um golpe, instaurou a ditadura do Estado Novo, que durou at\u00e9 1945. Retirado do comando do pa\u00eds por um golpe militar, se recolheu \u00e0 cidade natal, S\u00e3o Borja (RS), de onde articulou a volta ao poder pela via democr\u00e1tica nas elei\u00e7\u00f5es presidenciais de 1950, cujo mandato n\u00e3o conseguiu completar.<\/p>\n<p><strong>Leandro Melito, ABr<\/strong><\/p>\n","protected":false},"excerpt":{"rendered":"<p>\u201cSerenamente dou o primeiro passo no caminho da eternidade e saio da vida para entrar na Hist\u00f3ria\u201d. A frase, uma das mais c\u00e9lebres passagens da hist\u00f3ria pol\u00edtica brasileira, encerra a carta-testamento deixada por Get\u00falio Vargas. H\u00e1 60 anos, no dia 24 de agosto de 1954, o ent\u00e3o presidente tirou a pr\u00f3pria vida em meio \u00e0 [&hellip;]<\/p>\n","protected":false},"author":2,"featured_media":20636,"comment_status":"open","ping_status":"closed","sticky":false,"template":"","format":"standard","meta":{"_acf_changed":false,"footnotes":""},"categories":[16],"tags":[],"class_list":["post-20635","post","type-post","status-publish","format-standard","has-post-thumbnail","hentry","category-brasil"],"acf":[],"_links":{"self":[{"href":"https:\/\/www.notibras.com\/site\/wp-json\/wp\/v2\/posts\/20635","targetHints":{"allow":["GET"]}}],"collection":[{"href":"https:\/\/www.notibras.com\/site\/wp-json\/wp\/v2\/posts"}],"about":[{"href":"https:\/\/www.notibras.com\/site\/wp-json\/wp\/v2\/types\/post"}],"author":[{"embeddable":true,"href":"https:\/\/www.notibras.com\/site\/wp-json\/wp\/v2\/users\/2"}],"replies":[{"embeddable":true,"href":"https:\/\/www.notibras.com\/site\/wp-json\/wp\/v2\/comments?post=20635"}],"version-history":[{"count":0,"href":"https:\/\/www.notibras.com\/site\/wp-json\/wp\/v2\/posts\/20635\/revisions"}],"wp:featuredmedia":[{"embeddable":true,"href":"https:\/\/www.notibras.com\/site\/wp-json\/wp\/v2\/media\/20636"}],"wp:attachment":[{"href":"https:\/\/www.notibras.com\/site\/wp-json\/wp\/v2\/media?parent=20635"}],"wp:term":[{"taxonomy":"category","embeddable":true,"href":"https:\/\/www.notibras.com\/site\/wp-json\/wp\/v2\/categories?post=20635"},{"taxonomy":"post_tag","embeddable":true,"href":"https:\/\/www.notibras.com\/site\/wp-json\/wp\/v2\/tags?post=20635"}],"curies":[{"name":"wp","href":"https:\/\/api.w.org\/{rel}","templated":true}]}}