{"id":20653,"date":"2014-08-25T09:40:48","date_gmt":"2014-08-25T12:40:48","guid":{"rendered":"http:\/\/www.notibras.com\/site\/?p=20653"},"modified":"2014-08-25T13:42:49","modified_gmt":"2014-08-25T16:42:49","slug":"antonio-ermirio-morre-em-casa-aos-86-de-insuficiencia-cardiaca","status":"publish","type":"post","link":"https:\/\/www.notibras.com\/site\/antonio-ermirio-morre-em-casa-aos-86-de-insuficiencia-cardiaca\/","title":{"rendered":"Ant\u00f4nio Erm\u00edrio morre em casa de insufici\u00eancia card\u00edaca"},"content":{"rendered":"<p>O empres\u00e1rio Ant\u00f4nio Erm\u00edrio de Moraes morreu aos 86 anos por insufici\u00eancia card\u00edaca na noite deste domingo. O\u00a0presidente de honra do Grupo Votorantim morreu em casa, no Morumbi, zona oeste de S\u00e3o Paulo. Ele deixa mulher, com quem teve\u00a0nove filhos.<\/p>\n<p class=\"text\">A previs\u00e3o \u00e9 de que o vel\u00f3rio do empres\u00e1rio comece por volta das 9h, no sal\u00e3o nobre do Hospital Benefic\u00eancia Portuguesa, na capital paulista. O sepultamento ser\u00e1 \u00e0s 16h, no cemit\u00e9rio do Morumbi.<\/p>\n<p class=\"text\">Por meio de nota, o Grupo Votorantim lamentou a morte de &#8220;um grande l\u00edder, que\u00a0serviu de exemplo e inspira\u00e7\u00e3o para seus valores,\u00a0como \u00e9tica, respeito e empreendedorismo, e que defendia o papel social da iniciativa privada para a constru\u00e7\u00e3o de um pa\u00eds melhor e mais justo, com sa\u00fade e educa\u00e7\u00e3o de qualidade para todos&#8221;. Veja na \u00edntegra o comunicado divulgado pelo grupo:<\/p>\n<p class=\"text\" align=\"center\"><em><strong><span style=\"text-decoration: underline;\">NOTA DE FALECIMENTO<\/span><\/strong><\/em><\/p>\n<p class=\"text\"><em>\u00c9 com grande pesar que o Grupo Votorantim comunica o falecimento do Dr. Ant\u00f4nio Erm\u00edrio de Moraes, aos 86 anos, na noite deste domingo, 24 de agosto, em S\u00e3o Paulo.<\/em><\/p>\n<p class=\"text\"><em>Presidente de honra do Grupo Votorantim, Dr. Ant\u00f4nio era engenheiro metal\u00fargico formado pela Colorado School of Mines (EUA) e iniciou sua carreira no Grupo em 1949, sendo o respons\u00e1vel pela instala\u00e7\u00e3o da Companhia Brasileira de Alum\u00ednio, inaugurada em 1955.<\/em><\/p>\n<p class=\"text\"><em>Com o falecimento do Dr. Ant\u00f4nio Erm\u00edrio de Moraes, o Grupo Votorantim perde um grande l\u00edder, que serviu de exemplo e inspira\u00e7\u00e3o para seus valores, como \u00e9tica, respeito e empreendedorismo, e que defendia o papel social da iniciativa privada para a constru\u00e7\u00e3o de um pa\u00eds melhor e mais justo, com sa\u00fade e educa\u00e7\u00e3o de qualidade para todos.<\/em><\/p>\n<p class=\"text\"><em>Dr. Ant\u00f4nio deixa a esposa, Dona Maria Regina Costa de Moraes, com quem teve nove filhos. O corpo ser\u00e1 velado a partir das 9h desta segunda-feira no Sal\u00e3o Nobre do Hospital Benefic\u00eancia Portuguesa (Rua Maestro Cardim, 769) e o cortejo sair\u00e1 \u00e0s 16h rumo ao Cemit\u00e9rio do Morumbi, onde o corpo ser\u00e1 enterrado<\/em>.<\/p>\n","protected":false},"excerpt":{"rendered":"<p>O empres\u00e1rio Ant\u00f4nio Erm\u00edrio de Moraes morreu aos 86 anos por insufici\u00eancia card\u00edaca na noite deste domingo. O\u00a0presidente de honra do Grupo Votorantim morreu em casa, no Morumbi, zona oeste de S\u00e3o Paulo. Ele deixa mulher, com quem teve\u00a0nove filhos. A previs\u00e3o \u00e9 de que o vel\u00f3rio do empres\u00e1rio comece por volta das 9h, no [&hellip;]<\/p>\n","protected":false},"author":2,"featured_media":20654,"comment_status":"open","ping_status":"closed","sticky":false,"template":"","format":"standard","meta":{"_acf_changed":false,"footnotes":""},"categories":[16],"tags":[],"class_list":["post-20653","post","type-post","status-publish","format-standard","has-post-thumbnail","hentry","category-brasil"],"acf":[],"_links":{"self":[{"href":"https:\/\/www.notibras.com\/site\/wp-json\/wp\/v2\/posts\/20653","targetHints":{"allow":["GET"]}}],"collection":[{"href":"https:\/\/www.notibras.com\/site\/wp-json\/wp\/v2\/posts"}],"about":[{"href":"https:\/\/www.notibras.com\/site\/wp-json\/wp\/v2\/types\/post"}],"author":[{"embeddable":true,"href":"https:\/\/www.notibras.com\/site\/wp-json\/wp\/v2\/users\/2"}],"replies":[{"embeddable":true,"href":"https:\/\/www.notibras.com\/site\/wp-json\/wp\/v2\/comments?post=20653"}],"version-history":[{"count":0,"href":"https:\/\/www.notibras.com\/site\/wp-json\/wp\/v2\/posts\/20653\/revisions"}],"wp:featuredmedia":[{"embeddable":true,"href":"https:\/\/www.notibras.com\/site\/wp-json\/wp\/v2\/media\/20654"}],"wp:attachment":[{"href":"https:\/\/www.notibras.com\/site\/wp-json\/wp\/v2\/media?parent=20653"}],"wp:term":[{"taxonomy":"category","embeddable":true,"href":"https:\/\/www.notibras.com\/site\/wp-json\/wp\/v2\/categories?post=20653"},{"taxonomy":"post_tag","embeddable":true,"href":"https:\/\/www.notibras.com\/site\/wp-json\/wp\/v2\/tags?post=20653"}],"curies":[{"name":"wp","href":"https:\/\/api.w.org\/{rel}","templated":true}]}}