{"id":20688,"date":"2014-08-25T13:32:30","date_gmt":"2014-08-25T16:32:30","guid":{"rendered":"http:\/\/www.notibras.com\/site\/?p=20688"},"modified":"2014-08-27T00:04:00","modified_gmt":"2014-08-27T03:04:00","slug":"previsao-do-mercado-para-a-economia-fica-cada-vez-mais-tragica","status":"publish","type":"post","link":"https:\/\/www.notibras.com\/site\/previsao-do-mercado-para-a-economia-fica-cada-vez-mais-tragica\/","title":{"rendered":"Previs\u00e3o do mercado para a economia no Brasil fica cada vez mais tr\u00e1gica"},"content":{"rendered":"<p>A proje\u00e7\u00e3o de institui\u00e7\u00f5es financeiras para o crescimento da economia, este ano, continua em queda. Pela 13\u00aa vez seguida, a estimativa para a expans\u00e3o do Produto Interno Bruto (PIB), soma de todos os bens e servi\u00e7os produzidos no pa\u00eds, foi reduzida.<\/p>\n<p>Desta vez, a proje\u00e7\u00e3o passou de 0,79% para 0,70%. Para 2015, a expectativa \u00e9 um crescimento de 1,2%, h\u00e1 duas semanas seguidas. Essas proje\u00e7\u00f5es fazem parte do boletim <em>Focus<\/em>, resultado de pesquisa semanal do Banco Central (BC) a institui\u00e7\u00f5es financeiras.<\/p>\n<blockquote><p>Para a produ\u00e7\u00e3o industrial, a proje\u00e7\u00e3o de retra\u00e7\u00e3o permanece em 1,76%. No pr\u00f3ximo ano, as institui\u00e7\u00f5es financeiras esperam por recupera\u00e7\u00e3o da produ\u00e7\u00e3o industrial, com crescimento de 1,70%. A proje\u00e7\u00e3o para a cota\u00e7\u00e3o do d\u00f3lar segue em R$ 2,35, neste ano, e em US$ 2,50, em 2015.<\/p><\/blockquote>\n<p>As institui\u00e7\u00f5es financeiras tamb\u00e9m mantiveram a proje\u00e7\u00e3o para a taxa b\u00e1sica de juros, a Selic, ao final de 2014, no atual patamar de 11% ao ano. Para o fim de 2015, a expectativa voltou para 12% ao ano. Na semana passada, estava em 11,75% ao ano.<\/p>\n<p>Para o \u00cdndice Nacional de Pre\u00e7os ao Consumidor Amplo (IPCA), a estimativa foi ajustada de 6,25% para 6,27%, este ano, e de 6,25% para 6,28%, em 2015.<\/p>\n<p>A pesquisa semanal do BC tamb\u00e9m traz a mediana (desconsidera os extremos) das expectativas para a infla\u00e7\u00e3o verificada pelo \u00cdndice Geral de Pre\u00e7os-Disponibilidade Interna (IGP-DI), que passou de 3,89% para 3,63%, em 2014, e se mant\u00e9m em 5,50%, em 2015. Para o \u00cdndice Geral de Pre\u00e7os-Mercado (IGP-M), a estimativa foi ajustada de 3,98% para 3,87%, este ano, e de 5,59% para 5,54%, em 2015.<\/p>\n<p>A estimativa da infla\u00e7\u00e3o medida pelo \u00cdndice de Pre\u00e7os ao Consumidor da Funda\u00e7\u00e3o Instituto de Pesquisas Econ\u00f4micas (IPC-Fipe) passou de 5,38% para 5,41%, em 2014, e permanece em 4,91%, para 2015.<\/p>\n<p><strong>Kelly Oliveira, ABr<\/strong><\/p>\n","protected":false},"excerpt":{"rendered":"<p>A proje\u00e7\u00e3o de institui\u00e7\u00f5es financeiras para o crescimento da economia, este ano, continua em queda. Pela 13\u00aa vez seguida, a estimativa para a expans\u00e3o do Produto Interno Bruto (PIB), soma de todos os bens e servi\u00e7os produzidos no pa\u00eds, foi reduzida. Desta vez, a proje\u00e7\u00e3o passou de 0,79% para 0,70%. Para 2015, a expectativa \u00e9 [&hellip;]<\/p>\n","protected":false},"author":2,"featured_media":20689,"comment_status":"open","ping_status":"closed","sticky":false,"template":"","format":"standard","meta":{"_acf_changed":false,"footnotes":""},"categories":[16],"tags":[],"class_list":["post-20688","post","type-post","status-publish","format-standard","has-post-thumbnail","hentry","category-brasil"],"acf":[],"_links":{"self":[{"href":"https:\/\/www.notibras.com\/site\/wp-json\/wp\/v2\/posts\/20688","targetHints":{"allow":["GET"]}}],"collection":[{"href":"https:\/\/www.notibras.com\/site\/wp-json\/wp\/v2\/posts"}],"about":[{"href":"https:\/\/www.notibras.com\/site\/wp-json\/wp\/v2\/types\/post"}],"author":[{"embeddable":true,"href":"https:\/\/www.notibras.com\/site\/wp-json\/wp\/v2\/users\/2"}],"replies":[{"embeddable":true,"href":"https:\/\/www.notibras.com\/site\/wp-json\/wp\/v2\/comments?post=20688"}],"version-history":[{"count":0,"href":"https:\/\/www.notibras.com\/site\/wp-json\/wp\/v2\/posts\/20688\/revisions"}],"wp:featuredmedia":[{"embeddable":true,"href":"https:\/\/www.notibras.com\/site\/wp-json\/wp\/v2\/media\/20689"}],"wp:attachment":[{"href":"https:\/\/www.notibras.com\/site\/wp-json\/wp\/v2\/media?parent=20688"}],"wp:term":[{"taxonomy":"category","embeddable":true,"href":"https:\/\/www.notibras.com\/site\/wp-json\/wp\/v2\/categories?post=20688"},{"taxonomy":"post_tag","embeddable":true,"href":"https:\/\/www.notibras.com\/site\/wp-json\/wp\/v2\/tags?post=20688"}],"curies":[{"name":"wp","href":"https:\/\/api.w.org\/{rel}","templated":true}]}}