{"id":20696,"date":"2014-08-25T13:40:39","date_gmt":"2014-08-25T16:40:39","guid":{"rendered":"http:\/\/www.notibras.com\/site\/?p=20696"},"modified":"2014-08-25T13:44:59","modified_gmt":"2014-08-25T16:44:59","slug":"aposentados-comecam-a-receber-metade-do-13o","status":"publish","type":"post","link":"https:\/\/www.notibras.com\/site\/aposentados-comecam-a-receber-metade-do-13o\/","title":{"rendered":"Aposentados do INSS come\u00e7am a receber a primeira parcela do 13\u00ba"},"content":{"rendered":"<p>A Previd\u00eancia Social iniciou o pagamento da primeira parcela do d\u00e9cimo terceiro sal\u00e1rio. Tamb\u00e9m come\u00e7a nesta segunda o dep\u00f3sito dos benef\u00edcios da folha de agosto para os segurados que recebem at\u00e9 um sal\u00e1rio m\u00ednimo e t\u00eam cart\u00e3o com final 1, desconsiderando-se o d\u00edgito. Para quem recebe acima do m\u00ednimo, o pagamento come\u00e7a a ser depositado no dia 1\u00ba de setembro. O calend\u00e1rio de pagamento de agosto segue at\u00e9 5 de setembro.<\/p>\n<p>Na folha de agosto, a Previd\u00eancia vai transferir para a economia dos munic\u00edpios mais de R$ 13,9 bilh\u00f5es referentes apenas ao pagamento da primeira parcela da gratifica\u00e7\u00e3o natalina, o d\u00e9cimo terceiro sal\u00e1rio. Ao todo, mais de 27 milh\u00f5es de benef\u00edcios ter\u00e3o direito ao abono em todo o pa\u00eds. Al\u00e9m disso, a folha de agosto vai pagar mais de 31 milh\u00f5es de benef\u00edcio,s o que corresponde a cerca de R$ 29 bilh\u00f5es.<\/p>\n<blockquote><p>Essa diferen\u00e7a entre a quantidade de benef\u00edcios da folha e o n\u00famero de benef\u00edcios do abono ocorre porque nem todos os segurados t\u00eam direito a receber o d\u00e9cimo terceiro sal\u00e1rio. O valor total da folha, considerando o pagamento da gratifica\u00e7\u00e3o natalina, ultrapassa R$ 43 bilh\u00f5es.<\/p><\/blockquote>\n<p>N\u00e3o haver\u00e1 desconto de Imposto de Renda (IR) nesta primeira parcela. De acordo com a legisla\u00e7\u00e3o, o IR sobre o d\u00e9cimo terceiro sal\u00e1rio s\u00f3 \u00e9 cobrado em novembro e dezembro, quando ser\u00e1 paga a segunda parcela do benef\u00edcio, informou o Minist\u00e9rio da Previd\u00eancia Social.<\/p>\n<p>O extrato mensal de pagamento de benef\u00edcios estar\u00e1 dispon\u00edvel para consultas na p\u00e1gina do minist\u00e9rio na internet a partir do dia 25 de agosto e tamb\u00e9m nos terminais de autoatendimento dos bancos pagadores.<\/p>\n","protected":false},"excerpt":{"rendered":"<p>A Previd\u00eancia Social iniciou o pagamento da primeira parcela do d\u00e9cimo terceiro sal\u00e1rio. Tamb\u00e9m come\u00e7a nesta segunda o dep\u00f3sito dos benef\u00edcios da folha de agosto para os segurados que recebem at\u00e9 um sal\u00e1rio m\u00ednimo e t\u00eam cart\u00e3o com final 1, desconsiderando-se o d\u00edgito. Para quem recebe acima do m\u00ednimo, o pagamento come\u00e7a a ser depositado [&hellip;]<\/p>\n","protected":false},"author":2,"featured_media":20720,"comment_status":"open","ping_status":"closed","sticky":false,"template":"","format":"standard","meta":{"_acf_changed":false,"footnotes":""},"categories":[16],"tags":[],"class_list":["post-20696","post","type-post","status-publish","format-standard","has-post-thumbnail","hentry","category-brasil"],"acf":[],"_links":{"self":[{"href":"https:\/\/www.notibras.com\/site\/wp-json\/wp\/v2\/posts\/20696","targetHints":{"allow":["GET"]}}],"collection":[{"href":"https:\/\/www.notibras.com\/site\/wp-json\/wp\/v2\/posts"}],"about":[{"href":"https:\/\/www.notibras.com\/site\/wp-json\/wp\/v2\/types\/post"}],"author":[{"embeddable":true,"href":"https:\/\/www.notibras.com\/site\/wp-json\/wp\/v2\/users\/2"}],"replies":[{"embeddable":true,"href":"https:\/\/www.notibras.com\/site\/wp-json\/wp\/v2\/comments?post=20696"}],"version-history":[{"count":0,"href":"https:\/\/www.notibras.com\/site\/wp-json\/wp\/v2\/posts\/20696\/revisions"}],"wp:featuredmedia":[{"embeddable":true,"href":"https:\/\/www.notibras.com\/site\/wp-json\/wp\/v2\/media\/20720"}],"wp:attachment":[{"href":"https:\/\/www.notibras.com\/site\/wp-json\/wp\/v2\/media?parent=20696"}],"wp:term":[{"taxonomy":"category","embeddable":true,"href":"https:\/\/www.notibras.com\/site\/wp-json\/wp\/v2\/categories?post=20696"},{"taxonomy":"post_tag","embeddable":true,"href":"https:\/\/www.notibras.com\/site\/wp-json\/wp\/v2\/tags?post=20696"}],"curies":[{"name":"wp","href":"https:\/\/api.w.org\/{rel}","templated":true}]}}