{"id":207071,"date":"2019-04-17T11:04:12","date_gmt":"2019-04-17T14:04:12","guid":{"rendered":"https:\/\/www.notibras.com\/site\/?p=207071"},"modified":"2019-04-17T13:46:14","modified_gmt":"2019-04-17T16:46:14","slug":"preso-por-corrupcao-alan-garcia-se-suicida","status":"publish","type":"post","link":"https:\/\/www.notibras.com\/site\/preso-por-corrupcao-alan-garcia-se-suicida\/","title":{"rendered":"Preso por corrup\u00e7\u00e3o, Alan Garcia se suicida"},"content":{"rendered":"<p>O ex-presidente do Peru Alan Garc\u00eda morreu nesta quarta (17) durante cirurgia, depois de dar um tiro na cabe\u00e7a ao receber ordem de pris\u00e3o em sua casa, no bairro Miraflores, em Lima.<\/p>\n<p>Ele era acusado de corrup\u00e7\u00e3o em caso envolvendo a empresa brasileira Odebrecht. Garc\u00eda foi levado com urg\u00eancia ao Hospital Casimiro Ulloa, na capital peruana, mas n\u00e3o resistiu.<\/p>\n<p>De acordo com informa\u00e7\u00f5es m\u00e9dicas, o ex-presidente, 69 anos, teve tr\u00eas paradas card\u00edacas e foi reanimado. Ele deu entrada no hospital \u00e0s 6h45, com perfura\u00e7\u00f5es de entrada e sa\u00edda de bala no cr\u00e2nio.<\/p>\n<p>O presidente do Peru, Mart\u00edn Vizcarra, lamentou no Twitter a morte de Alan Garc\u00eda. &#8220;Consternado com a morte do ex-presidente. Envio minhas condol\u00eancias \u00e0 fam\u00edlia e pessoas queridas&#8221;<\/p>\n","protected":false},"excerpt":{"rendered":"<p>O ex-presidente do Peru Alan Garc\u00eda morreu nesta quarta (17) durante cirurgia, depois de dar um tiro na cabe\u00e7a ao receber ordem de pris\u00e3o em sua casa, no bairro Miraflores, em Lima. Ele era acusado de corrup\u00e7\u00e3o em caso envolvendo a empresa brasileira Odebrecht. Garc\u00eda foi levado com urg\u00eancia ao Hospital Casimiro Ulloa, na capital [&hellip;]<\/p>\n","protected":false},"author":2,"featured_media":195652,"comment_status":"closed","ping_status":"closed","sticky":false,"template":"","format":"standard","meta":{"_acf_changed":false,"footnotes":""},"categories":[17],"tags":[],"class_list":["post-207071","post","type-post","status-publish","format-standard","has-post-thumbnail","hentry","category-mundo"],"acf":[],"yoast_head":"<!-- This site is optimized with the Yoast SEO plugin v27.2 - https:\/\/yoast.com\/product\/yoast-seo-wordpress\/ -->\n<title>Preso por corrup\u00e7\u00e3o, Alan Garcia se suicida - Notibras<\/title>\n<meta name=\"robots\" content=\"index, follow, max-snippet:-1, max-image-preview:large, max-video-preview:-1\" \/>\n<link rel=\"canonical\" href=\"https:\/\/www.notibras.com\/site\/preso-por-corrupcao-alan-garcia-se-suicida\/\" \/>\n<meta property=\"og:locale\" content=\"pt_BR\" \/>\n<meta property=\"og:type\" content=\"article\" \/>\n<meta property=\"og:title\" content=\"Preso por corrup\u00e7\u00e3o, Alan Garcia se suicida - Notibras\" \/>\n<meta property=\"og:description\" content=\"O ex-presidente do Peru Alan Garc\u00eda morreu nesta quarta (17) durante cirurgia, depois de dar um tiro na cabe\u00e7a ao receber ordem de pris\u00e3o em sua casa, no bairro Miraflores, em Lima. Ele era acusado de corrup\u00e7\u00e3o em caso envolvendo a empresa brasileira Odebrecht. Garc\u00eda foi levado com urg\u00eancia ao Hospital Casimiro Ulloa, na capital [&hellip;]\" \/>\n<meta property=\"og:url\" content=\"https:\/\/www.notibras.com\/site\/preso-por-corrupcao-alan-garcia-se-suicida\/\" \/>\n<meta property=\"og:site_name\" content=\"Notibras\" \/>\n<meta property=\"article:publisher\" content=\"https:\/\/www.facebook.com\/notibras\/\" \/>\n<meta property=\"article:published_time\" content=\"2019-04-17T14:04:12+00:00\" \/>\n<meta property=\"article:modified_time\" content=\"2019-04-17T16:46:14+00:00\" \/>\n<meta property=\"og:image\" content=\"https:\/\/www.notibras.com\/site\/wp-content\/uploads\/2018\/11\/alan-garcia-2.jpg\" \/>\n\t<meta property=\"og:image:width\" content=\"1130\" \/>\n\t<meta property=\"og:image:height\" content=\"636\" \/>\n\t<meta property=\"og:image:type\" content=\"image\/jpeg\" \/>\n<meta name=\"author\" content=\"Reda\u00e7\u00e3o\" \/>\n<meta name=\"twitter:card\" content=\"summary_large_image\" \/>\n<meta name=\"twitter:creator\" content=\"@Notibras\" \/>\n<meta name=\"twitter:site\" content=\"@Notibras\" \/>\n<meta name=\"twitter:label1\" content=\"Escrito por\" \/>\n\t<meta name=\"twitter:data1\" content=\"Reda\u00e7\u00e3o\" \/>\n\t<meta name=\"twitter:label2\" content=\"Est. tempo de leitura\" \/>\n\t<meta name=\"twitter:data2\" content=\"1 minuto\" \/>\n<script type=\"application\/ld+json\" class=\"yoast-schema-graph\">{\"@context\":\"https:\/\/schema.org\",\"@graph\":[{\"@type\":\"Article\",\"@id\":\"https:\/\/www.notibras.com\/site\/preso-por-corrupcao-alan-garcia-se-suicida\/#article\",\"isPartOf\":{\"@id\":\"https:\/\/www.notibras.com\/site\/preso-por-corrupcao-alan-garcia-se-suicida\/\"},\"author\":{\"name\":\"Reda\u00e7\u00e3o\",\"@id\":\"https:\/\/www.notibras.com\/site\/#\/schema\/person\/36ab0979449956132d3e5b517ea76ac8\"},\"headline\":\"Preso por corrup\u00e7\u00e3o, Alan Garcia se suicida\",\"datePublished\":\"2019-04-17T14:04:12+00:00\",\"dateModified\":\"2019-04-17T16:46:14+00:00\",\"mainEntityOfPage\":{\"@id\":\"https:\/\/www.notibras.com\/site\/preso-por-corrupcao-alan-garcia-se-suicida\/\"},\"wordCount\":143,\"publisher\":{\"@id\":\"https:\/\/www.notibras.com\/site\/#organization\"},\"image\":{\"@id\":\"https:\/\/www.notibras.com\/site\/preso-por-corrupcao-alan-garcia-se-suicida\/#primaryimage\"},\"thumbnailUrl\":\"https:\/\/www.notibras.com\/site\/wp-content\/uploads\/2018\/11\/alan-garcia-2.jpg\",\"articleSection\":[\"Mundo\"],\"inLanguage\":\"pt-BR\"},{\"@type\":\"WebPage\",\"@id\":\"https:\/\/www.notibras.com\/site\/preso-por-corrupcao-alan-garcia-se-suicida\/\",\"url\":\"https:\/\/www.notibras.com\/site\/preso-por-corrupcao-alan-garcia-se-suicida\/\",\"name\":\"Preso por corrup\u00e7\u00e3o, Alan Garcia se suicida - Notibras\",\"isPartOf\":{\"@id\":\"https:\/\/www.notibras.com\/site\/#website\"},\"primaryImageOfPage\":{\"@id\":\"https:\/\/www.notibras.com\/site\/preso-por-corrupcao-alan-garcia-se-suicida\/#primaryimage\"},\"image\":{\"@id\":\"https:\/\/www.notibras.com\/site\/preso-por-corrupcao-alan-garcia-se-suicida\/#primaryimage\"},\"thumbnailUrl\":\"https:\/\/www.notibras.com\/site\/wp-content\/uploads\/2018\/11\/alan-garcia-2.jpg\",\"datePublished\":\"2019-04-17T14:04:12+00:00\",\"dateModified\":\"2019-04-17T16:46:14+00:00\",\"breadcrumb\":{\"@id\":\"https:\/\/www.notibras.com\/site\/preso-por-corrupcao-alan-garcia-se-suicida\/#breadcrumb\"},\"inLanguage\":\"pt-BR\",\"potentialAction\":[{\"@type\":\"ReadAction\",\"target\":[\"https:\/\/www.notibras.com\/site\/preso-por-corrupcao-alan-garcia-se-suicida\/\"]}]},{\"@type\":\"ImageObject\",\"inLanguage\":\"pt-BR\",\"@id\":\"https:\/\/www.notibras.com\/site\/preso-por-corrupcao-alan-garcia-se-suicida\/#primaryimage\",\"url\":\"https:\/\/www.notibras.com\/site\/wp-content\/uploads\/2018\/11\/alan-garcia-2.jpg\",\"contentUrl\":\"https:\/\/www.notibras.com\/site\/wp-content\/uploads\/2018\/11\/alan-garcia-2.jpg\",\"width\":1130,\"height\":636,\"caption\":\"Foto\/Arquivo Notibras\"},{\"@type\":\"BreadcrumbList\",\"@id\":\"https:\/\/www.notibras.com\/site\/preso-por-corrupcao-alan-garcia-se-suicida\/#breadcrumb\",\"itemListElement\":[{\"@type\":\"ListItem\",\"position\":1,\"name\":\"In\u00edcio\",\"item\":\"https:\/\/www.notibras.com\/site\/\"},{\"@type\":\"ListItem\",\"position\":2,\"name\":\"Preso por corrup\u00e7\u00e3o, Alan Garcia se suicida\"}]},{\"@type\":\"WebSite\",\"@id\":\"https:\/\/www.notibras.com\/site\/#website\",\"url\":\"https:\/\/www.notibras.com\/site\/\",\"name\":\"Notibras\",\"description\":\"Not\u00edcias de Bras\u00edlia, do Brasil e do Mundo\",\"publisher\":{\"@id\":\"https:\/\/www.notibras.com\/site\/#organization\"},\"potentialAction\":[{\"@type\":\"SearchAction\",\"target\":{\"@type\":\"EntryPoint\",\"urlTemplate\":\"https:\/\/www.notibras.com\/site\/?s={search_term_string}\"},\"query-input\":{\"@type\":\"PropertyValueSpecification\",\"valueRequired\":true,\"valueName\":\"search_term_string\"}}],\"inLanguage\":\"pt-BR\"},{\"@type\":\"Organization\",\"@id\":\"https:\/\/www.notibras.com\/site\/#organization\",\"name\":\"Grupo Notibras de Comunica\u00e7\u00e3o\",\"url\":\"https:\/\/www.notibras.com\/site\/\",\"logo\":{\"@type\":\"ImageObject\",\"inLanguage\":\"pt-BR\",\"@id\":\"https:\/\/www.notibras.com\/site\/#\/schema\/logo\/image\/\",\"url\":\"https:\/\/www.notibras.com\/site\/wp-content\/uploads\/2023\/01\/notibras23.png\",\"contentUrl\":\"https:\/\/www.notibras.com\/site\/wp-content\/uploads\/2023\/01\/notibras23.png\",\"width\":350,\"height\":87,\"caption\":\"Grupo Notibras de Comunica\u00e7\u00e3o\"},\"image\":{\"@id\":\"https:\/\/www.notibras.com\/site\/#\/schema\/logo\/image\/\"},\"sameAs\":[\"https:\/\/www.facebook.com\/notibras\/\",\"https:\/\/x.com\/Notibras\",\"https:\/\/www.instagram.com\/notibras\/\"]},{\"@type\":\"Person\",\"@id\":\"https:\/\/www.notibras.com\/site\/#\/schema\/person\/36ab0979449956132d3e5b517ea76ac8\",\"name\":\"Reda\u00e7\u00e3o\",\"image\":{\"@type\":\"ImageObject\",\"inLanguage\":\"pt-BR\",\"@id\":\"https:\/\/secure.gravatar.com\/avatar\/e0a867bdedb85fd243eadf09663511f96fc81e0720a4a42581f334ad4303aa6b?s=96&d=mm&r=g\",\"url\":\"https:\/\/secure.gravatar.com\/avatar\/e0a867bdedb85fd243eadf09663511f96fc81e0720a4a42581f334ad4303aa6b?s=96&d=mm&r=g\",\"contentUrl\":\"https:\/\/secure.gravatar.com\/avatar\/e0a867bdedb85fd243eadf09663511f96fc81e0720a4a42581f334ad4303aa6b?s=96&d=mm&r=g\",\"caption\":\"Reda\u00e7\u00e3o\"}}]}<\/script>\n<!-- \/ Yoast SEO plugin. -->","yoast_head_json":{"title":"Preso por corrup\u00e7\u00e3o, Alan Garcia se suicida - Notibras","robots":{"index":"index","follow":"follow","max-snippet":"max-snippet:-1","max-image-preview":"max-image-preview:large","max-video-preview":"max-video-preview:-1"},"canonical":"https:\/\/www.notibras.com\/site\/preso-por-corrupcao-alan-garcia-se-suicida\/","og_locale":"pt_BR","og_type":"article","og_title":"Preso por corrup\u00e7\u00e3o, Alan Garcia se suicida - Notibras","og_description":"O ex-presidente do Peru Alan Garc\u00eda morreu nesta quarta (17) durante cirurgia, depois de dar um tiro na cabe\u00e7a ao receber ordem de pris\u00e3o em sua casa, no bairro Miraflores, em Lima. Ele era acusado de corrup\u00e7\u00e3o em caso envolvendo a empresa brasileira Odebrecht. Garc\u00eda foi levado com urg\u00eancia ao Hospital Casimiro Ulloa, na capital [&hellip;]","og_url":"https:\/\/www.notibras.com\/site\/preso-por-corrupcao-alan-garcia-se-suicida\/","og_site_name":"Notibras","article_publisher":"https:\/\/www.facebook.com\/notibras\/","article_published_time":"2019-04-17T14:04:12+00:00","article_modified_time":"2019-04-17T16:46:14+00:00","og_image":[{"width":1130,"height":636,"url":"https:\/\/www.notibras.com\/site\/wp-content\/uploads\/2018\/11\/alan-garcia-2.jpg","type":"image\/jpeg"}],"author":"Reda\u00e7\u00e3o","twitter_card":"summary_large_image","twitter_creator":"@Notibras","twitter_site":"@Notibras","twitter_misc":{"Escrito por":"Reda\u00e7\u00e3o","Est. tempo de leitura":"1 minuto"},"schema":{"@context":"https:\/\/schema.org","@graph":[{"@type":"Article","@id":"https:\/\/www.notibras.com\/site\/preso-por-corrupcao-alan-garcia-se-suicida\/#article","isPartOf":{"@id":"https:\/\/www.notibras.com\/site\/preso-por-corrupcao-alan-garcia-se-suicida\/"},"author":{"name":"Reda\u00e7\u00e3o","@id":"https:\/\/www.notibras.com\/site\/#\/schema\/person\/36ab0979449956132d3e5b517ea76ac8"},"headline":"Preso por corrup\u00e7\u00e3o, Alan Garcia se suicida","datePublished":"2019-04-17T14:04:12+00:00","dateModified":"2019-04-17T16:46:14+00:00","mainEntityOfPage":{"@id":"https:\/\/www.notibras.com\/site\/preso-por-corrupcao-alan-garcia-se-suicida\/"},"wordCount":143,"publisher":{"@id":"https:\/\/www.notibras.com\/site\/#organization"},"image":{"@id":"https:\/\/www.notibras.com\/site\/preso-por-corrupcao-alan-garcia-se-suicida\/#primaryimage"},"thumbnailUrl":"https:\/\/www.notibras.com\/site\/wp-content\/uploads\/2018\/11\/alan-garcia-2.jpg","articleSection":["Mundo"],"inLanguage":"pt-BR"},{"@type":"WebPage","@id":"https:\/\/www.notibras.com\/site\/preso-por-corrupcao-alan-garcia-se-suicida\/","url":"https:\/\/www.notibras.com\/site\/preso-por-corrupcao-alan-garcia-se-suicida\/","name":"Preso por corrup\u00e7\u00e3o, Alan Garcia se suicida - Notibras","isPartOf":{"@id":"https:\/\/www.notibras.com\/site\/#website"},"primaryImageOfPage":{"@id":"https:\/\/www.notibras.com\/site\/preso-por-corrupcao-alan-garcia-se-suicida\/#primaryimage"},"image":{"@id":"https:\/\/www.notibras.com\/site\/preso-por-corrupcao-alan-garcia-se-suicida\/#primaryimage"},"thumbnailUrl":"https:\/\/www.notibras.com\/site\/wp-content\/uploads\/2018\/11\/alan-garcia-2.jpg","datePublished":"2019-04-17T14:04:12+00:00","dateModified":"2019-04-17T16:46:14+00:00","breadcrumb":{"@id":"https:\/\/www.notibras.com\/site\/preso-por-corrupcao-alan-garcia-se-suicida\/#breadcrumb"},"inLanguage":"pt-BR","potentialAction":[{"@type":"ReadAction","target":["https:\/\/www.notibras.com\/site\/preso-por-corrupcao-alan-garcia-se-suicida\/"]}]},{"@type":"ImageObject","inLanguage":"pt-BR","@id":"https:\/\/www.notibras.com\/site\/preso-por-corrupcao-alan-garcia-se-suicida\/#primaryimage","url":"https:\/\/www.notibras.com\/site\/wp-content\/uploads\/2018\/11\/alan-garcia-2.jpg","contentUrl":"https:\/\/www.notibras.com\/site\/wp-content\/uploads\/2018\/11\/alan-garcia-2.jpg","width":1130,"height":636,"caption":"Foto\/Arquivo Notibras"},{"@type":"BreadcrumbList","@id":"https:\/\/www.notibras.com\/site\/preso-por-corrupcao-alan-garcia-se-suicida\/#breadcrumb","itemListElement":[{"@type":"ListItem","position":1,"name":"In\u00edcio","item":"https:\/\/www.notibras.com\/site\/"},{"@type":"ListItem","position":2,"name":"Preso por corrup\u00e7\u00e3o, Alan Garcia se suicida"}]},{"@type":"WebSite","@id":"https:\/\/www.notibras.com\/site\/#website","url":"https:\/\/www.notibras.com\/site\/","name":"Notibras","description":"Not\u00edcias de Bras\u00edlia, do Brasil e do Mundo","publisher":{"@id":"https:\/\/www.notibras.com\/site\/#organization"},"potentialAction":[{"@type":"SearchAction","target":{"@type":"EntryPoint","urlTemplate":"https:\/\/www.notibras.com\/site\/?s={search_term_string}"},"query-input":{"@type":"PropertyValueSpecification","valueRequired":true,"valueName":"search_term_string"}}],"inLanguage":"pt-BR"},{"@type":"Organization","@id":"https:\/\/www.notibras.com\/site\/#organization","name":"Grupo Notibras de Comunica\u00e7\u00e3o","url":"https:\/\/www.notibras.com\/site\/","logo":{"@type":"ImageObject","inLanguage":"pt-BR","@id":"https:\/\/www.notibras.com\/site\/#\/schema\/logo\/image\/","url":"https:\/\/www.notibras.com\/site\/wp-content\/uploads\/2023\/01\/notibras23.png","contentUrl":"https:\/\/www.notibras.com\/site\/wp-content\/uploads\/2023\/01\/notibras23.png","width":350,"height":87,"caption":"Grupo Notibras de Comunica\u00e7\u00e3o"},"image":{"@id":"https:\/\/www.notibras.com\/site\/#\/schema\/logo\/image\/"},"sameAs":["https:\/\/www.facebook.com\/notibras\/","https:\/\/x.com\/Notibras","https:\/\/www.instagram.com\/notibras\/"]},{"@type":"Person","@id":"https:\/\/www.notibras.com\/site\/#\/schema\/person\/36ab0979449956132d3e5b517ea76ac8","name":"Reda\u00e7\u00e3o","image":{"@type":"ImageObject","inLanguage":"pt-BR","@id":"https:\/\/secure.gravatar.com\/avatar\/e0a867bdedb85fd243eadf09663511f96fc81e0720a4a42581f334ad4303aa6b?s=96&d=mm&r=g","url":"https:\/\/secure.gravatar.com\/avatar\/e0a867bdedb85fd243eadf09663511f96fc81e0720a4a42581f334ad4303aa6b?s=96&d=mm&r=g","contentUrl":"https:\/\/secure.gravatar.com\/avatar\/e0a867bdedb85fd243eadf09663511f96fc81e0720a4a42581f334ad4303aa6b?s=96&d=mm&r=g","caption":"Reda\u00e7\u00e3o"}}]}},"amp_enabled":true,"_links":{"self":[{"href":"https:\/\/www.notibras.com\/site\/wp-json\/wp\/v2\/posts\/207071","targetHints":{"allow":["GET"]}}],"collection":[{"href":"https:\/\/www.notibras.com\/site\/wp-json\/wp\/v2\/posts"}],"about":[{"href":"https:\/\/www.notibras.com\/site\/wp-json\/wp\/v2\/types\/post"}],"author":[{"embeddable":true,"href":"https:\/\/www.notibras.com\/site\/wp-json\/wp\/v2\/users\/2"}],"replies":[{"embeddable":true,"href":"https:\/\/www.notibras.com\/site\/wp-json\/wp\/v2\/comments?post=207071"}],"version-history":[{"count":1,"href":"https:\/\/www.notibras.com\/site\/wp-json\/wp\/v2\/posts\/207071\/revisions"}],"predecessor-version":[{"id":207072,"href":"https:\/\/www.notibras.com\/site\/wp-json\/wp\/v2\/posts\/207071\/revisions\/207072"}],"wp:featuredmedia":[{"embeddable":true,"href":"https:\/\/www.notibras.com\/site\/wp-json\/wp\/v2\/media\/195652"}],"wp:attachment":[{"href":"https:\/\/www.notibras.com\/site\/wp-json\/wp\/v2\/media?parent=207071"}],"wp:term":[{"taxonomy":"category","embeddable":true,"href":"https:\/\/www.notibras.com\/site\/wp-json\/wp\/v2\/categories?post=207071"},{"taxonomy":"post_tag","embeddable":true,"href":"https:\/\/www.notibras.com\/site\/wp-json\/wp\/v2\/tags?post=207071"}],"curies":[{"name":"wp","href":"https:\/\/api.w.org\/{rel}","templated":true}]}}