{"id":2071,"date":"2014-02-18T12:04:48","date_gmt":"2014-02-18T15:04:48","guid":{"rendered":"http:\/\/www.notibras.com\/site\/?p=2071"},"modified":"2014-02-18T14:47:36","modified_gmt":"2014-02-18T17:47:36","slug":"ninguem-faz-sombra-a-dilma-e-reeleicao-pode-ser-no-1o-turno","status":"publish","type":"post","link":"https:\/\/www.notibras.com\/site\/ninguem-faz-sombra-a-dilma-e-reeleicao-pode-ser-no-1o-turno\/","title":{"rendered":"Ningu\u00e9m faz sombra a Dilma e reelei\u00e7\u00e3o pode ser no 1\u00ba turno"},"content":{"rendered":"<p>Uma nova pesquisa eleitoral encomendada ao instituto MDA pela Confedera\u00e7\u00e3o Nacional do Transporte, divulgada nesta ter\u00e7a-feira, mostra que a presidente Dilma Rousseff lidera a corrida para as elei\u00e7\u00f5es de outubro e venceria no primeiro turno. Dilma teria 43,7% das inten\u00e7\u00f5es de voto, \u00e0 frente do senador A\u00e9cio Neves (PSDB-MG), com 17%, e do governador Eduardo Campos (PSB-PE), com 9,9%.<\/p>\n<p>Em um cen\u00e1rio no qual Marina Silva (PSB) \u00e9 a candidata no lugar de Eduardo Campos, Dilma tem 40,7% e Marina aparece em segundo com 20,6%. A\u00e9cio Neves registra a terceira coloca\u00e7\u00e3o com 15,1% e Levy Fidelix, do PRTB, aparece com 0,4%.<\/p>\n<p>Quando o eleitor \u00e9 perguntado de forma espont\u00e2nea sobre em qual candidato pretende votar, Dilma ainda \u00e9 a mais lembrada, com 21,3%, seguida de Lula (5,6%), que tem o mesmo percentual de A\u00e9cio. Marina Silva aparece em quarto lugar na lembran\u00e7a do eleitorado, com 3,5%, Eduardo Campos teria 2,6%, Jos\u00e9 Serra (PSDB), 0,5% e Geraldo Alckmin (PSDB), 0,4%.<\/p>\n<p>Apesar de Dilma liderar em todos os cen\u00e1rios, o \u00edndice de rejei\u00e7\u00e3o dela ainda \u00e9 elevado. Quando questionado em quem n\u00e3o votaria de jeito nenhum, 37,3% disseram que n\u00e3o escolheriam a petista. \u00c9 o maior \u00edndice negativo entre os candidatos. Para 36%, A\u00e9cio Neves n\u00e3o seria o escolhido; Eduardo Campos seria descartado por 33,9%, e Marina Silva por 35,5%.<\/p>\n<p>O levantamento tamb\u00e9m pesquisou a avalia\u00e7\u00e3o do governo. Para 36,4%, a administra\u00e7\u00e3o da presidente Dilma \u00e9 positiva, \u00edndice superior aos 24,8% que avaliam que ela faz um mau governo.<\/p>\n<p>Ainda assim, \u00e9 o segundo pior patamar atingido por Dilma. A pior avalia\u00e7\u00e3o se deu em julho do ano passado, quando as manifesta\u00e7\u00f5es populares tomaram as ruas do Pa\u00eds. Na ocasi\u00e3o, apenas 31,3% fizeram uma boa avalia\u00e7\u00e3o da gest\u00e3o Dilma.<\/p>\n<p>A aprova\u00e7\u00e3o pessoal da presidente tamb\u00e9m caiu. De 58,8% em novembro, chegou a 55% neste m\u00eas de fevereiro. O pior \u00edndice foi em julho do ano passado, quando chegou a 49,3%.<\/p>\n<p>Foram entrevistadas cerca 2.000 pessoas, em 137 munic\u00edpios de 24 Unidades Federativas, das cinco regi\u00f5es, entre os dias 9 e 14 de fevereiro de 2014. A margem de erro da pesquisa \u00e9 de 2,2 pontos percentuais. O levantamento foi registrado no Tribunal Superior Eleitoral (TSE), como determina a lei eleitoral, sob o n\u00famero 00012\/2014.<\/p>\n","protected":false},"excerpt":{"rendered":"<p>Uma nova pesquisa eleitoral encomendada ao instituto MDA pela Confedera\u00e7\u00e3o Nacional do Transporte, divulgada nesta ter\u00e7a-feira, mostra que a presidente Dilma Rousseff lidera a corrida para as elei\u00e7\u00f5es de outubro e venceria no primeiro turno. Dilma teria 43,7% das inten\u00e7\u00f5es de voto, \u00e0 frente do senador A\u00e9cio Neves (PSDB-MG), com 17%, e do governador Eduardo [&hellip;]<\/p>\n","protected":false},"author":2,"featured_media":2074,"comment_status":"open","ping_status":"closed","sticky":false,"template":"","format":"standard","meta":{"_acf_changed":false,"footnotes":""},"categories":[16],"tags":[],"class_list":["post-2071","post","type-post","status-publish","format-standard","has-post-thumbnail","hentry","category-brasil"],"acf":[],"yoast_head":"<!-- This site is optimized with the Yoast SEO plugin v27.2 - https:\/\/yoast.com\/product\/yoast-seo-wordpress\/ -->\n<title>Ningu\u00e9m faz sombra a Dilma e reelei\u00e7\u00e3o pode ser no 1\u00ba turno - Notibras<\/title>\n<meta name=\"robots\" content=\"index, follow, max-snippet:-1, max-image-preview:large, max-video-preview:-1\" \/>\n<link rel=\"canonical\" href=\"https:\/\/www.notibras.com\/site\/ninguem-faz-sombra-a-dilma-e-reeleicao-pode-ser-no-1o-turno\/\" \/>\n<meta property=\"og:locale\" content=\"pt_BR\" \/>\n<meta property=\"og:type\" content=\"article\" \/>\n<meta property=\"og:title\" content=\"Ningu\u00e9m faz sombra a Dilma e reelei\u00e7\u00e3o pode ser no 1\u00ba turno - Notibras\" \/>\n<meta property=\"og:description\" content=\"Uma nova pesquisa eleitoral encomendada ao instituto MDA pela Confedera\u00e7\u00e3o Nacional do Transporte, divulgada nesta ter\u00e7a-feira, mostra que a presidente Dilma Rousseff lidera a corrida para as elei\u00e7\u00f5es de outubro e venceria no primeiro turno. Dilma teria 43,7% das inten\u00e7\u00f5es de voto, \u00e0 frente do senador A\u00e9cio Neves (PSDB-MG), com 17%, e do governador Eduardo [&hellip;]\" \/>\n<meta property=\"og:url\" content=\"https:\/\/www.notibras.com\/site\/ninguem-faz-sombra-a-dilma-e-reeleicao-pode-ser-no-1o-turno\/\" \/>\n<meta property=\"og:site_name\" content=\"Notibras\" \/>\n<meta property=\"article:publisher\" content=\"https:\/\/www.facebook.com\/notibras\/\" \/>\n<meta property=\"article:published_time\" content=\"2014-02-18T15:04:48+00:00\" \/>\n<meta property=\"article:modified_time\" content=\"2014-02-18T17:47:36+00:00\" \/>\n<meta property=\"og:image\" content=\"https:\/\/www.notibras.com\/site\/wp-content\/uploads\/2014\/02\/dilma-aecio-campos-600x300.jpeg\" \/>\n\t<meta property=\"og:image:width\" content=\"600\" \/>\n\t<meta property=\"og:image:height\" content=\"300\" \/>\n\t<meta property=\"og:image:type\" content=\"image\/jpeg\" \/>\n<meta name=\"author\" content=\"Reda\u00e7\u00e3o\" \/>\n<meta name=\"twitter:card\" content=\"summary_large_image\" \/>\n<meta name=\"twitter:creator\" content=\"@Notibras\" \/>\n<meta name=\"twitter:site\" content=\"@Notibras\" \/>\n<meta name=\"twitter:label1\" content=\"Escrito por\" \/>\n\t<meta name=\"twitter:data1\" content=\"Reda\u00e7\u00e3o\" \/>\n\t<meta name=\"twitter:label2\" content=\"Est. tempo de leitura\" \/>\n\t<meta name=\"twitter:data2\" content=\"2 minutos\" \/>\n<script type=\"application\/ld+json\" class=\"yoast-schema-graph\">{\"@context\":\"https:\/\/schema.org\",\"@graph\":[{\"@type\":\"Article\",\"@id\":\"https:\/\/www.notibras.com\/site\/ninguem-faz-sombra-a-dilma-e-reeleicao-pode-ser-no-1o-turno\/#article\",\"isPartOf\":{\"@id\":\"https:\/\/www.notibras.com\/site\/ninguem-faz-sombra-a-dilma-e-reeleicao-pode-ser-no-1o-turno\/\"},\"author\":{\"name\":\"Reda\u00e7\u00e3o\",\"@id\":\"https:\/\/www.notibras.com\/site\/#\/schema\/person\/36ab0979449956132d3e5b517ea76ac8\"},\"headline\":\"Ningu\u00e9m faz sombra a Dilma e reelei\u00e7\u00e3o pode ser no 1\u00ba turno\",\"datePublished\":\"2014-02-18T15:04:48+00:00\",\"dateModified\":\"2014-02-18T17:47:36+00:00\",\"mainEntityOfPage\":{\"@id\":\"https:\/\/www.notibras.com\/site\/ninguem-faz-sombra-a-dilma-e-reeleicao-pode-ser-no-1o-turno\/\"},\"wordCount\":377,\"commentCount\":0,\"publisher\":{\"@id\":\"https:\/\/www.notibras.com\/site\/#organization\"},\"image\":{\"@id\":\"https:\/\/www.notibras.com\/site\/ninguem-faz-sombra-a-dilma-e-reeleicao-pode-ser-no-1o-turno\/#primaryimage\"},\"thumbnailUrl\":\"https:\/\/www.notibras.com\/site\/wp-content\/uploads\/2014\/02\/dilma-aecio-campos-600x300.jpeg\",\"articleSection\":[\"Brasil\"],\"inLanguage\":\"pt-BR\",\"potentialAction\":[{\"@type\":\"CommentAction\",\"name\":\"Comment\",\"target\":[\"https:\/\/www.notibras.com\/site\/ninguem-faz-sombra-a-dilma-e-reeleicao-pode-ser-no-1o-turno\/#respond\"]}]},{\"@type\":\"WebPage\",\"@id\":\"https:\/\/www.notibras.com\/site\/ninguem-faz-sombra-a-dilma-e-reeleicao-pode-ser-no-1o-turno\/\",\"url\":\"https:\/\/www.notibras.com\/site\/ninguem-faz-sombra-a-dilma-e-reeleicao-pode-ser-no-1o-turno\/\",\"name\":\"Ningu\u00e9m faz sombra a Dilma e reelei\u00e7\u00e3o pode ser no 1\u00ba turno - Notibras\",\"isPartOf\":{\"@id\":\"https:\/\/www.notibras.com\/site\/#website\"},\"primaryImageOfPage\":{\"@id\":\"https:\/\/www.notibras.com\/site\/ninguem-faz-sombra-a-dilma-e-reeleicao-pode-ser-no-1o-turno\/#primaryimage\"},\"image\":{\"@id\":\"https:\/\/www.notibras.com\/site\/ninguem-faz-sombra-a-dilma-e-reeleicao-pode-ser-no-1o-turno\/#primaryimage\"},\"thumbnailUrl\":\"https:\/\/www.notibras.com\/site\/wp-content\/uploads\/2014\/02\/dilma-aecio-campos-600x300.jpeg\",\"datePublished\":\"2014-02-18T15:04:48+00:00\",\"dateModified\":\"2014-02-18T17:47:36+00:00\",\"breadcrumb\":{\"@id\":\"https:\/\/www.notibras.com\/site\/ninguem-faz-sombra-a-dilma-e-reeleicao-pode-ser-no-1o-turno\/#breadcrumb\"},\"inLanguage\":\"pt-BR\",\"potentialAction\":[{\"@type\":\"ReadAction\",\"target\":[\"https:\/\/www.notibras.com\/site\/ninguem-faz-sombra-a-dilma-e-reeleicao-pode-ser-no-1o-turno\/\"]}]},{\"@type\":\"ImageObject\",\"inLanguage\":\"pt-BR\",\"@id\":\"https:\/\/www.notibras.com\/site\/ninguem-faz-sombra-a-dilma-e-reeleicao-pode-ser-no-1o-turno\/#primaryimage\",\"url\":\"https:\/\/www.notibras.com\/site\/wp-content\/uploads\/2014\/02\/dilma-aecio-campos-600x300.jpeg\",\"contentUrl\":\"https:\/\/www.notibras.com\/site\/wp-content\/uploads\/2014\/02\/dilma-aecio-campos-600x300.jpeg\",\"width\":600,\"height\":300},{\"@type\":\"BreadcrumbList\",\"@id\":\"https:\/\/www.notibras.com\/site\/ninguem-faz-sombra-a-dilma-e-reeleicao-pode-ser-no-1o-turno\/#breadcrumb\",\"itemListElement\":[{\"@type\":\"ListItem\",\"position\":1,\"name\":\"In\u00edcio\",\"item\":\"https:\/\/www.notibras.com\/site\/\"},{\"@type\":\"ListItem\",\"position\":2,\"name\":\"Ningu\u00e9m faz sombra a Dilma e reelei\u00e7\u00e3o pode ser no 1\u00ba turno\"}]},{\"@type\":\"WebSite\",\"@id\":\"https:\/\/www.notibras.com\/site\/#website\",\"url\":\"https:\/\/www.notibras.com\/site\/\",\"name\":\"Notibras\",\"description\":\"Not\u00edcias de Bras\u00edlia, do Brasil e do Mundo\",\"publisher\":{\"@id\":\"https:\/\/www.notibras.com\/site\/#organization\"},\"potentialAction\":[{\"@type\":\"SearchAction\",\"target\":{\"@type\":\"EntryPoint\",\"urlTemplate\":\"https:\/\/www.notibras.com\/site\/?s={search_term_string}\"},\"query-input\":{\"@type\":\"PropertyValueSpecification\",\"valueRequired\":true,\"valueName\":\"search_term_string\"}}],\"inLanguage\":\"pt-BR\"},{\"@type\":\"Organization\",\"@id\":\"https:\/\/www.notibras.com\/site\/#organization\",\"name\":\"Grupo Notibras de Comunica\u00e7\u00e3o\",\"url\":\"https:\/\/www.notibras.com\/site\/\",\"logo\":{\"@type\":\"ImageObject\",\"inLanguage\":\"pt-BR\",\"@id\":\"https:\/\/www.notibras.com\/site\/#\/schema\/logo\/image\/\",\"url\":\"https:\/\/www.notibras.com\/site\/wp-content\/uploads\/2023\/01\/notibras23.png\",\"contentUrl\":\"https:\/\/www.notibras.com\/site\/wp-content\/uploads\/2023\/01\/notibras23.png\",\"width\":350,\"height\":87,\"caption\":\"Grupo Notibras de Comunica\u00e7\u00e3o\"},\"image\":{\"@id\":\"https:\/\/www.notibras.com\/site\/#\/schema\/logo\/image\/\"},\"sameAs\":[\"https:\/\/www.facebook.com\/notibras\/\",\"https:\/\/x.com\/Notibras\",\"https:\/\/www.instagram.com\/notibras\/\"]},{\"@type\":\"Person\",\"@id\":\"https:\/\/www.notibras.com\/site\/#\/schema\/person\/36ab0979449956132d3e5b517ea76ac8\",\"name\":\"Reda\u00e7\u00e3o\",\"image\":{\"@type\":\"ImageObject\",\"inLanguage\":\"pt-BR\",\"@id\":\"https:\/\/secure.gravatar.com\/avatar\/e0a867bdedb85fd243eadf09663511f96fc81e0720a4a42581f334ad4303aa6b?s=96&d=mm&r=g\",\"url\":\"https:\/\/secure.gravatar.com\/avatar\/e0a867bdedb85fd243eadf09663511f96fc81e0720a4a42581f334ad4303aa6b?s=96&d=mm&r=g\",\"contentUrl\":\"https:\/\/secure.gravatar.com\/avatar\/e0a867bdedb85fd243eadf09663511f96fc81e0720a4a42581f334ad4303aa6b?s=96&d=mm&r=g\",\"caption\":\"Reda\u00e7\u00e3o\"}}]}<\/script>\n<!-- \/ Yoast SEO plugin. -->","yoast_head_json":{"title":"Ningu\u00e9m faz sombra a Dilma e reelei\u00e7\u00e3o pode ser no 1\u00ba turno - Notibras","robots":{"index":"index","follow":"follow","max-snippet":"max-snippet:-1","max-image-preview":"max-image-preview:large","max-video-preview":"max-video-preview:-1"},"canonical":"https:\/\/www.notibras.com\/site\/ninguem-faz-sombra-a-dilma-e-reeleicao-pode-ser-no-1o-turno\/","og_locale":"pt_BR","og_type":"article","og_title":"Ningu\u00e9m faz sombra a Dilma e reelei\u00e7\u00e3o pode ser no 1\u00ba turno - Notibras","og_description":"Uma nova pesquisa eleitoral encomendada ao instituto MDA pela Confedera\u00e7\u00e3o Nacional do Transporte, divulgada nesta ter\u00e7a-feira, mostra que a presidente Dilma Rousseff lidera a corrida para as elei\u00e7\u00f5es de outubro e venceria no primeiro turno. Dilma teria 43,7% das inten\u00e7\u00f5es de voto, \u00e0 frente do senador A\u00e9cio Neves (PSDB-MG), com 17%, e do governador Eduardo [&hellip;]","og_url":"https:\/\/www.notibras.com\/site\/ninguem-faz-sombra-a-dilma-e-reeleicao-pode-ser-no-1o-turno\/","og_site_name":"Notibras","article_publisher":"https:\/\/www.facebook.com\/notibras\/","article_published_time":"2014-02-18T15:04:48+00:00","article_modified_time":"2014-02-18T17:47:36+00:00","og_image":[{"width":600,"height":300,"url":"https:\/\/www.notibras.com\/site\/wp-content\/uploads\/2014\/02\/dilma-aecio-campos-600x300.jpeg","type":"image\/jpeg"}],"author":"Reda\u00e7\u00e3o","twitter_card":"summary_large_image","twitter_creator":"@Notibras","twitter_site":"@Notibras","twitter_misc":{"Escrito por":"Reda\u00e7\u00e3o","Est. tempo de leitura":"2 minutos"},"schema":{"@context":"https:\/\/schema.org","@graph":[{"@type":"Article","@id":"https:\/\/www.notibras.com\/site\/ninguem-faz-sombra-a-dilma-e-reeleicao-pode-ser-no-1o-turno\/#article","isPartOf":{"@id":"https:\/\/www.notibras.com\/site\/ninguem-faz-sombra-a-dilma-e-reeleicao-pode-ser-no-1o-turno\/"},"author":{"name":"Reda\u00e7\u00e3o","@id":"https:\/\/www.notibras.com\/site\/#\/schema\/person\/36ab0979449956132d3e5b517ea76ac8"},"headline":"Ningu\u00e9m faz sombra a Dilma e reelei\u00e7\u00e3o pode ser no 1\u00ba turno","datePublished":"2014-02-18T15:04:48+00:00","dateModified":"2014-02-18T17:47:36+00:00","mainEntityOfPage":{"@id":"https:\/\/www.notibras.com\/site\/ninguem-faz-sombra-a-dilma-e-reeleicao-pode-ser-no-1o-turno\/"},"wordCount":377,"commentCount":0,"publisher":{"@id":"https:\/\/www.notibras.com\/site\/#organization"},"image":{"@id":"https:\/\/www.notibras.com\/site\/ninguem-faz-sombra-a-dilma-e-reeleicao-pode-ser-no-1o-turno\/#primaryimage"},"thumbnailUrl":"https:\/\/www.notibras.com\/site\/wp-content\/uploads\/2014\/02\/dilma-aecio-campos-600x300.jpeg","articleSection":["Brasil"],"inLanguage":"pt-BR","potentialAction":[{"@type":"CommentAction","name":"Comment","target":["https:\/\/www.notibras.com\/site\/ninguem-faz-sombra-a-dilma-e-reeleicao-pode-ser-no-1o-turno\/#respond"]}]},{"@type":"WebPage","@id":"https:\/\/www.notibras.com\/site\/ninguem-faz-sombra-a-dilma-e-reeleicao-pode-ser-no-1o-turno\/","url":"https:\/\/www.notibras.com\/site\/ninguem-faz-sombra-a-dilma-e-reeleicao-pode-ser-no-1o-turno\/","name":"Ningu\u00e9m faz sombra a Dilma e reelei\u00e7\u00e3o pode ser no 1\u00ba turno - Notibras","isPartOf":{"@id":"https:\/\/www.notibras.com\/site\/#website"},"primaryImageOfPage":{"@id":"https:\/\/www.notibras.com\/site\/ninguem-faz-sombra-a-dilma-e-reeleicao-pode-ser-no-1o-turno\/#primaryimage"},"image":{"@id":"https:\/\/www.notibras.com\/site\/ninguem-faz-sombra-a-dilma-e-reeleicao-pode-ser-no-1o-turno\/#primaryimage"},"thumbnailUrl":"https:\/\/www.notibras.com\/site\/wp-content\/uploads\/2014\/02\/dilma-aecio-campos-600x300.jpeg","datePublished":"2014-02-18T15:04:48+00:00","dateModified":"2014-02-18T17:47:36+00:00","breadcrumb":{"@id":"https:\/\/www.notibras.com\/site\/ninguem-faz-sombra-a-dilma-e-reeleicao-pode-ser-no-1o-turno\/#breadcrumb"},"inLanguage":"pt-BR","potentialAction":[{"@type":"ReadAction","target":["https:\/\/www.notibras.com\/site\/ninguem-faz-sombra-a-dilma-e-reeleicao-pode-ser-no-1o-turno\/"]}]},{"@type":"ImageObject","inLanguage":"pt-BR","@id":"https:\/\/www.notibras.com\/site\/ninguem-faz-sombra-a-dilma-e-reeleicao-pode-ser-no-1o-turno\/#primaryimage","url":"https:\/\/www.notibras.com\/site\/wp-content\/uploads\/2014\/02\/dilma-aecio-campos-600x300.jpeg","contentUrl":"https:\/\/www.notibras.com\/site\/wp-content\/uploads\/2014\/02\/dilma-aecio-campos-600x300.jpeg","width":600,"height":300},{"@type":"BreadcrumbList","@id":"https:\/\/www.notibras.com\/site\/ninguem-faz-sombra-a-dilma-e-reeleicao-pode-ser-no-1o-turno\/#breadcrumb","itemListElement":[{"@type":"ListItem","position":1,"name":"In\u00edcio","item":"https:\/\/www.notibras.com\/site\/"},{"@type":"ListItem","position":2,"name":"Ningu\u00e9m faz sombra a Dilma e reelei\u00e7\u00e3o pode ser no 1\u00ba turno"}]},{"@type":"WebSite","@id":"https:\/\/www.notibras.com\/site\/#website","url":"https:\/\/www.notibras.com\/site\/","name":"Notibras","description":"Not\u00edcias de Bras\u00edlia, do Brasil e do Mundo","publisher":{"@id":"https:\/\/www.notibras.com\/site\/#organization"},"potentialAction":[{"@type":"SearchAction","target":{"@type":"EntryPoint","urlTemplate":"https:\/\/www.notibras.com\/site\/?s={search_term_string}"},"query-input":{"@type":"PropertyValueSpecification","valueRequired":true,"valueName":"search_term_string"}}],"inLanguage":"pt-BR"},{"@type":"Organization","@id":"https:\/\/www.notibras.com\/site\/#organization","name":"Grupo Notibras de Comunica\u00e7\u00e3o","url":"https:\/\/www.notibras.com\/site\/","logo":{"@type":"ImageObject","inLanguage":"pt-BR","@id":"https:\/\/www.notibras.com\/site\/#\/schema\/logo\/image\/","url":"https:\/\/www.notibras.com\/site\/wp-content\/uploads\/2023\/01\/notibras23.png","contentUrl":"https:\/\/www.notibras.com\/site\/wp-content\/uploads\/2023\/01\/notibras23.png","width":350,"height":87,"caption":"Grupo Notibras de Comunica\u00e7\u00e3o"},"image":{"@id":"https:\/\/www.notibras.com\/site\/#\/schema\/logo\/image\/"},"sameAs":["https:\/\/www.facebook.com\/notibras\/","https:\/\/x.com\/Notibras","https:\/\/www.instagram.com\/notibras\/"]},{"@type":"Person","@id":"https:\/\/www.notibras.com\/site\/#\/schema\/person\/36ab0979449956132d3e5b517ea76ac8","name":"Reda\u00e7\u00e3o","image":{"@type":"ImageObject","inLanguage":"pt-BR","@id":"https:\/\/secure.gravatar.com\/avatar\/e0a867bdedb85fd243eadf09663511f96fc81e0720a4a42581f334ad4303aa6b?s=96&d=mm&r=g","url":"https:\/\/secure.gravatar.com\/avatar\/e0a867bdedb85fd243eadf09663511f96fc81e0720a4a42581f334ad4303aa6b?s=96&d=mm&r=g","contentUrl":"https:\/\/secure.gravatar.com\/avatar\/e0a867bdedb85fd243eadf09663511f96fc81e0720a4a42581f334ad4303aa6b?s=96&d=mm&r=g","caption":"Reda\u00e7\u00e3o"}}]}},"amp_enabled":true,"_links":{"self":[{"href":"https:\/\/www.notibras.com\/site\/wp-json\/wp\/v2\/posts\/2071","targetHints":{"allow":["GET"]}}],"collection":[{"href":"https:\/\/www.notibras.com\/site\/wp-json\/wp\/v2\/posts"}],"about":[{"href":"https:\/\/www.notibras.com\/site\/wp-json\/wp\/v2\/types\/post"}],"author":[{"embeddable":true,"href":"https:\/\/www.notibras.com\/site\/wp-json\/wp\/v2\/users\/2"}],"replies":[{"embeddable":true,"href":"https:\/\/www.notibras.com\/site\/wp-json\/wp\/v2\/comments?post=2071"}],"version-history":[{"count":0,"href":"https:\/\/www.notibras.com\/site\/wp-json\/wp\/v2\/posts\/2071\/revisions"}],"wp:featuredmedia":[{"embeddable":true,"href":"https:\/\/www.notibras.com\/site\/wp-json\/wp\/v2\/media\/2074"}],"wp:attachment":[{"href":"https:\/\/www.notibras.com\/site\/wp-json\/wp\/v2\/media?parent=2071"}],"wp:term":[{"taxonomy":"category","embeddable":true,"href":"https:\/\/www.notibras.com\/site\/wp-json\/wp\/v2\/categories?post=2071"},{"taxonomy":"post_tag","embeddable":true,"href":"https:\/\/www.notibras.com\/site\/wp-json\/wp\/v2\/tags?post=2071"}],"curies":[{"name":"wp","href":"https:\/\/api.w.org\/{rel}","templated":true}]}}