{"id":20714,"date":"2014-08-25T14:13:56","date_gmt":"2014-08-25T17:13:56","guid":{"rendered":"http:\/\/www.notibras.com\/site\/?p=20714"},"modified":"2014-08-25T14:13:56","modified_gmt":"2014-08-25T17:13:56","slug":"a-malha-ferroviaria-o-minerio-de-ferro-e-o-povo-sem-transporte","status":"publish","type":"post","link":"https:\/\/www.notibras.com\/site\/a-malha-ferroviaria-o-minerio-de-ferro-e-o-povo-sem-transporte\/","title":{"rendered":"A malha ferrovi\u00e1ria, o min\u00e9rio de ferro e o povo sem transporte"},"content":{"rendered":"<p>Muito se fala nas contradi\u00e7\u00f5es brasileiras e cada vez mais se constata nossa invers\u00e3o de valores. No mundo inteiro os trens s\u00e3o utilizados como um dos principais meios de transporte, como uma forma segura e tranquila de dinamizar a vida nos grandes centros urbanos e em longas viagens. No entanto aqui, cada vez mais em desuso, o vemos apenas transportando mercadorias, mat\u00e9rias primas que v\u00e3o gerar emprego e renda em outras partes do mundo. \u00c9 assim com nosso min\u00e9rio, \u00e9 assim que nossos gr\u00e3os que v\u00e3o ser beneficiados l\u00e1 fora.<\/p>\n<p>Dentro dessa vis\u00e3o equivocada de mundo e de desenvolvimento, enquanto nosso min\u00e9rio \u00e9 transportado in natura com toda seguran\u00e7a pela ferrovia, nossas fam\u00edlias s\u00e3o esmagadas em nossas rodovias, por n\u00e3o terem uma forma segura e eficaz de transporte, disputando espa\u00e7o no asfalto com caminh\u00f5es longos, lentos e pesados. Perdemos espa\u00e7o nas ferrovias para o min\u00e9rio de ferro, somos massacrados nas rodovias pelos caminh\u00f5es que o transportam. Perdemos duas vezes nessa tr\u00e1gica sina mineira e brasileira.<\/p>\n<p>\u00c9 um disparate o que vem acontecendo h\u00e1 anos em Minas e no Brasil, ceifando milhares de vidas inocentes nas curvas da hist\u00f3ria. A BR 381, que segue paralela \u00e0 Estrada de Ferro Vit\u00f3ria a Minas, \u00e9 o maior exemplo disso. Fam\u00edlias inteiras s\u00e3o dizimadas diariamente na pista enquanto os vag\u00f5es cheios de min\u00e9rio seguem tranquilamente a sua viagem, nos dizendo como valem pouco as nossas vidas. Protegem o lucro enquanto condenam a popula\u00e7\u00e3o ao descaso e ao acaso.<\/p>\n<p>Sem uma op\u00e7\u00e3o de transporte para sair do leste mineiro e vir \u00e0 capital, a BR 381 \u00e9 invadida diariamente por mais de 180 \u00f4nibus com linhas regulares e milhares de carros pequenos, tornando-a cada vez mais impratic\u00e1vel. Com esse n\u00famero de linhas, podemos imaginar mais de 5 mil pessoas sendo transportadas todos os dias pela 381, enquanto que apenas em uma viagem de trem, no \u00fanico hor\u00e1rio dispon\u00edvel hoje, transporta-se facilmente mais de 2 mil pessoas, dentro da maior seguran\u00e7a e comodidade.<\/p>\n<p>Em a\u00e7\u00e3o ajuizada pelo Minist\u00e9rio P\u00fablico Federal exige-se, entre outras iniciativas, que a Vale aumente tamb\u00e9m o transporte de cargas usando a ferrovi\u00e1ria, o que diminuiria o tr\u00e1fego de caminh\u00f5es pesados na BR-381. O MPF justifica a exig\u00eancia lembrando que no ano de 2008 foram registradas 2.522 ocorr\u00eancias na BR-381, com 1.985 feridos e 121 mortos. As 121 mortes referem-se apenas aos que morreram na pista, imediatamente, n\u00e3o contabilizando os que vieram a \u00f3bito no hospital.<\/p>\n<p>Vale lembrar que o uso intensivo da rodovia aumenta o seu desgaste, sendo ainda mais agravado pelo excesso de carga registrado no transporte de caminh\u00f5es que levam min\u00e9rio de ferro, formando verdadeiras valas nos acostamentos das vias. Isso sem dizer que muitos deles, por serem ve\u00edculos lentos e longos, s\u00e3o respons\u00e1veis por in\u00fameros acidentes, dificultando as ultrapassagens, gerando engarrafamentos e aumentando o tempo de viagem.<\/p>\n<p>O triste \u00e9 constatar que nossa ferrovia e nossa rodovia n\u00e3o transportam desenvolvimento nem vida, apenas min\u00e9rio, que v\u00e3o gerar emprego e melhorar a vida dos que est\u00e3o l\u00e1 fora, a centenas de milhas daqui. Enquanto isso, ficamos apenas com os buracos, dentro e fora de n\u00f3s!<\/p>\n<p><strong>Petr\u00f4nio Souza Gon\u00e7alves<\/strong><\/p>\n","protected":false},"excerpt":{"rendered":"<p>Muito se fala nas contradi\u00e7\u00f5es brasileiras e cada vez mais se constata nossa invers\u00e3o de valores. No mundo inteiro os trens s\u00e3o utilizados como um dos principais meios de transporte, como uma forma segura e tranquila de dinamizar a vida nos grandes centros urbanos e em longas viagens. No entanto aqui, cada vez mais em [&hellip;]<\/p>\n","protected":false},"author":2,"featured_media":20715,"comment_status":"open","ping_status":"closed","sticky":false,"template":"","format":"standard","meta":{"_acf_changed":false,"footnotes":""},"categories":[25],"tags":[],"class_list":["post-20714","post","type-post","status-publish","format-standard","has-post-thumbnail","hentry","category-opina-ai"],"acf":[],"yoast_head":"<!-- This site is optimized with the Yoast SEO plugin v27.5 - https:\/\/yoast.com\/product\/yoast-seo-wordpress\/ -->\n<title>A malha ferrovi\u00e1ria, o min\u00e9rio de ferro e o povo sem transporte - Notibras<\/title>\n<meta name=\"robots\" content=\"index, follow, max-snippet:-1, max-image-preview:large, max-video-preview:-1\" \/>\n<link rel=\"canonical\" href=\"https:\/\/www.notibras.com\/site\/a-malha-ferroviaria-o-minerio-de-ferro-e-o-povo-sem-transporte\/\" \/>\n<meta property=\"og:locale\" content=\"pt_BR\" \/>\n<meta property=\"og:type\" content=\"article\" \/>\n<meta property=\"og:title\" content=\"A malha ferrovi\u00e1ria, o min\u00e9rio de ferro e o povo sem transporte - Notibras\" \/>\n<meta property=\"og:description\" content=\"Muito se fala nas contradi\u00e7\u00f5es brasileiras e cada vez mais se constata nossa invers\u00e3o de valores. No mundo inteiro os trens s\u00e3o utilizados como um dos principais meios de transporte, como uma forma segura e tranquila de dinamizar a vida nos grandes centros urbanos e em longas viagens. No entanto aqui, cada vez mais em [&hellip;]\" \/>\n<meta property=\"og:url\" content=\"https:\/\/www.notibras.com\/site\/a-malha-ferroviaria-o-minerio-de-ferro-e-o-povo-sem-transporte\/\" \/>\n<meta property=\"og:site_name\" content=\"Notibras\" \/>\n<meta property=\"article:publisher\" content=\"https:\/\/www.facebook.com\/notibras\/\" \/>\n<meta property=\"article:published_time\" content=\"2014-08-25T17:13:56+00:00\" \/>\n<meta property=\"og:image\" content=\"https:\/\/www.notibras.com\/site\/wp-content\/uploads\/2014\/08\/trem-regional.jpg\" \/>\n\t<meta property=\"og:image:width\" content=\"800\" \/>\n\t<meta property=\"og:image:height\" content=\"540\" \/>\n\t<meta property=\"og:image:type\" content=\"image\/jpeg\" \/>\n<meta name=\"author\" content=\"Reda\u00e7\u00e3o\" \/>\n<meta name=\"twitter:card\" content=\"summary_large_image\" \/>\n<meta name=\"twitter:creator\" content=\"@Notibras\" \/>\n<meta name=\"twitter:site\" content=\"@Notibras\" \/>\n<meta name=\"twitter:label1\" content=\"Escrito por\" \/>\n\t<meta name=\"twitter:data1\" content=\"Reda\u00e7\u00e3o\" \/>\n\t<meta name=\"twitter:label2\" content=\"Est. tempo de leitura\" \/>\n\t<meta name=\"twitter:data2\" content=\"3 minutos\" \/>\n<script type=\"application\/ld+json\" class=\"yoast-schema-graph\">{\"@context\":\"https:\\\/\\\/schema.org\",\"@graph\":[{\"@type\":\"Article\",\"@id\":\"https:\\\/\\\/www.notibras.com\\\/site\\\/a-malha-ferroviaria-o-minerio-de-ferro-e-o-povo-sem-transporte\\\/#article\",\"isPartOf\":{\"@id\":\"https:\\\/\\\/www.notibras.com\\\/site\\\/a-malha-ferroviaria-o-minerio-de-ferro-e-o-povo-sem-transporte\\\/\"},\"author\":{\"name\":\"Reda\u00e7\u00e3o\",\"@id\":\"https:\\\/\\\/www.notibras.com\\\/site\\\/#\\\/schema\\\/person\\\/36ab0979449956132d3e5b517ea76ac8\"},\"headline\":\"A malha ferrovi\u00e1ria, o min\u00e9rio de ferro e o povo sem transporte\",\"datePublished\":\"2014-08-25T17:13:56+00:00\",\"mainEntityOfPage\":{\"@id\":\"https:\\\/\\\/www.notibras.com\\\/site\\\/a-malha-ferroviaria-o-minerio-de-ferro-e-o-povo-sem-transporte\\\/\"},\"wordCount\":568,\"commentCount\":0,\"publisher\":{\"@id\":\"https:\\\/\\\/www.notibras.com\\\/site\\\/#organization\"},\"image\":{\"@id\":\"https:\\\/\\\/www.notibras.com\\\/site\\\/a-malha-ferroviaria-o-minerio-de-ferro-e-o-povo-sem-transporte\\\/#primaryimage\"},\"thumbnailUrl\":\"https:\\\/\\\/www.notibras.com\\\/site\\\/wp-content\\\/uploads\\\/2014\\\/08\\\/trem-regional.jpg\",\"articleSection\":[\"Opina a\u00ed\"],\"inLanguage\":\"pt-BR\",\"potentialAction\":[{\"@type\":\"CommentAction\",\"name\":\"Comment\",\"target\":[\"https:\\\/\\\/www.notibras.com\\\/site\\\/a-malha-ferroviaria-o-minerio-de-ferro-e-o-povo-sem-transporte\\\/#respond\"]}]},{\"@type\":\"WebPage\",\"@id\":\"https:\\\/\\\/www.notibras.com\\\/site\\\/a-malha-ferroviaria-o-minerio-de-ferro-e-o-povo-sem-transporte\\\/\",\"url\":\"https:\\\/\\\/www.notibras.com\\\/site\\\/a-malha-ferroviaria-o-minerio-de-ferro-e-o-povo-sem-transporte\\\/\",\"name\":\"A malha ferrovi\u00e1ria, o min\u00e9rio de ferro e o povo sem transporte - Notibras\",\"isPartOf\":{\"@id\":\"https:\\\/\\\/www.notibras.com\\\/site\\\/#website\"},\"primaryImageOfPage\":{\"@id\":\"https:\\\/\\\/www.notibras.com\\\/site\\\/a-malha-ferroviaria-o-minerio-de-ferro-e-o-povo-sem-transporte\\\/#primaryimage\"},\"image\":{\"@id\":\"https:\\\/\\\/www.notibras.com\\\/site\\\/a-malha-ferroviaria-o-minerio-de-ferro-e-o-povo-sem-transporte\\\/#primaryimage\"},\"thumbnailUrl\":\"https:\\\/\\\/www.notibras.com\\\/site\\\/wp-content\\\/uploads\\\/2014\\\/08\\\/trem-regional.jpg\",\"datePublished\":\"2014-08-25T17:13:56+00:00\",\"breadcrumb\":{\"@id\":\"https:\\\/\\\/www.notibras.com\\\/site\\\/a-malha-ferroviaria-o-minerio-de-ferro-e-o-povo-sem-transporte\\\/#breadcrumb\"},\"inLanguage\":\"pt-BR\",\"potentialAction\":[{\"@type\":\"ReadAction\",\"target\":[\"https:\\\/\\\/www.notibras.com\\\/site\\\/a-malha-ferroviaria-o-minerio-de-ferro-e-o-povo-sem-transporte\\\/\"]}]},{\"@type\":\"ImageObject\",\"inLanguage\":\"pt-BR\",\"@id\":\"https:\\\/\\\/www.notibras.com\\\/site\\\/a-malha-ferroviaria-o-minerio-de-ferro-e-o-povo-sem-transporte\\\/#primaryimage\",\"url\":\"https:\\\/\\\/www.notibras.com\\\/site\\\/wp-content\\\/uploads\\\/2014\\\/08\\\/trem-regional.jpg\",\"contentUrl\":\"https:\\\/\\\/www.notibras.com\\\/site\\\/wp-content\\\/uploads\\\/2014\\\/08\\\/trem-regional.jpg\",\"width\":800,\"height\":540},{\"@type\":\"BreadcrumbList\",\"@id\":\"https:\\\/\\\/www.notibras.com\\\/site\\\/a-malha-ferroviaria-o-minerio-de-ferro-e-o-povo-sem-transporte\\\/#breadcrumb\",\"itemListElement\":[{\"@type\":\"ListItem\",\"position\":1,\"name\":\"In\u00edcio\",\"item\":\"https:\\\/\\\/www.notibras.com\\\/site\\\/\"},{\"@type\":\"ListItem\",\"position\":2,\"name\":\"A malha ferrovi\u00e1ria, o min\u00e9rio de ferro e o povo sem transporte\"}]},{\"@type\":\"WebSite\",\"@id\":\"https:\\\/\\\/www.notibras.com\\\/site\\\/#website\",\"url\":\"https:\\\/\\\/www.notibras.com\\\/site\\\/\",\"name\":\"Notibras\",\"description\":\"Not\u00edcias de Bras\u00edlia, do Brasil e do Mundo\",\"publisher\":{\"@id\":\"https:\\\/\\\/www.notibras.com\\\/site\\\/#organization\"},\"potentialAction\":[{\"@type\":\"SearchAction\",\"target\":{\"@type\":\"EntryPoint\",\"urlTemplate\":\"https:\\\/\\\/www.notibras.com\\\/site\\\/?s={search_term_string}\"},\"query-input\":{\"@type\":\"PropertyValueSpecification\",\"valueRequired\":true,\"valueName\":\"search_term_string\"}}],\"inLanguage\":\"pt-BR\"},{\"@type\":\"Organization\",\"@id\":\"https:\\\/\\\/www.notibras.com\\\/site\\\/#organization\",\"name\":\"Grupo Notibras de Comunica\u00e7\u00e3o\",\"url\":\"https:\\\/\\\/www.notibras.com\\\/site\\\/\",\"logo\":{\"@type\":\"ImageObject\",\"inLanguage\":\"pt-BR\",\"@id\":\"https:\\\/\\\/www.notibras.com\\\/site\\\/#\\\/schema\\\/logo\\\/image\\\/\",\"url\":\"https:\\\/\\\/www.notibras.com\\\/site\\\/wp-content\\\/uploads\\\/2023\\\/01\\\/notibras23.png\",\"contentUrl\":\"https:\\\/\\\/www.notibras.com\\\/site\\\/wp-content\\\/uploads\\\/2023\\\/01\\\/notibras23.png\",\"width\":350,\"height\":87,\"caption\":\"Grupo Notibras de Comunica\u00e7\u00e3o\"},\"image\":{\"@id\":\"https:\\\/\\\/www.notibras.com\\\/site\\\/#\\\/schema\\\/logo\\\/image\\\/\"},\"sameAs\":[\"https:\\\/\\\/www.facebook.com\\\/notibras\\\/\",\"https:\\\/\\\/x.com\\\/Notibras\",\"https:\\\/\\\/www.instagram.com\\\/notibras\\\/\"]},{\"@type\":\"Person\",\"@id\":\"https:\\\/\\\/www.notibras.com\\\/site\\\/#\\\/schema\\\/person\\\/36ab0979449956132d3e5b517ea76ac8\",\"name\":\"Reda\u00e7\u00e3o\",\"image\":{\"@type\":\"ImageObject\",\"inLanguage\":\"pt-BR\",\"@id\":\"https:\\\/\\\/secure.gravatar.com\\\/avatar\\\/e0a867bdedb85fd243eadf09663511f96fc81e0720a4a42581f334ad4303aa6b?s=96&d=mm&r=g\",\"url\":\"https:\\\/\\\/secure.gravatar.com\\\/avatar\\\/e0a867bdedb85fd243eadf09663511f96fc81e0720a4a42581f334ad4303aa6b?s=96&d=mm&r=g\",\"contentUrl\":\"https:\\\/\\\/secure.gravatar.com\\\/avatar\\\/e0a867bdedb85fd243eadf09663511f96fc81e0720a4a42581f334ad4303aa6b?s=96&d=mm&r=g\",\"caption\":\"Reda\u00e7\u00e3o\"}}]}<\/script>\n<!-- \/ Yoast SEO plugin. -->","yoast_head_json":{"title":"A malha ferrovi\u00e1ria, o min\u00e9rio de ferro e o povo sem transporte - Notibras","robots":{"index":"index","follow":"follow","max-snippet":"max-snippet:-1","max-image-preview":"max-image-preview:large","max-video-preview":"max-video-preview:-1"},"canonical":"https:\/\/www.notibras.com\/site\/a-malha-ferroviaria-o-minerio-de-ferro-e-o-povo-sem-transporte\/","og_locale":"pt_BR","og_type":"article","og_title":"A malha ferrovi\u00e1ria, o min\u00e9rio de ferro e o povo sem transporte - Notibras","og_description":"Muito se fala nas contradi\u00e7\u00f5es brasileiras e cada vez mais se constata nossa invers\u00e3o de valores. No mundo inteiro os trens s\u00e3o utilizados como um dos principais meios de transporte, como uma forma segura e tranquila de dinamizar a vida nos grandes centros urbanos e em longas viagens. No entanto aqui, cada vez mais em [&hellip;]","og_url":"https:\/\/www.notibras.com\/site\/a-malha-ferroviaria-o-minerio-de-ferro-e-o-povo-sem-transporte\/","og_site_name":"Notibras","article_publisher":"https:\/\/www.facebook.com\/notibras\/","article_published_time":"2014-08-25T17:13:56+00:00","og_image":[{"width":800,"height":540,"url":"https:\/\/www.notibras.com\/site\/wp-content\/uploads\/2014\/08\/trem-regional.jpg","type":"image\/jpeg"}],"author":"Reda\u00e7\u00e3o","twitter_card":"summary_large_image","twitter_creator":"@Notibras","twitter_site":"@Notibras","twitter_misc":{"Escrito por":"Reda\u00e7\u00e3o","Est. tempo de leitura":"3 minutos"},"schema":{"@context":"https:\/\/schema.org","@graph":[{"@type":"Article","@id":"https:\/\/www.notibras.com\/site\/a-malha-ferroviaria-o-minerio-de-ferro-e-o-povo-sem-transporte\/#article","isPartOf":{"@id":"https:\/\/www.notibras.com\/site\/a-malha-ferroviaria-o-minerio-de-ferro-e-o-povo-sem-transporte\/"},"author":{"name":"Reda\u00e7\u00e3o","@id":"https:\/\/www.notibras.com\/site\/#\/schema\/person\/36ab0979449956132d3e5b517ea76ac8"},"headline":"A malha ferrovi\u00e1ria, o min\u00e9rio de ferro e o povo sem transporte","datePublished":"2014-08-25T17:13:56+00:00","mainEntityOfPage":{"@id":"https:\/\/www.notibras.com\/site\/a-malha-ferroviaria-o-minerio-de-ferro-e-o-povo-sem-transporte\/"},"wordCount":568,"commentCount":0,"publisher":{"@id":"https:\/\/www.notibras.com\/site\/#organization"},"image":{"@id":"https:\/\/www.notibras.com\/site\/a-malha-ferroviaria-o-minerio-de-ferro-e-o-povo-sem-transporte\/#primaryimage"},"thumbnailUrl":"https:\/\/www.notibras.com\/site\/wp-content\/uploads\/2014\/08\/trem-regional.jpg","articleSection":["Opina a\u00ed"],"inLanguage":"pt-BR","potentialAction":[{"@type":"CommentAction","name":"Comment","target":["https:\/\/www.notibras.com\/site\/a-malha-ferroviaria-o-minerio-de-ferro-e-o-povo-sem-transporte\/#respond"]}]},{"@type":"WebPage","@id":"https:\/\/www.notibras.com\/site\/a-malha-ferroviaria-o-minerio-de-ferro-e-o-povo-sem-transporte\/","url":"https:\/\/www.notibras.com\/site\/a-malha-ferroviaria-o-minerio-de-ferro-e-o-povo-sem-transporte\/","name":"A malha ferrovi\u00e1ria, o min\u00e9rio de ferro e o povo sem transporte - Notibras","isPartOf":{"@id":"https:\/\/www.notibras.com\/site\/#website"},"primaryImageOfPage":{"@id":"https:\/\/www.notibras.com\/site\/a-malha-ferroviaria-o-minerio-de-ferro-e-o-povo-sem-transporte\/#primaryimage"},"image":{"@id":"https:\/\/www.notibras.com\/site\/a-malha-ferroviaria-o-minerio-de-ferro-e-o-povo-sem-transporte\/#primaryimage"},"thumbnailUrl":"https:\/\/www.notibras.com\/site\/wp-content\/uploads\/2014\/08\/trem-regional.jpg","datePublished":"2014-08-25T17:13:56+00:00","breadcrumb":{"@id":"https:\/\/www.notibras.com\/site\/a-malha-ferroviaria-o-minerio-de-ferro-e-o-povo-sem-transporte\/#breadcrumb"},"inLanguage":"pt-BR","potentialAction":[{"@type":"ReadAction","target":["https:\/\/www.notibras.com\/site\/a-malha-ferroviaria-o-minerio-de-ferro-e-o-povo-sem-transporte\/"]}]},{"@type":"ImageObject","inLanguage":"pt-BR","@id":"https:\/\/www.notibras.com\/site\/a-malha-ferroviaria-o-minerio-de-ferro-e-o-povo-sem-transporte\/#primaryimage","url":"https:\/\/www.notibras.com\/site\/wp-content\/uploads\/2014\/08\/trem-regional.jpg","contentUrl":"https:\/\/www.notibras.com\/site\/wp-content\/uploads\/2014\/08\/trem-regional.jpg","width":800,"height":540},{"@type":"BreadcrumbList","@id":"https:\/\/www.notibras.com\/site\/a-malha-ferroviaria-o-minerio-de-ferro-e-o-povo-sem-transporte\/#breadcrumb","itemListElement":[{"@type":"ListItem","position":1,"name":"In\u00edcio","item":"https:\/\/www.notibras.com\/site\/"},{"@type":"ListItem","position":2,"name":"A malha ferrovi\u00e1ria, o min\u00e9rio de ferro e o povo sem transporte"}]},{"@type":"WebSite","@id":"https:\/\/www.notibras.com\/site\/#website","url":"https:\/\/www.notibras.com\/site\/","name":"Notibras","description":"Not\u00edcias de Bras\u00edlia, do Brasil e do Mundo","publisher":{"@id":"https:\/\/www.notibras.com\/site\/#organization"},"potentialAction":[{"@type":"SearchAction","target":{"@type":"EntryPoint","urlTemplate":"https:\/\/www.notibras.com\/site\/?s={search_term_string}"},"query-input":{"@type":"PropertyValueSpecification","valueRequired":true,"valueName":"search_term_string"}}],"inLanguage":"pt-BR"},{"@type":"Organization","@id":"https:\/\/www.notibras.com\/site\/#organization","name":"Grupo Notibras de Comunica\u00e7\u00e3o","url":"https:\/\/www.notibras.com\/site\/","logo":{"@type":"ImageObject","inLanguage":"pt-BR","@id":"https:\/\/www.notibras.com\/site\/#\/schema\/logo\/image\/","url":"https:\/\/www.notibras.com\/site\/wp-content\/uploads\/2023\/01\/notibras23.png","contentUrl":"https:\/\/www.notibras.com\/site\/wp-content\/uploads\/2023\/01\/notibras23.png","width":350,"height":87,"caption":"Grupo Notibras de Comunica\u00e7\u00e3o"},"image":{"@id":"https:\/\/www.notibras.com\/site\/#\/schema\/logo\/image\/"},"sameAs":["https:\/\/www.facebook.com\/notibras\/","https:\/\/x.com\/Notibras","https:\/\/www.instagram.com\/notibras\/"]},{"@type":"Person","@id":"https:\/\/www.notibras.com\/site\/#\/schema\/person\/36ab0979449956132d3e5b517ea76ac8","name":"Reda\u00e7\u00e3o","image":{"@type":"ImageObject","inLanguage":"pt-BR","@id":"https:\/\/secure.gravatar.com\/avatar\/e0a867bdedb85fd243eadf09663511f96fc81e0720a4a42581f334ad4303aa6b?s=96&d=mm&r=g","url":"https:\/\/secure.gravatar.com\/avatar\/e0a867bdedb85fd243eadf09663511f96fc81e0720a4a42581f334ad4303aa6b?s=96&d=mm&r=g","contentUrl":"https:\/\/secure.gravatar.com\/avatar\/e0a867bdedb85fd243eadf09663511f96fc81e0720a4a42581f334ad4303aa6b?s=96&d=mm&r=g","caption":"Reda\u00e7\u00e3o"}}]}},"amp_enabled":true,"_links":{"self":[{"href":"https:\/\/www.notibras.com\/site\/wp-json\/wp\/v2\/posts\/20714","targetHints":{"allow":["GET"]}}],"collection":[{"href":"https:\/\/www.notibras.com\/site\/wp-json\/wp\/v2\/posts"}],"about":[{"href":"https:\/\/www.notibras.com\/site\/wp-json\/wp\/v2\/types\/post"}],"author":[{"embeddable":true,"href":"https:\/\/www.notibras.com\/site\/wp-json\/wp\/v2\/users\/2"}],"replies":[{"embeddable":true,"href":"https:\/\/www.notibras.com\/site\/wp-json\/wp\/v2\/comments?post=20714"}],"version-history":[{"count":0,"href":"https:\/\/www.notibras.com\/site\/wp-json\/wp\/v2\/posts\/20714\/revisions"}],"wp:featuredmedia":[{"embeddable":true,"href":"https:\/\/www.notibras.com\/site\/wp-json\/wp\/v2\/media\/20715"}],"wp:attachment":[{"href":"https:\/\/www.notibras.com\/site\/wp-json\/wp\/v2\/media?parent=20714"}],"wp:term":[{"taxonomy":"category","embeddable":true,"href":"https:\/\/www.notibras.com\/site\/wp-json\/wp\/v2\/categories?post=20714"},{"taxonomy":"post_tag","embeddable":true,"href":"https:\/\/www.notibras.com\/site\/wp-json\/wp\/v2\/tags?post=20714"}],"curies":[{"name":"wp","href":"https:\/\/api.w.org\/{rel}","templated":true}]}}