{"id":20792,"date":"2014-08-26T14:25:26","date_gmt":"2014-08-26T17:25:26","guid":{"rendered":"http:\/\/www.notibras.com\/site\/?p=20792"},"modified":"2014-08-26T14:25:50","modified_gmt":"2014-08-26T17:25:50","slug":"alimento-estragado-so-gera-dano-moral-se-consumidor-ingerir-segundo-o-stj","status":"publish","type":"post","link":"https:\/\/www.notibras.com\/site\/alimento-estragado-so-gera-dano-moral-se-consumidor-ingerir-segundo-o-stj\/","title":{"rendered":"Alimento estragado s\u00f3 gera dano moral se consumidor ingerir"},"content":{"rendered":"<p>A jurisprud\u00eancia n\u00e3o \u00e9 recente. Desde 2001 entende o Superior Tribunal de Justi\u00e7a, majoritariamente, que a n\u00e3o ingest\u00e3o do produto aliment\u00edcio impr\u00f3prio ao consumo n\u00e3o \u00e9 capaz de gerar dano moral. Isso porque a simples aquisi\u00e7\u00e3o do bem n\u00e3o traz sofrimento f\u00edsico ou psicol\u00f3gico ao comprador.<\/p>\n<p>Em caso recente julgado pela corte, o consumidor adquiriu uma lata de extrato de tomate e ap\u00f3s utilizar mais de 50% do produto, descobriu no fundo do recipiente um corpo estranho. Sem consumi-lo, encaminhou ao Instituto de Criminologia Carlos Eboli no Rio de Janeiro, onde restou comprovada a presen\u00e7a de col\u00f4nias f\u00fangicas capazes de causar graves danos \u00e0 sa\u00fade de quem ingerisse o alimento.<\/p>\n<p>Contudo, mesmo diante do laudo e do risco concreto \u00e0 sa\u00fade do consumidor, o Superior Tribunal de Justi\u00e7a afastou a hip\u00f3tese de dano moral.<\/p>\n<p>A discuss\u00e3o, entretanto, ainda encontra controv\u00e9rsia dentro STJ. A ministra Nancy Andrigh entende que h\u00e1 dano moral ainda que n\u00e3o haja a ingest\u00e3o do produto, como no precedente REsp 1.317.611\/RS , de sua relatoria, n\u00e3o obstante reconhecer a exist\u00eancia majorit\u00e1ria em sentido oposto. Nas palavras da ministra:<\/p>\n<p>\u201cAo contr\u00e1rio do que sup\u00f5e o recorrente, o abalo causado a uma dona de casa que encontra num extrato de tomate que j\u00e1 utilizou para consumo de sua fam\u00edlia, um preservativo aberto, \u00e9 muito grande. Isso \u00e9 do senso comum. Perfeitamente natural que, diante da indigna\u00e7\u00e3o sentida numa situa\u00e7\u00e3o como essas, desperte-se no cidad\u00e3o o desejo de obter justi\u00e7a [&#8230;] De resto o valor arbitrado pelo TJ\/RS, mantendo a senten\u00e7a que fixara a indeniza\u00e7\u00e3o em R$ 10.000,00, \u00e9 m\u00f3dico e n\u00e3o carece revis\u00e3o, notadamente considerando que h\u00e1, nesta Corte, precedente no qual a indeniza\u00e7\u00e3o foi fixada em R$ 15.000,00, para hip\u00f3tese muito semelhante [&#8230;]\u201d<\/p>\n<p>N\u00e3o \u00e9 dif\u00edcil discordar do posicionamento majorit\u00e1rio do Superior Tribunal de Justi\u00e7a e filiar-se a corrente minorit\u00e1ria liderada pela ministra Nacy Andrigh.<\/p>\n<p>A pol\u00edtica nacional das Rela\u00e7\u00f5es de Consumo tem por objetivo o atendimento das necessidades dos consumidores no que toca a sua dignidade, sa\u00fade e seguran\u00e7a.<br \/>\nTrata-se de um princ\u00edpio o dever governamental de proteger efetivamente o consumidor, garantindo produtos e servi\u00e7os com padr\u00f5es adequados de qualidade, seguran\u00e7a, durabilidade e desempenho. \u00c9 a exegese que se extrai do artigo 4\u00ba, II, d, da Lei 8.078\/1990.<\/p>\n<p>N\u00e3o obstante, a prote\u00e7\u00e3o \u00e0 vida, sa\u00fade e seguran\u00e7a do consumidor \u00e9 afirmado como direito m\u00ednimo, do qual se espera que o estado empenhe-se em garantir.<\/p>\n<p>Quando um fabricante de produto aliment\u00edcio coloca no mercado de consumo uma mercadoria impr\u00f3pria para o consumo, contendo subst\u00e2ncia t\u00f3xica ao organismo humano, n\u00e3o se trata de mero aborrecimento, mas de risco concreto \u00e0 sa\u00fade, ainda que n\u00e3o haja a ingest\u00e3o.<\/p>\n<p>Hip\u00f3tese em que se caracteriza o defeito do produto (art. 12, CDC) em clara infring\u00eancia ao dever legal dirigido ao fornecedor, previsto no art. 8\u00ba do CDC, ensejando a repara\u00e7\u00e3o por danos patrimoniais e morais (art. 6\u00ba do CDC).<\/p>\n<p>Diferente de um produto in natura, a mercadoria industrializada s\u00f3 tem o seu estado de qualidade apurado na casa do consumidor e em momentos antes da ingest\u00e3o, pois a maioria das embalagens s\u00e3o opacas, como caixas de papel\u00e3o ou latas de alum\u00ednio.<\/p>\n<p>O v\u00edcio flagrante, como odor e aspecto anormal, posto que de f\u00e1cil percep\u00e7\u00e3o, est\u00e3o em outra esfera, sendo poss\u00edvel o consumidor proteger-se. Nos demais casos, por sorte, n\u00e3o h\u00e1 a ingest\u00e3o do produto contaminado, o que n\u00e3o afasta o risco.<\/p>\n<p>N\u00e3o \u00e9 aceit\u00e1vel que o judici\u00e1rio espere que o efetivo dano \u00e0 sa\u00fade ocorra para indeniz\u00e1-lo, se a pol\u00edtica das rela\u00e7\u00f5es de consumo \u00e9 justamente oposta, no sentido de evitar a concretiza\u00e7\u00e3o deste dano.<\/p>\n<p>Trata-se do n\u00facleo \u201cproteger\u201d presente em diversos artigos e no t\u00edtulo do diploma consumerista. Conv\u00e9m afirmar somente para fins de ret\u00f3rica, posto que obvio, n\u00e3o se protege ningu\u00e9m ap\u00f3s o preju\u00edzo ocorrido, mas antes. E notoriamente n\u00e3o \u00e9 o papel de protetor que o estado, na figura do judici\u00e1rio, est\u00e1 assumindo.<\/p>\n<p>Ao negar a justa indeniza\u00e7\u00e3o ao consumidor que diante do produto imprest\u00e1vel se v\u00ea exposto ao risco iminente a sua sa\u00fade, a Corte vai de encontro ao fomento que pretende o C\u00f3digo de Prote\u00e7\u00e3o e Defesa do Consumidor, que trata como princ\u00edpio o aperfei\u00e7oamento de produtos e servi\u00e7os, visando a prote\u00e7\u00e3o \u00e0 sa\u00fade e seguran\u00e7a.<br \/>\nN\u00e3o significa que o fabricante industrial n\u00e3o possa falhar, posto que n\u00e3o h\u00e1 perfei\u00e7\u00e3o em qualquer setor da sociedade, mas que essas falhas sejam minimizadas ao m\u00e1ximo e n\u00e3o serem tratadas como regra.<\/p>\n<p>A indeniza\u00e7\u00e3o \u00e9 o \u201cincentivo\u201d \u00e0s ind\u00fastrias para que aperfei\u00e7oem sua linha produ\u00e7\u00e3o de maneira a garantir produtos efetivamente de qualidade. A sua aus\u00eancia, por sua vez, causa o efeito contr\u00e1rio, indesejado por consumidores e pela Lei.<\/p>\n<p>Refer\u00eancias: REsp 1328916 \/ RJ ; AgRg no AREsp 489325 \/ RJ e REsp 1.317.611\/RS<\/p>\n<p><em><strong>Gustavo Jansen S. Costa <\/strong><\/em><\/p>\n<p><em><strong>Advogado do escrit\u00f3rio Roveda Sociedade de Advogados \u2013 www.roveda.net.br<\/strong><\/em><\/p>\n","protected":false},"excerpt":{"rendered":"<p>A jurisprud\u00eancia n\u00e3o \u00e9 recente. Desde 2001 entende o Superior Tribunal de Justi\u00e7a, majoritariamente, que a n\u00e3o ingest\u00e3o do produto aliment\u00edcio impr\u00f3prio ao consumo n\u00e3o \u00e9 capaz de gerar dano moral. Isso porque a simples aquisi\u00e7\u00e3o do bem n\u00e3o traz sofrimento f\u00edsico ou psicol\u00f3gico ao comprador. Em caso recente julgado pela corte, o consumidor adquiriu [&hellip;]<\/p>\n","protected":false},"author":1,"featured_media":20793,"comment_status":"open","ping_status":"closed","sticky":false,"template":"","format":"standard","meta":{"_acf_changed":false,"footnotes":""},"categories":[25],"tags":[],"class_list":["post-20792","post","type-post","status-publish","format-standard","has-post-thumbnail","hentry","category-opina-ai"],"acf":[],"yoast_head":"<!-- This site is optimized with the Yoast SEO plugin v27.5 - https:\/\/yoast.com\/product\/yoast-seo-wordpress\/ -->\n<title>Alimento estragado s\u00f3 gera dano moral se consumidor ingerir - Notibras<\/title>\n<meta name=\"robots\" content=\"index, follow, max-snippet:-1, max-image-preview:large, max-video-preview:-1\" \/>\n<link rel=\"canonical\" href=\"https:\/\/www.notibras.com\/site\/alimento-estragado-so-gera-dano-moral-se-consumidor-ingerir-segundo-o-stj\/\" \/>\n<meta property=\"og:locale\" content=\"pt_BR\" \/>\n<meta property=\"og:type\" content=\"article\" \/>\n<meta property=\"og:title\" content=\"Alimento estragado s\u00f3 gera dano moral se consumidor ingerir - Notibras\" \/>\n<meta property=\"og:description\" content=\"A jurisprud\u00eancia n\u00e3o \u00e9 recente. Desde 2001 entende o Superior Tribunal de Justi\u00e7a, majoritariamente, que a n\u00e3o ingest\u00e3o do produto aliment\u00edcio impr\u00f3prio ao consumo n\u00e3o \u00e9 capaz de gerar dano moral. Isso porque a simples aquisi\u00e7\u00e3o do bem n\u00e3o traz sofrimento f\u00edsico ou psicol\u00f3gico ao comprador. Em caso recente julgado pela corte, o consumidor adquiriu [&hellip;]\" \/>\n<meta property=\"og:url\" content=\"https:\/\/www.notibras.com\/site\/alimento-estragado-so-gera-dano-moral-se-consumidor-ingerir-segundo-o-stj\/\" \/>\n<meta property=\"og:site_name\" content=\"Notibras\" \/>\n<meta property=\"article:publisher\" content=\"https:\/\/www.facebook.com\/notibras\/\" \/>\n<meta property=\"article:published_time\" content=\"2014-08-26T17:25:26+00:00\" \/>\n<meta property=\"article:modified_time\" content=\"2014-08-26T17:25:50+00:00\" \/>\n<meta property=\"og:image\" content=\"https:\/\/www.notibras.com\/site\/wp-content\/uploads\/2014\/08\/comida.jpg\" \/>\n\t<meta property=\"og:image:width\" content=\"967\" \/>\n\t<meta property=\"og:image:height\" content=\"645\" \/>\n\t<meta property=\"og:image:type\" content=\"image\/jpeg\" \/>\n<meta name=\"author\" content=\"Reda\u00e7\u00e3o\" \/>\n<meta name=\"twitter:card\" content=\"summary_large_image\" \/>\n<meta name=\"twitter:creator\" content=\"@Notibras\" \/>\n<meta name=\"twitter:site\" content=\"@Notibras\" \/>\n<meta name=\"twitter:label1\" content=\"Escrito por\" \/>\n\t<meta name=\"twitter:data1\" content=\"Reda\u00e7\u00e3o\" \/>\n\t<meta name=\"twitter:label2\" content=\"Est. tempo de leitura\" \/>\n\t<meta name=\"twitter:data2\" content=\"4 minutos\" \/>\n<script type=\"application\/ld+json\" class=\"yoast-schema-graph\">{\"@context\":\"https:\\\/\\\/schema.org\",\"@graph\":[{\"@type\":\"Article\",\"@id\":\"https:\\\/\\\/www.notibras.com\\\/site\\\/alimento-estragado-so-gera-dano-moral-se-consumidor-ingerir-segundo-o-stj\\\/#article\",\"isPartOf\":{\"@id\":\"https:\\\/\\\/www.notibras.com\\\/site\\\/alimento-estragado-so-gera-dano-moral-se-consumidor-ingerir-segundo-o-stj\\\/\"},\"author\":{\"name\":\"Reda\u00e7\u00e3o\",\"@id\":\"https:\\\/\\\/www.notibras.com\\\/site\\\/#\\\/schema\\\/person\\\/00b8e1aa08f9ef6563e878c5159d01cf\"},\"headline\":\"Alimento estragado s\u00f3 gera dano moral se consumidor ingerir\",\"datePublished\":\"2014-08-26T17:25:26+00:00\",\"dateModified\":\"2014-08-26T17:25:50+00:00\",\"mainEntityOfPage\":{\"@id\":\"https:\\\/\\\/www.notibras.com\\\/site\\\/alimento-estragado-so-gera-dano-moral-se-consumidor-ingerir-segundo-o-stj\\\/\"},\"wordCount\":899,\"commentCount\":0,\"publisher\":{\"@id\":\"https:\\\/\\\/www.notibras.com\\\/site\\\/#organization\"},\"image\":{\"@id\":\"https:\\\/\\\/www.notibras.com\\\/site\\\/alimento-estragado-so-gera-dano-moral-se-consumidor-ingerir-segundo-o-stj\\\/#primaryimage\"},\"thumbnailUrl\":\"https:\\\/\\\/www.notibras.com\\\/site\\\/wp-content\\\/uploads\\\/2014\\\/08\\\/comida.jpg\",\"articleSection\":[\"Opina a\u00ed\"],\"inLanguage\":\"pt-BR\",\"potentialAction\":[{\"@type\":\"CommentAction\",\"name\":\"Comment\",\"target\":[\"https:\\\/\\\/www.notibras.com\\\/site\\\/alimento-estragado-so-gera-dano-moral-se-consumidor-ingerir-segundo-o-stj\\\/#respond\"]}]},{\"@type\":\"WebPage\",\"@id\":\"https:\\\/\\\/www.notibras.com\\\/site\\\/alimento-estragado-so-gera-dano-moral-se-consumidor-ingerir-segundo-o-stj\\\/\",\"url\":\"https:\\\/\\\/www.notibras.com\\\/site\\\/alimento-estragado-so-gera-dano-moral-se-consumidor-ingerir-segundo-o-stj\\\/\",\"name\":\"Alimento estragado s\u00f3 gera dano moral se consumidor ingerir - Notibras\",\"isPartOf\":{\"@id\":\"https:\\\/\\\/www.notibras.com\\\/site\\\/#website\"},\"primaryImageOfPage\":{\"@id\":\"https:\\\/\\\/www.notibras.com\\\/site\\\/alimento-estragado-so-gera-dano-moral-se-consumidor-ingerir-segundo-o-stj\\\/#primaryimage\"},\"image\":{\"@id\":\"https:\\\/\\\/www.notibras.com\\\/site\\\/alimento-estragado-so-gera-dano-moral-se-consumidor-ingerir-segundo-o-stj\\\/#primaryimage\"},\"thumbnailUrl\":\"https:\\\/\\\/www.notibras.com\\\/site\\\/wp-content\\\/uploads\\\/2014\\\/08\\\/comida.jpg\",\"datePublished\":\"2014-08-26T17:25:26+00:00\",\"dateModified\":\"2014-08-26T17:25:50+00:00\",\"breadcrumb\":{\"@id\":\"https:\\\/\\\/www.notibras.com\\\/site\\\/alimento-estragado-so-gera-dano-moral-se-consumidor-ingerir-segundo-o-stj\\\/#breadcrumb\"},\"inLanguage\":\"pt-BR\",\"potentialAction\":[{\"@type\":\"ReadAction\",\"target\":[\"https:\\\/\\\/www.notibras.com\\\/site\\\/alimento-estragado-so-gera-dano-moral-se-consumidor-ingerir-segundo-o-stj\\\/\"]}]},{\"@type\":\"ImageObject\",\"inLanguage\":\"pt-BR\",\"@id\":\"https:\\\/\\\/www.notibras.com\\\/site\\\/alimento-estragado-so-gera-dano-moral-se-consumidor-ingerir-segundo-o-stj\\\/#primaryimage\",\"url\":\"https:\\\/\\\/www.notibras.com\\\/site\\\/wp-content\\\/uploads\\\/2014\\\/08\\\/comida.jpg\",\"contentUrl\":\"https:\\\/\\\/www.notibras.com\\\/site\\\/wp-content\\\/uploads\\\/2014\\\/08\\\/comida.jpg\",\"width\":967,\"height\":645,\"caption\":\"Foto\\\/Arquivo Notibras\"},{\"@type\":\"BreadcrumbList\",\"@id\":\"https:\\\/\\\/www.notibras.com\\\/site\\\/alimento-estragado-so-gera-dano-moral-se-consumidor-ingerir-segundo-o-stj\\\/#breadcrumb\",\"itemListElement\":[{\"@type\":\"ListItem\",\"position\":1,\"name\":\"In\u00edcio\",\"item\":\"https:\\\/\\\/www.notibras.com\\\/site\\\/\"},{\"@type\":\"ListItem\",\"position\":2,\"name\":\"Alimento estragado s\u00f3 gera dano moral se consumidor ingerir\"}]},{\"@type\":\"WebSite\",\"@id\":\"https:\\\/\\\/www.notibras.com\\\/site\\\/#website\",\"url\":\"https:\\\/\\\/www.notibras.com\\\/site\\\/\",\"name\":\"Notibras\",\"description\":\"Not\u00edcias de Bras\u00edlia, do Brasil e do Mundo\",\"publisher\":{\"@id\":\"https:\\\/\\\/www.notibras.com\\\/site\\\/#organization\"},\"potentialAction\":[{\"@type\":\"SearchAction\",\"target\":{\"@type\":\"EntryPoint\",\"urlTemplate\":\"https:\\\/\\\/www.notibras.com\\\/site\\\/?s={search_term_string}\"},\"query-input\":{\"@type\":\"PropertyValueSpecification\",\"valueRequired\":true,\"valueName\":\"search_term_string\"}}],\"inLanguage\":\"pt-BR\"},{\"@type\":\"Organization\",\"@id\":\"https:\\\/\\\/www.notibras.com\\\/site\\\/#organization\",\"name\":\"Grupo Notibras de Comunica\u00e7\u00e3o\",\"url\":\"https:\\\/\\\/www.notibras.com\\\/site\\\/\",\"logo\":{\"@type\":\"ImageObject\",\"inLanguage\":\"pt-BR\",\"@id\":\"https:\\\/\\\/www.notibras.com\\\/site\\\/#\\\/schema\\\/logo\\\/image\\\/\",\"url\":\"https:\\\/\\\/www.notibras.com\\\/site\\\/wp-content\\\/uploads\\\/2023\\\/01\\\/notibras23.png\",\"contentUrl\":\"https:\\\/\\\/www.notibras.com\\\/site\\\/wp-content\\\/uploads\\\/2023\\\/01\\\/notibras23.png\",\"width\":350,\"height\":87,\"caption\":\"Grupo Notibras de Comunica\u00e7\u00e3o\"},\"image\":{\"@id\":\"https:\\\/\\\/www.notibras.com\\\/site\\\/#\\\/schema\\\/logo\\\/image\\\/\"},\"sameAs\":[\"https:\\\/\\\/www.facebook.com\\\/notibras\\\/\",\"https:\\\/\\\/x.com\\\/Notibras\",\"https:\\\/\\\/www.instagram.com\\\/notibras\\\/\"]},{\"@type\":\"Person\",\"@id\":\"https:\\\/\\\/www.notibras.com\\\/site\\\/#\\\/schema\\\/person\\\/00b8e1aa08f9ef6563e878c5159d01cf\",\"name\":\"Reda\u00e7\u00e3o\",\"image\":{\"@type\":\"ImageObject\",\"inLanguage\":\"pt-BR\",\"@id\":\"https:\\\/\\\/secure.gravatar.com\\\/avatar\\\/ac5a707d5b47784a5ed426c6e213e201423c750890f64e4c379114dade67dfb9?s=96&d=mm&r=g\",\"url\":\"https:\\\/\\\/secure.gravatar.com\\\/avatar\\\/ac5a707d5b47784a5ed426c6e213e201423c750890f64e4c379114dade67dfb9?s=96&d=mm&r=g\",\"contentUrl\":\"https:\\\/\\\/secure.gravatar.com\\\/avatar\\\/ac5a707d5b47784a5ed426c6e213e201423c750890f64e4c379114dade67dfb9?s=96&d=mm&r=g\",\"caption\":\"Reda\u00e7\u00e3o\"}}]}<\/script>\n<!-- \/ Yoast SEO plugin. -->","yoast_head_json":{"title":"Alimento estragado s\u00f3 gera dano moral se consumidor ingerir - Notibras","robots":{"index":"index","follow":"follow","max-snippet":"max-snippet:-1","max-image-preview":"max-image-preview:large","max-video-preview":"max-video-preview:-1"},"canonical":"https:\/\/www.notibras.com\/site\/alimento-estragado-so-gera-dano-moral-se-consumidor-ingerir-segundo-o-stj\/","og_locale":"pt_BR","og_type":"article","og_title":"Alimento estragado s\u00f3 gera dano moral se consumidor ingerir - Notibras","og_description":"A jurisprud\u00eancia n\u00e3o \u00e9 recente. Desde 2001 entende o Superior Tribunal de Justi\u00e7a, majoritariamente, que a n\u00e3o ingest\u00e3o do produto aliment\u00edcio impr\u00f3prio ao consumo n\u00e3o \u00e9 capaz de gerar dano moral. Isso porque a simples aquisi\u00e7\u00e3o do bem n\u00e3o traz sofrimento f\u00edsico ou psicol\u00f3gico ao comprador. Em caso recente julgado pela corte, o consumidor adquiriu [&hellip;]","og_url":"https:\/\/www.notibras.com\/site\/alimento-estragado-so-gera-dano-moral-se-consumidor-ingerir-segundo-o-stj\/","og_site_name":"Notibras","article_publisher":"https:\/\/www.facebook.com\/notibras\/","article_published_time":"2014-08-26T17:25:26+00:00","article_modified_time":"2014-08-26T17:25:50+00:00","og_image":[{"width":967,"height":645,"url":"https:\/\/www.notibras.com\/site\/wp-content\/uploads\/2014\/08\/comida.jpg","type":"image\/jpeg"}],"author":"Reda\u00e7\u00e3o","twitter_card":"summary_large_image","twitter_creator":"@Notibras","twitter_site":"@Notibras","twitter_misc":{"Escrito por":"Reda\u00e7\u00e3o","Est. tempo de leitura":"4 minutos"},"schema":{"@context":"https:\/\/schema.org","@graph":[{"@type":"Article","@id":"https:\/\/www.notibras.com\/site\/alimento-estragado-so-gera-dano-moral-se-consumidor-ingerir-segundo-o-stj\/#article","isPartOf":{"@id":"https:\/\/www.notibras.com\/site\/alimento-estragado-so-gera-dano-moral-se-consumidor-ingerir-segundo-o-stj\/"},"author":{"name":"Reda\u00e7\u00e3o","@id":"https:\/\/www.notibras.com\/site\/#\/schema\/person\/00b8e1aa08f9ef6563e878c5159d01cf"},"headline":"Alimento estragado s\u00f3 gera dano moral se consumidor ingerir","datePublished":"2014-08-26T17:25:26+00:00","dateModified":"2014-08-26T17:25:50+00:00","mainEntityOfPage":{"@id":"https:\/\/www.notibras.com\/site\/alimento-estragado-so-gera-dano-moral-se-consumidor-ingerir-segundo-o-stj\/"},"wordCount":899,"commentCount":0,"publisher":{"@id":"https:\/\/www.notibras.com\/site\/#organization"},"image":{"@id":"https:\/\/www.notibras.com\/site\/alimento-estragado-so-gera-dano-moral-se-consumidor-ingerir-segundo-o-stj\/#primaryimage"},"thumbnailUrl":"https:\/\/www.notibras.com\/site\/wp-content\/uploads\/2014\/08\/comida.jpg","articleSection":["Opina a\u00ed"],"inLanguage":"pt-BR","potentialAction":[{"@type":"CommentAction","name":"Comment","target":["https:\/\/www.notibras.com\/site\/alimento-estragado-so-gera-dano-moral-se-consumidor-ingerir-segundo-o-stj\/#respond"]}]},{"@type":"WebPage","@id":"https:\/\/www.notibras.com\/site\/alimento-estragado-so-gera-dano-moral-se-consumidor-ingerir-segundo-o-stj\/","url":"https:\/\/www.notibras.com\/site\/alimento-estragado-so-gera-dano-moral-se-consumidor-ingerir-segundo-o-stj\/","name":"Alimento estragado s\u00f3 gera dano moral se consumidor ingerir - Notibras","isPartOf":{"@id":"https:\/\/www.notibras.com\/site\/#website"},"primaryImageOfPage":{"@id":"https:\/\/www.notibras.com\/site\/alimento-estragado-so-gera-dano-moral-se-consumidor-ingerir-segundo-o-stj\/#primaryimage"},"image":{"@id":"https:\/\/www.notibras.com\/site\/alimento-estragado-so-gera-dano-moral-se-consumidor-ingerir-segundo-o-stj\/#primaryimage"},"thumbnailUrl":"https:\/\/www.notibras.com\/site\/wp-content\/uploads\/2014\/08\/comida.jpg","datePublished":"2014-08-26T17:25:26+00:00","dateModified":"2014-08-26T17:25:50+00:00","breadcrumb":{"@id":"https:\/\/www.notibras.com\/site\/alimento-estragado-so-gera-dano-moral-se-consumidor-ingerir-segundo-o-stj\/#breadcrumb"},"inLanguage":"pt-BR","potentialAction":[{"@type":"ReadAction","target":["https:\/\/www.notibras.com\/site\/alimento-estragado-so-gera-dano-moral-se-consumidor-ingerir-segundo-o-stj\/"]}]},{"@type":"ImageObject","inLanguage":"pt-BR","@id":"https:\/\/www.notibras.com\/site\/alimento-estragado-so-gera-dano-moral-se-consumidor-ingerir-segundo-o-stj\/#primaryimage","url":"https:\/\/www.notibras.com\/site\/wp-content\/uploads\/2014\/08\/comida.jpg","contentUrl":"https:\/\/www.notibras.com\/site\/wp-content\/uploads\/2014\/08\/comida.jpg","width":967,"height":645,"caption":"Foto\/Arquivo Notibras"},{"@type":"BreadcrumbList","@id":"https:\/\/www.notibras.com\/site\/alimento-estragado-so-gera-dano-moral-se-consumidor-ingerir-segundo-o-stj\/#breadcrumb","itemListElement":[{"@type":"ListItem","position":1,"name":"In\u00edcio","item":"https:\/\/www.notibras.com\/site\/"},{"@type":"ListItem","position":2,"name":"Alimento estragado s\u00f3 gera dano moral se consumidor ingerir"}]},{"@type":"WebSite","@id":"https:\/\/www.notibras.com\/site\/#website","url":"https:\/\/www.notibras.com\/site\/","name":"Notibras","description":"Not\u00edcias de Bras\u00edlia, do Brasil e do Mundo","publisher":{"@id":"https:\/\/www.notibras.com\/site\/#organization"},"potentialAction":[{"@type":"SearchAction","target":{"@type":"EntryPoint","urlTemplate":"https:\/\/www.notibras.com\/site\/?s={search_term_string}"},"query-input":{"@type":"PropertyValueSpecification","valueRequired":true,"valueName":"search_term_string"}}],"inLanguage":"pt-BR"},{"@type":"Organization","@id":"https:\/\/www.notibras.com\/site\/#organization","name":"Grupo Notibras de Comunica\u00e7\u00e3o","url":"https:\/\/www.notibras.com\/site\/","logo":{"@type":"ImageObject","inLanguage":"pt-BR","@id":"https:\/\/www.notibras.com\/site\/#\/schema\/logo\/image\/","url":"https:\/\/www.notibras.com\/site\/wp-content\/uploads\/2023\/01\/notibras23.png","contentUrl":"https:\/\/www.notibras.com\/site\/wp-content\/uploads\/2023\/01\/notibras23.png","width":350,"height":87,"caption":"Grupo Notibras de Comunica\u00e7\u00e3o"},"image":{"@id":"https:\/\/www.notibras.com\/site\/#\/schema\/logo\/image\/"},"sameAs":["https:\/\/www.facebook.com\/notibras\/","https:\/\/x.com\/Notibras","https:\/\/www.instagram.com\/notibras\/"]},{"@type":"Person","@id":"https:\/\/www.notibras.com\/site\/#\/schema\/person\/00b8e1aa08f9ef6563e878c5159d01cf","name":"Reda\u00e7\u00e3o","image":{"@type":"ImageObject","inLanguage":"pt-BR","@id":"https:\/\/secure.gravatar.com\/avatar\/ac5a707d5b47784a5ed426c6e213e201423c750890f64e4c379114dade67dfb9?s=96&d=mm&r=g","url":"https:\/\/secure.gravatar.com\/avatar\/ac5a707d5b47784a5ed426c6e213e201423c750890f64e4c379114dade67dfb9?s=96&d=mm&r=g","contentUrl":"https:\/\/secure.gravatar.com\/avatar\/ac5a707d5b47784a5ed426c6e213e201423c750890f64e4c379114dade67dfb9?s=96&d=mm&r=g","caption":"Reda\u00e7\u00e3o"}}]}},"amp_enabled":true,"_links":{"self":[{"href":"https:\/\/www.notibras.com\/site\/wp-json\/wp\/v2\/posts\/20792","targetHints":{"allow":["GET"]}}],"collection":[{"href":"https:\/\/www.notibras.com\/site\/wp-json\/wp\/v2\/posts"}],"about":[{"href":"https:\/\/www.notibras.com\/site\/wp-json\/wp\/v2\/types\/post"}],"author":[{"embeddable":true,"href":"https:\/\/www.notibras.com\/site\/wp-json\/wp\/v2\/users\/1"}],"replies":[{"embeddable":true,"href":"https:\/\/www.notibras.com\/site\/wp-json\/wp\/v2\/comments?post=20792"}],"version-history":[{"count":0,"href":"https:\/\/www.notibras.com\/site\/wp-json\/wp\/v2\/posts\/20792\/revisions"}],"wp:featuredmedia":[{"embeddable":true,"href":"https:\/\/www.notibras.com\/site\/wp-json\/wp\/v2\/media\/20793"}],"wp:attachment":[{"href":"https:\/\/www.notibras.com\/site\/wp-json\/wp\/v2\/media?parent=20792"}],"wp:term":[{"taxonomy":"category","embeddable":true,"href":"https:\/\/www.notibras.com\/site\/wp-json\/wp\/v2\/categories?post=20792"},{"taxonomy":"post_tag","embeddable":true,"href":"https:\/\/www.notibras.com\/site\/wp-json\/wp\/v2\/tags?post=20792"}],"curies":[{"name":"wp","href":"https:\/\/api.w.org\/{rel}","templated":true}]}}