{"id":20825,"date":"2014-08-26T22:37:31","date_gmt":"2014-08-27T01:37:31","guid":{"rendered":"http:\/\/www.notibras.com\/site\/?p=20825"},"modified":"2014-08-26T23:45:10","modified_gmt":"2014-08-27T02:45:10","slug":"professor-pedofilo-preso-por-agentes-da-pf-em-pernambuco","status":"publish","type":"post","link":"https:\/\/www.notibras.com\/site\/professor-pedofilo-preso-por-agentes-da-pf-em-pernambuco\/","title":{"rendered":"Professor ped\u00f3filo preso por agentes da PF em Caruaru"},"content":{"rendered":"<p>A Pol\u00edcia Federal (PF) em Pernambuco\u00a0deflagrou nesta ter\u00e7a-feira\u00a0a opera\u00e7\u00e3o Enigmah\u00a0&#8211;\u00a0nome dado em alus\u00e3o \u00e0 conta de e-mail de um\u00a0dos investigados, a\u00a0enigmah2009 -, de combate \u00e0 pornografia infantil. A\u00a0a\u00e7\u00e3o cumpriu\u00a0tr\u00eas\u00a0mandados de busca e apreens\u00e3o, dois\u00a0em Caruaru e\u00a0um\u00a0em Recife, e prendeu uma pessoa.<\/p>\n<p class=\"text\">As investiga\u00e7\u00f5es tiveram in\u00edcio em\u00a02013 por meio\u00a0de informa\u00e7\u00f5es encaminhadas por um grande provedor nacional de internet, que detectou a exist\u00eancia de uma p\u00e1gina que disponibilizava\u00a0imagens contendo pornografia envolvendo crian\u00e7as e adolescentes. A pol\u00edcia abriu\u00a0inqu\u00e9rito e\u00a0solicitou\u00a0a quebra do sigilo telem\u00e1tico (dados de computador e internet) \u00e0 Justi\u00e7a. Com o monitoramento, foram descobertos os endere\u00e7os dos suspeitos de compartilharem o material.<\/p>\n<blockquote>\n<p class=\"text\">Dos tr\u00eas locais onde foram cumpridos mandado de busca e apreens\u00e3o, apenas em um foi poss\u00edvel apreender\u00a0cds, notebook, dvds e discos r\u00edgidos, onde peritos criminais federais\u00a0detectaram conte\u00fado pornogr\u00e1fico infantil. Um\u00a0professor\u00a0solteiro de 37 anos\u00a0foi preso neste endere\u00e7o. Ele\u00a0trabalha como educador em um projeto do governo do Estado com crian\u00e7as, adolescentes e idosos numa escola de Caruaru.<\/p>\n<\/blockquote>\n<p class=\"text\">O detido foi autuado em flagrante pelo crime de\u00a0possuir ou armazenar, por qualquer meio, fotografia, v\u00eddeo ou outra forma de registro que contenha cena de sexo expl\u00edcito ou pornogr\u00e1fica envolvendo crian\u00e7a ou adolescente, com\u00a0pena de\u00a0reclus\u00e3o\u00a0de 1 a 4 anos. Por ser\u00a0crime afian\u00e7\u00e1vel, foi estipulada\u00a0fian\u00e7a no valor de R$ 10 mil\u00a0reais.<\/p>\n<p class=\"text\">Em seu interrogat\u00f3rio ele alegou\u00a0que h\u00e1 cerca de dois\u00a0anos vem acessando sites de pornografia infantil e trocando arquivos com outras pessoas via e-mail para\u00a0descobrir quem s\u00e3o os criminosos que molestam e atacam crian\u00e7a, por\u00e9m afirmou\u00a0nunca ter\u00a0prejudicado\u00a0ou\u00a0mantido\u00a0rela\u00e7\u00e3o sexual com\u00a0qualquer crian\u00e7a.<\/p>\n","protected":false},"excerpt":{"rendered":"<p>A Pol\u00edcia Federal (PF) em Pernambuco\u00a0deflagrou nesta ter\u00e7a-feira\u00a0a opera\u00e7\u00e3o Enigmah\u00a0&#8211;\u00a0nome dado em alus\u00e3o \u00e0 conta de e-mail de um\u00a0dos investigados, a\u00a0enigmah2009 -, de combate \u00e0 pornografia infantil. A\u00a0a\u00e7\u00e3o cumpriu\u00a0tr\u00eas\u00a0mandados de busca e apreens\u00e3o, dois\u00a0em Caruaru e\u00a0um\u00a0em Recife, e prendeu uma pessoa. As investiga\u00e7\u00f5es tiveram in\u00edcio em\u00a02013 por meio\u00a0de informa\u00e7\u00f5es encaminhadas por um grande provedor nacional [&hellip;]<\/p>\n","protected":false},"author":2,"featured_media":20826,"comment_status":"open","ping_status":"closed","sticky":false,"template":"","format":"standard","meta":{"_acf_changed":false,"footnotes":""},"categories":[16],"tags":[],"class_list":["post-20825","post","type-post","status-publish","format-standard","has-post-thumbnail","hentry","category-brasil"],"acf":[],"_links":{"self":[{"href":"https:\/\/www.notibras.com\/site\/wp-json\/wp\/v2\/posts\/20825","targetHints":{"allow":["GET"]}}],"collection":[{"href":"https:\/\/www.notibras.com\/site\/wp-json\/wp\/v2\/posts"}],"about":[{"href":"https:\/\/www.notibras.com\/site\/wp-json\/wp\/v2\/types\/post"}],"author":[{"embeddable":true,"href":"https:\/\/www.notibras.com\/site\/wp-json\/wp\/v2\/users\/2"}],"replies":[{"embeddable":true,"href":"https:\/\/www.notibras.com\/site\/wp-json\/wp\/v2\/comments?post=20825"}],"version-history":[{"count":0,"href":"https:\/\/www.notibras.com\/site\/wp-json\/wp\/v2\/posts\/20825\/revisions"}],"wp:featuredmedia":[{"embeddable":true,"href":"https:\/\/www.notibras.com\/site\/wp-json\/wp\/v2\/media\/20826"}],"wp:attachment":[{"href":"https:\/\/www.notibras.com\/site\/wp-json\/wp\/v2\/media?parent=20825"}],"wp:term":[{"taxonomy":"category","embeddable":true,"href":"https:\/\/www.notibras.com\/site\/wp-json\/wp\/v2\/categories?post=20825"},{"taxonomy":"post_tag","embeddable":true,"href":"https:\/\/www.notibras.com\/site\/wp-json\/wp\/v2\/tags?post=20825"}],"curies":[{"name":"wp","href":"https:\/\/api.w.org\/{rel}","templated":true}]}}