{"id":20831,"date":"2014-08-26T22:45:55","date_gmt":"2014-08-27T01:45:55","guid":{"rendered":"http:\/\/www.notibras.com\/site\/?p=20831"},"modified":"2014-08-26T23:48:22","modified_gmt":"2014-08-27T02:48:22","slug":"indio-de-sete-anos-detido-em-assassinato-de-professor-no-amazonas","status":"publish","type":"post","link":"https:\/\/www.notibras.com\/site\/indio-de-sete-anos-detido-em-assassinato-de-professor-no-amazonas\/","title":{"rendered":"\u00cdndio de sete anos detido em assassinato no Amazonas"},"content":{"rendered":"<p class=\"text\">Um menino de 7 anos e cinco adolescentes, com idades entre 13 e 17 anos, foram detidos na segunda-feira no munic\u00edpio de Juru\u00e1, a 640 km de Manaus. Eles assumiram terem degolado e esfaqueado um professor de 42 anos. Segundo a pol\u00edcia, o crime foi motivado por vingan\u00e7a porque um parente da v\u00edtima teria assassinado o pai da crian\u00e7a apreendida. Todos os suspeitos s\u00e3o \u00edndios da etnia\u00a0Madij\u00e1 Kulina.<\/p>\n<p class=\"text\">O caso, segundo o delegado Daniel Trindade, foi descoberto somente no final da tarde, quando a tia de um dos suspeitos procurou a delegacia do munic\u00edpio para contar a hist\u00f3ria. &#8220;Ela (tia) contou que o sobrinho chegou em casa muito alterado e visivelmente embriagado. Ao conversar com ele, o adolescente de 13 anos contou o que tinha feito com os outros colegas&#8221;, contou Trindade.<\/p>\n<blockquote><p>Ap\u00f3s tomar conhecimento do crime, o delegado apreendeu todos os cinco adolescentes e a crian\u00e7a. Em seguida, os policias foram at\u00e9 uma \u00e1rea \u00e0s margens do rio Juru\u00e1, onde o professor Roressi Madija Kulina, de 42 anos, que tamb\u00e9m \u00e9 ind\u00edgena, foi assassinado. No local a pol\u00edcia encontrou a roupa da v\u00edtima e as facas usadas no crime.<\/p><\/blockquote>\n","protected":false},"excerpt":{"rendered":"<p>Um menino de 7 anos e cinco adolescentes, com idades entre 13 e 17 anos, foram detidos na segunda-feira no munic\u00edpio de Juru\u00e1, a 640 km de Manaus. Eles assumiram terem degolado e esfaqueado um professor de 42 anos. Segundo a pol\u00edcia, o crime foi motivado por vingan\u00e7a porque um parente da v\u00edtima teria assassinado [&hellip;]<\/p>\n","protected":false},"author":2,"featured_media":20832,"comment_status":"open","ping_status":"closed","sticky":false,"template":"","format":"standard","meta":{"_acf_changed":false,"footnotes":""},"categories":[16],"tags":[],"class_list":["post-20831","post","type-post","status-publish","format-standard","has-post-thumbnail","hentry","category-brasil"],"acf":[],"_links":{"self":[{"href":"https:\/\/www.notibras.com\/site\/wp-json\/wp\/v2\/posts\/20831","targetHints":{"allow":["GET"]}}],"collection":[{"href":"https:\/\/www.notibras.com\/site\/wp-json\/wp\/v2\/posts"}],"about":[{"href":"https:\/\/www.notibras.com\/site\/wp-json\/wp\/v2\/types\/post"}],"author":[{"embeddable":true,"href":"https:\/\/www.notibras.com\/site\/wp-json\/wp\/v2\/users\/2"}],"replies":[{"embeddable":true,"href":"https:\/\/www.notibras.com\/site\/wp-json\/wp\/v2\/comments?post=20831"}],"version-history":[{"count":0,"href":"https:\/\/www.notibras.com\/site\/wp-json\/wp\/v2\/posts\/20831\/revisions"}],"wp:featuredmedia":[{"embeddable":true,"href":"https:\/\/www.notibras.com\/site\/wp-json\/wp\/v2\/media\/20832"}],"wp:attachment":[{"href":"https:\/\/www.notibras.com\/site\/wp-json\/wp\/v2\/media?parent=20831"}],"wp:term":[{"taxonomy":"category","embeddable":true,"href":"https:\/\/www.notibras.com\/site\/wp-json\/wp\/v2\/categories?post=20831"},{"taxonomy":"post_tag","embeddable":true,"href":"https:\/\/www.notibras.com\/site\/wp-json\/wp\/v2\/tags?post=20831"}],"curies":[{"name":"wp","href":"https:\/\/api.w.org\/{rel}","templated":true}]}}