{"id":20851,"date":"2014-08-27T08:49:55","date_gmt":"2014-08-27T11:49:55","guid":{"rendered":"http:\/\/www.notibras.com\/site\/?p=20851"},"modified":"2014-08-27T08:49:55","modified_gmt":"2014-08-27T11:49:55","slug":"de-desprezivel-a-desprezo-do-povo-na-versao-de-gilmar-mendes","status":"publish","type":"post","link":"https:\/\/www.notibras.com\/site\/de-desprezivel-a-desprezo-do-povo-na-versao-de-gilmar-mendes\/","title":{"rendered":"De desprez\u00edvel a desprezo do povo, na vers\u00e3o de Gilmar Mendes"},"content":{"rendered":"<p>Do alto de toda a sua experi\u00eancia como jurista no campo do Direito Eleitoral, Gilmar Mendes teve a coragem de definir o cen\u00e1rio sucess\u00f3rio na capital da Rep\u00fablica. Em Bras\u00edlia, disse o duplo ministro com assento no Supremo e no TSE, a pol\u00edtica \u00e9 rastaquera. Que vem a ser sin\u00f4nimo de desprez\u00edvel.<\/p>\n","protected":false},"excerpt":{"rendered":"<p>Do alto de toda a sua experi\u00eancia como jurista no campo do Direito Eleitoral, Gilmar Mendes teve a coragem de definir o cen\u00e1rio sucess\u00f3rio na capital da Rep\u00fablica. Em Bras\u00edlia, disse o duplo ministro com assento no Supremo e no TSE, a pol\u00edtica \u00e9 rastaquera. Que vem a ser sin\u00f4nimo de desprez\u00edvel.<\/p>\n","protected":false},"author":2,"featured_media":20852,"comment_status":"open","ping_status":"closed","sticky":false,"template":"","format":"standard","meta":{"_acf_changed":false,"footnotes":""},"categories":[26],"tags":[],"class_list":["post-20851","post","type-post","status-publish","format-standard","has-post-thumbnail","hentry","category-eleicoes-2022"],"acf":[],"_links":{"self":[{"href":"https:\/\/www.notibras.com\/site\/wp-json\/wp\/v2\/posts\/20851","targetHints":{"allow":["GET"]}}],"collection":[{"href":"https:\/\/www.notibras.com\/site\/wp-json\/wp\/v2\/posts"}],"about":[{"href":"https:\/\/www.notibras.com\/site\/wp-json\/wp\/v2\/types\/post"}],"author":[{"embeddable":true,"href":"https:\/\/www.notibras.com\/site\/wp-json\/wp\/v2\/users\/2"}],"replies":[{"embeddable":true,"href":"https:\/\/www.notibras.com\/site\/wp-json\/wp\/v2\/comments?post=20851"}],"version-history":[{"count":0,"href":"https:\/\/www.notibras.com\/site\/wp-json\/wp\/v2\/posts\/20851\/revisions"}],"wp:featuredmedia":[{"embeddable":true,"href":"https:\/\/www.notibras.com\/site\/wp-json\/wp\/v2\/media\/20852"}],"wp:attachment":[{"href":"https:\/\/www.notibras.com\/site\/wp-json\/wp\/v2\/media?parent=20851"}],"wp:term":[{"taxonomy":"category","embeddable":true,"href":"https:\/\/www.notibras.com\/site\/wp-json\/wp\/v2\/categories?post=20851"},{"taxonomy":"post_tag","embeddable":true,"href":"https:\/\/www.notibras.com\/site\/wp-json\/wp\/v2\/tags?post=20851"}],"curies":[{"name":"wp","href":"https:\/\/api.w.org\/{rel}","templated":true}]}}